{"id":134646,"date":"2023-01-25T05:37:46","date_gmt":"2023-01-25T09:37:46","guid":{"rendered":"https:\/\/www.eldiario.net\/portal\/?p=134646"},"modified":"2023-01-25T05:37:46","modified_gmt":"2023-01-25T09:37:46","slug":"boluarte-insta-al-congreso-para-acelerar-adelanto-de-elecciones","status":"publish","type":"post","link":"https:\/\/www.eldiario.net\/portal\/2023\/01\/25\/boluarte-insta-al-congreso-para-acelerar-adelanto-de-elecciones\/","title":{"rendered":"Boluarte insta al Congreso para  acelerar adelanto de elecciones"},"content":{"rendered":"<p>La presidenta de Per\u00fa, Dina Boluarte, inst\u00f3 al Congreso de la Rep\u00fablica a acelerar el adelanto de elecciones, luego de que el propio Ejecutivo diese su visto bueno a esta maniobra a ra\u00edz de las protestas antigubernamentales que azotan la naci\u00f3n andina desde principios de diciembre.<br \/>\n\u201cEl proyecto naci\u00f3 del Ejecutivo. Ahora llamo al Congreso para que priorice el adelanto de elecciones\u201d, manifest\u00f3 Boluarte en una rueda de prensa ante medios de comunicaci\u00f3n internacionales.<br \/>\nSin embargo, aunque la mandataria reconoci\u00f3 plegarse a una de las demandas de los manifestantes, rechaz\u00f3 las acusaciones de aquellos que la tildan de usurpadora, pues record\u00f3 que accedi\u00f3 a la Jefatura de Estado tras el golpe de Estado del expresidente Pedro Castillo.<br \/>\nCastillo anunci\u00f3 a principios de diciembre la disoluci\u00f3n del Parlamento y decret\u00f3 un Gobierno de excepci\u00f3n en una maniobra que, lejos de ser apoyada, deriv\u00f3 en su destituci\u00f3n y detenci\u00f3n.<br \/>\nEn el marco de estas protestas, que ya cobraron la vida de m\u00e1s de 40 personas, Boluarte, asegur\u00f3 haber solicitado a la Fiscal\u00eda una investigaci\u00f3n exhaustiva sobre los episodios de violencia registrados a lo largo del pa\u00eds, pues estos no deben quedar impunes.<br \/>\nDe hecho, la mandataria apel\u00f3 una vez m\u00e1s al di\u00e1logo con los principales l\u00edderes sociales que impulsan las protestas y solicit\u00f3 una tregua para abrir las mesas de di\u00e1logo. \u201cNo me voy a cansar de llamarlos al di\u00e1logo, a la paz y a la unidad\u201d, ratific\u00f3.<br \/>\nDISCULPAS POR EL OPERATIVO EN SAN MARCOS<br \/>\nPor otro lado, la presidenta andina pidi\u00f3 perd\u00f3n por el operativo policial que el fin de semana desaloj\u00f3, por la fuerza, a cientos de manifestantes contrarios al Gobierno, hospedados en la Universidad Nacional Mayor de San Marcos, en la capital, Lima.<br \/>\n\u201cQuiz\u00e1 la forma no haya sido la adecuada y por ello pido disculpas a los alumnos de la San Marcos y a los alumnos que estaban dentro\u201d, manifest\u00f3 la mandataria en alusi\u00f3n a un operativo policial que tuvo como saldo m\u00e1s de 200 detenidos.<br \/>\nTras dicha intervenci\u00f3n de la Polic\u00eda, alumnos universitarios denunciaron que los agentes hab\u00edan ingresado al recinto por la fuerza, rompiendo en algunos casos las puertas de las habitaciones de la residencia de estudiantes.<br \/>\nA pesar de reconocer que la operaci\u00f3n quiz\u00e1s no se llev\u00f3 a cabo de la forma m\u00e1s adecuada, Boluarte recalc\u00f3 que el dispositivo policial ten\u00eda como objetivo principal resguardar la integridad de los estudiantes de la Universidad y la residencia.<br \/>\n\u201cLa Polic\u00eda intervino en resguardo de la vida de los estudiantes que estaban dentro de la universidad, porque no se sab\u00eda qui\u00e9nes hab\u00edan ingresado y no pod\u00edamos garantizar que pod\u00eda pasar dentro de la universidad\u201d, manifest\u00f3.<br \/>\nDe hecho, la mandataria, afirm\u00f3 que, a pesar de la elevada cifra de detenidos, el operativo no tuvo heridos y que los apresados por las autoridades fueron inmediatamente puestos en libertad tras culminarse las diligencias pertinentes.<br \/>\nLo ocurrido en la Universidad de San Marcos despert\u00f3 r\u00e1pidamente cr\u00edticas de pa\u00edses y organizaciones internacionales. De hecho, el presidente de Chile, Gabriel Boric, denunci\u00f3 ese mismo martes en el marco de la cumbre de la Comunidad de Estados Latinoamericanos y Caribe\u00f1os (CELAC) que las im\u00e1genes en la universidad recuerdan \u201cescenas de los tiempos de las dictaduras\u201d. (Europa Press).<\/p>\n","protected":false},"excerpt":{"rendered":"<p>La presidenta de Per\u00fa, Dina Boluarte, inst\u00f3 al Congreso de la Rep\u00fablica a acelerar el adelanto de elecciones, luego de que el propio Ejecutivo diese su visto bueno a esta maniobra a ra\u00edz de las protestas antigubernamentales que azotan la naci\u00f3n andina desde principios de diciembre. \u201cEl proyecto naci\u00f3 del Ejecutivo. Ahora llamo al Congreso [&hellip;]<\/p>\n","protected":false},"author":1,"featured_media":134647,"comment_status":"closed","ping_status":"closed","sticky":false,"template":"","format":"standard","meta":{"_acf_changed":false,"footnotes":""},"categories":[3],"tags":[],"class_list":["post-134646","post","type-post","status-publish","format-standard","has-post-thumbnail","category-internacional"],"acf":{"antetitulo":""},"yoast_head":"<!-- This site is optimized with the Yoast SEO plugin v28.4 - https:\/\/yoast.com\/product\/yoast-seo-wordpress\/ -->\n<title>Boluarte insta al Congreso para acelerar adelanto de elecciones - El Diario - Bolivia<\/title>\n<meta name=\"robots\" content=\"index, follow, max-snippet:-1, max-image-preview:large, max-video-preview:-1\" \/>\n<link rel=\"canonical\" href=\"https:\/\/www.eldiario.net\/portal\/2023\/01\/25\/boluarte-insta-al-congreso-para-acelerar-adelanto-de-elecciones\/\" \/>\n<meta property=\"og:locale\" content=\"es_ES\" \/>\n<meta property=\"og:type\" content=\"article\" \/>\n<meta property=\"og:title\" content=\"Boluarte insta al Congreso para acelerar adelanto de elecciones - El Diario - Bolivia\" \/>\n<meta property=\"og:description\" content=\"La presidenta de Per\u00fa, Dina Boluarte, inst\u00f3 al Congreso de la Rep\u00fablica a acelerar el adelanto de elecciones, luego de que el propio Ejecutivo diese su visto bueno a esta maniobra a ra\u00edz de las protestas antigubernamentales que azotan la naci\u00f3n andina desde principios de diciembre. \u201cEl proyecto naci\u00f3 del Ejecutivo. Ahora llamo al Congreso [&hellip;]\" \/>\n<meta property=\"og:url\" content=\"https:\/\/www.eldiario.net\/portal\/2023\/01\/25\/boluarte-insta-al-congreso-para-acelerar-adelanto-de-elecciones\/\" \/>\n<meta property=\"og:site_name\" content=\"El Diario - Bolivia\" \/>\n<meta property=\"article:publisher\" content=\"https:\/\/www.facebook.com\/eldiario.bolivia\/\" \/>\n<meta property=\"article:published_time\" content=\"2023-01-25T09:37:46+00:00\" \/>\n<meta name=\"author\" content=\"Jeanette\" \/>\n<meta name=\"twitter:card\" content=\"summary_large_image\" \/>\n<meta name=\"twitter:creator\" content=\"@eldiario_net\" \/>\n<meta name=\"twitter:site\" content=\"@eldiario_net\" \/>\n<meta name=\"twitter:label1\" content=\"Escrito por\" \/>\n\t<meta name=\"twitter:data1\" content=\"Jeanette\" \/>\n\t<meta name=\"twitter:label2\" content=\"Tiempo de lectura\" \/>\n\t<meta name=\"twitter:data2\" content=\"3 minutos\" \/>\n<script type=\"application\/ld+json\" class=\"yoast-schema-graph\">{\"@context\":\"https:\\\/\\\/schema.org\",\"@graph\":[{\"@type\":\"Article\",\"@id\":\"https:\\\/\\\/www.eldiario.net\\\/portal\\\/2023\\\/01\\\/25\\\/boluarte-insta-al-congreso-para-acelerar-adelanto-de-elecciones\\\/#article\",\"isPartOf\":{\"@id\":\"https:\\\/\\\/www.eldiario.net\\\/portal\\\/2023\\\/01\\\/25\\\/boluarte-insta-al-congreso-para-acelerar-adelanto-de-elecciones\\\/\"},\"author\":{\"name\":\"Jeanette\",\"@id\":\"https:\\\/\\\/www.eldiario.net\\\/portal\\\/#\\\/schema\\\/person\\\/f46445640444750d7d753ccd04ae01b7\"},\"headline\":\"Boluarte insta al Congreso para acelerar adelanto de elecciones\",\"datePublished\":\"2023-01-25T09:37:46+00:00\",\"mainEntityOfPage\":{\"@id\":\"https:\\\/\\\/www.eldiario.net\\\/portal\\\/2023\\\/01\\\/25\\\/boluarte-insta-al-congreso-para-acelerar-adelanto-de-elecciones\\\/\"},\"wordCount\":577,\"publisher\":{\"@id\":\"https:\\\/\\\/www.eldiario.net\\\/portal\\\/#organization\"},\"image\":{\"@id\":\"https:\\\/\\\/www.eldiario.net\\\/portal\\\/2023\\\/01\\\/25\\\/boluarte-insta-al-congreso-para-acelerar-adelanto-de-elecciones\\\/#primaryimage\"},\"thumbnailUrl\":\"\",\"articleSection\":[\"Internacional\"],\"inLanguage\":\"es\"},{\"@type\":\"WebPage\",\"@id\":\"https:\\\/\\\/www.eldiario.net\\\/portal\\\/2023\\\/01\\\/25\\\/boluarte-insta-al-congreso-para-acelerar-adelanto-de-elecciones\\\/\",\"url\":\"https:\\\/\\\/www.eldiario.net\\\/portal\\\/2023\\\/01\\\/25\\\/boluarte-insta-al-congreso-para-acelerar-adelanto-de-elecciones\\\/\",\"name\":\"Boluarte insta al Congreso para acelerar adelanto de elecciones - El Diario - Bolivia\",\"isPartOf\":{\"@id\":\"https:\\\/\\\/www.eldiario.net\\\/portal\\\/#website\"},\"primaryImageOfPage\":{\"@id\":\"https:\\\/\\\/www.eldiario.net\\\/portal\\\/2023\\\/01\\\/25\\\/boluarte-insta-al-congreso-para-acelerar-adelanto-de-elecciones\\\/#primaryimage\"},\"image\":{\"@id\":\"https:\\\/\\\/www.eldiario.net\\\/portal\\\/2023\\\/01\\\/25\\\/boluarte-insta-al-congreso-para-acelerar-adelanto-de-elecciones\\\/#primaryimage\"},\"thumbnailUrl\":\"\",\"datePublished\":\"2023-01-25T09:37:46+00:00\",\"breadcrumb\":{\"@id\":\"https:\\\/\\\/www.eldiario.net\\\/portal\\\/2023\\\/01\\\/25\\\/boluarte-insta-al-congreso-para-acelerar-adelanto-de-elecciones\\\/#breadcrumb\"},\"inLanguage\":\"es\",\"potentialAction\":[{\"@type\":\"ReadAction\",\"target\":[\"https:\\\/\\\/www.eldiario.net\\\/portal\\\/2023\\\/01\\\/25\\\/boluarte-insta-al-congreso-para-acelerar-adelanto-de-elecciones\\\/\"]}]},{\"@type\":\"ImageObject\",\"inLanguage\":\"es\",\"@id\":\"https:\\\/\\\/www.eldiario.net\\\/portal\\\/2023\\\/01\\\/25\\\/boluarte-insta-al-congreso-para-acelerar-adelanto-de-elecciones\\\/#primaryimage\",\"url\":\"\",\"contentUrl\":\"\"},{\"@type\":\"BreadcrumbList\",\"@id\":\"https:\\\/\\\/www.eldiario.net\\\/portal\\\/2023\\\/01\\\/25\\\/boluarte-insta-al-congreso-para-acelerar-adelanto-de-elecciones\\\/#breadcrumb\",\"itemListElement\":[{\"@type\":\"ListItem\",\"position\":1,\"name\":\"Portada\",\"item\":\"https:\\\/\\\/www.eldiario.net\\\/portal\\\/\"},{\"@type\":\"ListItem\",\"position\":2,\"name\":\"Boluarte insta al Congreso para acelerar adelanto de elecciones\"}]},{\"@type\":\"WebSite\",\"@id\":\"https:\\\/\\\/www.eldiario.net\\\/portal\\\/#website\",\"url\":\"https:\\\/\\\/www.eldiario.net\\\/portal\\\/\",\"name\":\"El Diario - Decano de la prensa nacional\",\"description\":\"El Diario - Decano de la prensa nacional\",\"publisher\":{\"@id\":\"https:\\\/\\\/www.eldiario.net\\\/portal\\\/#organization\"},\"potentialAction\":[{\"@type\":\"SearchAction\",\"target\":{\"@type\":\"EntryPoint\",\"urlTemplate\":\"https:\\\/\\\/www.eldiario.net\\\/portal\\\/?s={search_term_string}\"},\"query-input\":{\"@type\":\"PropertyValueSpecification\",\"valueRequired\":true,\"valueName\":\"search_term_string\"}}],\"inLanguage\":\"es\"},{\"@type\":\"Organization\",\"@id\":\"https:\\\/\\\/www.eldiario.net\\\/portal\\\/#organization\",\"name\":\"El Diario - Decano de la prensa nacional\",\"url\":\"https:\\\/\\\/www.eldiario.net\\\/portal\\\/\",\"logo\":{\"@type\":\"ImageObject\",\"inLanguage\":\"es\",\"@id\":\"https:\\\/\\\/www.eldiario.net\\\/portal\\\/#\\\/schema\\\/logo\\\/image\\\/\",\"url\":\"https:\\\/\\\/www.eldiario.net\\\/portal\\\/wp-content\\\/uploads\\\/2023\\\/07\\\/logo_ED.jpg\",\"contentUrl\":\"https:\\\/\\\/www.eldiario.net\\\/portal\\\/wp-content\\\/uploads\\\/2023\\\/07\\\/logo_ED.jpg\",\"width\":272,\"height\":52,\"caption\":\"El Diario - Decano de la prensa nacional\"},\"image\":{\"@id\":\"https:\\\/\\\/www.eldiario.net\\\/portal\\\/#\\\/schema\\\/logo\\\/image\\\/\"},\"sameAs\":[\"https:\\\/\\\/www.facebook.com\\\/eldiario.bolivia\\\/\",\"https:\\\/\\\/x.com\\\/eldiario_net\"]},{\"@type\":\"Person\",\"@id\":\"https:\\\/\\\/www.eldiario.net\\\/portal\\\/#\\\/schema\\\/person\\\/f46445640444750d7d753ccd04ae01b7\",\"name\":\"Jeanette\",\"image\":{\"@type\":\"ImageObject\",\"inLanguage\":\"es\",\"@id\":\"https:\\\/\\\/secure.gravatar.com\\\/avatar\\\/3ea2118a5f7dad2b7138b1187a6b7ee55f160b9968b66013c3a3ef39dd7e5798?s=96&d=mm&r=g\",\"url\":\"https:\\\/\\\/secure.gravatar.com\\\/avatar\\\/3ea2118a5f7dad2b7138b1187a6b7ee55f160b9968b66013c3a3ef39dd7e5798?s=96&d=mm&r=g\",\"contentUrl\":\"https:\\\/\\\/secure.gravatar.com\\\/avatar\\\/3ea2118a5f7dad2b7138b1187a6b7ee55f160b9968b66013c3a3ef39dd7e5798?s=96&d=mm&r=g\",\"caption\":\"Jeanette\"},\"sameAs\":[\"https:\\\/\\\/www.eldiario.net\\\/portal\"],\"url\":\"https:\\\/\\\/www.eldiario.net\\\/portal\\\/author\\\/jeanette\\\/\"}]}<\/script>\n<!-- \/ Yoast SEO plugin. -->","yoast_head_json":{"title":"Boluarte insta al Congreso para acelerar adelanto de elecciones - El Diario - Bolivia","robots":{"index":"index","follow":"follow","max-snippet":"max-snippet:-1","max-image-preview":"max-image-preview:large","max-video-preview":"max-video-preview:-1"},"canonical":"https:\/\/www.eldiario.net\/portal\/2023\/01\/25\/boluarte-insta-al-congreso-para-acelerar-adelanto-de-elecciones\/","og_locale":"es_ES","og_type":"article","og_title":"Boluarte insta al Congreso para acelerar adelanto de elecciones - El Diario - Bolivia","og_description":"La presidenta de Per\u00fa, Dina Boluarte, inst\u00f3 al Congreso de la Rep\u00fablica a acelerar el adelanto de elecciones, luego de que el propio Ejecutivo diese su visto bueno a esta maniobra a ra\u00edz de las protestas antigubernamentales que azotan la naci\u00f3n andina desde principios de diciembre. \u201cEl proyecto naci\u00f3 del Ejecutivo. Ahora llamo al Congreso [&hellip;]","og_url":"https:\/\/www.eldiario.net\/portal\/2023\/01\/25\/boluarte-insta-al-congreso-para-acelerar-adelanto-de-elecciones\/","og_site_name":"El Diario - Bolivia","article_publisher":"https:\/\/www.facebook.com\/eldiario.bolivia\/","article_published_time":"2023-01-25T09:37:46+00:00","author":"Jeanette","twitter_card":"summary_large_image","twitter_creator":"@eldiario_net","twitter_site":"@eldiario_net","twitter_misc":{"Escrito por":"Jeanette","Tiempo de lectura":"3 minutos"},"schema":{"@context":"https:\/\/schema.org","@graph":[{"@type":"Article","@id":"https:\/\/www.eldiario.net\/portal\/2023\/01\/25\/boluarte-insta-al-congreso-para-acelerar-adelanto-de-elecciones\/#article","isPartOf":{"@id":"https:\/\/www.eldiario.net\/portal\/2023\/01\/25\/boluarte-insta-al-congreso-para-acelerar-adelanto-de-elecciones\/"},"author":{"name":"Jeanette","@id":"https:\/\/www.eldiario.net\/portal\/#\/schema\/person\/f46445640444750d7d753ccd04ae01b7"},"headline":"Boluarte insta al Congreso para acelerar adelanto de elecciones","datePublished":"2023-01-25T09:37:46+00:00","mainEntityOfPage":{"@id":"https:\/\/www.eldiario.net\/portal\/2023\/01\/25\/boluarte-insta-al-congreso-para-acelerar-adelanto-de-elecciones\/"},"wordCount":577,"publisher":{"@id":"https:\/\/www.eldiario.net\/portal\/#organization"},"image":{"@id":"https:\/\/www.eldiario.net\/portal\/2023\/01\/25\/boluarte-insta-al-congreso-para-acelerar-adelanto-de-elecciones\/#primaryimage"},"thumbnailUrl":"","articleSection":["Internacional"],"inLanguage":"es"},{"@type":"WebPage","@id":"https:\/\/www.eldiario.net\/portal\/2023\/01\/25\/boluarte-insta-al-congreso-para-acelerar-adelanto-de-elecciones\/","url":"https:\/\/www.eldiario.net\/portal\/2023\/01\/25\/boluarte-insta-al-congreso-para-acelerar-adelanto-de-elecciones\/","name":"Boluarte insta al Congreso para acelerar adelanto de elecciones - El Diario - Bolivia","isPartOf":{"@id":"https:\/\/www.eldiario.net\/portal\/#website"},"primaryImageOfPage":{"@id":"https:\/\/www.eldiario.net\/portal\/2023\/01\/25\/boluarte-insta-al-congreso-para-acelerar-adelanto-de-elecciones\/#primaryimage"},"image":{"@id":"https:\/\/www.eldiario.net\/portal\/2023\/01\/25\/boluarte-insta-al-congreso-para-acelerar-adelanto-de-elecciones\/#primaryimage"},"thumbnailUrl":"","datePublished":"2023-01-25T09:37:46+00:00","breadcrumb":{"@id":"https:\/\/www.eldiario.net\/portal\/2023\/01\/25\/boluarte-insta-al-congreso-para-acelerar-adelanto-de-elecciones\/#breadcrumb"},"inLanguage":"es","potentialAction":[{"@type":"ReadAction","target":["https:\/\/www.eldiario.net\/portal\/2023\/01\/25\/boluarte-insta-al-congreso-para-acelerar-adelanto-de-elecciones\/"]}]},{"@type":"ImageObject","inLanguage":"es","@id":"https:\/\/www.eldiario.net\/portal\/2023\/01\/25\/boluarte-insta-al-congreso-para-acelerar-adelanto-de-elecciones\/#primaryimage","url":"","contentUrl":""},{"@type":"BreadcrumbList","@id":"https:\/\/www.eldiario.net\/portal\/2023\/01\/25\/boluarte-insta-al-congreso-para-acelerar-adelanto-de-elecciones\/#breadcrumb","itemListElement":[{"@type":"ListItem","position":1,"name":"Portada","item":"https:\/\/www.eldiario.net\/portal\/"},{"@type":"ListItem","position":2,"name":"Boluarte insta al Congreso para acelerar adelanto de elecciones"}]},{"@type":"WebSite","@id":"https:\/\/www.eldiario.net\/portal\/#website","url":"https:\/\/www.eldiario.net\/portal\/","name":"El Diario - Decano de la prensa nacional","description":"El Diario - Decano de la prensa nacional","publisher":{"@id":"https:\/\/www.eldiario.net\/portal\/#organization"},"potentialAction":[{"@type":"SearchAction","target":{"@type":"EntryPoint","urlTemplate":"https:\/\/www.eldiario.net\/portal\/?s={search_term_string}"},"query-input":{"@type":"PropertyValueSpecification","valueRequired":true,"valueName":"search_term_string"}}],"inLanguage":"es"},{"@type":"Organization","@id":"https:\/\/www.eldiario.net\/portal\/#organization","name":"El Diario - Decano de la prensa nacional","url":"https:\/\/www.eldiario.net\/portal\/","logo":{"@type":"ImageObject","inLanguage":"es","@id":"https:\/\/www.eldiario.net\/portal\/#\/schema\/logo\/image\/","url":"https:\/\/www.eldiario.net\/portal\/wp-content\/uploads\/2023\/07\/logo_ED.jpg","contentUrl":"https:\/\/www.eldiario.net\/portal\/wp-content\/uploads\/2023\/07\/logo_ED.jpg","width":272,"height":52,"caption":"El Diario - Decano de la prensa nacional"},"image":{"@id":"https:\/\/www.eldiario.net\/portal\/#\/schema\/logo\/image\/"},"sameAs":["https:\/\/www.facebook.com\/eldiario.bolivia\/","https:\/\/x.com\/eldiario_net"]},{"@type":"Person","@id":"https:\/\/www.eldiario.net\/portal\/#\/schema\/person\/f46445640444750d7d753ccd04ae01b7","name":"Jeanette","image":{"@type":"ImageObject","inLanguage":"es","@id":"https:\/\/secure.gravatar.com\/avatar\/3ea2118a5f7dad2b7138b1187a6b7ee55f160b9968b66013c3a3ef39dd7e5798?s=96&d=mm&r=g","url":"https:\/\/secure.gravatar.com\/avatar\/3ea2118a5f7dad2b7138b1187a6b7ee55f160b9968b66013c3a3ef39dd7e5798?s=96&d=mm&r=g","contentUrl":"https:\/\/secure.gravatar.com\/avatar\/3ea2118a5f7dad2b7138b1187a6b7ee55f160b9968b66013c3a3ef39dd7e5798?s=96&d=mm&r=g","caption":"Jeanette"},"sameAs":["https:\/\/www.eldiario.net\/portal"],"url":"https:\/\/www.eldiario.net\/portal\/author\/jeanette\/"}]}},"_links":{"self":[{"href":"https:\/\/www.eldiario.net\/portal\/wp-json\/wp\/v2\/posts\/134646","targetHints":{"allow":["GET"]}}],"collection":[{"href":"https:\/\/www.eldiario.net\/portal\/wp-json\/wp\/v2\/posts"}],"about":[{"href":"https:\/\/www.eldiario.net\/portal\/wp-json\/wp\/v2\/types\/post"}],"author":[{"embeddable":true,"href":"https:\/\/www.eldiario.net\/portal\/wp-json\/wp\/v2\/users\/1"}],"replies":[{"embeddable":true,"href":"https:\/\/www.eldiario.net\/portal\/wp-json\/wp\/v2\/comments?post=134646"}],"version-history":[{"count":0,"href":"https:\/\/www.eldiario.net\/portal\/wp-json\/wp\/v2\/posts\/134646\/revisions"}],"wp:attachment":[{"href":"https:\/\/www.eldiario.net\/portal\/wp-json\/wp\/v2\/media?parent=134646"}],"wp:term":[{"taxonomy":"category","embeddable":true,"href":"https:\/\/www.eldiario.net\/portal\/wp-json\/wp\/v2\/categories?post=134646"},{"taxonomy":"post_tag","embeddable":true,"href":"https:\/\/www.eldiario.net\/portal\/wp-json\/wp\/v2\/tags?post=134646"}],"curies":[{"name":"wp","href":"https:\/\/api.w.org\/{rel}","templated":true}]}}