{"id":134643,"date":"2023-01-25T05:36:43","date_gmt":"2023-01-25T09:36:43","guid":{"rendered":"https:\/\/www.eldiario.net\/portal\/?p=134643"},"modified":"2023-01-25T05:36:43","modified_gmt":"2023-01-25T09:36:43","slug":"peru-acusa-a-gustavo-petro-de-nuevo-acto-de-injerencia","status":"publish","type":"post","link":"https:\/\/www.eldiario.net\/portal\/2023\/01\/25\/peru-acusa-a-gustavo-petro-de-nuevo-acto-de-injerencia\/","title":{"rendered":"Per\u00fa acusa a Gustavo Petro de nuevo acto de injerencia"},"content":{"rendered":"<p>El gobierno de Dina Boluarte calific\u00f3 como un nuevo acto de injerencia el pronunciamiento del presidente de la Rep\u00fablica de Colombia, Gustavo Petro, referido a la intervenci\u00f3n policial del 21 de enero en la Universidad Nacional Mayor de San Marcos que dej\u00f3 a casi 200 personas detenidas, entre estudiantes y manifestantes del interior del Per\u00fa que se alojaban en dicha casa de estudios.<br \/>\nA trav\u00e9s de su cuenta de Twitter, el Ministerio de Relaciones Exteriores inform\u00f3 que entreg\u00f3 una nota a la Embajada de Colombia, con la en\u00e9rgica protesta del Per\u00fa por el nuevo acto de injerencia del presidente Gustavo Petro en temas de pol\u00edtica interna, conducta no consistente con las normas del Derecho Internacional.<br \/>\n\u201cLa nota se refiere a declaraciones del presidente Petro sobre los hechos ocurridos en el campus de la Universidad de San Marcos y se\u00f1ala que sus actos de injerencia son inconsistentes con la conducta que todo Jefe de Estado debe observar en cumplimiento del Derecho Internacional\u201d, remarc\u00f3 la Canciller\u00eda peruana.<br \/>\nAdem\u00e1s, el presidente Petro, envi\u00f3 dos publicaciones que cuestionaban el actuar de la Polic\u00eda Nacional en la casa de estudios que ya sali\u00f3 a calificar el hecho mediante un comunicado como un abuso policial.<br \/>\nRESPUESTA<br \/>\nDEL PREMIER<br \/>\nEl presidente del Consejo de Ministros de Per\u00fa, Alberto Ot\u00e1rola, respondi\u00f3 al tuit del mandatario colombiano. \u201cOc\u00fapese de sus asuntos, se\u00f1or Petro. El Consejo Permanente de OEA tambi\u00e9n podr\u00eda examinar masacres ocurridas durante su Gobierno\u201d, escribi\u00f3.<br \/>\nNOTA A BOLIVIA<br \/>\nLa Canciller\u00eda peruana tambi\u00e9n inform\u00f3 que entreg\u00f3 una nota al embajador de Bolivia en Per\u00fa, Carlos Aparicio, por unas declaraciones del presidente de dicho pa\u00eds, Luis Arce, en las que se refiri\u00f3 a temas de pol\u00edtica interna.<br \/>\n\u201cEn el Per\u00fa, donde tenemos al pueblo peruano en una lucha por recuperar su democracia y tambi\u00e9n el derecho a elegir un Gobierno que los represente\u201d, fueron las declaraciones de Arce que disgustaron al gobierno de Boluarte. Ante esto, la Canciller\u00eda comunic\u00f3 que eval\u00faa acciones sobre estos actos de injerencia. (Europa Press).<\/p>\n","protected":false},"excerpt":{"rendered":"<p>El gobierno de Dina Boluarte calific\u00f3 como un nuevo acto de injerencia el pronunciamiento del presidente de la Rep\u00fablica de Colombia, Gustavo Petro, referido a la intervenci\u00f3n policial del 21 de enero en la Universidad Nacional Mayor de San Marcos que dej\u00f3 a casi 200 personas detenidas, entre estudiantes y manifestantes del interior del Per\u00fa [&hellip;]<\/p>\n","protected":false},"author":1,"featured_media":134644,"comment_status":"closed","ping_status":"closed","sticky":false,"template":"","format":"standard","meta":{"_acf_changed":false,"footnotes":""},"categories":[3],"tags":[],"class_list":["post-134643","post","type-post","status-publish","format-standard","has-post-thumbnail","category-internacional"],"acf":{"antetitulo":""},"yoast_head":"<!-- This site is optimized with the Yoast SEO plugin v28.3 - https:\/\/yoast.com\/product\/yoast-seo-wordpress\/ -->\n<title>Per\u00fa acusa a Gustavo Petro de nuevo acto de injerencia - El Diario - Bolivia<\/title>\n<meta name=\"robots\" content=\"index, follow, max-snippet:-1, max-image-preview:large, max-video-preview:-1\" \/>\n<link rel=\"canonical\" href=\"https:\/\/www.eldiario.net\/portal\/2023\/01\/25\/peru-acusa-a-gustavo-petro-de-nuevo-acto-de-injerencia\/\" \/>\n<meta property=\"og:locale\" content=\"es_ES\" \/>\n<meta property=\"og:type\" content=\"article\" \/>\n<meta property=\"og:title\" content=\"Per\u00fa acusa a Gustavo Petro de nuevo acto de injerencia - El Diario - Bolivia\" \/>\n<meta property=\"og:description\" content=\"El gobierno de Dina Boluarte calific\u00f3 como un nuevo acto de injerencia el pronunciamiento del presidente de la Rep\u00fablica de Colombia, Gustavo Petro, referido a la intervenci\u00f3n policial del 21 de enero en la Universidad Nacional Mayor de San Marcos que dej\u00f3 a casi 200 personas detenidas, entre estudiantes y manifestantes del interior del Per\u00fa [&hellip;]\" \/>\n<meta property=\"og:url\" content=\"https:\/\/www.eldiario.net\/portal\/2023\/01\/25\/peru-acusa-a-gustavo-petro-de-nuevo-acto-de-injerencia\/\" \/>\n<meta property=\"og:site_name\" content=\"El Diario - Bolivia\" \/>\n<meta property=\"article:publisher\" content=\"https:\/\/www.facebook.com\/eldiario.bolivia\/\" \/>\n<meta property=\"article:published_time\" content=\"2023-01-25T09:36:43+00:00\" \/>\n<meta name=\"author\" content=\"Jeanette\" \/>\n<meta name=\"twitter:card\" content=\"summary_large_image\" \/>\n<meta name=\"twitter:creator\" content=\"@eldiario_net\" \/>\n<meta name=\"twitter:site\" content=\"@eldiario_net\" \/>\n<meta name=\"twitter:label1\" content=\"Escrito por\" \/>\n\t<meta name=\"twitter:data1\" content=\"Jeanette\" \/>\n\t<meta name=\"twitter:label2\" content=\"Tiempo de lectura\" \/>\n\t<meta name=\"twitter:data2\" content=\"2 minutos\" \/>\n<script type=\"application\/ld+json\" class=\"yoast-schema-graph\">{\"@context\":\"https:\\\/\\\/schema.org\",\"@graph\":[{\"@type\":\"Article\",\"@id\":\"https:\\\/\\\/www.eldiario.net\\\/portal\\\/2023\\\/01\\\/25\\\/peru-acusa-a-gustavo-petro-de-nuevo-acto-de-injerencia\\\/#article\",\"isPartOf\":{\"@id\":\"https:\\\/\\\/www.eldiario.net\\\/portal\\\/2023\\\/01\\\/25\\\/peru-acusa-a-gustavo-petro-de-nuevo-acto-de-injerencia\\\/\"},\"author\":{\"name\":\"Jeanette\",\"@id\":\"https:\\\/\\\/www.eldiario.net\\\/portal\\\/#\\\/schema\\\/person\\\/f46445640444750d7d753ccd04ae01b7\"},\"headline\":\"Per\u00fa acusa a Gustavo Petro de nuevo acto de injerencia\",\"datePublished\":\"2023-01-25T09:36:43+00:00\",\"mainEntityOfPage\":{\"@id\":\"https:\\\/\\\/www.eldiario.net\\\/portal\\\/2023\\\/01\\\/25\\\/peru-acusa-a-gustavo-petro-de-nuevo-acto-de-injerencia\\\/\"},\"wordCount\":359,\"publisher\":{\"@id\":\"https:\\\/\\\/www.eldiario.net\\\/portal\\\/#organization\"},\"image\":{\"@id\":\"https:\\\/\\\/www.eldiario.net\\\/portal\\\/2023\\\/01\\\/25\\\/peru-acusa-a-gustavo-petro-de-nuevo-acto-de-injerencia\\\/#primaryimage\"},\"thumbnailUrl\":\"\",\"articleSection\":[\"Internacional\"],\"inLanguage\":\"es\"},{\"@type\":\"WebPage\",\"@id\":\"https:\\\/\\\/www.eldiario.net\\\/portal\\\/2023\\\/01\\\/25\\\/peru-acusa-a-gustavo-petro-de-nuevo-acto-de-injerencia\\\/\",\"url\":\"https:\\\/\\\/www.eldiario.net\\\/portal\\\/2023\\\/01\\\/25\\\/peru-acusa-a-gustavo-petro-de-nuevo-acto-de-injerencia\\\/\",\"name\":\"Per\u00fa acusa a Gustavo Petro de nuevo acto de injerencia - El Diario - Bolivia\",\"isPartOf\":{\"@id\":\"https:\\\/\\\/www.eldiario.net\\\/portal\\\/#website\"},\"primaryImageOfPage\":{\"@id\":\"https:\\\/\\\/www.eldiario.net\\\/portal\\\/2023\\\/01\\\/25\\\/peru-acusa-a-gustavo-petro-de-nuevo-acto-de-injerencia\\\/#primaryimage\"},\"image\":{\"@id\":\"https:\\\/\\\/www.eldiario.net\\\/portal\\\/2023\\\/01\\\/25\\\/peru-acusa-a-gustavo-petro-de-nuevo-acto-de-injerencia\\\/#primaryimage\"},\"thumbnailUrl\":\"\",\"datePublished\":\"2023-01-25T09:36:43+00:00\",\"breadcrumb\":{\"@id\":\"https:\\\/\\\/www.eldiario.net\\\/portal\\\/2023\\\/01\\\/25\\\/peru-acusa-a-gustavo-petro-de-nuevo-acto-de-injerencia\\\/#breadcrumb\"},\"inLanguage\":\"es\",\"potentialAction\":[{\"@type\":\"ReadAction\",\"target\":[\"https:\\\/\\\/www.eldiario.net\\\/portal\\\/2023\\\/01\\\/25\\\/peru-acusa-a-gustavo-petro-de-nuevo-acto-de-injerencia\\\/\"]}]},{\"@type\":\"ImageObject\",\"inLanguage\":\"es\",\"@id\":\"https:\\\/\\\/www.eldiario.net\\\/portal\\\/2023\\\/01\\\/25\\\/peru-acusa-a-gustavo-petro-de-nuevo-acto-de-injerencia\\\/#primaryimage\",\"url\":\"\",\"contentUrl\":\"\"},{\"@type\":\"BreadcrumbList\",\"@id\":\"https:\\\/\\\/www.eldiario.net\\\/portal\\\/2023\\\/01\\\/25\\\/peru-acusa-a-gustavo-petro-de-nuevo-acto-de-injerencia\\\/#breadcrumb\",\"itemListElement\":[{\"@type\":\"ListItem\",\"position\":1,\"name\":\"Portada\",\"item\":\"https:\\\/\\\/www.eldiario.net\\\/portal\\\/\"},{\"@type\":\"ListItem\",\"position\":2,\"name\":\"Per\u00fa acusa a Gustavo Petro de nuevo acto de injerencia\"}]},{\"@type\":\"WebSite\",\"@id\":\"https:\\\/\\\/www.eldiario.net\\\/portal\\\/#website\",\"url\":\"https:\\\/\\\/www.eldiario.net\\\/portal\\\/\",\"name\":\"El Diario - Decano de la prensa nacional\",\"description\":\"El Diario - Decano de la prensa nacional\",\"publisher\":{\"@id\":\"https:\\\/\\\/www.eldiario.net\\\/portal\\\/#organization\"},\"potentialAction\":[{\"@type\":\"SearchAction\",\"target\":{\"@type\":\"EntryPoint\",\"urlTemplate\":\"https:\\\/\\\/www.eldiario.net\\\/portal\\\/?s={search_term_string}\"},\"query-input\":{\"@type\":\"PropertyValueSpecification\",\"valueRequired\":true,\"valueName\":\"search_term_string\"}}],\"inLanguage\":\"es\"},{\"@type\":\"Organization\",\"@id\":\"https:\\\/\\\/www.eldiario.net\\\/portal\\\/#organization\",\"name\":\"El Diario - Decano de la prensa nacional\",\"url\":\"https:\\\/\\\/www.eldiario.net\\\/portal\\\/\",\"logo\":{\"@type\":\"ImageObject\",\"inLanguage\":\"es\",\"@id\":\"https:\\\/\\\/www.eldiario.net\\\/portal\\\/#\\\/schema\\\/logo\\\/image\\\/\",\"url\":\"https:\\\/\\\/www.eldiario.net\\\/portal\\\/wp-content\\\/uploads\\\/2023\\\/07\\\/logo_ED.jpg\",\"contentUrl\":\"https:\\\/\\\/www.eldiario.net\\\/portal\\\/wp-content\\\/uploads\\\/2023\\\/07\\\/logo_ED.jpg\",\"width\":272,\"height\":52,\"caption\":\"El Diario - Decano de la prensa nacional\"},\"image\":{\"@id\":\"https:\\\/\\\/www.eldiario.net\\\/portal\\\/#\\\/schema\\\/logo\\\/image\\\/\"},\"sameAs\":[\"https:\\\/\\\/www.facebook.com\\\/eldiario.bolivia\\\/\",\"https:\\\/\\\/x.com\\\/eldiario_net\"]},{\"@type\":\"Person\",\"@id\":\"https:\\\/\\\/www.eldiario.net\\\/portal\\\/#\\\/schema\\\/person\\\/f46445640444750d7d753ccd04ae01b7\",\"name\":\"Jeanette\",\"image\":{\"@type\":\"ImageObject\",\"inLanguage\":\"es\",\"@id\":\"https:\\\/\\\/secure.gravatar.com\\\/avatar\\\/3ea2118a5f7dad2b7138b1187a6b7ee55f160b9968b66013c3a3ef39dd7e5798?s=96&d=mm&r=g\",\"url\":\"https:\\\/\\\/secure.gravatar.com\\\/avatar\\\/3ea2118a5f7dad2b7138b1187a6b7ee55f160b9968b66013c3a3ef39dd7e5798?s=96&d=mm&r=g\",\"contentUrl\":\"https:\\\/\\\/secure.gravatar.com\\\/avatar\\\/3ea2118a5f7dad2b7138b1187a6b7ee55f160b9968b66013c3a3ef39dd7e5798?s=96&d=mm&r=g\",\"caption\":\"Jeanette\"},\"sameAs\":[\"https:\\\/\\\/www.eldiario.net\\\/portal\"],\"url\":\"https:\\\/\\\/www.eldiario.net\\\/portal\\\/author\\\/jeanette\\\/\"}]}<\/script>\n<!-- \/ Yoast SEO plugin. -->","yoast_head_json":{"title":"Per\u00fa acusa a Gustavo Petro de nuevo acto de injerencia - El Diario - Bolivia","robots":{"index":"index","follow":"follow","max-snippet":"max-snippet:-1","max-image-preview":"max-image-preview:large","max-video-preview":"max-video-preview:-1"},"canonical":"https:\/\/www.eldiario.net\/portal\/2023\/01\/25\/peru-acusa-a-gustavo-petro-de-nuevo-acto-de-injerencia\/","og_locale":"es_ES","og_type":"article","og_title":"Per\u00fa acusa a Gustavo Petro de nuevo acto de injerencia - El Diario - Bolivia","og_description":"El gobierno de Dina Boluarte calific\u00f3 como un nuevo acto de injerencia el pronunciamiento del presidente de la Rep\u00fablica de Colombia, Gustavo Petro, referido a la intervenci\u00f3n policial del 21 de enero en la Universidad Nacional Mayor de San Marcos que dej\u00f3 a casi 200 personas detenidas, entre estudiantes y manifestantes del interior del Per\u00fa [&hellip;]","og_url":"https:\/\/www.eldiario.net\/portal\/2023\/01\/25\/peru-acusa-a-gustavo-petro-de-nuevo-acto-de-injerencia\/","og_site_name":"El Diario - Bolivia","article_publisher":"https:\/\/www.facebook.com\/eldiario.bolivia\/","article_published_time":"2023-01-25T09:36:43+00:00","author":"Jeanette","twitter_card":"summary_large_image","twitter_creator":"@eldiario_net","twitter_site":"@eldiario_net","twitter_misc":{"Escrito por":"Jeanette","Tiempo de lectura":"2 minutos"},"schema":{"@context":"https:\/\/schema.org","@graph":[{"@type":"Article","@id":"https:\/\/www.eldiario.net\/portal\/2023\/01\/25\/peru-acusa-a-gustavo-petro-de-nuevo-acto-de-injerencia\/#article","isPartOf":{"@id":"https:\/\/www.eldiario.net\/portal\/2023\/01\/25\/peru-acusa-a-gustavo-petro-de-nuevo-acto-de-injerencia\/"},"author":{"name":"Jeanette","@id":"https:\/\/www.eldiario.net\/portal\/#\/schema\/person\/f46445640444750d7d753ccd04ae01b7"},"headline":"Per\u00fa acusa a Gustavo Petro de nuevo acto de injerencia","datePublished":"2023-01-25T09:36:43+00:00","mainEntityOfPage":{"@id":"https:\/\/www.eldiario.net\/portal\/2023\/01\/25\/peru-acusa-a-gustavo-petro-de-nuevo-acto-de-injerencia\/"},"wordCount":359,"publisher":{"@id":"https:\/\/www.eldiario.net\/portal\/#organization"},"image":{"@id":"https:\/\/www.eldiario.net\/portal\/2023\/01\/25\/peru-acusa-a-gustavo-petro-de-nuevo-acto-de-injerencia\/#primaryimage"},"thumbnailUrl":"","articleSection":["Internacional"],"inLanguage":"es"},{"@type":"WebPage","@id":"https:\/\/www.eldiario.net\/portal\/2023\/01\/25\/peru-acusa-a-gustavo-petro-de-nuevo-acto-de-injerencia\/","url":"https:\/\/www.eldiario.net\/portal\/2023\/01\/25\/peru-acusa-a-gustavo-petro-de-nuevo-acto-de-injerencia\/","name":"Per\u00fa acusa a Gustavo Petro de nuevo acto de injerencia - El Diario - Bolivia","isPartOf":{"@id":"https:\/\/www.eldiario.net\/portal\/#website"},"primaryImageOfPage":{"@id":"https:\/\/www.eldiario.net\/portal\/2023\/01\/25\/peru-acusa-a-gustavo-petro-de-nuevo-acto-de-injerencia\/#primaryimage"},"image":{"@id":"https:\/\/www.eldiario.net\/portal\/2023\/01\/25\/peru-acusa-a-gustavo-petro-de-nuevo-acto-de-injerencia\/#primaryimage"},"thumbnailUrl":"","datePublished":"2023-01-25T09:36:43+00:00","breadcrumb":{"@id":"https:\/\/www.eldiario.net\/portal\/2023\/01\/25\/peru-acusa-a-gustavo-petro-de-nuevo-acto-de-injerencia\/#breadcrumb"},"inLanguage":"es","potentialAction":[{"@type":"ReadAction","target":["https:\/\/www.eldiario.net\/portal\/2023\/01\/25\/peru-acusa-a-gustavo-petro-de-nuevo-acto-de-injerencia\/"]}]},{"@type":"ImageObject","inLanguage":"es","@id":"https:\/\/www.eldiario.net\/portal\/2023\/01\/25\/peru-acusa-a-gustavo-petro-de-nuevo-acto-de-injerencia\/#primaryimage","url":"","contentUrl":""},{"@type":"BreadcrumbList","@id":"https:\/\/www.eldiario.net\/portal\/2023\/01\/25\/peru-acusa-a-gustavo-petro-de-nuevo-acto-de-injerencia\/#breadcrumb","itemListElement":[{"@type":"ListItem","position":1,"name":"Portada","item":"https:\/\/www.eldiario.net\/portal\/"},{"@type":"ListItem","position":2,"name":"Per\u00fa acusa a Gustavo Petro de nuevo acto de injerencia"}]},{"@type":"WebSite","@id":"https:\/\/www.eldiario.net\/portal\/#website","url":"https:\/\/www.eldiario.net\/portal\/","name":"El Diario - Decano de la prensa nacional","description":"El Diario - Decano de la prensa nacional","publisher":{"@id":"https:\/\/www.eldiario.net\/portal\/#organization"},"potentialAction":[{"@type":"SearchAction","target":{"@type":"EntryPoint","urlTemplate":"https:\/\/www.eldiario.net\/portal\/?s={search_term_string}"},"query-input":{"@type":"PropertyValueSpecification","valueRequired":true,"valueName":"search_term_string"}}],"inLanguage":"es"},{"@type":"Organization","@id":"https:\/\/www.eldiario.net\/portal\/#organization","name":"El Diario - Decano de la prensa nacional","url":"https:\/\/www.eldiario.net\/portal\/","logo":{"@type":"ImageObject","inLanguage":"es","@id":"https:\/\/www.eldiario.net\/portal\/#\/schema\/logo\/image\/","url":"https:\/\/www.eldiario.net\/portal\/wp-content\/uploads\/2023\/07\/logo_ED.jpg","contentUrl":"https:\/\/www.eldiario.net\/portal\/wp-content\/uploads\/2023\/07\/logo_ED.jpg","width":272,"height":52,"caption":"El Diario - Decano de la prensa nacional"},"image":{"@id":"https:\/\/www.eldiario.net\/portal\/#\/schema\/logo\/image\/"},"sameAs":["https:\/\/www.facebook.com\/eldiario.bolivia\/","https:\/\/x.com\/eldiario_net"]},{"@type":"Person","@id":"https:\/\/www.eldiario.net\/portal\/#\/schema\/person\/f46445640444750d7d753ccd04ae01b7","name":"Jeanette","image":{"@type":"ImageObject","inLanguage":"es","@id":"https:\/\/secure.gravatar.com\/avatar\/3ea2118a5f7dad2b7138b1187a6b7ee55f160b9968b66013c3a3ef39dd7e5798?s=96&d=mm&r=g","url":"https:\/\/secure.gravatar.com\/avatar\/3ea2118a5f7dad2b7138b1187a6b7ee55f160b9968b66013c3a3ef39dd7e5798?s=96&d=mm&r=g","contentUrl":"https:\/\/secure.gravatar.com\/avatar\/3ea2118a5f7dad2b7138b1187a6b7ee55f160b9968b66013c3a3ef39dd7e5798?s=96&d=mm&r=g","caption":"Jeanette"},"sameAs":["https:\/\/www.eldiario.net\/portal"],"url":"https:\/\/www.eldiario.net\/portal\/author\/jeanette\/"}]}},"_links":{"self":[{"href":"https:\/\/www.eldiario.net\/portal\/wp-json\/wp\/v2\/posts\/134643","targetHints":{"allow":["GET"]}}],"collection":[{"href":"https:\/\/www.eldiario.net\/portal\/wp-json\/wp\/v2\/posts"}],"about":[{"href":"https:\/\/www.eldiario.net\/portal\/wp-json\/wp\/v2\/types\/post"}],"author":[{"embeddable":true,"href":"https:\/\/www.eldiario.net\/portal\/wp-json\/wp\/v2\/users\/1"}],"replies":[{"embeddable":true,"href":"https:\/\/www.eldiario.net\/portal\/wp-json\/wp\/v2\/comments?post=134643"}],"version-history":[{"count":0,"href":"https:\/\/www.eldiario.net\/portal\/wp-json\/wp\/v2\/posts\/134643\/revisions"}],"wp:attachment":[{"href":"https:\/\/www.eldiario.net\/portal\/wp-json\/wp\/v2\/media?parent=134643"}],"wp:term":[{"taxonomy":"category","embeddable":true,"href":"https:\/\/www.eldiario.net\/portal\/wp-json\/wp\/v2\/categories?post=134643"},{"taxonomy":"post_tag","embeddable":true,"href":"https:\/\/www.eldiario.net\/portal\/wp-json\/wp\/v2\/tags?post=134643"}],"curies":[{"name":"wp","href":"https:\/\/api.w.org\/{rel}","templated":true}]}}