{"id":134640,"date":"2023-01-25T05:35:58","date_gmt":"2023-01-25T09:35:58","guid":{"rendered":"https:\/\/www.eldiario.net\/portal\/?p=134640"},"modified":"2023-01-25T05:35:58","modified_gmt":"2023-01-25T09:35:58","slug":"sip-lamenta-participacion-de-regimenes-represores-en-cumbre-de-la-celac","status":"publish","type":"post","link":"https:\/\/www.eldiario.net\/portal\/2023\/01\/25\/sip-lamenta-participacion-de-regimenes-represores-en-cumbre-de-la-celac\/","title":{"rendered":"SIP lamenta participaci\u00f3n de reg\u00edmenes  represores en cumbre de la CELAC"},"content":{"rendered":"<p>La Sociedad Interamericana de Prensa (SIP) lament\u00f3 ayer la presencia del dictador de Cuba, Miguel D\u00edaz-Canel, y los cancilleres de Nicaragua y Venezuela en la Cumbre de Estados Latinoamericanos y Caribe\u00f1os (CELAC), \u201clos tres Gobiernos m\u00e1s represores de las libertades de prensa y expresi\u00f3n y del periodismo en las Am\u00e9ricas\u201d, expres\u00f3 en un comunicado la entidad con sede en Miami, Florida (EEUU).<br \/>\nLa VII cumbre de la CELAC se inaugur\u00f3 ayer en la capital argentina, Buenos Aires, y los tres pa\u00edses fueron invitados por el Gobierno de Alberto Fern\u00e1ndez, quien es, a su vez, presidente pro tempore de este mecanismo intergubernamental de \u00e1mbito regional.<br \/>\n\u201cSi la invitaci\u00f3n obedece a cumplir el objetivo de promover el di\u00e1logo y el acuerdo pol\u00edtico en el continente, ello exig\u00eda un compromiso previo de cada integrante del foro regional de poner fin a la represi\u00f3n y a la violaci\u00f3n sistem\u00e1tica de los derechos humanos\u201d, se\u00f1ala el comunicado de la SIP.<br \/>\nSe trata, subray\u00f3 la SIP, de tres dictaduras, Cuba, Nicaragua y Venezuela, que ocupan los \u00faltimos tres puestos de 22 pa\u00edses en el \u00cdndice Chapultepec, un bar\u00f3metro que mide el estado de las libertades de prensa y expresi\u00f3n en las Am\u00e9ricas.<br \/>\n\u201cEstamos hablando de los tres Gobiernos m\u00e1s represores de las libertades de prensa y expresi\u00f3n y del periodismo en las Am\u00e9ricas\u201d, se\u00f1al\u00f3, por su parte, el presidente de la SIP, Michael Greenspon.<br \/>\n\u201cLamentamos que estos dirigentes que violan los derechos humanos y descreen de la democracia hayan sido invitados por una organizaci\u00f3n que, entre sus objetivos, incluye la promoci\u00f3n de un di\u00e1logo respetuoso capaz de construir consenso sobre temas de inter\u00e9s com\u00fan\u201d, afirm\u00f3.<br \/>\nGreenspon, director global de Licencias e Innovaci\u00f3n de Impresi\u00f3n de The New York Times Company, consider\u00f3 que habr\u00eda que revisar los est\u00e1ndares de la CELAC, bajo la \u00f3ptica de la Carta Democr\u00e1tica Interamericana, que obliga a todos los pa\u00edses del continente a respetar las libertades de prensa y expresi\u00f3n.<br \/>\nEl presidente de la Comisi\u00f3n de Libertad de Prensa e Informaci\u00f3n de la SIP, Carlos Jornet, indic\u00f3 que los gobernantes democr\u00e1ticos de la regi\u00f3n deber\u00edan exigir a Nicaragua, Cuba y Venezuela, que pongan freno a la represi\u00f3n contra periodistas, dirigentes sociales y disidentes pol\u00edticos.<br \/>\n\u201cLa democracia se basa en el respeto al pluralismo, el control ciudadano sobre quienes gobiernan, la periodicidad de los mandatos, el equilibrio de poderes, el libre acceso a la informaci\u00f3n p\u00fablica y el respeto a los derechos humanos esenciales, entre los cuales la libertad de expresi\u00f3n es una pieza central\u201d, se\u00f1al\u00f3 el representante.<br \/>\nJornet, director period\u00edstico de La Voz del Interior, Argentina, reiter\u00f3 el reclamo a los tres Gobiernos para que liberen a decenas de presos de conciencia que fueron condenados en juicios sin derecho de defensa.<br \/>\nExigi\u00f3 adem\u00e1s que cese la persecuci\u00f3n contra quienes se atreven a criticar las pol\u00edticas p\u00fablicas en esos pa\u00edses. (Infobae).<\/p>\n","protected":false},"excerpt":{"rendered":"<p>La Sociedad Interamericana de Prensa (SIP) lament\u00f3 ayer la presencia del dictador de Cuba, Miguel D\u00edaz-Canel, y los cancilleres de Nicaragua y Venezuela en la Cumbre de Estados Latinoamericanos y Caribe\u00f1os (CELAC), \u201clos tres Gobiernos m\u00e1s represores de las libertades de prensa y expresi\u00f3n y del periodismo en las Am\u00e9ricas\u201d, expres\u00f3 en un comunicado la [&hellip;]<\/p>\n","protected":false},"author":1,"featured_media":134641,"comment_status":"closed","ping_status":"closed","sticky":false,"template":"","format":"standard","meta":{"_acf_changed":false,"footnotes":""},"categories":[3],"tags":[],"class_list":["post-134640","post","type-post","status-publish","format-standard","has-post-thumbnail","category-internacional"],"acf":{"antetitulo":""},"yoast_head":"<!-- This site is optimized with the Yoast SEO plugin v28.3 - https:\/\/yoast.com\/product\/yoast-seo-wordpress\/ -->\n<title>SIP lamenta participaci\u00f3n de reg\u00edmenes represores en cumbre de la CELAC - El Diario - Bolivia<\/title>\n<meta name=\"robots\" content=\"index, follow, max-snippet:-1, max-image-preview:large, max-video-preview:-1\" \/>\n<link rel=\"canonical\" href=\"https:\/\/www.eldiario.net\/portal\/2023\/01\/25\/sip-lamenta-participacion-de-regimenes-represores-en-cumbre-de-la-celac\/\" \/>\n<meta property=\"og:locale\" content=\"es_ES\" \/>\n<meta property=\"og:type\" content=\"article\" \/>\n<meta property=\"og:title\" content=\"SIP lamenta participaci\u00f3n de reg\u00edmenes represores en cumbre de la CELAC - El Diario - Bolivia\" \/>\n<meta property=\"og:description\" content=\"La Sociedad Interamericana de Prensa (SIP) lament\u00f3 ayer la presencia del dictador de Cuba, Miguel D\u00edaz-Canel, y los cancilleres de Nicaragua y Venezuela en la Cumbre de Estados Latinoamericanos y Caribe\u00f1os (CELAC), \u201clos tres Gobiernos m\u00e1s represores de las libertades de prensa y expresi\u00f3n y del periodismo en las Am\u00e9ricas\u201d, expres\u00f3 en un comunicado la [&hellip;]\" \/>\n<meta property=\"og:url\" content=\"https:\/\/www.eldiario.net\/portal\/2023\/01\/25\/sip-lamenta-participacion-de-regimenes-represores-en-cumbre-de-la-celac\/\" \/>\n<meta property=\"og:site_name\" content=\"El Diario - Bolivia\" \/>\n<meta property=\"article:publisher\" content=\"https:\/\/www.facebook.com\/eldiario.bolivia\/\" \/>\n<meta property=\"article:published_time\" content=\"2023-01-25T09:35:58+00:00\" \/>\n<meta name=\"author\" content=\"Jeanette\" \/>\n<meta name=\"twitter:card\" content=\"summary_large_image\" \/>\n<meta name=\"twitter:creator\" content=\"@eldiario_net\" \/>\n<meta name=\"twitter:site\" content=\"@eldiario_net\" \/>\n<meta name=\"twitter:label1\" content=\"Escrito por\" \/>\n\t<meta name=\"twitter:data1\" content=\"Jeanette\" \/>\n\t<meta name=\"twitter:label2\" content=\"Tiempo de lectura\" \/>\n\t<meta name=\"twitter:data2\" content=\"3 minutos\" \/>\n<script type=\"application\/ld+json\" class=\"yoast-schema-graph\">{\"@context\":\"https:\\\/\\\/schema.org\",\"@graph\":[{\"@type\":\"Article\",\"@id\":\"https:\\\/\\\/www.eldiario.net\\\/portal\\\/2023\\\/01\\\/25\\\/sip-lamenta-participacion-de-regimenes-represores-en-cumbre-de-la-celac\\\/#article\",\"isPartOf\":{\"@id\":\"https:\\\/\\\/www.eldiario.net\\\/portal\\\/2023\\\/01\\\/25\\\/sip-lamenta-participacion-de-regimenes-represores-en-cumbre-de-la-celac\\\/\"},\"author\":{\"name\":\"Jeanette\",\"@id\":\"https:\\\/\\\/www.eldiario.net\\\/portal\\\/#\\\/schema\\\/person\\\/f46445640444750d7d753ccd04ae01b7\"},\"headline\":\"SIP lamenta participaci\u00f3n de reg\u00edmenes represores en cumbre de la CELAC\",\"datePublished\":\"2023-01-25T09:35:58+00:00\",\"mainEntityOfPage\":{\"@id\":\"https:\\\/\\\/www.eldiario.net\\\/portal\\\/2023\\\/01\\\/25\\\/sip-lamenta-participacion-de-regimenes-represores-en-cumbre-de-la-celac\\\/\"},\"wordCount\":532,\"publisher\":{\"@id\":\"https:\\\/\\\/www.eldiario.net\\\/portal\\\/#organization\"},\"image\":{\"@id\":\"https:\\\/\\\/www.eldiario.net\\\/portal\\\/2023\\\/01\\\/25\\\/sip-lamenta-participacion-de-regimenes-represores-en-cumbre-de-la-celac\\\/#primaryimage\"},\"thumbnailUrl\":\"\",\"articleSection\":[\"Internacional\"],\"inLanguage\":\"es\"},{\"@type\":\"WebPage\",\"@id\":\"https:\\\/\\\/www.eldiario.net\\\/portal\\\/2023\\\/01\\\/25\\\/sip-lamenta-participacion-de-regimenes-represores-en-cumbre-de-la-celac\\\/\",\"url\":\"https:\\\/\\\/www.eldiario.net\\\/portal\\\/2023\\\/01\\\/25\\\/sip-lamenta-participacion-de-regimenes-represores-en-cumbre-de-la-celac\\\/\",\"name\":\"SIP lamenta participaci\u00f3n de reg\u00edmenes represores en cumbre de la CELAC - El Diario - Bolivia\",\"isPartOf\":{\"@id\":\"https:\\\/\\\/www.eldiario.net\\\/portal\\\/#website\"},\"primaryImageOfPage\":{\"@id\":\"https:\\\/\\\/www.eldiario.net\\\/portal\\\/2023\\\/01\\\/25\\\/sip-lamenta-participacion-de-regimenes-represores-en-cumbre-de-la-celac\\\/#primaryimage\"},\"image\":{\"@id\":\"https:\\\/\\\/www.eldiario.net\\\/portal\\\/2023\\\/01\\\/25\\\/sip-lamenta-participacion-de-regimenes-represores-en-cumbre-de-la-celac\\\/#primaryimage\"},\"thumbnailUrl\":\"\",\"datePublished\":\"2023-01-25T09:35:58+00:00\",\"breadcrumb\":{\"@id\":\"https:\\\/\\\/www.eldiario.net\\\/portal\\\/2023\\\/01\\\/25\\\/sip-lamenta-participacion-de-regimenes-represores-en-cumbre-de-la-celac\\\/#breadcrumb\"},\"inLanguage\":\"es\",\"potentialAction\":[{\"@type\":\"ReadAction\",\"target\":[\"https:\\\/\\\/www.eldiario.net\\\/portal\\\/2023\\\/01\\\/25\\\/sip-lamenta-participacion-de-regimenes-represores-en-cumbre-de-la-celac\\\/\"]}]},{\"@type\":\"ImageObject\",\"inLanguage\":\"es\",\"@id\":\"https:\\\/\\\/www.eldiario.net\\\/portal\\\/2023\\\/01\\\/25\\\/sip-lamenta-participacion-de-regimenes-represores-en-cumbre-de-la-celac\\\/#primaryimage\",\"url\":\"\",\"contentUrl\":\"\"},{\"@type\":\"BreadcrumbList\",\"@id\":\"https:\\\/\\\/www.eldiario.net\\\/portal\\\/2023\\\/01\\\/25\\\/sip-lamenta-participacion-de-regimenes-represores-en-cumbre-de-la-celac\\\/#breadcrumb\",\"itemListElement\":[{\"@type\":\"ListItem\",\"position\":1,\"name\":\"Portada\",\"item\":\"https:\\\/\\\/www.eldiario.net\\\/portal\\\/\"},{\"@type\":\"ListItem\",\"position\":2,\"name\":\"SIP lamenta participaci\u00f3n de reg\u00edmenes represores en cumbre de la CELAC\"}]},{\"@type\":\"WebSite\",\"@id\":\"https:\\\/\\\/www.eldiario.net\\\/portal\\\/#website\",\"url\":\"https:\\\/\\\/www.eldiario.net\\\/portal\\\/\",\"name\":\"El Diario - Decano de la prensa nacional\",\"description\":\"El Diario - Decano de la prensa nacional\",\"publisher\":{\"@id\":\"https:\\\/\\\/www.eldiario.net\\\/portal\\\/#organization\"},\"potentialAction\":[{\"@type\":\"SearchAction\",\"target\":{\"@type\":\"EntryPoint\",\"urlTemplate\":\"https:\\\/\\\/www.eldiario.net\\\/portal\\\/?s={search_term_string}\"},\"query-input\":{\"@type\":\"PropertyValueSpecification\",\"valueRequired\":true,\"valueName\":\"search_term_string\"}}],\"inLanguage\":\"es\"},{\"@type\":\"Organization\",\"@id\":\"https:\\\/\\\/www.eldiario.net\\\/portal\\\/#organization\",\"name\":\"El Diario - Decano de la prensa nacional\",\"url\":\"https:\\\/\\\/www.eldiario.net\\\/portal\\\/\",\"logo\":{\"@type\":\"ImageObject\",\"inLanguage\":\"es\",\"@id\":\"https:\\\/\\\/www.eldiario.net\\\/portal\\\/#\\\/schema\\\/logo\\\/image\\\/\",\"url\":\"https:\\\/\\\/www.eldiario.net\\\/portal\\\/wp-content\\\/uploads\\\/2023\\\/07\\\/logo_ED.jpg\",\"contentUrl\":\"https:\\\/\\\/www.eldiario.net\\\/portal\\\/wp-content\\\/uploads\\\/2023\\\/07\\\/logo_ED.jpg\",\"width\":272,\"height\":52,\"caption\":\"El Diario - Decano de la prensa nacional\"},\"image\":{\"@id\":\"https:\\\/\\\/www.eldiario.net\\\/portal\\\/#\\\/schema\\\/logo\\\/image\\\/\"},\"sameAs\":[\"https:\\\/\\\/www.facebook.com\\\/eldiario.bolivia\\\/\",\"https:\\\/\\\/x.com\\\/eldiario_net\"]},{\"@type\":\"Person\",\"@id\":\"https:\\\/\\\/www.eldiario.net\\\/portal\\\/#\\\/schema\\\/person\\\/f46445640444750d7d753ccd04ae01b7\",\"name\":\"Jeanette\",\"image\":{\"@type\":\"ImageObject\",\"inLanguage\":\"es\",\"@id\":\"https:\\\/\\\/secure.gravatar.com\\\/avatar\\\/3ea2118a5f7dad2b7138b1187a6b7ee55f160b9968b66013c3a3ef39dd7e5798?s=96&d=mm&r=g\",\"url\":\"https:\\\/\\\/secure.gravatar.com\\\/avatar\\\/3ea2118a5f7dad2b7138b1187a6b7ee55f160b9968b66013c3a3ef39dd7e5798?s=96&d=mm&r=g\",\"contentUrl\":\"https:\\\/\\\/secure.gravatar.com\\\/avatar\\\/3ea2118a5f7dad2b7138b1187a6b7ee55f160b9968b66013c3a3ef39dd7e5798?s=96&d=mm&r=g\",\"caption\":\"Jeanette\"},\"sameAs\":[\"https:\\\/\\\/www.eldiario.net\\\/portal\"],\"url\":\"https:\\\/\\\/www.eldiario.net\\\/portal\\\/author\\\/jeanette\\\/\"}]}<\/script>\n<!-- \/ Yoast SEO plugin. -->","yoast_head_json":{"title":"SIP lamenta participaci\u00f3n de reg\u00edmenes represores en cumbre de la CELAC - El Diario - Bolivia","robots":{"index":"index","follow":"follow","max-snippet":"max-snippet:-1","max-image-preview":"max-image-preview:large","max-video-preview":"max-video-preview:-1"},"canonical":"https:\/\/www.eldiario.net\/portal\/2023\/01\/25\/sip-lamenta-participacion-de-regimenes-represores-en-cumbre-de-la-celac\/","og_locale":"es_ES","og_type":"article","og_title":"SIP lamenta participaci\u00f3n de reg\u00edmenes represores en cumbre de la CELAC - El Diario - Bolivia","og_description":"La Sociedad Interamericana de Prensa (SIP) lament\u00f3 ayer la presencia del dictador de Cuba, Miguel D\u00edaz-Canel, y los cancilleres de Nicaragua y Venezuela en la Cumbre de Estados Latinoamericanos y Caribe\u00f1os (CELAC), \u201clos tres Gobiernos m\u00e1s represores de las libertades de prensa y expresi\u00f3n y del periodismo en las Am\u00e9ricas\u201d, expres\u00f3 en un comunicado la [&hellip;]","og_url":"https:\/\/www.eldiario.net\/portal\/2023\/01\/25\/sip-lamenta-participacion-de-regimenes-represores-en-cumbre-de-la-celac\/","og_site_name":"El Diario - Bolivia","article_publisher":"https:\/\/www.facebook.com\/eldiario.bolivia\/","article_published_time":"2023-01-25T09:35:58+00:00","author":"Jeanette","twitter_card":"summary_large_image","twitter_creator":"@eldiario_net","twitter_site":"@eldiario_net","twitter_misc":{"Escrito por":"Jeanette","Tiempo de lectura":"3 minutos"},"schema":{"@context":"https:\/\/schema.org","@graph":[{"@type":"Article","@id":"https:\/\/www.eldiario.net\/portal\/2023\/01\/25\/sip-lamenta-participacion-de-regimenes-represores-en-cumbre-de-la-celac\/#article","isPartOf":{"@id":"https:\/\/www.eldiario.net\/portal\/2023\/01\/25\/sip-lamenta-participacion-de-regimenes-represores-en-cumbre-de-la-celac\/"},"author":{"name":"Jeanette","@id":"https:\/\/www.eldiario.net\/portal\/#\/schema\/person\/f46445640444750d7d753ccd04ae01b7"},"headline":"SIP lamenta participaci\u00f3n de reg\u00edmenes represores en cumbre de la CELAC","datePublished":"2023-01-25T09:35:58+00:00","mainEntityOfPage":{"@id":"https:\/\/www.eldiario.net\/portal\/2023\/01\/25\/sip-lamenta-participacion-de-regimenes-represores-en-cumbre-de-la-celac\/"},"wordCount":532,"publisher":{"@id":"https:\/\/www.eldiario.net\/portal\/#organization"},"image":{"@id":"https:\/\/www.eldiario.net\/portal\/2023\/01\/25\/sip-lamenta-participacion-de-regimenes-represores-en-cumbre-de-la-celac\/#primaryimage"},"thumbnailUrl":"","articleSection":["Internacional"],"inLanguage":"es"},{"@type":"WebPage","@id":"https:\/\/www.eldiario.net\/portal\/2023\/01\/25\/sip-lamenta-participacion-de-regimenes-represores-en-cumbre-de-la-celac\/","url":"https:\/\/www.eldiario.net\/portal\/2023\/01\/25\/sip-lamenta-participacion-de-regimenes-represores-en-cumbre-de-la-celac\/","name":"SIP lamenta participaci\u00f3n de reg\u00edmenes represores en cumbre de la CELAC - El Diario - Bolivia","isPartOf":{"@id":"https:\/\/www.eldiario.net\/portal\/#website"},"primaryImageOfPage":{"@id":"https:\/\/www.eldiario.net\/portal\/2023\/01\/25\/sip-lamenta-participacion-de-regimenes-represores-en-cumbre-de-la-celac\/#primaryimage"},"image":{"@id":"https:\/\/www.eldiario.net\/portal\/2023\/01\/25\/sip-lamenta-participacion-de-regimenes-represores-en-cumbre-de-la-celac\/#primaryimage"},"thumbnailUrl":"","datePublished":"2023-01-25T09:35:58+00:00","breadcrumb":{"@id":"https:\/\/www.eldiario.net\/portal\/2023\/01\/25\/sip-lamenta-participacion-de-regimenes-represores-en-cumbre-de-la-celac\/#breadcrumb"},"inLanguage":"es","potentialAction":[{"@type":"ReadAction","target":["https:\/\/www.eldiario.net\/portal\/2023\/01\/25\/sip-lamenta-participacion-de-regimenes-represores-en-cumbre-de-la-celac\/"]}]},{"@type":"ImageObject","inLanguage":"es","@id":"https:\/\/www.eldiario.net\/portal\/2023\/01\/25\/sip-lamenta-participacion-de-regimenes-represores-en-cumbre-de-la-celac\/#primaryimage","url":"","contentUrl":""},{"@type":"BreadcrumbList","@id":"https:\/\/www.eldiario.net\/portal\/2023\/01\/25\/sip-lamenta-participacion-de-regimenes-represores-en-cumbre-de-la-celac\/#breadcrumb","itemListElement":[{"@type":"ListItem","position":1,"name":"Portada","item":"https:\/\/www.eldiario.net\/portal\/"},{"@type":"ListItem","position":2,"name":"SIP lamenta participaci\u00f3n de reg\u00edmenes represores en cumbre de la CELAC"}]},{"@type":"WebSite","@id":"https:\/\/www.eldiario.net\/portal\/#website","url":"https:\/\/www.eldiario.net\/portal\/","name":"El Diario - Decano de la prensa nacional","description":"El Diario - Decano de la prensa nacional","publisher":{"@id":"https:\/\/www.eldiario.net\/portal\/#organization"},"potentialAction":[{"@type":"SearchAction","target":{"@type":"EntryPoint","urlTemplate":"https:\/\/www.eldiario.net\/portal\/?s={search_term_string}"},"query-input":{"@type":"PropertyValueSpecification","valueRequired":true,"valueName":"search_term_string"}}],"inLanguage":"es"},{"@type":"Organization","@id":"https:\/\/www.eldiario.net\/portal\/#organization","name":"El Diario - Decano de la prensa nacional","url":"https:\/\/www.eldiario.net\/portal\/","logo":{"@type":"ImageObject","inLanguage":"es","@id":"https:\/\/www.eldiario.net\/portal\/#\/schema\/logo\/image\/","url":"https:\/\/www.eldiario.net\/portal\/wp-content\/uploads\/2023\/07\/logo_ED.jpg","contentUrl":"https:\/\/www.eldiario.net\/portal\/wp-content\/uploads\/2023\/07\/logo_ED.jpg","width":272,"height":52,"caption":"El Diario - Decano de la prensa nacional"},"image":{"@id":"https:\/\/www.eldiario.net\/portal\/#\/schema\/logo\/image\/"},"sameAs":["https:\/\/www.facebook.com\/eldiario.bolivia\/","https:\/\/x.com\/eldiario_net"]},{"@type":"Person","@id":"https:\/\/www.eldiario.net\/portal\/#\/schema\/person\/f46445640444750d7d753ccd04ae01b7","name":"Jeanette","image":{"@type":"ImageObject","inLanguage":"es","@id":"https:\/\/secure.gravatar.com\/avatar\/3ea2118a5f7dad2b7138b1187a6b7ee55f160b9968b66013c3a3ef39dd7e5798?s=96&d=mm&r=g","url":"https:\/\/secure.gravatar.com\/avatar\/3ea2118a5f7dad2b7138b1187a6b7ee55f160b9968b66013c3a3ef39dd7e5798?s=96&d=mm&r=g","contentUrl":"https:\/\/secure.gravatar.com\/avatar\/3ea2118a5f7dad2b7138b1187a6b7ee55f160b9968b66013c3a3ef39dd7e5798?s=96&d=mm&r=g","caption":"Jeanette"},"sameAs":["https:\/\/www.eldiario.net\/portal"],"url":"https:\/\/www.eldiario.net\/portal\/author\/jeanette\/"}]}},"_links":{"self":[{"href":"https:\/\/www.eldiario.net\/portal\/wp-json\/wp\/v2\/posts\/134640","targetHints":{"allow":["GET"]}}],"collection":[{"href":"https:\/\/www.eldiario.net\/portal\/wp-json\/wp\/v2\/posts"}],"about":[{"href":"https:\/\/www.eldiario.net\/portal\/wp-json\/wp\/v2\/types\/post"}],"author":[{"embeddable":true,"href":"https:\/\/www.eldiario.net\/portal\/wp-json\/wp\/v2\/users\/1"}],"replies":[{"embeddable":true,"href":"https:\/\/www.eldiario.net\/portal\/wp-json\/wp\/v2\/comments?post=134640"}],"version-history":[{"count":0,"href":"https:\/\/www.eldiario.net\/portal\/wp-json\/wp\/v2\/posts\/134640\/revisions"}],"wp:attachment":[{"href":"https:\/\/www.eldiario.net\/portal\/wp-json\/wp\/v2\/media?parent=134640"}],"wp:term":[{"taxonomy":"category","embeddable":true,"href":"https:\/\/www.eldiario.net\/portal\/wp-json\/wp\/v2\/categories?post=134640"},{"taxonomy":"post_tag","embeddable":true,"href":"https:\/\/www.eldiario.net\/portal\/wp-json\/wp\/v2\/tags?post=134640"}],"curies":[{"name":"wp","href":"https:\/\/api.w.org\/{rel}","templated":true}]}}