{"id":134637,"date":"2023-01-25T05:34:50","date_gmt":"2023-01-25T09:34:50","guid":{"rendered":"https:\/\/www.eldiario.net\/portal\/?p=134637"},"modified":"2023-01-25T05:34:50","modified_gmt":"2023-01-25T09:34:50","slug":"alberto-fernandez-inaugura-la-cumbre-de-la-celac","status":"publish","type":"post","link":"https:\/\/www.eldiario.net\/portal\/2023\/01\/25\/alberto-fernandez-inaugura-la-cumbre-de-la-celac\/","title":{"rendered":"Alberto Fern\u00e1ndez inaugura  la cumbre de la CELAC"},"content":{"rendered":"<p>El presidente de Argentina, Alberto Fern\u00e1ndez, en su discurso de inauguraci\u00f3n de la Cumbre de los pa\u00edses de la Comunidad de Estados Latinoamericanos y Caribe\u00f1os (CELAC), inst\u00f3 a defender la democracia y las instituciones de la regi\u00f3n.<br \/>\nEn medio de las cr\u00edticas por la invitaci\u00f3n a los Gobiernos de Venezuela, Cuba y Nicaragua y con la vuelta de Brasil a la Cumbre de Estados Latinoamericanos y Caribe\u00f1os, el presidente argentino Alberto Fern\u00e1ndez inaugur\u00f3 la VII edici\u00f3n de la CELAC. El mandatario pidi\u00f3 respetar la \u201cdiversidad\u201d para \u201ccrecer juntos\u201d e hizo un llamado de atenci\u00f3n ante una democracia \u201cdefinitivamente en riesgo\u201d en la regi\u00f3n.<br \/>\nHaciendo balance del a\u00f1o durante el que ha estado al cargo de la presidencia pro-tempore de la CELAC, el presidente Fern\u00e1ndez puso en valor haber llevado la voz de Am\u00e9rica Latina a todos los rincones del mundo, y haber puesto sobre la mesa de foros internacionales los asuntos regionales.<br \/>\n\u201cTengo la tranquilidad de haberle dicho al norte que, mientras en el norte vuelan misiles, en el sur se profundiza el hambre\u201d, a\u00f1adi\u00f3 el mandatario, quien tambi\u00e9n refiri\u00f3 al di\u00e1logo con Venezuela y su reclamo para el fin de los bloqueos econ\u00f3micos a pa\u00edses latinoamericanos.<br \/>\n\u201cSon m\u00e9todos muy perversos de sanci\u00f3n a los pueblos. Cuba lleva un bloqueo de seis d\u00e9cadas y es imperdonable, Venezuela lleva otro tanto. Tenemos que hacer que la integraci\u00f3n sea una realidad\u201d, enfatiz\u00f3 Fern\u00e1ndez.<br \/>\nPRESIDENTE DE URUGUAY<br \/>\nPor su parte el mandatario uruguayo, uno de los pocos gobernantes de centroderecha en asistir a la cumbre de Buenos Aires, critic\u00f3 la tentaci\u00f3n ideol\u00f3gica en los foros internacionales, que termina provocando que se desvanezcan.<br \/>\n\u201cHe escuchado discursos que comparto totalmente, otros que comparto la mitad, y otros que no comparto casi nada. Pero entiendo que nuestras naciones se tienen que vincular\u201d, sostuvo, antes de afirmar que algunos discursos ostentan t\u00edtulos de solidaridad y otros conceptos que son muy lindos pero que a veces no se ponen en pr\u00e1ctica.<br \/>\n\u201cTodos los pa\u00edses que estamos aqu\u00ed condenamos esas acciones contra la democracia en Brasil\u201d, remarc\u00f3 Lacalle Pou sobre la asonada de partidarios del ex mandatario Jair Bolsonaro contra los edificios de los poderes p\u00fablicos en Brasilia el 8 de enero en demanda de un golpe de Estado que provocara la ca\u00edda del gobierno de Luiz Inacio Lula da Silva.<br \/>\nY la declaraci\u00f3n de la cumbre de la CELAC \u201chabla de respeto a la democracia, los derechos humanos y el cuidado a las instituciones\u201d. Pero \u201cclaramente hay pa\u00edses ac\u00e1, que no respetan ni las instituciones, ni la democracia ni los derechos humanos\u201d, advirti\u00f3. \u201cNo tengamos una visi\u00f3n hemipl\u00e9jica, seg\u00fan el perfil ideol\u00f3gico\u201d, exhort\u00f3. (Infobae).<\/p>\n","protected":false},"excerpt":{"rendered":"<p>El presidente de Argentina, Alberto Fern\u00e1ndez, en su discurso de inauguraci\u00f3n de la Cumbre de los pa\u00edses de la Comunidad de Estados Latinoamericanos y Caribe\u00f1os (CELAC), inst\u00f3 a defender la democracia y las instituciones de la regi\u00f3n. En medio de las cr\u00edticas por la invitaci\u00f3n a los Gobiernos de Venezuela, Cuba y Nicaragua y con [&hellip;]<\/p>\n","protected":false},"author":1,"featured_media":134638,"comment_status":"closed","ping_status":"closed","sticky":false,"template":"","format":"standard","meta":{"_acf_changed":false,"footnotes":""},"categories":[3],"tags":[],"class_list":["post-134637","post","type-post","status-publish","format-standard","has-post-thumbnail","category-internacional"],"acf":{"antetitulo":""},"yoast_head":"<!-- This site is optimized with the Yoast SEO plugin v28.3 - https:\/\/yoast.com\/product\/yoast-seo-wordpress\/ -->\n<title>Alberto Fern\u00e1ndez inaugura la cumbre de la CELAC - El Diario - Bolivia<\/title>\n<meta name=\"robots\" content=\"index, follow, max-snippet:-1, max-image-preview:large, max-video-preview:-1\" \/>\n<link rel=\"canonical\" href=\"https:\/\/www.eldiario.net\/portal\/2023\/01\/25\/alberto-fernandez-inaugura-la-cumbre-de-la-celac\/\" \/>\n<meta property=\"og:locale\" content=\"es_ES\" \/>\n<meta property=\"og:type\" content=\"article\" \/>\n<meta property=\"og:title\" content=\"Alberto Fern\u00e1ndez inaugura la cumbre de la CELAC - El Diario - Bolivia\" \/>\n<meta property=\"og:description\" content=\"El presidente de Argentina, Alberto Fern\u00e1ndez, en su discurso de inauguraci\u00f3n de la Cumbre de los pa\u00edses de la Comunidad de Estados Latinoamericanos y Caribe\u00f1os (CELAC), inst\u00f3 a defender la democracia y las instituciones de la regi\u00f3n. En medio de las cr\u00edticas por la invitaci\u00f3n a los Gobiernos de Venezuela, Cuba y Nicaragua y con [&hellip;]\" \/>\n<meta property=\"og:url\" content=\"https:\/\/www.eldiario.net\/portal\/2023\/01\/25\/alberto-fernandez-inaugura-la-cumbre-de-la-celac\/\" \/>\n<meta property=\"og:site_name\" content=\"El Diario - Bolivia\" \/>\n<meta property=\"article:publisher\" content=\"https:\/\/www.facebook.com\/eldiario.bolivia\/\" \/>\n<meta property=\"article:published_time\" content=\"2023-01-25T09:34:50+00:00\" \/>\n<meta name=\"author\" content=\"Jeanette\" \/>\n<meta name=\"twitter:card\" content=\"summary_large_image\" \/>\n<meta name=\"twitter:creator\" content=\"@eldiario_net\" \/>\n<meta name=\"twitter:site\" content=\"@eldiario_net\" \/>\n<meta name=\"twitter:label1\" content=\"Escrito por\" \/>\n\t<meta name=\"twitter:data1\" content=\"Jeanette\" \/>\n\t<meta name=\"twitter:label2\" content=\"Tiempo de lectura\" \/>\n\t<meta name=\"twitter:data2\" content=\"2 minutos\" \/>\n<script type=\"application\/ld+json\" class=\"yoast-schema-graph\">{\"@context\":\"https:\\\/\\\/schema.org\",\"@graph\":[{\"@type\":\"Article\",\"@id\":\"https:\\\/\\\/www.eldiario.net\\\/portal\\\/2023\\\/01\\\/25\\\/alberto-fernandez-inaugura-la-cumbre-de-la-celac\\\/#article\",\"isPartOf\":{\"@id\":\"https:\\\/\\\/www.eldiario.net\\\/portal\\\/2023\\\/01\\\/25\\\/alberto-fernandez-inaugura-la-cumbre-de-la-celac\\\/\"},\"author\":{\"name\":\"Jeanette\",\"@id\":\"https:\\\/\\\/www.eldiario.net\\\/portal\\\/#\\\/schema\\\/person\\\/f46445640444750d7d753ccd04ae01b7\"},\"headline\":\"Alberto Fern\u00e1ndez inaugura la cumbre de la CELAC\",\"datePublished\":\"2023-01-25T09:34:50+00:00\",\"mainEntityOfPage\":{\"@id\":\"https:\\\/\\\/www.eldiario.net\\\/portal\\\/2023\\\/01\\\/25\\\/alberto-fernandez-inaugura-la-cumbre-de-la-celac\\\/\"},\"wordCount\":482,\"publisher\":{\"@id\":\"https:\\\/\\\/www.eldiario.net\\\/portal\\\/#organization\"},\"image\":{\"@id\":\"https:\\\/\\\/www.eldiario.net\\\/portal\\\/2023\\\/01\\\/25\\\/alberto-fernandez-inaugura-la-cumbre-de-la-celac\\\/#primaryimage\"},\"thumbnailUrl\":\"\",\"articleSection\":[\"Internacional\"],\"inLanguage\":\"es\"},{\"@type\":\"WebPage\",\"@id\":\"https:\\\/\\\/www.eldiario.net\\\/portal\\\/2023\\\/01\\\/25\\\/alberto-fernandez-inaugura-la-cumbre-de-la-celac\\\/\",\"url\":\"https:\\\/\\\/www.eldiario.net\\\/portal\\\/2023\\\/01\\\/25\\\/alberto-fernandez-inaugura-la-cumbre-de-la-celac\\\/\",\"name\":\"Alberto Fern\u00e1ndez inaugura la cumbre de la CELAC - El Diario - Bolivia\",\"isPartOf\":{\"@id\":\"https:\\\/\\\/www.eldiario.net\\\/portal\\\/#website\"},\"primaryImageOfPage\":{\"@id\":\"https:\\\/\\\/www.eldiario.net\\\/portal\\\/2023\\\/01\\\/25\\\/alberto-fernandez-inaugura-la-cumbre-de-la-celac\\\/#primaryimage\"},\"image\":{\"@id\":\"https:\\\/\\\/www.eldiario.net\\\/portal\\\/2023\\\/01\\\/25\\\/alberto-fernandez-inaugura-la-cumbre-de-la-celac\\\/#primaryimage\"},\"thumbnailUrl\":\"\",\"datePublished\":\"2023-01-25T09:34:50+00:00\",\"breadcrumb\":{\"@id\":\"https:\\\/\\\/www.eldiario.net\\\/portal\\\/2023\\\/01\\\/25\\\/alberto-fernandez-inaugura-la-cumbre-de-la-celac\\\/#breadcrumb\"},\"inLanguage\":\"es\",\"potentialAction\":[{\"@type\":\"ReadAction\",\"target\":[\"https:\\\/\\\/www.eldiario.net\\\/portal\\\/2023\\\/01\\\/25\\\/alberto-fernandez-inaugura-la-cumbre-de-la-celac\\\/\"]}]},{\"@type\":\"ImageObject\",\"inLanguage\":\"es\",\"@id\":\"https:\\\/\\\/www.eldiario.net\\\/portal\\\/2023\\\/01\\\/25\\\/alberto-fernandez-inaugura-la-cumbre-de-la-celac\\\/#primaryimage\",\"url\":\"\",\"contentUrl\":\"\"},{\"@type\":\"BreadcrumbList\",\"@id\":\"https:\\\/\\\/www.eldiario.net\\\/portal\\\/2023\\\/01\\\/25\\\/alberto-fernandez-inaugura-la-cumbre-de-la-celac\\\/#breadcrumb\",\"itemListElement\":[{\"@type\":\"ListItem\",\"position\":1,\"name\":\"Portada\",\"item\":\"https:\\\/\\\/www.eldiario.net\\\/portal\\\/\"},{\"@type\":\"ListItem\",\"position\":2,\"name\":\"Alberto Fern\u00e1ndez inaugura la cumbre de la CELAC\"}]},{\"@type\":\"WebSite\",\"@id\":\"https:\\\/\\\/www.eldiario.net\\\/portal\\\/#website\",\"url\":\"https:\\\/\\\/www.eldiario.net\\\/portal\\\/\",\"name\":\"El Diario - Decano de la prensa nacional\",\"description\":\"El Diario - Decano de la prensa nacional\",\"publisher\":{\"@id\":\"https:\\\/\\\/www.eldiario.net\\\/portal\\\/#organization\"},\"potentialAction\":[{\"@type\":\"SearchAction\",\"target\":{\"@type\":\"EntryPoint\",\"urlTemplate\":\"https:\\\/\\\/www.eldiario.net\\\/portal\\\/?s={search_term_string}\"},\"query-input\":{\"@type\":\"PropertyValueSpecification\",\"valueRequired\":true,\"valueName\":\"search_term_string\"}}],\"inLanguage\":\"es\"},{\"@type\":\"Organization\",\"@id\":\"https:\\\/\\\/www.eldiario.net\\\/portal\\\/#organization\",\"name\":\"El Diario - Decano de la prensa nacional\",\"url\":\"https:\\\/\\\/www.eldiario.net\\\/portal\\\/\",\"logo\":{\"@type\":\"ImageObject\",\"inLanguage\":\"es\",\"@id\":\"https:\\\/\\\/www.eldiario.net\\\/portal\\\/#\\\/schema\\\/logo\\\/image\\\/\",\"url\":\"https:\\\/\\\/www.eldiario.net\\\/portal\\\/wp-content\\\/uploads\\\/2023\\\/07\\\/logo_ED.jpg\",\"contentUrl\":\"https:\\\/\\\/www.eldiario.net\\\/portal\\\/wp-content\\\/uploads\\\/2023\\\/07\\\/logo_ED.jpg\",\"width\":272,\"height\":52,\"caption\":\"El Diario - Decano de la prensa nacional\"},\"image\":{\"@id\":\"https:\\\/\\\/www.eldiario.net\\\/portal\\\/#\\\/schema\\\/logo\\\/image\\\/\"},\"sameAs\":[\"https:\\\/\\\/www.facebook.com\\\/eldiario.bolivia\\\/\",\"https:\\\/\\\/x.com\\\/eldiario_net\"]},{\"@type\":\"Person\",\"@id\":\"https:\\\/\\\/www.eldiario.net\\\/portal\\\/#\\\/schema\\\/person\\\/f46445640444750d7d753ccd04ae01b7\",\"name\":\"Jeanette\",\"image\":{\"@type\":\"ImageObject\",\"inLanguage\":\"es\",\"@id\":\"https:\\\/\\\/secure.gravatar.com\\\/avatar\\\/3ea2118a5f7dad2b7138b1187a6b7ee55f160b9968b66013c3a3ef39dd7e5798?s=96&d=mm&r=g\",\"url\":\"https:\\\/\\\/secure.gravatar.com\\\/avatar\\\/3ea2118a5f7dad2b7138b1187a6b7ee55f160b9968b66013c3a3ef39dd7e5798?s=96&d=mm&r=g\",\"contentUrl\":\"https:\\\/\\\/secure.gravatar.com\\\/avatar\\\/3ea2118a5f7dad2b7138b1187a6b7ee55f160b9968b66013c3a3ef39dd7e5798?s=96&d=mm&r=g\",\"caption\":\"Jeanette\"},\"sameAs\":[\"https:\\\/\\\/www.eldiario.net\\\/portal\"],\"url\":\"https:\\\/\\\/www.eldiario.net\\\/portal\\\/author\\\/jeanette\\\/\"}]}<\/script>\n<!-- \/ Yoast SEO plugin. -->","yoast_head_json":{"title":"Alberto Fern\u00e1ndez inaugura la cumbre de la CELAC - El Diario - Bolivia","robots":{"index":"index","follow":"follow","max-snippet":"max-snippet:-1","max-image-preview":"max-image-preview:large","max-video-preview":"max-video-preview:-1"},"canonical":"https:\/\/www.eldiario.net\/portal\/2023\/01\/25\/alberto-fernandez-inaugura-la-cumbre-de-la-celac\/","og_locale":"es_ES","og_type":"article","og_title":"Alberto Fern\u00e1ndez inaugura la cumbre de la CELAC - El Diario - Bolivia","og_description":"El presidente de Argentina, Alberto Fern\u00e1ndez, en su discurso de inauguraci\u00f3n de la Cumbre de los pa\u00edses de la Comunidad de Estados Latinoamericanos y Caribe\u00f1os (CELAC), inst\u00f3 a defender la democracia y las instituciones de la regi\u00f3n. En medio de las cr\u00edticas por la invitaci\u00f3n a los Gobiernos de Venezuela, Cuba y Nicaragua y con [&hellip;]","og_url":"https:\/\/www.eldiario.net\/portal\/2023\/01\/25\/alberto-fernandez-inaugura-la-cumbre-de-la-celac\/","og_site_name":"El Diario - Bolivia","article_publisher":"https:\/\/www.facebook.com\/eldiario.bolivia\/","article_published_time":"2023-01-25T09:34:50+00:00","author":"Jeanette","twitter_card":"summary_large_image","twitter_creator":"@eldiario_net","twitter_site":"@eldiario_net","twitter_misc":{"Escrito por":"Jeanette","Tiempo de lectura":"2 minutos"},"schema":{"@context":"https:\/\/schema.org","@graph":[{"@type":"Article","@id":"https:\/\/www.eldiario.net\/portal\/2023\/01\/25\/alberto-fernandez-inaugura-la-cumbre-de-la-celac\/#article","isPartOf":{"@id":"https:\/\/www.eldiario.net\/portal\/2023\/01\/25\/alberto-fernandez-inaugura-la-cumbre-de-la-celac\/"},"author":{"name":"Jeanette","@id":"https:\/\/www.eldiario.net\/portal\/#\/schema\/person\/f46445640444750d7d753ccd04ae01b7"},"headline":"Alberto Fern\u00e1ndez inaugura la cumbre de la CELAC","datePublished":"2023-01-25T09:34:50+00:00","mainEntityOfPage":{"@id":"https:\/\/www.eldiario.net\/portal\/2023\/01\/25\/alberto-fernandez-inaugura-la-cumbre-de-la-celac\/"},"wordCount":482,"publisher":{"@id":"https:\/\/www.eldiario.net\/portal\/#organization"},"image":{"@id":"https:\/\/www.eldiario.net\/portal\/2023\/01\/25\/alberto-fernandez-inaugura-la-cumbre-de-la-celac\/#primaryimage"},"thumbnailUrl":"","articleSection":["Internacional"],"inLanguage":"es"},{"@type":"WebPage","@id":"https:\/\/www.eldiario.net\/portal\/2023\/01\/25\/alberto-fernandez-inaugura-la-cumbre-de-la-celac\/","url":"https:\/\/www.eldiario.net\/portal\/2023\/01\/25\/alberto-fernandez-inaugura-la-cumbre-de-la-celac\/","name":"Alberto Fern\u00e1ndez inaugura la cumbre de la CELAC - El Diario - Bolivia","isPartOf":{"@id":"https:\/\/www.eldiario.net\/portal\/#website"},"primaryImageOfPage":{"@id":"https:\/\/www.eldiario.net\/portal\/2023\/01\/25\/alberto-fernandez-inaugura-la-cumbre-de-la-celac\/#primaryimage"},"image":{"@id":"https:\/\/www.eldiario.net\/portal\/2023\/01\/25\/alberto-fernandez-inaugura-la-cumbre-de-la-celac\/#primaryimage"},"thumbnailUrl":"","datePublished":"2023-01-25T09:34:50+00:00","breadcrumb":{"@id":"https:\/\/www.eldiario.net\/portal\/2023\/01\/25\/alberto-fernandez-inaugura-la-cumbre-de-la-celac\/#breadcrumb"},"inLanguage":"es","potentialAction":[{"@type":"ReadAction","target":["https:\/\/www.eldiario.net\/portal\/2023\/01\/25\/alberto-fernandez-inaugura-la-cumbre-de-la-celac\/"]}]},{"@type":"ImageObject","inLanguage":"es","@id":"https:\/\/www.eldiario.net\/portal\/2023\/01\/25\/alberto-fernandez-inaugura-la-cumbre-de-la-celac\/#primaryimage","url":"","contentUrl":""},{"@type":"BreadcrumbList","@id":"https:\/\/www.eldiario.net\/portal\/2023\/01\/25\/alberto-fernandez-inaugura-la-cumbre-de-la-celac\/#breadcrumb","itemListElement":[{"@type":"ListItem","position":1,"name":"Portada","item":"https:\/\/www.eldiario.net\/portal\/"},{"@type":"ListItem","position":2,"name":"Alberto Fern\u00e1ndez inaugura la cumbre de la CELAC"}]},{"@type":"WebSite","@id":"https:\/\/www.eldiario.net\/portal\/#website","url":"https:\/\/www.eldiario.net\/portal\/","name":"El Diario - Decano de la prensa nacional","description":"El Diario - Decano de la prensa nacional","publisher":{"@id":"https:\/\/www.eldiario.net\/portal\/#organization"},"potentialAction":[{"@type":"SearchAction","target":{"@type":"EntryPoint","urlTemplate":"https:\/\/www.eldiario.net\/portal\/?s={search_term_string}"},"query-input":{"@type":"PropertyValueSpecification","valueRequired":true,"valueName":"search_term_string"}}],"inLanguage":"es"},{"@type":"Organization","@id":"https:\/\/www.eldiario.net\/portal\/#organization","name":"El Diario - Decano de la prensa nacional","url":"https:\/\/www.eldiario.net\/portal\/","logo":{"@type":"ImageObject","inLanguage":"es","@id":"https:\/\/www.eldiario.net\/portal\/#\/schema\/logo\/image\/","url":"https:\/\/www.eldiario.net\/portal\/wp-content\/uploads\/2023\/07\/logo_ED.jpg","contentUrl":"https:\/\/www.eldiario.net\/portal\/wp-content\/uploads\/2023\/07\/logo_ED.jpg","width":272,"height":52,"caption":"El Diario - Decano de la prensa nacional"},"image":{"@id":"https:\/\/www.eldiario.net\/portal\/#\/schema\/logo\/image\/"},"sameAs":["https:\/\/www.facebook.com\/eldiario.bolivia\/","https:\/\/x.com\/eldiario_net"]},{"@type":"Person","@id":"https:\/\/www.eldiario.net\/portal\/#\/schema\/person\/f46445640444750d7d753ccd04ae01b7","name":"Jeanette","image":{"@type":"ImageObject","inLanguage":"es","@id":"https:\/\/secure.gravatar.com\/avatar\/3ea2118a5f7dad2b7138b1187a6b7ee55f160b9968b66013c3a3ef39dd7e5798?s=96&d=mm&r=g","url":"https:\/\/secure.gravatar.com\/avatar\/3ea2118a5f7dad2b7138b1187a6b7ee55f160b9968b66013c3a3ef39dd7e5798?s=96&d=mm&r=g","contentUrl":"https:\/\/secure.gravatar.com\/avatar\/3ea2118a5f7dad2b7138b1187a6b7ee55f160b9968b66013c3a3ef39dd7e5798?s=96&d=mm&r=g","caption":"Jeanette"},"sameAs":["https:\/\/www.eldiario.net\/portal"],"url":"https:\/\/www.eldiario.net\/portal\/author\/jeanette\/"}]}},"_links":{"self":[{"href":"https:\/\/www.eldiario.net\/portal\/wp-json\/wp\/v2\/posts\/134637","targetHints":{"allow":["GET"]}}],"collection":[{"href":"https:\/\/www.eldiario.net\/portal\/wp-json\/wp\/v2\/posts"}],"about":[{"href":"https:\/\/www.eldiario.net\/portal\/wp-json\/wp\/v2\/types\/post"}],"author":[{"embeddable":true,"href":"https:\/\/www.eldiario.net\/portal\/wp-json\/wp\/v2\/users\/1"}],"replies":[{"embeddable":true,"href":"https:\/\/www.eldiario.net\/portal\/wp-json\/wp\/v2\/comments?post=134637"}],"version-history":[{"count":0,"href":"https:\/\/www.eldiario.net\/portal\/wp-json\/wp\/v2\/posts\/134637\/revisions"}],"wp:attachment":[{"href":"https:\/\/www.eldiario.net\/portal\/wp-json\/wp\/v2\/media?parent=134637"}],"wp:term":[{"taxonomy":"category","embeddable":true,"href":"https:\/\/www.eldiario.net\/portal\/wp-json\/wp\/v2\/categories?post=134637"},{"taxonomy":"post_tag","embeddable":true,"href":"https:\/\/www.eldiario.net\/portal\/wp-json\/wp\/v2\/tags?post=134637"}],"curies":[{"name":"wp","href":"https:\/\/api.w.org\/{rel}","templated":true}]}}