{"id":134632,"date":"2023-01-25T05:33:11","date_gmt":"2023-01-25T09:33:11","guid":{"rendered":"https:\/\/www.eldiario.net\/portal\/?p=134632"},"modified":"2023-01-25T05:33:11","modified_gmt":"2023-01-25T09:33:11","slug":"sedes-afirma-que-el-dengue-en-santa-cruz-esta-en-ascenso","status":"publish","type":"post","link":"https:\/\/www.eldiario.net\/portal\/2023\/01\/25\/sedes-afirma-que-el-dengue-en-santa-cruz-esta-en-ascenso\/","title":{"rendered":"Sedes afirma que el dengue  en Santa Cruz est\u00e1 en ascenso"},"content":{"rendered":"<p>El Servicio Departamental de Salud (Sedes) de Santa Cruz, afirm\u00f3 que la enfermedad del dengue est\u00e1 en ascenso en la regi\u00f3n, por lo que las autoridades recomendaron a la poblaci\u00f3n eliminar a mosquitos del aedes aegypti, a trav\u00e9s de la limpieza y destrucci\u00f3n de los criaderos que est\u00e1n en sus casas.<br \/>\nEn lo que va del a\u00f1o se reportaron 789 casos positivos, adem\u00e1s de 10 \u00f3bitos, de los cuales cinco est\u00e1n confirmados por el Comit\u00e9 Cient\u00edfico y los otros tantos est\u00e1n por confirmar.<br \/>\nEl gerente de la Unidad de Epidemiolog\u00eda, Carlos Alberto Hurtado, inform\u00f3 que est\u00e1n trabajando con las brigadas de salud en el bloqueo de foco en la ciudad y las provincias.<br \/>\nIndic\u00f3 que en la corresponsabilidad se tienen garantizados los centros de salud en el departamento, tratamiento gratuito y los laboratorios.<br \/>\n\u201cLa Gobernaci\u00f3n como ente rector en coordinaci\u00f3n con el municipio est\u00e1n viendo la forma de habilitar los centros de terapia de dengue\u201d, dijo.<br \/>\nExplic\u00f3 que el 40% de los municipios del departamento tiene al menos un caso positivo y la epidemia se concentran en ocho. Santa Cruz de la Sierra reporta 421 casos.<br \/>\nHurtado se\u00f1al\u00f3 que entre las acciones inmediatas se est\u00e1 realizando el bloqueo y control de foco en las zonas donde se presentaron casos positivos y en los lugares donde hubo \u00f3bitos o sospecha de \u00f3bito, se est\u00e1n ejecutando un trabajo m\u00e1s profundo, como en Carand\u00e1 (municipio de Buena Vista), Montero y en el \u00e1rea urbana en la red de salud Este.<br \/>\nDe igual forma, pidi\u00f3 a la poblaci\u00f3n que tras los primeros s\u00edntomas de fiebre alta, dolor muscular detr\u00e1s de los ojos, malestar general, dolor de cabeza y petequias (manchas rojas), se debe acudir a los centros de Salud de Primer Nivel que est\u00e1n en los barrios, para confirmar o descartar la enfermedad y por ning\u00fan motivo automedicarse.<br \/>\nCOQUELUCHE-COVID-19<br \/>\nLa coqueluche y el covid-19 se encuentran bajo control, ya que solo se reportaron tres casos positivos de coqueluche, lo que muestra un descenso brusco de la enfermedad.<br \/>\n\u201cEsperamos que con todas las estrategias de bloqueo de foco y de vacunaci\u00f3n, pronto estemos diciendo que vencimos a esta enfermedad\u201d, expres\u00f3 ante los medios.<br \/>\nAsimismo, se pronunci\u00f3 sobre la situaci\u00f3n del covid-19 en la regi\u00f3n. Indic\u00f3 que actualmente Santa Cruz est\u00e1 en una zona de total control.<br \/>\n\u201cHoy en el departamento no significa un problema de salud p\u00fablica y lo \u00fanico que le pedimos a la poblaci\u00f3n para evitar rebrotes, para evitar casos o fallecidos, es que sigan acudiendo a vacunarse, ya que se ha ralentizado el tema de la vacunaci\u00f3n\u201d, dijo, a tiempo de exhortar a la poblaci\u00f3n a que contin\u00faen con los cuidados y las medidas de bioseguridad, sobre todo con la vacunaci\u00f3n. (Santa Cruz, agencias).<\/p>\n","protected":false},"excerpt":{"rendered":"<p>El Servicio Departamental de Salud (Sedes) de Santa Cruz, afirm\u00f3 que la enfermedad del dengue est\u00e1 en ascenso en la regi\u00f3n, por lo que las autoridades recomendaron a la poblaci\u00f3n eliminar a mosquitos del aedes aegypti, a trav\u00e9s de la limpieza y destrucci\u00f3n de los criaderos que est\u00e1n en sus casas. En lo que va [&hellip;]<\/p>\n","protected":false},"author":1,"featured_media":134633,"comment_status":"closed","ping_status":"closed","sticky":false,"template":"","format":"standard","meta":{"_acf_changed":false,"footnotes":""},"categories":[12],"tags":[],"class_list":["post-134632","post","type-post","status-publish","format-standard","has-post-thumbnail","category-nacional"],"acf":{"antetitulo":""},"yoast_head":"<!-- This site is optimized with the Yoast SEO plugin v28.3 - https:\/\/yoast.com\/product\/yoast-seo-wordpress\/ -->\n<title>Sedes afirma que el dengue en Santa Cruz est\u00e1 en ascenso - El Diario - Bolivia<\/title>\n<meta name=\"robots\" content=\"index, follow, max-snippet:-1, max-image-preview:large, max-video-preview:-1\" \/>\n<link rel=\"canonical\" href=\"https:\/\/www.eldiario.net\/portal\/2023\/01\/25\/sedes-afirma-que-el-dengue-en-santa-cruz-esta-en-ascenso\/\" \/>\n<meta property=\"og:locale\" content=\"es_ES\" \/>\n<meta property=\"og:type\" content=\"article\" \/>\n<meta property=\"og:title\" content=\"Sedes afirma que el dengue en Santa Cruz est\u00e1 en ascenso - El Diario - Bolivia\" \/>\n<meta property=\"og:description\" content=\"El Servicio Departamental de Salud (Sedes) de Santa Cruz, afirm\u00f3 que la enfermedad del dengue est\u00e1 en ascenso en la regi\u00f3n, por lo que las autoridades recomendaron a la poblaci\u00f3n eliminar a mosquitos del aedes aegypti, a trav\u00e9s de la limpieza y destrucci\u00f3n de los criaderos que est\u00e1n en sus casas. En lo que va [&hellip;]\" \/>\n<meta property=\"og:url\" content=\"https:\/\/www.eldiario.net\/portal\/2023\/01\/25\/sedes-afirma-que-el-dengue-en-santa-cruz-esta-en-ascenso\/\" \/>\n<meta property=\"og:site_name\" content=\"El Diario - Bolivia\" \/>\n<meta property=\"article:publisher\" content=\"https:\/\/www.facebook.com\/eldiario.bolivia\/\" \/>\n<meta property=\"article:published_time\" content=\"2023-01-25T09:33:11+00:00\" \/>\n<meta name=\"author\" content=\"Jeanette\" \/>\n<meta name=\"twitter:card\" content=\"summary_large_image\" \/>\n<meta name=\"twitter:creator\" content=\"@eldiario_net\" \/>\n<meta name=\"twitter:site\" content=\"@eldiario_net\" \/>\n<meta name=\"twitter:label1\" content=\"Escrito por\" \/>\n\t<meta name=\"twitter:data1\" content=\"Jeanette\" \/>\n\t<meta name=\"twitter:label2\" content=\"Tiempo de lectura\" \/>\n\t<meta name=\"twitter:data2\" content=\"3 minutos\" \/>\n<script type=\"application\/ld+json\" class=\"yoast-schema-graph\">{\"@context\":\"https:\\\/\\\/schema.org\",\"@graph\":[{\"@type\":\"Article\",\"@id\":\"https:\\\/\\\/www.eldiario.net\\\/portal\\\/2023\\\/01\\\/25\\\/sedes-afirma-que-el-dengue-en-santa-cruz-esta-en-ascenso\\\/#article\",\"isPartOf\":{\"@id\":\"https:\\\/\\\/www.eldiario.net\\\/portal\\\/2023\\\/01\\\/25\\\/sedes-afirma-que-el-dengue-en-santa-cruz-esta-en-ascenso\\\/\"},\"author\":{\"name\":\"Jeanette\",\"@id\":\"https:\\\/\\\/www.eldiario.net\\\/portal\\\/#\\\/schema\\\/person\\\/f46445640444750d7d753ccd04ae01b7\"},\"headline\":\"Sedes afirma que el dengue en Santa Cruz est\u00e1 en ascenso\",\"datePublished\":\"2023-01-25T09:33:11+00:00\",\"mainEntityOfPage\":{\"@id\":\"https:\\\/\\\/www.eldiario.net\\\/portal\\\/2023\\\/01\\\/25\\\/sedes-afirma-que-el-dengue-en-santa-cruz-esta-en-ascenso\\\/\"},\"wordCount\":491,\"publisher\":{\"@id\":\"https:\\\/\\\/www.eldiario.net\\\/portal\\\/#organization\"},\"image\":{\"@id\":\"https:\\\/\\\/www.eldiario.net\\\/portal\\\/2023\\\/01\\\/25\\\/sedes-afirma-que-el-dengue-en-santa-cruz-esta-en-ascenso\\\/#primaryimage\"},\"thumbnailUrl\":\"\",\"articleSection\":[\"Nacional\"],\"inLanguage\":\"es\"},{\"@type\":\"WebPage\",\"@id\":\"https:\\\/\\\/www.eldiario.net\\\/portal\\\/2023\\\/01\\\/25\\\/sedes-afirma-que-el-dengue-en-santa-cruz-esta-en-ascenso\\\/\",\"url\":\"https:\\\/\\\/www.eldiario.net\\\/portal\\\/2023\\\/01\\\/25\\\/sedes-afirma-que-el-dengue-en-santa-cruz-esta-en-ascenso\\\/\",\"name\":\"Sedes afirma que el dengue en Santa Cruz est\u00e1 en ascenso - El Diario - Bolivia\",\"isPartOf\":{\"@id\":\"https:\\\/\\\/www.eldiario.net\\\/portal\\\/#website\"},\"primaryImageOfPage\":{\"@id\":\"https:\\\/\\\/www.eldiario.net\\\/portal\\\/2023\\\/01\\\/25\\\/sedes-afirma-que-el-dengue-en-santa-cruz-esta-en-ascenso\\\/#primaryimage\"},\"image\":{\"@id\":\"https:\\\/\\\/www.eldiario.net\\\/portal\\\/2023\\\/01\\\/25\\\/sedes-afirma-que-el-dengue-en-santa-cruz-esta-en-ascenso\\\/#primaryimage\"},\"thumbnailUrl\":\"\",\"datePublished\":\"2023-01-25T09:33:11+00:00\",\"breadcrumb\":{\"@id\":\"https:\\\/\\\/www.eldiario.net\\\/portal\\\/2023\\\/01\\\/25\\\/sedes-afirma-que-el-dengue-en-santa-cruz-esta-en-ascenso\\\/#breadcrumb\"},\"inLanguage\":\"es\",\"potentialAction\":[{\"@type\":\"ReadAction\",\"target\":[\"https:\\\/\\\/www.eldiario.net\\\/portal\\\/2023\\\/01\\\/25\\\/sedes-afirma-que-el-dengue-en-santa-cruz-esta-en-ascenso\\\/\"]}]},{\"@type\":\"ImageObject\",\"inLanguage\":\"es\",\"@id\":\"https:\\\/\\\/www.eldiario.net\\\/portal\\\/2023\\\/01\\\/25\\\/sedes-afirma-que-el-dengue-en-santa-cruz-esta-en-ascenso\\\/#primaryimage\",\"url\":\"\",\"contentUrl\":\"\"},{\"@type\":\"BreadcrumbList\",\"@id\":\"https:\\\/\\\/www.eldiario.net\\\/portal\\\/2023\\\/01\\\/25\\\/sedes-afirma-que-el-dengue-en-santa-cruz-esta-en-ascenso\\\/#breadcrumb\",\"itemListElement\":[{\"@type\":\"ListItem\",\"position\":1,\"name\":\"Portada\",\"item\":\"https:\\\/\\\/www.eldiario.net\\\/portal\\\/\"},{\"@type\":\"ListItem\",\"position\":2,\"name\":\"Sedes afirma que el dengue en Santa Cruz est\u00e1 en ascenso\"}]},{\"@type\":\"WebSite\",\"@id\":\"https:\\\/\\\/www.eldiario.net\\\/portal\\\/#website\",\"url\":\"https:\\\/\\\/www.eldiario.net\\\/portal\\\/\",\"name\":\"El Diario - Decano de la prensa nacional\",\"description\":\"El Diario - Decano de la prensa nacional\",\"publisher\":{\"@id\":\"https:\\\/\\\/www.eldiario.net\\\/portal\\\/#organization\"},\"potentialAction\":[{\"@type\":\"SearchAction\",\"target\":{\"@type\":\"EntryPoint\",\"urlTemplate\":\"https:\\\/\\\/www.eldiario.net\\\/portal\\\/?s={search_term_string}\"},\"query-input\":{\"@type\":\"PropertyValueSpecification\",\"valueRequired\":true,\"valueName\":\"search_term_string\"}}],\"inLanguage\":\"es\"},{\"@type\":\"Organization\",\"@id\":\"https:\\\/\\\/www.eldiario.net\\\/portal\\\/#organization\",\"name\":\"El Diario - Decano de la prensa nacional\",\"url\":\"https:\\\/\\\/www.eldiario.net\\\/portal\\\/\",\"logo\":{\"@type\":\"ImageObject\",\"inLanguage\":\"es\",\"@id\":\"https:\\\/\\\/www.eldiario.net\\\/portal\\\/#\\\/schema\\\/logo\\\/image\\\/\",\"url\":\"https:\\\/\\\/www.eldiario.net\\\/portal\\\/wp-content\\\/uploads\\\/2023\\\/07\\\/logo_ED.jpg\",\"contentUrl\":\"https:\\\/\\\/www.eldiario.net\\\/portal\\\/wp-content\\\/uploads\\\/2023\\\/07\\\/logo_ED.jpg\",\"width\":272,\"height\":52,\"caption\":\"El Diario - Decano de la prensa nacional\"},\"image\":{\"@id\":\"https:\\\/\\\/www.eldiario.net\\\/portal\\\/#\\\/schema\\\/logo\\\/image\\\/\"},\"sameAs\":[\"https:\\\/\\\/www.facebook.com\\\/eldiario.bolivia\\\/\",\"https:\\\/\\\/x.com\\\/eldiario_net\"]},{\"@type\":\"Person\",\"@id\":\"https:\\\/\\\/www.eldiario.net\\\/portal\\\/#\\\/schema\\\/person\\\/f46445640444750d7d753ccd04ae01b7\",\"name\":\"Jeanette\",\"image\":{\"@type\":\"ImageObject\",\"inLanguage\":\"es\",\"@id\":\"https:\\\/\\\/secure.gravatar.com\\\/avatar\\\/3ea2118a5f7dad2b7138b1187a6b7ee55f160b9968b66013c3a3ef39dd7e5798?s=96&d=mm&r=g\",\"url\":\"https:\\\/\\\/secure.gravatar.com\\\/avatar\\\/3ea2118a5f7dad2b7138b1187a6b7ee55f160b9968b66013c3a3ef39dd7e5798?s=96&d=mm&r=g\",\"contentUrl\":\"https:\\\/\\\/secure.gravatar.com\\\/avatar\\\/3ea2118a5f7dad2b7138b1187a6b7ee55f160b9968b66013c3a3ef39dd7e5798?s=96&d=mm&r=g\",\"caption\":\"Jeanette\"},\"sameAs\":[\"https:\\\/\\\/www.eldiario.net\\\/portal\"],\"url\":\"https:\\\/\\\/www.eldiario.net\\\/portal\\\/author\\\/jeanette\\\/\"}]}<\/script>\n<!-- \/ Yoast SEO plugin. -->","yoast_head_json":{"title":"Sedes afirma que el dengue en Santa Cruz est\u00e1 en ascenso - El Diario - Bolivia","robots":{"index":"index","follow":"follow","max-snippet":"max-snippet:-1","max-image-preview":"max-image-preview:large","max-video-preview":"max-video-preview:-1"},"canonical":"https:\/\/www.eldiario.net\/portal\/2023\/01\/25\/sedes-afirma-que-el-dengue-en-santa-cruz-esta-en-ascenso\/","og_locale":"es_ES","og_type":"article","og_title":"Sedes afirma que el dengue en Santa Cruz est\u00e1 en ascenso - El Diario - Bolivia","og_description":"El Servicio Departamental de Salud (Sedes) de Santa Cruz, afirm\u00f3 que la enfermedad del dengue est\u00e1 en ascenso en la regi\u00f3n, por lo que las autoridades recomendaron a la poblaci\u00f3n eliminar a mosquitos del aedes aegypti, a trav\u00e9s de la limpieza y destrucci\u00f3n de los criaderos que est\u00e1n en sus casas. En lo que va [&hellip;]","og_url":"https:\/\/www.eldiario.net\/portal\/2023\/01\/25\/sedes-afirma-que-el-dengue-en-santa-cruz-esta-en-ascenso\/","og_site_name":"El Diario - Bolivia","article_publisher":"https:\/\/www.facebook.com\/eldiario.bolivia\/","article_published_time":"2023-01-25T09:33:11+00:00","author":"Jeanette","twitter_card":"summary_large_image","twitter_creator":"@eldiario_net","twitter_site":"@eldiario_net","twitter_misc":{"Escrito por":"Jeanette","Tiempo de lectura":"3 minutos"},"schema":{"@context":"https:\/\/schema.org","@graph":[{"@type":"Article","@id":"https:\/\/www.eldiario.net\/portal\/2023\/01\/25\/sedes-afirma-que-el-dengue-en-santa-cruz-esta-en-ascenso\/#article","isPartOf":{"@id":"https:\/\/www.eldiario.net\/portal\/2023\/01\/25\/sedes-afirma-que-el-dengue-en-santa-cruz-esta-en-ascenso\/"},"author":{"name":"Jeanette","@id":"https:\/\/www.eldiario.net\/portal\/#\/schema\/person\/f46445640444750d7d753ccd04ae01b7"},"headline":"Sedes afirma que el dengue en Santa Cruz est\u00e1 en ascenso","datePublished":"2023-01-25T09:33:11+00:00","mainEntityOfPage":{"@id":"https:\/\/www.eldiario.net\/portal\/2023\/01\/25\/sedes-afirma-que-el-dengue-en-santa-cruz-esta-en-ascenso\/"},"wordCount":491,"publisher":{"@id":"https:\/\/www.eldiario.net\/portal\/#organization"},"image":{"@id":"https:\/\/www.eldiario.net\/portal\/2023\/01\/25\/sedes-afirma-que-el-dengue-en-santa-cruz-esta-en-ascenso\/#primaryimage"},"thumbnailUrl":"","articleSection":["Nacional"],"inLanguage":"es"},{"@type":"WebPage","@id":"https:\/\/www.eldiario.net\/portal\/2023\/01\/25\/sedes-afirma-que-el-dengue-en-santa-cruz-esta-en-ascenso\/","url":"https:\/\/www.eldiario.net\/portal\/2023\/01\/25\/sedes-afirma-que-el-dengue-en-santa-cruz-esta-en-ascenso\/","name":"Sedes afirma que el dengue en Santa Cruz est\u00e1 en ascenso - El Diario - Bolivia","isPartOf":{"@id":"https:\/\/www.eldiario.net\/portal\/#website"},"primaryImageOfPage":{"@id":"https:\/\/www.eldiario.net\/portal\/2023\/01\/25\/sedes-afirma-que-el-dengue-en-santa-cruz-esta-en-ascenso\/#primaryimage"},"image":{"@id":"https:\/\/www.eldiario.net\/portal\/2023\/01\/25\/sedes-afirma-que-el-dengue-en-santa-cruz-esta-en-ascenso\/#primaryimage"},"thumbnailUrl":"","datePublished":"2023-01-25T09:33:11+00:00","breadcrumb":{"@id":"https:\/\/www.eldiario.net\/portal\/2023\/01\/25\/sedes-afirma-que-el-dengue-en-santa-cruz-esta-en-ascenso\/#breadcrumb"},"inLanguage":"es","potentialAction":[{"@type":"ReadAction","target":["https:\/\/www.eldiario.net\/portal\/2023\/01\/25\/sedes-afirma-que-el-dengue-en-santa-cruz-esta-en-ascenso\/"]}]},{"@type":"ImageObject","inLanguage":"es","@id":"https:\/\/www.eldiario.net\/portal\/2023\/01\/25\/sedes-afirma-que-el-dengue-en-santa-cruz-esta-en-ascenso\/#primaryimage","url":"","contentUrl":""},{"@type":"BreadcrumbList","@id":"https:\/\/www.eldiario.net\/portal\/2023\/01\/25\/sedes-afirma-que-el-dengue-en-santa-cruz-esta-en-ascenso\/#breadcrumb","itemListElement":[{"@type":"ListItem","position":1,"name":"Portada","item":"https:\/\/www.eldiario.net\/portal\/"},{"@type":"ListItem","position":2,"name":"Sedes afirma que el dengue en Santa Cruz est\u00e1 en ascenso"}]},{"@type":"WebSite","@id":"https:\/\/www.eldiario.net\/portal\/#website","url":"https:\/\/www.eldiario.net\/portal\/","name":"El Diario - Decano de la prensa nacional","description":"El Diario - Decano de la prensa nacional","publisher":{"@id":"https:\/\/www.eldiario.net\/portal\/#organization"},"potentialAction":[{"@type":"SearchAction","target":{"@type":"EntryPoint","urlTemplate":"https:\/\/www.eldiario.net\/portal\/?s={search_term_string}"},"query-input":{"@type":"PropertyValueSpecification","valueRequired":true,"valueName":"search_term_string"}}],"inLanguage":"es"},{"@type":"Organization","@id":"https:\/\/www.eldiario.net\/portal\/#organization","name":"El Diario - Decano de la prensa nacional","url":"https:\/\/www.eldiario.net\/portal\/","logo":{"@type":"ImageObject","inLanguage":"es","@id":"https:\/\/www.eldiario.net\/portal\/#\/schema\/logo\/image\/","url":"https:\/\/www.eldiario.net\/portal\/wp-content\/uploads\/2023\/07\/logo_ED.jpg","contentUrl":"https:\/\/www.eldiario.net\/portal\/wp-content\/uploads\/2023\/07\/logo_ED.jpg","width":272,"height":52,"caption":"El Diario - Decano de la prensa nacional"},"image":{"@id":"https:\/\/www.eldiario.net\/portal\/#\/schema\/logo\/image\/"},"sameAs":["https:\/\/www.facebook.com\/eldiario.bolivia\/","https:\/\/x.com\/eldiario_net"]},{"@type":"Person","@id":"https:\/\/www.eldiario.net\/portal\/#\/schema\/person\/f46445640444750d7d753ccd04ae01b7","name":"Jeanette","image":{"@type":"ImageObject","inLanguage":"es","@id":"https:\/\/secure.gravatar.com\/avatar\/3ea2118a5f7dad2b7138b1187a6b7ee55f160b9968b66013c3a3ef39dd7e5798?s=96&d=mm&r=g","url":"https:\/\/secure.gravatar.com\/avatar\/3ea2118a5f7dad2b7138b1187a6b7ee55f160b9968b66013c3a3ef39dd7e5798?s=96&d=mm&r=g","contentUrl":"https:\/\/secure.gravatar.com\/avatar\/3ea2118a5f7dad2b7138b1187a6b7ee55f160b9968b66013c3a3ef39dd7e5798?s=96&d=mm&r=g","caption":"Jeanette"},"sameAs":["https:\/\/www.eldiario.net\/portal"],"url":"https:\/\/www.eldiario.net\/portal\/author\/jeanette\/"}]}},"_links":{"self":[{"href":"https:\/\/www.eldiario.net\/portal\/wp-json\/wp\/v2\/posts\/134632","targetHints":{"allow":["GET"]}}],"collection":[{"href":"https:\/\/www.eldiario.net\/portal\/wp-json\/wp\/v2\/posts"}],"about":[{"href":"https:\/\/www.eldiario.net\/portal\/wp-json\/wp\/v2\/types\/post"}],"author":[{"embeddable":true,"href":"https:\/\/www.eldiario.net\/portal\/wp-json\/wp\/v2\/users\/1"}],"replies":[{"embeddable":true,"href":"https:\/\/www.eldiario.net\/portal\/wp-json\/wp\/v2\/comments?post=134632"}],"version-history":[{"count":0,"href":"https:\/\/www.eldiario.net\/portal\/wp-json\/wp\/v2\/posts\/134632\/revisions"}],"wp:attachment":[{"href":"https:\/\/www.eldiario.net\/portal\/wp-json\/wp\/v2\/media?parent=134632"}],"wp:term":[{"taxonomy":"category","embeddable":true,"href":"https:\/\/www.eldiario.net\/portal\/wp-json\/wp\/v2\/categories?post=134632"},{"taxonomy":"post_tag","embeddable":true,"href":"https:\/\/www.eldiario.net\/portal\/wp-json\/wp\/v2\/tags?post=134632"}],"curies":[{"name":"wp","href":"https:\/\/api.w.org\/{rel}","templated":true}]}}