{"id":134380,"date":"2023-01-23T06:24:36","date_gmt":"2023-01-23T10:24:36","guid":{"rendered":"https:\/\/www.eldiario.net\/portal\/?p=134380"},"modified":"2023-01-23T06:24:36","modified_gmt":"2023-01-23T10:24:36","slug":"accion-popular-derivaria-en-juicio-de-responsabilidades-a-exmagistrados","status":"publish","type":"post","link":"https:\/\/www.eldiario.net\/portal\/2023\/01\/23\/accion-popular-derivaria-en-juicio-de-responsabilidades-a-exmagistrados\/","title":{"rendered":"Acci\u00f3n Popular derivar\u00eda en juicio de  responsabilidades a exmagistrados"},"content":{"rendered":"<p>Este martes 24 de enero, en Sucre, a trav\u00e9s de una audiencia de Acci\u00f3n Popular, se definir\u00e1 el destino de la Sentencia Constitucional 084\/2017 que fue la interpretaci\u00f3n que hizo el Tribunal Constitucional Plurinacional (TCP) de entonces para habilitar la repostulaci\u00f3n de Evo Morales a una ilegal re-reelecci\u00f3n en las elecciones viciadas de 2019.<br \/>\nLa Acci\u00f3n Popular fue presentada por el diputado por Chuquisaca, Marcelo Pedrazas, en contra de esa sentencia para que sea eliminada del ordenamiento jur\u00eddico de Bolivia, sobre todo por efecto de la resoluci\u00f3n a la Opini\u00f3n Consultiva de la Corte Interamericana de Derechos Humanos (Corte- IDH) que descart\u00f3 la figura de la reelecci\u00f3n indefinida como un \u201cderecho humano\u201d para la clase pol\u00edtica.<br \/>\nLa audiencia ser\u00e1 desarrollada en la Sala Constitucional Primera del Tribunal Departamental de Justicia (TDJ) de Chuquisaca, y organizaciones como el Comit\u00e9 Nacional de Defensa de la Democracia (Conade) apelan a que la poblaci\u00f3n haga seguimiento a ese fallo, pues este podr\u00eda ser el inicio para que los entonces magistrados del TCP sean procesados en un juicio de responsabilidades.<br \/>\n\u201cLo que han cometido estos magistrados son actos de prevaricato y el TCP debe eliminar del ordenamiento jur\u00eddico la Sentencia Constitucional y los responsables ser pasibles a juicios penales y de responsabilidades por sus actos\u201d, expres\u00f3 el representante del Conade, Manuel Morales.<br \/>\nEl activista expres\u00f3 que la Acci\u00f3n Popular del legislador chuquisaque\u00f1o es respaldada por esa organizaci\u00f3n ciudadana y a\u00f1adi\u00f3 que el Conade en Sucre ser\u00e1 convocado para acompa\u00f1ar la audiencia de la Sala Constitucional que fue citada para desarrollarse de manera virtual y no presencial.<\/p>\n<p>LOS MAGISTRADOS<br \/>\nMorales explic\u00f3 que el TCP en 2017 se tom\u00f3 atribuciones de control de convencionalidad con normativa internacional como el Pacto de San Jos\u00e9 de Costa Rica, actuando fuera del margen asignado a estos magistrados como \u201cguardianes de la Constituci\u00f3n\u201d.<br \/>\nLos magistrados que avalaron la candidatura de Evo Morales y su segundo \u00c1lvaro Garc\u00eda para las elecciones de octubre de 2019 fueron Mirtha Camacho, Ruddy Flores, Neldy Andrade, Macario Lahor Cortez, Oswaldo Valencia y Zen\u00f3n Bacarreza.<br \/>\n\u201cEl quiebre del orden constitucional se dio con la sentencia de la re-reelecci\u00f3n que favoreci\u00f3 a Evo Morales y que provoc\u00f3 un da\u00f1o colectivo a los derechos pol\u00edticos y civiles de todos los bolivianos\u201d, expres\u00f3 el legislador Marcelo Pedrazas, en anteriores declaraciones.<br \/>\nLa Corte Interamericana de Derechos Humanos (Corte-IDH) en agosto de 2021, ante la consulta solicitada por el Gobierno de Colombia, determin\u00f3 que el art\u00edculo 23 del Pacto de San Jos\u00e9 de Costa Rica no protege a la reelecci\u00f3n indefinida en cargos pol\u00edticos y p\u00fablicos como un \u201cderecho humano\u201d, tal como interpretaron los citados exmagistrados para favorecer al binomio del Movimiento al Socialismo (MAS).<br \/>\n\u201cLa reelecci\u00f3n presidencial indefinida no constituye un derecho aut\u00f3nomo protegido por la Convenci\u00f3n Americana sobre Derechos Humanos ni por el corpus iuris del derecho internacional de los derechos humanos\u201d, fue la resoluci\u00f3n de la Corte-IDH.<br \/>\nRECHAZO<br \/>\nPor otro lado, en abril de 2021, el TCP rechaz\u00f3 una demanda que fue presentada por un grupo de abogados en contra de la sentencia 084\/2017 o la sentencia de la \u201cre-re-relecci\u00f3n\u201d.<br \/>\nSeg\u00fan el diario Correo del Sur, una Acci\u00f3n de Amparo Constitucional presentada por un grupo de abogados \u201coblig\u00f3\u201d a los tribunos \u201ca hacer aparecer\u201d una resoluci\u00f3n de la comisi\u00f3n de admisi\u00f3n que hab\u00eda rechazado la demanda en contra de la sentencia que habilit\u00f3 a Morales a una tercera reelecci\u00f3n consecutiva pese a que la Constituci\u00f3n Pol\u00edtica del Estado establece una sola reelecci\u00f3n consecutiva para presidentes.<br \/>\n\u201cLo curioso es que mientras los abogados exig\u00edan que el TCP se pronuncie sobre esta demanda, y no hab\u00eda respuesta oficial de los magistrados pese a las constantes consultas en el \u00f3rgano constitucional, durante una audiencia de Acci\u00f3n de Amparo, apareci\u00f3 la resoluci\u00f3n constitucional de rechazo con fecha de diciembre de 2019, pero reci\u00e9n fue notificada el martes, 20 de abril\u201d, inform\u00f3 en la oportunidad Correo del Sur.<br \/>\nLa demanda en contra de la sentencia constitucional 084\/2017 fue planteada en 2019 por los abogados Ang\u00e9lica Siles, Jos\u00e9 Antonio Rivera Santib\u00e1\u00f1ez, William Bascop\u00e9, Gilberto Cortez, William Herrera, Arturo Y\u00e1\u00f1ez y otros.<\/p>\n<p>RE-RE-REELECCI\u00d3N<br \/>\nEl martes 4 de diciembre de 2018, el Tribunal Supremo Electoral (TSE) habilit\u00f3 a Evo Morales y \u00c1lvaro Garc\u00eda para las elecciones de 2019, pese a que en el refer\u00e9ndum el 21 de febrero de 2016, el 51% del electorado rechaz\u00f3 otra reelecci\u00f3n para Morales y Garc\u00eda Linera.<br \/>\nSemanas antes del refer\u00e9ndum, Morales asegur\u00f3, en varias oportunidades, que s\u00ed perd\u00eda dejar\u00eda el poder al final de su mandato en enero de 2020.<br \/>\nNo obstante, casi desde el momento en el que se confirm\u00f3 la derrota, autoridades y seguidores mostraron su descontento a ponerle fecha definitiva a la presidencia de Morales.<br \/>\nEn cabildos las organizaciones sindicales y campesinas propusieron varias f\u00f3rmulas para que el refer\u00e9ndum de 2016 no tenga efectos.<br \/>\nAl final, el oficialismo opt\u00f3 por acudir al TCP e interponer un recurso con el argumento de que poner un candado a una nueva reelecci\u00f3n de Morales atenta contra sus derechos pol\u00edticos.<br \/>\nLos magistrados aceptaron el argumento y fallaron a favor de Evo Morales en 2017.<br \/>\nEntre los varios reclamos hechos por la oposici\u00f3n est\u00e1 el se\u00f1alamiento de que los miembros del TCP que habilitaron las postulaciones de Morales en 2014 y la actual fueron elegidos por el MAS gracias a que controlaba el Legislativo.<br \/>\nVarios analistas coincidieron en que los conflictos de 2019 en el pa\u00eds, tuvo su origen en la re-re-reelecci\u00f3n de Evo Morales y concluy\u00f3 con el fraude electoral. (EL DIARIO y Visor21).<\/p>\n\n","protected":false},"excerpt":{"rendered":"<p>Este martes 24 de enero, en Sucre, a trav\u00e9s de una audiencia de Acci\u00f3n Popular, se definir\u00e1 el destino de la Sentencia Constitucional 084\/2017 que fue la interpretaci\u00f3n que hizo el Tribunal Constitucional Plurinacional (TCP) de entonces para habilitar la repostulaci\u00f3n de Evo Morales a una ilegal re-reelecci\u00f3n en las elecciones viciadas de 2019. La [&hellip;]<\/p>\n","protected":false},"author":1,"featured_media":134383,"comment_status":"closed","ping_status":"closed","sticky":false,"template":"","format":"standard","meta":{"_acf_changed":false,"footnotes":""},"categories":[39],"tags":[],"class_list":["post-134380","post","type-post","status-publish","format-standard","has-post-thumbnail","category-sociedad"],"acf":{"antetitulo":""},"yoast_head":"<!-- This site is optimized with the Yoast SEO plugin v28.4 - https:\/\/yoast.com\/product\/yoast-seo-wordpress\/ -->\n<title>Acci\u00f3n Popular derivar\u00eda en juicio de responsabilidades a exmagistrados - El Diario - Bolivia<\/title>\n<meta name=\"robots\" content=\"index, follow, max-snippet:-1, max-image-preview:large, max-video-preview:-1\" \/>\n<link rel=\"canonical\" href=\"https:\/\/www.eldiario.net\/portal\/2023\/01\/23\/accion-popular-derivaria-en-juicio-de-responsabilidades-a-exmagistrados\/\" \/>\n<meta property=\"og:locale\" content=\"es_ES\" \/>\n<meta property=\"og:type\" content=\"article\" \/>\n<meta property=\"og:title\" content=\"Acci\u00f3n Popular derivar\u00eda en juicio de responsabilidades a exmagistrados - El Diario - Bolivia\" \/>\n<meta property=\"og:description\" content=\"Este martes 24 de enero, en Sucre, a trav\u00e9s de una audiencia de Acci\u00f3n Popular, se definir\u00e1 el destino de la Sentencia Constitucional 084\/2017 que fue la interpretaci\u00f3n que hizo el Tribunal Constitucional Plurinacional (TCP) de entonces para habilitar la repostulaci\u00f3n de Evo Morales a una ilegal re-reelecci\u00f3n en las elecciones viciadas de 2019. La [&hellip;]\" \/>\n<meta property=\"og:url\" content=\"https:\/\/www.eldiario.net\/portal\/2023\/01\/23\/accion-popular-derivaria-en-juicio-de-responsabilidades-a-exmagistrados\/\" \/>\n<meta property=\"og:site_name\" content=\"El Diario - Bolivia\" \/>\n<meta property=\"article:publisher\" content=\"https:\/\/www.facebook.com\/eldiario.bolivia\/\" \/>\n<meta property=\"article:published_time\" content=\"2023-01-23T10:24:36+00:00\" \/>\n<meta name=\"author\" content=\"Jeanette\" \/>\n<meta name=\"twitter:card\" content=\"summary_large_image\" \/>\n<meta name=\"twitter:creator\" content=\"@eldiario_net\" \/>\n<meta name=\"twitter:site\" content=\"@eldiario_net\" \/>\n<meta name=\"twitter:label1\" content=\"Escrito por\" \/>\n\t<meta name=\"twitter:data1\" content=\"Jeanette\" \/>\n\t<meta name=\"twitter:label2\" content=\"Tiempo de lectura\" \/>\n\t<meta name=\"twitter:data2\" content=\"5 minutos\" \/>\n<script type=\"application\/ld+json\" class=\"yoast-schema-graph\">{\"@context\":\"https:\\\/\\\/schema.org\",\"@graph\":[{\"@type\":\"Article\",\"@id\":\"https:\\\/\\\/www.eldiario.net\\\/portal\\\/2023\\\/01\\\/23\\\/accion-popular-derivaria-en-juicio-de-responsabilidades-a-exmagistrados\\\/#article\",\"isPartOf\":{\"@id\":\"https:\\\/\\\/www.eldiario.net\\\/portal\\\/2023\\\/01\\\/23\\\/accion-popular-derivaria-en-juicio-de-responsabilidades-a-exmagistrados\\\/\"},\"author\":{\"name\":\"Jeanette\",\"@id\":\"https:\\\/\\\/www.eldiario.net\\\/portal\\\/#\\\/schema\\\/person\\\/2c57cf2b7a7ae032e449e4c9b1019eac\"},\"headline\":\"Acci\u00f3n Popular derivar\u00eda en juicio de responsabilidades a exmagistrados\",\"datePublished\":\"2023-01-23T10:24:36+00:00\",\"mainEntityOfPage\":{\"@id\":\"https:\\\/\\\/www.eldiario.net\\\/portal\\\/2023\\\/01\\\/23\\\/accion-popular-derivaria-en-juicio-de-responsabilidades-a-exmagistrados\\\/\"},\"wordCount\":971,\"publisher\":{\"@id\":\"https:\\\/\\\/www.eldiario.net\\\/portal\\\/#organization\"},\"image\":{\"@id\":\"https:\\\/\\\/www.eldiario.net\\\/portal\\\/2023\\\/01\\\/23\\\/accion-popular-derivaria-en-juicio-de-responsabilidades-a-exmagistrados\\\/#primaryimage\"},\"thumbnailUrl\":\"\",\"articleSection\":[\"Sociedad - Seguridad\"],\"inLanguage\":\"es\"},{\"@type\":\"WebPage\",\"@id\":\"https:\\\/\\\/www.eldiario.net\\\/portal\\\/2023\\\/01\\\/23\\\/accion-popular-derivaria-en-juicio-de-responsabilidades-a-exmagistrados\\\/\",\"url\":\"https:\\\/\\\/www.eldiario.net\\\/portal\\\/2023\\\/01\\\/23\\\/accion-popular-derivaria-en-juicio-de-responsabilidades-a-exmagistrados\\\/\",\"name\":\"Acci\u00f3n Popular derivar\u00eda en juicio de responsabilidades a exmagistrados - El Diario - Bolivia\",\"isPartOf\":{\"@id\":\"https:\\\/\\\/www.eldiario.net\\\/portal\\\/#website\"},\"primaryImageOfPage\":{\"@id\":\"https:\\\/\\\/www.eldiario.net\\\/portal\\\/2023\\\/01\\\/23\\\/accion-popular-derivaria-en-juicio-de-responsabilidades-a-exmagistrados\\\/#primaryimage\"},\"image\":{\"@id\":\"https:\\\/\\\/www.eldiario.net\\\/portal\\\/2023\\\/01\\\/23\\\/accion-popular-derivaria-en-juicio-de-responsabilidades-a-exmagistrados\\\/#primaryimage\"},\"thumbnailUrl\":\"\",\"datePublished\":\"2023-01-23T10:24:36+00:00\",\"breadcrumb\":{\"@id\":\"https:\\\/\\\/www.eldiario.net\\\/portal\\\/2023\\\/01\\\/23\\\/accion-popular-derivaria-en-juicio-de-responsabilidades-a-exmagistrados\\\/#breadcrumb\"},\"inLanguage\":\"es\",\"potentialAction\":[{\"@type\":\"ReadAction\",\"target\":[\"https:\\\/\\\/www.eldiario.net\\\/portal\\\/2023\\\/01\\\/23\\\/accion-popular-derivaria-en-juicio-de-responsabilidades-a-exmagistrados\\\/\"]}]},{\"@type\":\"ImageObject\",\"inLanguage\":\"es\",\"@id\":\"https:\\\/\\\/www.eldiario.net\\\/portal\\\/2023\\\/01\\\/23\\\/accion-popular-derivaria-en-juicio-de-responsabilidades-a-exmagistrados\\\/#primaryimage\",\"url\":\"\",\"contentUrl\":\"\"},{\"@type\":\"BreadcrumbList\",\"@id\":\"https:\\\/\\\/www.eldiario.net\\\/portal\\\/2023\\\/01\\\/23\\\/accion-popular-derivaria-en-juicio-de-responsabilidades-a-exmagistrados\\\/#breadcrumb\",\"itemListElement\":[{\"@type\":\"ListItem\",\"position\":1,\"name\":\"Portada\",\"item\":\"https:\\\/\\\/www.eldiario.net\\\/portal\\\/\"},{\"@type\":\"ListItem\",\"position\":2,\"name\":\"Acci\u00f3n Popular derivar\u00eda en juicio de responsabilidades a exmagistrados\"}]},{\"@type\":\"WebSite\",\"@id\":\"https:\\\/\\\/www.eldiario.net\\\/portal\\\/#website\",\"url\":\"https:\\\/\\\/www.eldiario.net\\\/portal\\\/\",\"name\":\"El Diario - Decano de la prensa nacional\",\"description\":\"El Diario - Decano de la prensa nacional\",\"publisher\":{\"@id\":\"https:\\\/\\\/www.eldiario.net\\\/portal\\\/#organization\"},\"potentialAction\":[{\"@type\":\"SearchAction\",\"target\":{\"@type\":\"EntryPoint\",\"urlTemplate\":\"https:\\\/\\\/www.eldiario.net\\\/portal\\\/?s={search_term_string}\"},\"query-input\":{\"@type\":\"PropertyValueSpecification\",\"valueRequired\":true,\"valueName\":\"search_term_string\"}}],\"inLanguage\":\"es\"},{\"@type\":\"Organization\",\"@id\":\"https:\\\/\\\/www.eldiario.net\\\/portal\\\/#organization\",\"name\":\"El Diario - Decano de la prensa nacional\",\"url\":\"https:\\\/\\\/www.eldiario.net\\\/portal\\\/\",\"logo\":{\"@type\":\"ImageObject\",\"inLanguage\":\"es\",\"@id\":\"https:\\\/\\\/www.eldiario.net\\\/portal\\\/#\\\/schema\\\/logo\\\/image\\\/\",\"url\":\"https:\\\/\\\/www.eldiario.net\\\/portal\\\/wp-content\\\/uploads\\\/2023\\\/07\\\/logo_ED.jpg\",\"contentUrl\":\"https:\\\/\\\/www.eldiario.net\\\/portal\\\/wp-content\\\/uploads\\\/2023\\\/07\\\/logo_ED.jpg\",\"width\":272,\"height\":52,\"caption\":\"El Diario - Decano de la prensa nacional\"},\"image\":{\"@id\":\"https:\\\/\\\/www.eldiario.net\\\/portal\\\/#\\\/schema\\\/logo\\\/image\\\/\"},\"sameAs\":[\"https:\\\/\\\/www.facebook.com\\\/eldiario.bolivia\\\/\",\"https:\\\/\\\/x.com\\\/eldiario_net\"]},{\"@type\":\"Person\",\"@id\":\"https:\\\/\\\/www.eldiario.net\\\/portal\\\/#\\\/schema\\\/person\\\/2c57cf2b7a7ae032e449e4c9b1019eac\",\"name\":\"Jeanette\",\"image\":{\"@type\":\"ImageObject\",\"inLanguage\":\"es\",\"@id\":\"https:\\\/\\\/secure.gravatar.com\\\/avatar\\\/3ea2118a5f7dad2b7138b1187a6b7ee55f160b9968b66013c3a3ef39dd7e5798?s=96&d=mm&r=g\",\"url\":\"https:\\\/\\\/secure.gravatar.com\\\/avatar\\\/3ea2118a5f7dad2b7138b1187a6b7ee55f160b9968b66013c3a3ef39dd7e5798?s=96&d=mm&r=g\",\"contentUrl\":\"https:\\\/\\\/secure.gravatar.com\\\/avatar\\\/3ea2118a5f7dad2b7138b1187a6b7ee55f160b9968b66013c3a3ef39dd7e5798?s=96&d=mm&r=g\",\"caption\":\"Jeanette\"},\"sameAs\":[\"https:\\\/\\\/www.eldiario.net\\\/portal\"],\"url\":\"https:\\\/\\\/www.eldiario.net\\\/portal\\\/author\\\/jeanette\\\/\"}]}<\/script>\n<!-- \/ Yoast SEO plugin. -->","yoast_head_json":{"title":"Acci\u00f3n Popular derivar\u00eda en juicio de responsabilidades a exmagistrados - El Diario - Bolivia","robots":{"index":"index","follow":"follow","max-snippet":"max-snippet:-1","max-image-preview":"max-image-preview:large","max-video-preview":"max-video-preview:-1"},"canonical":"https:\/\/www.eldiario.net\/portal\/2023\/01\/23\/accion-popular-derivaria-en-juicio-de-responsabilidades-a-exmagistrados\/","og_locale":"es_ES","og_type":"article","og_title":"Acci\u00f3n Popular derivar\u00eda en juicio de responsabilidades a exmagistrados - El Diario - Bolivia","og_description":"Este martes 24 de enero, en Sucre, a trav\u00e9s de una audiencia de Acci\u00f3n Popular, se definir\u00e1 el destino de la Sentencia Constitucional 084\/2017 que fue la interpretaci\u00f3n que hizo el Tribunal Constitucional Plurinacional (TCP) de entonces para habilitar la repostulaci\u00f3n de Evo Morales a una ilegal re-reelecci\u00f3n en las elecciones viciadas de 2019. La [&hellip;]","og_url":"https:\/\/www.eldiario.net\/portal\/2023\/01\/23\/accion-popular-derivaria-en-juicio-de-responsabilidades-a-exmagistrados\/","og_site_name":"El Diario - Bolivia","article_publisher":"https:\/\/www.facebook.com\/eldiario.bolivia\/","article_published_time":"2023-01-23T10:24:36+00:00","author":"Jeanette","twitter_card":"summary_large_image","twitter_creator":"@eldiario_net","twitter_site":"@eldiario_net","twitter_misc":{"Escrito por":"Jeanette","Tiempo de lectura":"5 minutos"},"schema":{"@context":"https:\/\/schema.org","@graph":[{"@type":"Article","@id":"https:\/\/www.eldiario.net\/portal\/2023\/01\/23\/accion-popular-derivaria-en-juicio-de-responsabilidades-a-exmagistrados\/#article","isPartOf":{"@id":"https:\/\/www.eldiario.net\/portal\/2023\/01\/23\/accion-popular-derivaria-en-juicio-de-responsabilidades-a-exmagistrados\/"},"author":{"name":"Jeanette","@id":"https:\/\/www.eldiario.net\/portal\/#\/schema\/person\/2c57cf2b7a7ae032e449e4c9b1019eac"},"headline":"Acci\u00f3n Popular derivar\u00eda en juicio de responsabilidades a exmagistrados","datePublished":"2023-01-23T10:24:36+00:00","mainEntityOfPage":{"@id":"https:\/\/www.eldiario.net\/portal\/2023\/01\/23\/accion-popular-derivaria-en-juicio-de-responsabilidades-a-exmagistrados\/"},"wordCount":971,"publisher":{"@id":"https:\/\/www.eldiario.net\/portal\/#organization"},"image":{"@id":"https:\/\/www.eldiario.net\/portal\/2023\/01\/23\/accion-popular-derivaria-en-juicio-de-responsabilidades-a-exmagistrados\/#primaryimage"},"thumbnailUrl":"","articleSection":["Sociedad - Seguridad"],"inLanguage":"es"},{"@type":"WebPage","@id":"https:\/\/www.eldiario.net\/portal\/2023\/01\/23\/accion-popular-derivaria-en-juicio-de-responsabilidades-a-exmagistrados\/","url":"https:\/\/www.eldiario.net\/portal\/2023\/01\/23\/accion-popular-derivaria-en-juicio-de-responsabilidades-a-exmagistrados\/","name":"Acci\u00f3n Popular derivar\u00eda en juicio de responsabilidades a exmagistrados - El Diario - Bolivia","isPartOf":{"@id":"https:\/\/www.eldiario.net\/portal\/#website"},"primaryImageOfPage":{"@id":"https:\/\/www.eldiario.net\/portal\/2023\/01\/23\/accion-popular-derivaria-en-juicio-de-responsabilidades-a-exmagistrados\/#primaryimage"},"image":{"@id":"https:\/\/www.eldiario.net\/portal\/2023\/01\/23\/accion-popular-derivaria-en-juicio-de-responsabilidades-a-exmagistrados\/#primaryimage"},"thumbnailUrl":"","datePublished":"2023-01-23T10:24:36+00:00","breadcrumb":{"@id":"https:\/\/www.eldiario.net\/portal\/2023\/01\/23\/accion-popular-derivaria-en-juicio-de-responsabilidades-a-exmagistrados\/#breadcrumb"},"inLanguage":"es","potentialAction":[{"@type":"ReadAction","target":["https:\/\/www.eldiario.net\/portal\/2023\/01\/23\/accion-popular-derivaria-en-juicio-de-responsabilidades-a-exmagistrados\/"]}]},{"@type":"ImageObject","inLanguage":"es","@id":"https:\/\/www.eldiario.net\/portal\/2023\/01\/23\/accion-popular-derivaria-en-juicio-de-responsabilidades-a-exmagistrados\/#primaryimage","url":"","contentUrl":""},{"@type":"BreadcrumbList","@id":"https:\/\/www.eldiario.net\/portal\/2023\/01\/23\/accion-popular-derivaria-en-juicio-de-responsabilidades-a-exmagistrados\/#breadcrumb","itemListElement":[{"@type":"ListItem","position":1,"name":"Portada","item":"https:\/\/www.eldiario.net\/portal\/"},{"@type":"ListItem","position":2,"name":"Acci\u00f3n Popular derivar\u00eda en juicio de responsabilidades a exmagistrados"}]},{"@type":"WebSite","@id":"https:\/\/www.eldiario.net\/portal\/#website","url":"https:\/\/www.eldiario.net\/portal\/","name":"El Diario - Decano de la prensa nacional","description":"El Diario - Decano de la prensa nacional","publisher":{"@id":"https:\/\/www.eldiario.net\/portal\/#organization"},"potentialAction":[{"@type":"SearchAction","target":{"@type":"EntryPoint","urlTemplate":"https:\/\/www.eldiario.net\/portal\/?s={search_term_string}"},"query-input":{"@type":"PropertyValueSpecification","valueRequired":true,"valueName":"search_term_string"}}],"inLanguage":"es"},{"@type":"Organization","@id":"https:\/\/www.eldiario.net\/portal\/#organization","name":"El Diario - Decano de la prensa nacional","url":"https:\/\/www.eldiario.net\/portal\/","logo":{"@type":"ImageObject","inLanguage":"es","@id":"https:\/\/www.eldiario.net\/portal\/#\/schema\/logo\/image\/","url":"https:\/\/www.eldiario.net\/portal\/wp-content\/uploads\/2023\/07\/logo_ED.jpg","contentUrl":"https:\/\/www.eldiario.net\/portal\/wp-content\/uploads\/2023\/07\/logo_ED.jpg","width":272,"height":52,"caption":"El Diario - Decano de la prensa nacional"},"image":{"@id":"https:\/\/www.eldiario.net\/portal\/#\/schema\/logo\/image\/"},"sameAs":["https:\/\/www.facebook.com\/eldiario.bolivia\/","https:\/\/x.com\/eldiario_net"]},{"@type":"Person","@id":"https:\/\/www.eldiario.net\/portal\/#\/schema\/person\/2c57cf2b7a7ae032e449e4c9b1019eac","name":"Jeanette","image":{"@type":"ImageObject","inLanguage":"es","@id":"https:\/\/secure.gravatar.com\/avatar\/3ea2118a5f7dad2b7138b1187a6b7ee55f160b9968b66013c3a3ef39dd7e5798?s=96&d=mm&r=g","url":"https:\/\/secure.gravatar.com\/avatar\/3ea2118a5f7dad2b7138b1187a6b7ee55f160b9968b66013c3a3ef39dd7e5798?s=96&d=mm&r=g","contentUrl":"https:\/\/secure.gravatar.com\/avatar\/3ea2118a5f7dad2b7138b1187a6b7ee55f160b9968b66013c3a3ef39dd7e5798?s=96&d=mm&r=g","caption":"Jeanette"},"sameAs":["https:\/\/www.eldiario.net\/portal"],"url":"https:\/\/www.eldiario.net\/portal\/author\/jeanette\/"}]}},"_links":{"self":[{"href":"https:\/\/www.eldiario.net\/portal\/wp-json\/wp\/v2\/posts\/134380","targetHints":{"allow":["GET"]}}],"collection":[{"href":"https:\/\/www.eldiario.net\/portal\/wp-json\/wp\/v2\/posts"}],"about":[{"href":"https:\/\/www.eldiario.net\/portal\/wp-json\/wp\/v2\/types\/post"}],"author":[{"embeddable":true,"href":"https:\/\/www.eldiario.net\/portal\/wp-json\/wp\/v2\/users\/1"}],"replies":[{"embeddable":true,"href":"https:\/\/www.eldiario.net\/portal\/wp-json\/wp\/v2\/comments?post=134380"}],"version-history":[{"count":0,"href":"https:\/\/www.eldiario.net\/portal\/wp-json\/wp\/v2\/posts\/134380\/revisions"}],"wp:attachment":[{"href":"https:\/\/www.eldiario.net\/portal\/wp-json\/wp\/v2\/media?parent=134380"}],"wp:term":[{"taxonomy":"category","embeddable":true,"href":"https:\/\/www.eldiario.net\/portal\/wp-json\/wp\/v2\/categories?post=134380"},{"taxonomy":"post_tag","embeddable":true,"href":"https:\/\/www.eldiario.net\/portal\/wp-json\/wp\/v2\/tags?post=134380"}],"curies":[{"name":"wp","href":"https:\/\/api.w.org\/{rel}","templated":true}]}}