{"id":134377,"date":"2023-01-23T06:23:02","date_gmt":"2023-01-23T10:23:02","guid":{"rendered":"https:\/\/www.eldiario.net\/portal\/?p=134377"},"modified":"2023-01-23T06:23:02","modified_gmt":"2023-01-23T10:23:02","slug":"a-prision-sujeto-que-intento-estrangular-a-una-mujer","status":"publish","type":"post","link":"https:\/\/www.eldiario.net\/portal\/2023\/01\/23\/a-prision-sujeto-que-intento-estrangular-a-una-mujer\/","title":{"rendered":"A prisi\u00f3n sujeto  que intent\u00f3  estrangular a  una mujer"},"content":{"rendered":"<p>El Juzgado de Sentencia de Coroico, dict\u00f3 20 a\u00f1os de c\u00e1rcel para Iv\u00e1n Y. F., de 25 a\u00f1os de edad, acusado por el delito de feminicidio en grado de tentativa, cometido en contra de Rita F. Z. Z. de 33 a\u00f1os, a quien intent\u00f3 estrangular, inform\u00f3 ayer el fiscal departamental de La Paz, William Alave.<br \/>\n\u201cPara lograr la sentencia en contra de este sujeto que intent\u00f3 matar a la v\u00edctima, el Ministerio P\u00fablico present\u00f3 las pruebas que se colectaron durante la investigaci\u00f3n como el informe psicol\u00f3gico de la afectada, muestrario fotogr\u00e1fico, registro del lugar del hecho, declaraciones testificales de los familiares que salvaron la vida de Rita, entre otras pruebas que fueron valoradas por juez que determin\u00f3 la sentencia\u201d, explic\u00f3 Alave.<br \/>\nEl fiscal de Coroico, Reynaldo Chambi, precis\u00f3 que el hecho ocurri\u00f3 a las 2.00 horas, aproximadamente, del 14 de agosto de 2022, en ese municipio. Cuando la joven regresaba de una fiesta patronal en la comunidad de Toca\u00f1a de los Yungas, el sujeto la intercept\u00f3 a unos metros de su casa y la empuj\u00f3 a los matorrales donde intent\u00f3 agredirla sexualmente; sin embargo, la v\u00edctima puso resistencia, se defendi\u00f3 y pidi\u00f3 auxilio, por ello, el agresor intent\u00f3 matarla golpe\u00e1ndole con una piedra en la cabeza y ante la intensidad de los gritos, tambi\u00e9n trat\u00f3 de estrangularla.<br \/>\n\u201cAl escuchar los gritos, la hermana mayor de Rita, sali\u00f3 de la casa y redujeron al sujeto, luego salieron los dem\u00e1s hermanos y lo trasladan hasta la plaza de Toca\u00f1a y lo entregan a las autoridades originarias, quienes lo retuvieron en un ba\u00f1o del cual trat\u00f3 de escapar\u201d, manifest\u00f3 el fiscal Chambi.<br \/>\nPosteriormente, el hombre fue trasladado al Fuerza Especial de Lucha Contra la Violencia (Felcv) de Coroico y puesto a disposici\u00f3n del fiscal.<br \/>\nLa valoraci\u00f3n m\u00e9dica, realizada por el Instituto de Investigaciones Forenses (IDIF), determin\u00f3 seis d\u00edas de incapacidad m\u00e9dico legal de la v\u00edctima.<br \/>\nLa gesti\u00f3n 2022 cerr\u00f3 con 94 feminicidios a nivel nacional. La mayor incidencia de estos hechos se registr\u00f3 en el departamento de La Paz con 37 casos, seguido de Santa Cruz con 22, Cochabamba 12, Potos\u00ed ocho, Tarija siete, Beni tres, Oruro tres, Chuquisaca dos, destac\u00e1ndose que en Pando no se report\u00f3 ning\u00fan caso.<\/p>\n","protected":false},"excerpt":{"rendered":"<p>El Juzgado de Sentencia de Coroico, dict\u00f3 20 a\u00f1os de c\u00e1rcel para Iv\u00e1n Y. F., de 25 a\u00f1os de edad, acusado por el delito de feminicidio en grado de tentativa, cometido en contra de Rita F. Z. Z. de 33 a\u00f1os, a quien intent\u00f3 estrangular, inform\u00f3 ayer el fiscal departamental de La Paz, William Alave. [&hellip;]<\/p>\n","protected":false},"author":1,"featured_media":134378,"comment_status":"closed","ping_status":"closed","sticky":false,"template":"","format":"standard","meta":{"_acf_changed":false,"footnotes":""},"categories":[39],"tags":[],"class_list":["post-134377","post","type-post","status-publish","format-standard","has-post-thumbnail","category-sociedad"],"acf":{"antetitulo":""},"yoast_head":"<!-- This site is optimized with the Yoast SEO plugin v28.4 - https:\/\/yoast.com\/product\/yoast-seo-wordpress\/ -->\n<title>A prisi\u00f3n sujeto que intent\u00f3 estrangular a una mujer - El Diario - Bolivia<\/title>\n<meta name=\"robots\" content=\"index, follow, max-snippet:-1, max-image-preview:large, max-video-preview:-1\" \/>\n<link rel=\"canonical\" href=\"https:\/\/www.eldiario.net\/portal\/2023\/01\/23\/a-prision-sujeto-que-intento-estrangular-a-una-mujer\/\" \/>\n<meta property=\"og:locale\" content=\"es_ES\" \/>\n<meta property=\"og:type\" content=\"article\" \/>\n<meta property=\"og:title\" content=\"A prisi\u00f3n sujeto que intent\u00f3 estrangular a una mujer - El Diario - Bolivia\" \/>\n<meta property=\"og:description\" content=\"El Juzgado de Sentencia de Coroico, dict\u00f3 20 a\u00f1os de c\u00e1rcel para Iv\u00e1n Y. F., de 25 a\u00f1os de edad, acusado por el delito de feminicidio en grado de tentativa, cometido en contra de Rita F. Z. Z. de 33 a\u00f1os, a quien intent\u00f3 estrangular, inform\u00f3 ayer el fiscal departamental de La Paz, William Alave. [&hellip;]\" \/>\n<meta property=\"og:url\" content=\"https:\/\/www.eldiario.net\/portal\/2023\/01\/23\/a-prision-sujeto-que-intento-estrangular-a-una-mujer\/\" \/>\n<meta property=\"og:site_name\" content=\"El Diario - Bolivia\" \/>\n<meta property=\"article:publisher\" content=\"https:\/\/www.facebook.com\/eldiario.bolivia\/\" \/>\n<meta property=\"article:published_time\" content=\"2023-01-23T10:23:02+00:00\" \/>\n<meta name=\"author\" content=\"Jeanette\" \/>\n<meta name=\"twitter:card\" content=\"summary_large_image\" \/>\n<meta name=\"twitter:creator\" content=\"@eldiario_net\" \/>\n<meta name=\"twitter:site\" content=\"@eldiario_net\" \/>\n<meta name=\"twitter:label1\" content=\"Escrito por\" \/>\n\t<meta name=\"twitter:data1\" content=\"Jeanette\" \/>\n\t<meta name=\"twitter:label2\" content=\"Tiempo de lectura\" \/>\n\t<meta name=\"twitter:data2\" content=\"2 minutos\" \/>\n<script type=\"application\/ld+json\" class=\"yoast-schema-graph\">{\"@context\":\"https:\\\/\\\/schema.org\",\"@graph\":[{\"@type\":\"Article\",\"@id\":\"https:\\\/\\\/www.eldiario.net\\\/portal\\\/2023\\\/01\\\/23\\\/a-prision-sujeto-que-intento-estrangular-a-una-mujer\\\/#article\",\"isPartOf\":{\"@id\":\"https:\\\/\\\/www.eldiario.net\\\/portal\\\/2023\\\/01\\\/23\\\/a-prision-sujeto-que-intento-estrangular-a-una-mujer\\\/\"},\"author\":{\"name\":\"Jeanette\",\"@id\":\"https:\\\/\\\/www.eldiario.net\\\/portal\\\/#\\\/schema\\\/person\\\/2c57cf2b7a7ae032e449e4c9b1019eac\"},\"headline\":\"A prisi\u00f3n sujeto que intent\u00f3 estrangular a una mujer\",\"datePublished\":\"2023-01-23T10:23:02+00:00\",\"mainEntityOfPage\":{\"@id\":\"https:\\\/\\\/www.eldiario.net\\\/portal\\\/2023\\\/01\\\/23\\\/a-prision-sujeto-que-intento-estrangular-a-una-mujer\\\/\"},\"wordCount\":391,\"publisher\":{\"@id\":\"https:\\\/\\\/www.eldiario.net\\\/portal\\\/#organization\"},\"image\":{\"@id\":\"https:\\\/\\\/www.eldiario.net\\\/portal\\\/2023\\\/01\\\/23\\\/a-prision-sujeto-que-intento-estrangular-a-una-mujer\\\/#primaryimage\"},\"thumbnailUrl\":\"\",\"articleSection\":[\"Sociedad - Seguridad\"],\"inLanguage\":\"es\"},{\"@type\":\"WebPage\",\"@id\":\"https:\\\/\\\/www.eldiario.net\\\/portal\\\/2023\\\/01\\\/23\\\/a-prision-sujeto-que-intento-estrangular-a-una-mujer\\\/\",\"url\":\"https:\\\/\\\/www.eldiario.net\\\/portal\\\/2023\\\/01\\\/23\\\/a-prision-sujeto-que-intento-estrangular-a-una-mujer\\\/\",\"name\":\"A prisi\u00f3n sujeto que intent\u00f3 estrangular a una mujer - El Diario - Bolivia\",\"isPartOf\":{\"@id\":\"https:\\\/\\\/www.eldiario.net\\\/portal\\\/#website\"},\"primaryImageOfPage\":{\"@id\":\"https:\\\/\\\/www.eldiario.net\\\/portal\\\/2023\\\/01\\\/23\\\/a-prision-sujeto-que-intento-estrangular-a-una-mujer\\\/#primaryimage\"},\"image\":{\"@id\":\"https:\\\/\\\/www.eldiario.net\\\/portal\\\/2023\\\/01\\\/23\\\/a-prision-sujeto-que-intento-estrangular-a-una-mujer\\\/#primaryimage\"},\"thumbnailUrl\":\"\",\"datePublished\":\"2023-01-23T10:23:02+00:00\",\"breadcrumb\":{\"@id\":\"https:\\\/\\\/www.eldiario.net\\\/portal\\\/2023\\\/01\\\/23\\\/a-prision-sujeto-que-intento-estrangular-a-una-mujer\\\/#breadcrumb\"},\"inLanguage\":\"es\",\"potentialAction\":[{\"@type\":\"ReadAction\",\"target\":[\"https:\\\/\\\/www.eldiario.net\\\/portal\\\/2023\\\/01\\\/23\\\/a-prision-sujeto-que-intento-estrangular-a-una-mujer\\\/\"]}]},{\"@type\":\"ImageObject\",\"inLanguage\":\"es\",\"@id\":\"https:\\\/\\\/www.eldiario.net\\\/portal\\\/2023\\\/01\\\/23\\\/a-prision-sujeto-que-intento-estrangular-a-una-mujer\\\/#primaryimage\",\"url\":\"\",\"contentUrl\":\"\"},{\"@type\":\"BreadcrumbList\",\"@id\":\"https:\\\/\\\/www.eldiario.net\\\/portal\\\/2023\\\/01\\\/23\\\/a-prision-sujeto-que-intento-estrangular-a-una-mujer\\\/#breadcrumb\",\"itemListElement\":[{\"@type\":\"ListItem\",\"position\":1,\"name\":\"Portada\",\"item\":\"https:\\\/\\\/www.eldiario.net\\\/portal\\\/\"},{\"@type\":\"ListItem\",\"position\":2,\"name\":\"A prisi\u00f3n sujeto que intent\u00f3 estrangular a una mujer\"}]},{\"@type\":\"WebSite\",\"@id\":\"https:\\\/\\\/www.eldiario.net\\\/portal\\\/#website\",\"url\":\"https:\\\/\\\/www.eldiario.net\\\/portal\\\/\",\"name\":\"El Diario - Decano de la prensa nacional\",\"description\":\"El Diario - Decano de la prensa nacional\",\"publisher\":{\"@id\":\"https:\\\/\\\/www.eldiario.net\\\/portal\\\/#organization\"},\"potentialAction\":[{\"@type\":\"SearchAction\",\"target\":{\"@type\":\"EntryPoint\",\"urlTemplate\":\"https:\\\/\\\/www.eldiario.net\\\/portal\\\/?s={search_term_string}\"},\"query-input\":{\"@type\":\"PropertyValueSpecification\",\"valueRequired\":true,\"valueName\":\"search_term_string\"}}],\"inLanguage\":\"es\"},{\"@type\":\"Organization\",\"@id\":\"https:\\\/\\\/www.eldiario.net\\\/portal\\\/#organization\",\"name\":\"El Diario - Decano de la prensa nacional\",\"url\":\"https:\\\/\\\/www.eldiario.net\\\/portal\\\/\",\"logo\":{\"@type\":\"ImageObject\",\"inLanguage\":\"es\",\"@id\":\"https:\\\/\\\/www.eldiario.net\\\/portal\\\/#\\\/schema\\\/logo\\\/image\\\/\",\"url\":\"https:\\\/\\\/www.eldiario.net\\\/portal\\\/wp-content\\\/uploads\\\/2023\\\/07\\\/logo_ED.jpg\",\"contentUrl\":\"https:\\\/\\\/www.eldiario.net\\\/portal\\\/wp-content\\\/uploads\\\/2023\\\/07\\\/logo_ED.jpg\",\"width\":272,\"height\":52,\"caption\":\"El Diario - Decano de la prensa nacional\"},\"image\":{\"@id\":\"https:\\\/\\\/www.eldiario.net\\\/portal\\\/#\\\/schema\\\/logo\\\/image\\\/\"},\"sameAs\":[\"https:\\\/\\\/www.facebook.com\\\/eldiario.bolivia\\\/\",\"https:\\\/\\\/x.com\\\/eldiario_net\"]},{\"@type\":\"Person\",\"@id\":\"https:\\\/\\\/www.eldiario.net\\\/portal\\\/#\\\/schema\\\/person\\\/2c57cf2b7a7ae032e449e4c9b1019eac\",\"name\":\"Jeanette\",\"image\":{\"@type\":\"ImageObject\",\"inLanguage\":\"es\",\"@id\":\"https:\\\/\\\/secure.gravatar.com\\\/avatar\\\/3ea2118a5f7dad2b7138b1187a6b7ee55f160b9968b66013c3a3ef39dd7e5798?s=96&d=mm&r=g\",\"url\":\"https:\\\/\\\/secure.gravatar.com\\\/avatar\\\/3ea2118a5f7dad2b7138b1187a6b7ee55f160b9968b66013c3a3ef39dd7e5798?s=96&d=mm&r=g\",\"contentUrl\":\"https:\\\/\\\/secure.gravatar.com\\\/avatar\\\/3ea2118a5f7dad2b7138b1187a6b7ee55f160b9968b66013c3a3ef39dd7e5798?s=96&d=mm&r=g\",\"caption\":\"Jeanette\"},\"sameAs\":[\"https:\\\/\\\/www.eldiario.net\\\/portal\"],\"url\":\"https:\\\/\\\/www.eldiario.net\\\/portal\\\/author\\\/jeanette\\\/\"}]}<\/script>\n<!-- \/ Yoast SEO plugin. -->","yoast_head_json":{"title":"A prisi\u00f3n sujeto que intent\u00f3 estrangular a una mujer - El Diario - Bolivia","robots":{"index":"index","follow":"follow","max-snippet":"max-snippet:-1","max-image-preview":"max-image-preview:large","max-video-preview":"max-video-preview:-1"},"canonical":"https:\/\/www.eldiario.net\/portal\/2023\/01\/23\/a-prision-sujeto-que-intento-estrangular-a-una-mujer\/","og_locale":"es_ES","og_type":"article","og_title":"A prisi\u00f3n sujeto que intent\u00f3 estrangular a una mujer - El Diario - Bolivia","og_description":"El Juzgado de Sentencia de Coroico, dict\u00f3 20 a\u00f1os de c\u00e1rcel para Iv\u00e1n Y. F., de 25 a\u00f1os de edad, acusado por el delito de feminicidio en grado de tentativa, cometido en contra de Rita F. Z. Z. de 33 a\u00f1os, a quien intent\u00f3 estrangular, inform\u00f3 ayer el fiscal departamental de La Paz, William Alave. [&hellip;]","og_url":"https:\/\/www.eldiario.net\/portal\/2023\/01\/23\/a-prision-sujeto-que-intento-estrangular-a-una-mujer\/","og_site_name":"El Diario - Bolivia","article_publisher":"https:\/\/www.facebook.com\/eldiario.bolivia\/","article_published_time":"2023-01-23T10:23:02+00:00","author":"Jeanette","twitter_card":"summary_large_image","twitter_creator":"@eldiario_net","twitter_site":"@eldiario_net","twitter_misc":{"Escrito por":"Jeanette","Tiempo de lectura":"2 minutos"},"schema":{"@context":"https:\/\/schema.org","@graph":[{"@type":"Article","@id":"https:\/\/www.eldiario.net\/portal\/2023\/01\/23\/a-prision-sujeto-que-intento-estrangular-a-una-mujer\/#article","isPartOf":{"@id":"https:\/\/www.eldiario.net\/portal\/2023\/01\/23\/a-prision-sujeto-que-intento-estrangular-a-una-mujer\/"},"author":{"name":"Jeanette","@id":"https:\/\/www.eldiario.net\/portal\/#\/schema\/person\/2c57cf2b7a7ae032e449e4c9b1019eac"},"headline":"A prisi\u00f3n sujeto que intent\u00f3 estrangular a una mujer","datePublished":"2023-01-23T10:23:02+00:00","mainEntityOfPage":{"@id":"https:\/\/www.eldiario.net\/portal\/2023\/01\/23\/a-prision-sujeto-que-intento-estrangular-a-una-mujer\/"},"wordCount":391,"publisher":{"@id":"https:\/\/www.eldiario.net\/portal\/#organization"},"image":{"@id":"https:\/\/www.eldiario.net\/portal\/2023\/01\/23\/a-prision-sujeto-que-intento-estrangular-a-una-mujer\/#primaryimage"},"thumbnailUrl":"","articleSection":["Sociedad - Seguridad"],"inLanguage":"es"},{"@type":"WebPage","@id":"https:\/\/www.eldiario.net\/portal\/2023\/01\/23\/a-prision-sujeto-que-intento-estrangular-a-una-mujer\/","url":"https:\/\/www.eldiario.net\/portal\/2023\/01\/23\/a-prision-sujeto-que-intento-estrangular-a-una-mujer\/","name":"A prisi\u00f3n sujeto que intent\u00f3 estrangular a una mujer - El Diario - Bolivia","isPartOf":{"@id":"https:\/\/www.eldiario.net\/portal\/#website"},"primaryImageOfPage":{"@id":"https:\/\/www.eldiario.net\/portal\/2023\/01\/23\/a-prision-sujeto-que-intento-estrangular-a-una-mujer\/#primaryimage"},"image":{"@id":"https:\/\/www.eldiario.net\/portal\/2023\/01\/23\/a-prision-sujeto-que-intento-estrangular-a-una-mujer\/#primaryimage"},"thumbnailUrl":"","datePublished":"2023-01-23T10:23:02+00:00","breadcrumb":{"@id":"https:\/\/www.eldiario.net\/portal\/2023\/01\/23\/a-prision-sujeto-que-intento-estrangular-a-una-mujer\/#breadcrumb"},"inLanguage":"es","potentialAction":[{"@type":"ReadAction","target":["https:\/\/www.eldiario.net\/portal\/2023\/01\/23\/a-prision-sujeto-que-intento-estrangular-a-una-mujer\/"]}]},{"@type":"ImageObject","inLanguage":"es","@id":"https:\/\/www.eldiario.net\/portal\/2023\/01\/23\/a-prision-sujeto-que-intento-estrangular-a-una-mujer\/#primaryimage","url":"","contentUrl":""},{"@type":"BreadcrumbList","@id":"https:\/\/www.eldiario.net\/portal\/2023\/01\/23\/a-prision-sujeto-que-intento-estrangular-a-una-mujer\/#breadcrumb","itemListElement":[{"@type":"ListItem","position":1,"name":"Portada","item":"https:\/\/www.eldiario.net\/portal\/"},{"@type":"ListItem","position":2,"name":"A prisi\u00f3n sujeto que intent\u00f3 estrangular a una mujer"}]},{"@type":"WebSite","@id":"https:\/\/www.eldiario.net\/portal\/#website","url":"https:\/\/www.eldiario.net\/portal\/","name":"El Diario - Decano de la prensa nacional","description":"El Diario - Decano de la prensa nacional","publisher":{"@id":"https:\/\/www.eldiario.net\/portal\/#organization"},"potentialAction":[{"@type":"SearchAction","target":{"@type":"EntryPoint","urlTemplate":"https:\/\/www.eldiario.net\/portal\/?s={search_term_string}"},"query-input":{"@type":"PropertyValueSpecification","valueRequired":true,"valueName":"search_term_string"}}],"inLanguage":"es"},{"@type":"Organization","@id":"https:\/\/www.eldiario.net\/portal\/#organization","name":"El Diario - Decano de la prensa nacional","url":"https:\/\/www.eldiario.net\/portal\/","logo":{"@type":"ImageObject","inLanguage":"es","@id":"https:\/\/www.eldiario.net\/portal\/#\/schema\/logo\/image\/","url":"https:\/\/www.eldiario.net\/portal\/wp-content\/uploads\/2023\/07\/logo_ED.jpg","contentUrl":"https:\/\/www.eldiario.net\/portal\/wp-content\/uploads\/2023\/07\/logo_ED.jpg","width":272,"height":52,"caption":"El Diario - Decano de la prensa nacional"},"image":{"@id":"https:\/\/www.eldiario.net\/portal\/#\/schema\/logo\/image\/"},"sameAs":["https:\/\/www.facebook.com\/eldiario.bolivia\/","https:\/\/x.com\/eldiario_net"]},{"@type":"Person","@id":"https:\/\/www.eldiario.net\/portal\/#\/schema\/person\/2c57cf2b7a7ae032e449e4c9b1019eac","name":"Jeanette","image":{"@type":"ImageObject","inLanguage":"es","@id":"https:\/\/secure.gravatar.com\/avatar\/3ea2118a5f7dad2b7138b1187a6b7ee55f160b9968b66013c3a3ef39dd7e5798?s=96&d=mm&r=g","url":"https:\/\/secure.gravatar.com\/avatar\/3ea2118a5f7dad2b7138b1187a6b7ee55f160b9968b66013c3a3ef39dd7e5798?s=96&d=mm&r=g","contentUrl":"https:\/\/secure.gravatar.com\/avatar\/3ea2118a5f7dad2b7138b1187a6b7ee55f160b9968b66013c3a3ef39dd7e5798?s=96&d=mm&r=g","caption":"Jeanette"},"sameAs":["https:\/\/www.eldiario.net\/portal"],"url":"https:\/\/www.eldiario.net\/portal\/author\/jeanette\/"}]}},"_links":{"self":[{"href":"https:\/\/www.eldiario.net\/portal\/wp-json\/wp\/v2\/posts\/134377","targetHints":{"allow":["GET"]}}],"collection":[{"href":"https:\/\/www.eldiario.net\/portal\/wp-json\/wp\/v2\/posts"}],"about":[{"href":"https:\/\/www.eldiario.net\/portal\/wp-json\/wp\/v2\/types\/post"}],"author":[{"embeddable":true,"href":"https:\/\/www.eldiario.net\/portal\/wp-json\/wp\/v2\/users\/1"}],"replies":[{"embeddable":true,"href":"https:\/\/www.eldiario.net\/portal\/wp-json\/wp\/v2\/comments?post=134377"}],"version-history":[{"count":0,"href":"https:\/\/www.eldiario.net\/portal\/wp-json\/wp\/v2\/posts\/134377\/revisions"}],"wp:attachment":[{"href":"https:\/\/www.eldiario.net\/portal\/wp-json\/wp\/v2\/media?parent=134377"}],"wp:term":[{"taxonomy":"category","embeddable":true,"href":"https:\/\/www.eldiario.net\/portal\/wp-json\/wp\/v2\/categories?post=134377"},{"taxonomy":"post_tag","embeddable":true,"href":"https:\/\/www.eldiario.net\/portal\/wp-json\/wp\/v2\/tags?post=134377"}],"curies":[{"name":"wp","href":"https:\/\/api.w.org\/{rel}","templated":true}]}}