{"id":134374,"date":"2023-01-23T06:21:59","date_gmt":"2023-01-23T10:21:59","guid":{"rendered":"https:\/\/www.eldiario.net\/portal\/?p=134374"},"modified":"2023-01-23T06:21:59","modified_gmt":"2023-01-23T10:21:59","slug":"dirigente-unionista-se-defendera-en-libertad","status":"publish","type":"post","link":"https:\/\/www.eldiario.net\/portal\/2023\/01\/23\/dirigente-unionista-se-defendera-en-libertad\/","title":{"rendered":"Dirigente unionista se  defender\u00e1 en libertad"},"content":{"rendered":"<p>Despu\u00e9s de siete horas de audiencia, la jueza cautelar Marianela Salazar determin\u00f3, el s\u00e1bado, medidas sustitutivas para el dirigente de la Uni\u00f3n Juvenil Cruce\u00f1ista (UJC), del plan 3.000 de Santa Cruz de la Sierra, Gary Gonz\u00e1les Borda, quien fue denunciado por el exdirigente de los \u2018ma\u00f1aneros\u2019, Ren\u00e9 Troncoso.<br \/>\n\u201cDespu\u00e9s de siete horas de audiencia, la juez de garant\u00edas valorando de forma imparcial y conforme a la norma dispuso la aplicaci\u00f3n de medidas cautelares menos gravosas que la detenci\u00f3n preventiva\u201d, inform\u00f3 Mart\u00edn Camacho, abogado que patrocina al dirigente unionista.<br \/>\nEl dirigente af\u00edn al Movimiento al Socialismo (MAS) present\u00f3 una denuncia contra Gonz\u00e1les por atentar contra su integridad y otros ocho gremiales, en el enfrentamiento en contra de los asentamientos. Vecinos impidieron en varias oportunidades que los \u201cma\u00f1aneros\u201d ocuparan espacios p\u00fablicos en la feria de Barrio Lindo.<br \/>\nCamacho dijo que los fiscales realizaron una labor negligente en la audiencia, no pudieron demostrar los riesgos procesales para solicitar la detenci\u00f3n preventiva del dirigente unionista. El Ministerio p\u00fablico solicit\u00f3 que sea enviado a la c\u00e1rcel de Palmasola por 180 d\u00edas.<br \/>\n\u201cLa negligente labor del Ministerio P\u00fablico se ha demostrado en la audiencia. La juez tambi\u00e9n dispuso la posibilidad de que siga trabajando, arraigo, garantes y otras para asegurar su presencia en la investigaci\u00f3n\u201d, precis\u00f3.<br \/>\nEn la imputaci\u00f3n, los fiscales piden ampliar los plazos de investigaci\u00f3n para que el Instituto de Investigaciones T\u00e9cnico Cient\u00edficas de la Universidad Policial (Iitcup) realice el desdoblamiento de los videos de las c\u00e1maras de vigilancia.<br \/>\nTras la conclusi\u00f3n de la audiencia, Gonz\u00e1les sali\u00f3 de la Felcc en un motorizado de la Polic\u00eda y no emiti\u00f3 ning\u00fan pronunciamiento. (ANF)<\/p>\n","protected":false},"excerpt":{"rendered":"<p>Despu\u00e9s de siete horas de audiencia, la jueza cautelar Marianela Salazar determin\u00f3, el s\u00e1bado, medidas sustitutivas para el dirigente de la Uni\u00f3n Juvenil Cruce\u00f1ista (UJC), del plan 3.000 de Santa Cruz de la Sierra, Gary Gonz\u00e1les Borda, quien fue denunciado por el exdirigente de los \u2018ma\u00f1aneros\u2019, Ren\u00e9 Troncoso. \u201cDespu\u00e9s de siete horas de audiencia, la [&hellip;]<\/p>\n","protected":false},"author":1,"featured_media":134375,"comment_status":"closed","ping_status":"closed","sticky":false,"template":"","format":"standard","meta":{"_acf_changed":false,"footnotes":""},"categories":[39],"tags":[],"class_list":["post-134374","post","type-post","status-publish","format-standard","has-post-thumbnail","category-sociedad"],"acf":{"antetitulo":""},"yoast_head":"<!-- This site is optimized with the Yoast SEO plugin v28.4 - https:\/\/yoast.com\/product\/yoast-seo-wordpress\/ -->\n<title>Dirigente unionista se defender\u00e1 en libertad - El Diario - Bolivia<\/title>\n<meta name=\"robots\" content=\"index, follow, max-snippet:-1, max-image-preview:large, max-video-preview:-1\" \/>\n<link rel=\"canonical\" href=\"https:\/\/www.eldiario.net\/portal\/2023\/01\/23\/dirigente-unionista-se-defendera-en-libertad\/\" \/>\n<meta property=\"og:locale\" content=\"es_ES\" \/>\n<meta property=\"og:type\" content=\"article\" \/>\n<meta property=\"og:title\" content=\"Dirigente unionista se defender\u00e1 en libertad - El Diario - Bolivia\" \/>\n<meta property=\"og:description\" content=\"Despu\u00e9s de siete horas de audiencia, la jueza cautelar Marianela Salazar determin\u00f3, el s\u00e1bado, medidas sustitutivas para el dirigente de la Uni\u00f3n Juvenil Cruce\u00f1ista (UJC), del plan 3.000 de Santa Cruz de la Sierra, Gary Gonz\u00e1les Borda, quien fue denunciado por el exdirigente de los \u2018ma\u00f1aneros\u2019, Ren\u00e9 Troncoso. \u201cDespu\u00e9s de siete horas de audiencia, la [&hellip;]\" \/>\n<meta property=\"og:url\" content=\"https:\/\/www.eldiario.net\/portal\/2023\/01\/23\/dirigente-unionista-se-defendera-en-libertad\/\" \/>\n<meta property=\"og:site_name\" content=\"El Diario - Bolivia\" \/>\n<meta property=\"article:publisher\" content=\"https:\/\/www.facebook.com\/eldiario.bolivia\/\" \/>\n<meta property=\"article:published_time\" content=\"2023-01-23T10:21:59+00:00\" \/>\n<meta name=\"author\" content=\"Jeanette\" \/>\n<meta name=\"twitter:card\" content=\"summary_large_image\" \/>\n<meta name=\"twitter:creator\" content=\"@eldiario_net\" \/>\n<meta name=\"twitter:site\" content=\"@eldiario_net\" \/>\n<meta name=\"twitter:label1\" content=\"Escrito por\" \/>\n\t<meta name=\"twitter:data1\" content=\"Jeanette\" \/>\n\t<meta name=\"twitter:label2\" content=\"Tiempo de lectura\" \/>\n\t<meta name=\"twitter:data2\" content=\"2 minutos\" \/>\n<script type=\"application\/ld+json\" class=\"yoast-schema-graph\">{\"@context\":\"https:\\\/\\\/schema.org\",\"@graph\":[{\"@type\":\"Article\",\"@id\":\"https:\\\/\\\/www.eldiario.net\\\/portal\\\/2023\\\/01\\\/23\\\/dirigente-unionista-se-defendera-en-libertad\\\/#article\",\"isPartOf\":{\"@id\":\"https:\\\/\\\/www.eldiario.net\\\/portal\\\/2023\\\/01\\\/23\\\/dirigente-unionista-se-defendera-en-libertad\\\/\"},\"author\":{\"name\":\"Jeanette\",\"@id\":\"https:\\\/\\\/www.eldiario.net\\\/portal\\\/#\\\/schema\\\/person\\\/2c57cf2b7a7ae032e449e4c9b1019eac\"},\"headline\":\"Dirigente unionista se defender\u00e1 en libertad\",\"datePublished\":\"2023-01-23T10:21:59+00:00\",\"mainEntityOfPage\":{\"@id\":\"https:\\\/\\\/www.eldiario.net\\\/portal\\\/2023\\\/01\\\/23\\\/dirigente-unionista-se-defendera-en-libertad\\\/\"},\"wordCount\":303,\"publisher\":{\"@id\":\"https:\\\/\\\/www.eldiario.net\\\/portal\\\/#organization\"},\"image\":{\"@id\":\"https:\\\/\\\/www.eldiario.net\\\/portal\\\/2023\\\/01\\\/23\\\/dirigente-unionista-se-defendera-en-libertad\\\/#primaryimage\"},\"thumbnailUrl\":\"\",\"articleSection\":[\"Sociedad - Seguridad\"],\"inLanguage\":\"es\"},{\"@type\":\"WebPage\",\"@id\":\"https:\\\/\\\/www.eldiario.net\\\/portal\\\/2023\\\/01\\\/23\\\/dirigente-unionista-se-defendera-en-libertad\\\/\",\"url\":\"https:\\\/\\\/www.eldiario.net\\\/portal\\\/2023\\\/01\\\/23\\\/dirigente-unionista-se-defendera-en-libertad\\\/\",\"name\":\"Dirigente unionista se defender\u00e1 en libertad - El Diario - Bolivia\",\"isPartOf\":{\"@id\":\"https:\\\/\\\/www.eldiario.net\\\/portal\\\/#website\"},\"primaryImageOfPage\":{\"@id\":\"https:\\\/\\\/www.eldiario.net\\\/portal\\\/2023\\\/01\\\/23\\\/dirigente-unionista-se-defendera-en-libertad\\\/#primaryimage\"},\"image\":{\"@id\":\"https:\\\/\\\/www.eldiario.net\\\/portal\\\/2023\\\/01\\\/23\\\/dirigente-unionista-se-defendera-en-libertad\\\/#primaryimage\"},\"thumbnailUrl\":\"\",\"datePublished\":\"2023-01-23T10:21:59+00:00\",\"breadcrumb\":{\"@id\":\"https:\\\/\\\/www.eldiario.net\\\/portal\\\/2023\\\/01\\\/23\\\/dirigente-unionista-se-defendera-en-libertad\\\/#breadcrumb\"},\"inLanguage\":\"es\",\"potentialAction\":[{\"@type\":\"ReadAction\",\"target\":[\"https:\\\/\\\/www.eldiario.net\\\/portal\\\/2023\\\/01\\\/23\\\/dirigente-unionista-se-defendera-en-libertad\\\/\"]}]},{\"@type\":\"ImageObject\",\"inLanguage\":\"es\",\"@id\":\"https:\\\/\\\/www.eldiario.net\\\/portal\\\/2023\\\/01\\\/23\\\/dirigente-unionista-se-defendera-en-libertad\\\/#primaryimage\",\"url\":\"\",\"contentUrl\":\"\"},{\"@type\":\"BreadcrumbList\",\"@id\":\"https:\\\/\\\/www.eldiario.net\\\/portal\\\/2023\\\/01\\\/23\\\/dirigente-unionista-se-defendera-en-libertad\\\/#breadcrumb\",\"itemListElement\":[{\"@type\":\"ListItem\",\"position\":1,\"name\":\"Portada\",\"item\":\"https:\\\/\\\/www.eldiario.net\\\/portal\\\/\"},{\"@type\":\"ListItem\",\"position\":2,\"name\":\"Dirigente unionista se defender\u00e1 en libertad\"}]},{\"@type\":\"WebSite\",\"@id\":\"https:\\\/\\\/www.eldiario.net\\\/portal\\\/#website\",\"url\":\"https:\\\/\\\/www.eldiario.net\\\/portal\\\/\",\"name\":\"El Diario - Decano de la prensa nacional\",\"description\":\"El Diario - Decano de la prensa nacional\",\"publisher\":{\"@id\":\"https:\\\/\\\/www.eldiario.net\\\/portal\\\/#organization\"},\"potentialAction\":[{\"@type\":\"SearchAction\",\"target\":{\"@type\":\"EntryPoint\",\"urlTemplate\":\"https:\\\/\\\/www.eldiario.net\\\/portal\\\/?s={search_term_string}\"},\"query-input\":{\"@type\":\"PropertyValueSpecification\",\"valueRequired\":true,\"valueName\":\"search_term_string\"}}],\"inLanguage\":\"es\"},{\"@type\":\"Organization\",\"@id\":\"https:\\\/\\\/www.eldiario.net\\\/portal\\\/#organization\",\"name\":\"El Diario - Decano de la prensa nacional\",\"url\":\"https:\\\/\\\/www.eldiario.net\\\/portal\\\/\",\"logo\":{\"@type\":\"ImageObject\",\"inLanguage\":\"es\",\"@id\":\"https:\\\/\\\/www.eldiario.net\\\/portal\\\/#\\\/schema\\\/logo\\\/image\\\/\",\"url\":\"https:\\\/\\\/www.eldiario.net\\\/portal\\\/wp-content\\\/uploads\\\/2023\\\/07\\\/logo_ED.jpg\",\"contentUrl\":\"https:\\\/\\\/www.eldiario.net\\\/portal\\\/wp-content\\\/uploads\\\/2023\\\/07\\\/logo_ED.jpg\",\"width\":272,\"height\":52,\"caption\":\"El Diario - Decano de la prensa nacional\"},\"image\":{\"@id\":\"https:\\\/\\\/www.eldiario.net\\\/portal\\\/#\\\/schema\\\/logo\\\/image\\\/\"},\"sameAs\":[\"https:\\\/\\\/www.facebook.com\\\/eldiario.bolivia\\\/\",\"https:\\\/\\\/x.com\\\/eldiario_net\"]},{\"@type\":\"Person\",\"@id\":\"https:\\\/\\\/www.eldiario.net\\\/portal\\\/#\\\/schema\\\/person\\\/2c57cf2b7a7ae032e449e4c9b1019eac\",\"name\":\"Jeanette\",\"image\":{\"@type\":\"ImageObject\",\"inLanguage\":\"es\",\"@id\":\"https:\\\/\\\/secure.gravatar.com\\\/avatar\\\/3ea2118a5f7dad2b7138b1187a6b7ee55f160b9968b66013c3a3ef39dd7e5798?s=96&d=mm&r=g\",\"url\":\"https:\\\/\\\/secure.gravatar.com\\\/avatar\\\/3ea2118a5f7dad2b7138b1187a6b7ee55f160b9968b66013c3a3ef39dd7e5798?s=96&d=mm&r=g\",\"contentUrl\":\"https:\\\/\\\/secure.gravatar.com\\\/avatar\\\/3ea2118a5f7dad2b7138b1187a6b7ee55f160b9968b66013c3a3ef39dd7e5798?s=96&d=mm&r=g\",\"caption\":\"Jeanette\"},\"sameAs\":[\"https:\\\/\\\/www.eldiario.net\\\/portal\"],\"url\":\"https:\\\/\\\/www.eldiario.net\\\/portal\\\/author\\\/jeanette\\\/\"}]}<\/script>\n<!-- \/ Yoast SEO plugin. -->","yoast_head_json":{"title":"Dirigente unionista se defender\u00e1 en libertad - El Diario - Bolivia","robots":{"index":"index","follow":"follow","max-snippet":"max-snippet:-1","max-image-preview":"max-image-preview:large","max-video-preview":"max-video-preview:-1"},"canonical":"https:\/\/www.eldiario.net\/portal\/2023\/01\/23\/dirigente-unionista-se-defendera-en-libertad\/","og_locale":"es_ES","og_type":"article","og_title":"Dirigente unionista se defender\u00e1 en libertad - El Diario - Bolivia","og_description":"Despu\u00e9s de siete horas de audiencia, la jueza cautelar Marianela Salazar determin\u00f3, el s\u00e1bado, medidas sustitutivas para el dirigente de la Uni\u00f3n Juvenil Cruce\u00f1ista (UJC), del plan 3.000 de Santa Cruz de la Sierra, Gary Gonz\u00e1les Borda, quien fue denunciado por el exdirigente de los \u2018ma\u00f1aneros\u2019, Ren\u00e9 Troncoso. \u201cDespu\u00e9s de siete horas de audiencia, la [&hellip;]","og_url":"https:\/\/www.eldiario.net\/portal\/2023\/01\/23\/dirigente-unionista-se-defendera-en-libertad\/","og_site_name":"El Diario - Bolivia","article_publisher":"https:\/\/www.facebook.com\/eldiario.bolivia\/","article_published_time":"2023-01-23T10:21:59+00:00","author":"Jeanette","twitter_card":"summary_large_image","twitter_creator":"@eldiario_net","twitter_site":"@eldiario_net","twitter_misc":{"Escrito por":"Jeanette","Tiempo de lectura":"2 minutos"},"schema":{"@context":"https:\/\/schema.org","@graph":[{"@type":"Article","@id":"https:\/\/www.eldiario.net\/portal\/2023\/01\/23\/dirigente-unionista-se-defendera-en-libertad\/#article","isPartOf":{"@id":"https:\/\/www.eldiario.net\/portal\/2023\/01\/23\/dirigente-unionista-se-defendera-en-libertad\/"},"author":{"name":"Jeanette","@id":"https:\/\/www.eldiario.net\/portal\/#\/schema\/person\/2c57cf2b7a7ae032e449e4c9b1019eac"},"headline":"Dirigente unionista se defender\u00e1 en libertad","datePublished":"2023-01-23T10:21:59+00:00","mainEntityOfPage":{"@id":"https:\/\/www.eldiario.net\/portal\/2023\/01\/23\/dirigente-unionista-se-defendera-en-libertad\/"},"wordCount":303,"publisher":{"@id":"https:\/\/www.eldiario.net\/portal\/#organization"},"image":{"@id":"https:\/\/www.eldiario.net\/portal\/2023\/01\/23\/dirigente-unionista-se-defendera-en-libertad\/#primaryimage"},"thumbnailUrl":"","articleSection":["Sociedad - Seguridad"],"inLanguage":"es"},{"@type":"WebPage","@id":"https:\/\/www.eldiario.net\/portal\/2023\/01\/23\/dirigente-unionista-se-defendera-en-libertad\/","url":"https:\/\/www.eldiario.net\/portal\/2023\/01\/23\/dirigente-unionista-se-defendera-en-libertad\/","name":"Dirigente unionista se defender\u00e1 en libertad - El Diario - Bolivia","isPartOf":{"@id":"https:\/\/www.eldiario.net\/portal\/#website"},"primaryImageOfPage":{"@id":"https:\/\/www.eldiario.net\/portal\/2023\/01\/23\/dirigente-unionista-se-defendera-en-libertad\/#primaryimage"},"image":{"@id":"https:\/\/www.eldiario.net\/portal\/2023\/01\/23\/dirigente-unionista-se-defendera-en-libertad\/#primaryimage"},"thumbnailUrl":"","datePublished":"2023-01-23T10:21:59+00:00","breadcrumb":{"@id":"https:\/\/www.eldiario.net\/portal\/2023\/01\/23\/dirigente-unionista-se-defendera-en-libertad\/#breadcrumb"},"inLanguage":"es","potentialAction":[{"@type":"ReadAction","target":["https:\/\/www.eldiario.net\/portal\/2023\/01\/23\/dirigente-unionista-se-defendera-en-libertad\/"]}]},{"@type":"ImageObject","inLanguage":"es","@id":"https:\/\/www.eldiario.net\/portal\/2023\/01\/23\/dirigente-unionista-se-defendera-en-libertad\/#primaryimage","url":"","contentUrl":""},{"@type":"BreadcrumbList","@id":"https:\/\/www.eldiario.net\/portal\/2023\/01\/23\/dirigente-unionista-se-defendera-en-libertad\/#breadcrumb","itemListElement":[{"@type":"ListItem","position":1,"name":"Portada","item":"https:\/\/www.eldiario.net\/portal\/"},{"@type":"ListItem","position":2,"name":"Dirigente unionista se defender\u00e1 en libertad"}]},{"@type":"WebSite","@id":"https:\/\/www.eldiario.net\/portal\/#website","url":"https:\/\/www.eldiario.net\/portal\/","name":"El Diario - Decano de la prensa nacional","description":"El Diario - Decano de la prensa nacional","publisher":{"@id":"https:\/\/www.eldiario.net\/portal\/#organization"},"potentialAction":[{"@type":"SearchAction","target":{"@type":"EntryPoint","urlTemplate":"https:\/\/www.eldiario.net\/portal\/?s={search_term_string}"},"query-input":{"@type":"PropertyValueSpecification","valueRequired":true,"valueName":"search_term_string"}}],"inLanguage":"es"},{"@type":"Organization","@id":"https:\/\/www.eldiario.net\/portal\/#organization","name":"El Diario - Decano de la prensa nacional","url":"https:\/\/www.eldiario.net\/portal\/","logo":{"@type":"ImageObject","inLanguage":"es","@id":"https:\/\/www.eldiario.net\/portal\/#\/schema\/logo\/image\/","url":"https:\/\/www.eldiario.net\/portal\/wp-content\/uploads\/2023\/07\/logo_ED.jpg","contentUrl":"https:\/\/www.eldiario.net\/portal\/wp-content\/uploads\/2023\/07\/logo_ED.jpg","width":272,"height":52,"caption":"El Diario - Decano de la prensa nacional"},"image":{"@id":"https:\/\/www.eldiario.net\/portal\/#\/schema\/logo\/image\/"},"sameAs":["https:\/\/www.facebook.com\/eldiario.bolivia\/","https:\/\/x.com\/eldiario_net"]},{"@type":"Person","@id":"https:\/\/www.eldiario.net\/portal\/#\/schema\/person\/2c57cf2b7a7ae032e449e4c9b1019eac","name":"Jeanette","image":{"@type":"ImageObject","inLanguage":"es","@id":"https:\/\/secure.gravatar.com\/avatar\/3ea2118a5f7dad2b7138b1187a6b7ee55f160b9968b66013c3a3ef39dd7e5798?s=96&d=mm&r=g","url":"https:\/\/secure.gravatar.com\/avatar\/3ea2118a5f7dad2b7138b1187a6b7ee55f160b9968b66013c3a3ef39dd7e5798?s=96&d=mm&r=g","contentUrl":"https:\/\/secure.gravatar.com\/avatar\/3ea2118a5f7dad2b7138b1187a6b7ee55f160b9968b66013c3a3ef39dd7e5798?s=96&d=mm&r=g","caption":"Jeanette"},"sameAs":["https:\/\/www.eldiario.net\/portal"],"url":"https:\/\/www.eldiario.net\/portal\/author\/jeanette\/"}]}},"_links":{"self":[{"href":"https:\/\/www.eldiario.net\/portal\/wp-json\/wp\/v2\/posts\/134374","targetHints":{"allow":["GET"]}}],"collection":[{"href":"https:\/\/www.eldiario.net\/portal\/wp-json\/wp\/v2\/posts"}],"about":[{"href":"https:\/\/www.eldiario.net\/portal\/wp-json\/wp\/v2\/types\/post"}],"author":[{"embeddable":true,"href":"https:\/\/www.eldiario.net\/portal\/wp-json\/wp\/v2\/users\/1"}],"replies":[{"embeddable":true,"href":"https:\/\/www.eldiario.net\/portal\/wp-json\/wp\/v2\/comments?post=134374"}],"version-history":[{"count":0,"href":"https:\/\/www.eldiario.net\/portal\/wp-json\/wp\/v2\/posts\/134374\/revisions"}],"wp:attachment":[{"href":"https:\/\/www.eldiario.net\/portal\/wp-json\/wp\/v2\/media?parent=134374"}],"wp:term":[{"taxonomy":"category","embeddable":true,"href":"https:\/\/www.eldiario.net\/portal\/wp-json\/wp\/v2\/categories?post=134374"},{"taxonomy":"post_tag","embeddable":true,"href":"https:\/\/www.eldiario.net\/portal\/wp-json\/wp\/v2\/tags?post=134374"}],"curies":[{"name":"wp","href":"https:\/\/api.w.org\/{rel}","templated":true}]}}