{"id":134371,"date":"2023-01-23T06:21:09","date_gmt":"2023-01-23T10:21:09","guid":{"rendered":"https:\/\/www.eldiario.net\/portal\/?p=134371"},"modified":"2023-01-23T06:21:09","modified_gmt":"2023-01-23T10:21:09","slug":"sentencia-a-sujetos-acusados-por-abuso-a-menores-en-beni","status":"publish","type":"post","link":"https:\/\/www.eldiario.net\/portal\/2023\/01\/23\/sentencia-a-sujetos-acusados-por-abuso-a-menores-en-beni\/","title":{"rendered":"Sentencia a sujetos acusados  por abuso a menores en Beni"},"content":{"rendered":"<p>Ismael B. D., de 34 a\u00f1os de edad, e Ymer V. M., de 23 a\u00f1os, fueron sentenciados a 15 y 10 a\u00f1os de prisi\u00f3n, respectivamente, acusados por el delito de abuso sexual cometido en contra de menores de edad, en dos hechos distintos, inform\u00f3 ayer el fiscal departamental de Beni, Ruthiar V\u00e1squez.<br \/>\n\u201cSon dos hechos distintos en los que el Ministerio P\u00fablico demostr\u00f3 la autor\u00eda de los sindicados a trav\u00e9s de las pruebas colectadas durante la etapa preparatoria como las declaraciones testificales, entrevistas psicol\u00f3gicas de las v\u00edctimas, desfile identificativo, certificados m\u00e9dico forense, entre otros elementos que fueron valorados por los jueces competentes que dictaron la sentencia para ambos sujetos\u201d, dijo V\u00e1squez.<br \/>\nEn el primer caso, la menor de diez a\u00f1os conoci\u00f3 a Ismael B. D., pastor de la iglesia a la que asist\u00eda su madre, el a\u00f1o 2020 en una comunidad del municipio de Riberalta, tiempo despu\u00e9s el sujeto empez\u00f3 a realizar toques imp\u00fadicos a la ni\u00f1a y para acercarse m\u00e1s a ella enamor\u00f3 a la madre y se mud\u00f3 a vivir con ella, desde entonces acostumbraba a agredir a la menor. El hecho se descubri\u00f3 el 15 de abril de 2022 cuando la progenitora de la v\u00edctima encontr\u00f3 los mensajes que el hombre le enviaba a su hija, con propuestas indecorosas.<br \/>\nDespu\u00e9s de conocer el hecho, la mujer denunci\u00f3 a su concubino ante la Polic\u00eda que procedi\u00f3 a la aprehensi\u00f3n de Ismael y lo puso a disposici\u00f3n del Ministerio P\u00fablico para la investigaci\u00f3n correspondiente.<br \/>\nEl sujeto fue imputado por el delito de abuso sexual con agravante y el Juzgado de Sentencia No. 1 de Riberalta lo sentenci\u00f3 a 15 a\u00f1os de privaci\u00f3n de libertad en la carceleta de ese municipio.<\/p>\n<p>M\u00c1S V\u00cdCTIMAS<br \/>\nEl segundo caso ocurri\u00f3 el 13 de febrero de 2018 en la ciudad de Trinidad donde los menores de 13, 9 y 5 a\u00f1os de edad fueron interceptados por Ymer V. M. quien procedi\u00f3 a realizarles toques imp\u00fadicos, despu\u00e9s del hecho los menores le contaron a su madre lo que hab\u00eda pasado y la mujer present\u00f3 la denuncia ante la Polic\u00eda que procedi\u00f3 a la aprehensi\u00f3n del sindicado y lo puso a disposici\u00f3n del Ministerio P\u00fablico.<br \/>\nEl hombre fue imputado por el delito de abuso sexual y el Juzgado de Sentencia Primero dict\u00f3 10 a\u00f1os de prisi\u00f3n a cumplir en el penal de Mocov\u00ed.<\/p>\n","protected":false},"excerpt":{"rendered":"<p>Ismael B. D., de 34 a\u00f1os de edad, e Ymer V. M., de 23 a\u00f1os, fueron sentenciados a 15 y 10 a\u00f1os de prisi\u00f3n, respectivamente, acusados por el delito de abuso sexual cometido en contra de menores de edad, en dos hechos distintos, inform\u00f3 ayer el fiscal departamental de Beni, Ruthiar V\u00e1squez. \u201cSon dos hechos [&hellip;]<\/p>\n","protected":false},"author":1,"featured_media":134372,"comment_status":"closed","ping_status":"closed","sticky":false,"template":"","format":"standard","meta":{"_acf_changed":false,"footnotes":""},"categories":[39],"tags":[],"class_list":["post-134371","post","type-post","status-publish","format-standard","has-post-thumbnail","category-sociedad"],"acf":{"antetitulo":""},"yoast_head":"<!-- This site is optimized with the Yoast SEO plugin v28.4 - https:\/\/yoast.com\/product\/yoast-seo-wordpress\/ -->\n<title>Sentencia a sujetos acusados por abuso a menores en Beni - El Diario - Bolivia<\/title>\n<meta name=\"robots\" content=\"index, follow, max-snippet:-1, max-image-preview:large, max-video-preview:-1\" \/>\n<link rel=\"canonical\" href=\"https:\/\/www.eldiario.net\/portal\/2023\/01\/23\/sentencia-a-sujetos-acusados-por-abuso-a-menores-en-beni\/\" \/>\n<meta property=\"og:locale\" content=\"es_ES\" \/>\n<meta property=\"og:type\" content=\"article\" \/>\n<meta property=\"og:title\" content=\"Sentencia a sujetos acusados por abuso a menores en Beni - El Diario - Bolivia\" \/>\n<meta property=\"og:description\" content=\"Ismael B. D., de 34 a\u00f1os de edad, e Ymer V. M., de 23 a\u00f1os, fueron sentenciados a 15 y 10 a\u00f1os de prisi\u00f3n, respectivamente, acusados por el delito de abuso sexual cometido en contra de menores de edad, en dos hechos distintos, inform\u00f3 ayer el fiscal departamental de Beni, Ruthiar V\u00e1squez. \u201cSon dos hechos [&hellip;]\" \/>\n<meta property=\"og:url\" content=\"https:\/\/www.eldiario.net\/portal\/2023\/01\/23\/sentencia-a-sujetos-acusados-por-abuso-a-menores-en-beni\/\" \/>\n<meta property=\"og:site_name\" content=\"El Diario - Bolivia\" \/>\n<meta property=\"article:publisher\" content=\"https:\/\/www.facebook.com\/eldiario.bolivia\/\" \/>\n<meta property=\"article:published_time\" content=\"2023-01-23T10:21:09+00:00\" \/>\n<meta name=\"author\" content=\"Jeanette\" \/>\n<meta name=\"twitter:card\" content=\"summary_large_image\" \/>\n<meta name=\"twitter:creator\" content=\"@eldiario_net\" \/>\n<meta name=\"twitter:site\" content=\"@eldiario_net\" \/>\n<meta name=\"twitter:label1\" content=\"Escrito por\" \/>\n\t<meta name=\"twitter:data1\" content=\"Jeanette\" \/>\n\t<meta name=\"twitter:label2\" content=\"Tiempo de lectura\" \/>\n\t<meta name=\"twitter:data2\" content=\"2 minutos\" \/>\n<script type=\"application\/ld+json\" class=\"yoast-schema-graph\">{\"@context\":\"https:\\\/\\\/schema.org\",\"@graph\":[{\"@type\":\"Article\",\"@id\":\"https:\\\/\\\/www.eldiario.net\\\/portal\\\/2023\\\/01\\\/23\\\/sentencia-a-sujetos-acusados-por-abuso-a-menores-en-beni\\\/#article\",\"isPartOf\":{\"@id\":\"https:\\\/\\\/www.eldiario.net\\\/portal\\\/2023\\\/01\\\/23\\\/sentencia-a-sujetos-acusados-por-abuso-a-menores-en-beni\\\/\"},\"author\":{\"name\":\"Jeanette\",\"@id\":\"https:\\\/\\\/www.eldiario.net\\\/portal\\\/#\\\/schema\\\/person\\\/2c57cf2b7a7ae032e449e4c9b1019eac\"},\"headline\":\"Sentencia a sujetos acusados por abuso a menores en Beni\",\"datePublished\":\"2023-01-23T10:21:09+00:00\",\"mainEntityOfPage\":{\"@id\":\"https:\\\/\\\/www.eldiario.net\\\/portal\\\/2023\\\/01\\\/23\\\/sentencia-a-sujetos-acusados-por-abuso-a-menores-en-beni\\\/\"},\"wordCount\":422,\"publisher\":{\"@id\":\"https:\\\/\\\/www.eldiario.net\\\/portal\\\/#organization\"},\"image\":{\"@id\":\"https:\\\/\\\/www.eldiario.net\\\/portal\\\/2023\\\/01\\\/23\\\/sentencia-a-sujetos-acusados-por-abuso-a-menores-en-beni\\\/#primaryimage\"},\"thumbnailUrl\":\"\",\"articleSection\":[\"Sociedad - Seguridad\"],\"inLanguage\":\"es\"},{\"@type\":\"WebPage\",\"@id\":\"https:\\\/\\\/www.eldiario.net\\\/portal\\\/2023\\\/01\\\/23\\\/sentencia-a-sujetos-acusados-por-abuso-a-menores-en-beni\\\/\",\"url\":\"https:\\\/\\\/www.eldiario.net\\\/portal\\\/2023\\\/01\\\/23\\\/sentencia-a-sujetos-acusados-por-abuso-a-menores-en-beni\\\/\",\"name\":\"Sentencia a sujetos acusados por abuso a menores en Beni - El Diario - Bolivia\",\"isPartOf\":{\"@id\":\"https:\\\/\\\/www.eldiario.net\\\/portal\\\/#website\"},\"primaryImageOfPage\":{\"@id\":\"https:\\\/\\\/www.eldiario.net\\\/portal\\\/2023\\\/01\\\/23\\\/sentencia-a-sujetos-acusados-por-abuso-a-menores-en-beni\\\/#primaryimage\"},\"image\":{\"@id\":\"https:\\\/\\\/www.eldiario.net\\\/portal\\\/2023\\\/01\\\/23\\\/sentencia-a-sujetos-acusados-por-abuso-a-menores-en-beni\\\/#primaryimage\"},\"thumbnailUrl\":\"\",\"datePublished\":\"2023-01-23T10:21:09+00:00\",\"breadcrumb\":{\"@id\":\"https:\\\/\\\/www.eldiario.net\\\/portal\\\/2023\\\/01\\\/23\\\/sentencia-a-sujetos-acusados-por-abuso-a-menores-en-beni\\\/#breadcrumb\"},\"inLanguage\":\"es\",\"potentialAction\":[{\"@type\":\"ReadAction\",\"target\":[\"https:\\\/\\\/www.eldiario.net\\\/portal\\\/2023\\\/01\\\/23\\\/sentencia-a-sujetos-acusados-por-abuso-a-menores-en-beni\\\/\"]}]},{\"@type\":\"ImageObject\",\"inLanguage\":\"es\",\"@id\":\"https:\\\/\\\/www.eldiario.net\\\/portal\\\/2023\\\/01\\\/23\\\/sentencia-a-sujetos-acusados-por-abuso-a-menores-en-beni\\\/#primaryimage\",\"url\":\"\",\"contentUrl\":\"\"},{\"@type\":\"BreadcrumbList\",\"@id\":\"https:\\\/\\\/www.eldiario.net\\\/portal\\\/2023\\\/01\\\/23\\\/sentencia-a-sujetos-acusados-por-abuso-a-menores-en-beni\\\/#breadcrumb\",\"itemListElement\":[{\"@type\":\"ListItem\",\"position\":1,\"name\":\"Portada\",\"item\":\"https:\\\/\\\/www.eldiario.net\\\/portal\\\/\"},{\"@type\":\"ListItem\",\"position\":2,\"name\":\"Sentencia a sujetos acusados por abuso a menores en Beni\"}]},{\"@type\":\"WebSite\",\"@id\":\"https:\\\/\\\/www.eldiario.net\\\/portal\\\/#website\",\"url\":\"https:\\\/\\\/www.eldiario.net\\\/portal\\\/\",\"name\":\"El Diario - Decano de la prensa nacional\",\"description\":\"El Diario - Decano de la prensa nacional\",\"publisher\":{\"@id\":\"https:\\\/\\\/www.eldiario.net\\\/portal\\\/#organization\"},\"potentialAction\":[{\"@type\":\"SearchAction\",\"target\":{\"@type\":\"EntryPoint\",\"urlTemplate\":\"https:\\\/\\\/www.eldiario.net\\\/portal\\\/?s={search_term_string}\"},\"query-input\":{\"@type\":\"PropertyValueSpecification\",\"valueRequired\":true,\"valueName\":\"search_term_string\"}}],\"inLanguage\":\"es\"},{\"@type\":\"Organization\",\"@id\":\"https:\\\/\\\/www.eldiario.net\\\/portal\\\/#organization\",\"name\":\"El Diario - Decano de la prensa nacional\",\"url\":\"https:\\\/\\\/www.eldiario.net\\\/portal\\\/\",\"logo\":{\"@type\":\"ImageObject\",\"inLanguage\":\"es\",\"@id\":\"https:\\\/\\\/www.eldiario.net\\\/portal\\\/#\\\/schema\\\/logo\\\/image\\\/\",\"url\":\"https:\\\/\\\/www.eldiario.net\\\/portal\\\/wp-content\\\/uploads\\\/2023\\\/07\\\/logo_ED.jpg\",\"contentUrl\":\"https:\\\/\\\/www.eldiario.net\\\/portal\\\/wp-content\\\/uploads\\\/2023\\\/07\\\/logo_ED.jpg\",\"width\":272,\"height\":52,\"caption\":\"El Diario - Decano de la prensa nacional\"},\"image\":{\"@id\":\"https:\\\/\\\/www.eldiario.net\\\/portal\\\/#\\\/schema\\\/logo\\\/image\\\/\"},\"sameAs\":[\"https:\\\/\\\/www.facebook.com\\\/eldiario.bolivia\\\/\",\"https:\\\/\\\/x.com\\\/eldiario_net\"]},{\"@type\":\"Person\",\"@id\":\"https:\\\/\\\/www.eldiario.net\\\/portal\\\/#\\\/schema\\\/person\\\/2c57cf2b7a7ae032e449e4c9b1019eac\",\"name\":\"Jeanette\",\"image\":{\"@type\":\"ImageObject\",\"inLanguage\":\"es\",\"@id\":\"https:\\\/\\\/secure.gravatar.com\\\/avatar\\\/3ea2118a5f7dad2b7138b1187a6b7ee55f160b9968b66013c3a3ef39dd7e5798?s=96&d=mm&r=g\",\"url\":\"https:\\\/\\\/secure.gravatar.com\\\/avatar\\\/3ea2118a5f7dad2b7138b1187a6b7ee55f160b9968b66013c3a3ef39dd7e5798?s=96&d=mm&r=g\",\"contentUrl\":\"https:\\\/\\\/secure.gravatar.com\\\/avatar\\\/3ea2118a5f7dad2b7138b1187a6b7ee55f160b9968b66013c3a3ef39dd7e5798?s=96&d=mm&r=g\",\"caption\":\"Jeanette\"},\"sameAs\":[\"https:\\\/\\\/www.eldiario.net\\\/portal\"],\"url\":\"https:\\\/\\\/www.eldiario.net\\\/portal\\\/author\\\/jeanette\\\/\"}]}<\/script>\n<!-- \/ Yoast SEO plugin. -->","yoast_head_json":{"title":"Sentencia a sujetos acusados por abuso a menores en Beni - El Diario - Bolivia","robots":{"index":"index","follow":"follow","max-snippet":"max-snippet:-1","max-image-preview":"max-image-preview:large","max-video-preview":"max-video-preview:-1"},"canonical":"https:\/\/www.eldiario.net\/portal\/2023\/01\/23\/sentencia-a-sujetos-acusados-por-abuso-a-menores-en-beni\/","og_locale":"es_ES","og_type":"article","og_title":"Sentencia a sujetos acusados por abuso a menores en Beni - El Diario - Bolivia","og_description":"Ismael B. D., de 34 a\u00f1os de edad, e Ymer V. M., de 23 a\u00f1os, fueron sentenciados a 15 y 10 a\u00f1os de prisi\u00f3n, respectivamente, acusados por el delito de abuso sexual cometido en contra de menores de edad, en dos hechos distintos, inform\u00f3 ayer el fiscal departamental de Beni, Ruthiar V\u00e1squez. \u201cSon dos hechos [&hellip;]","og_url":"https:\/\/www.eldiario.net\/portal\/2023\/01\/23\/sentencia-a-sujetos-acusados-por-abuso-a-menores-en-beni\/","og_site_name":"El Diario - Bolivia","article_publisher":"https:\/\/www.facebook.com\/eldiario.bolivia\/","article_published_time":"2023-01-23T10:21:09+00:00","author":"Jeanette","twitter_card":"summary_large_image","twitter_creator":"@eldiario_net","twitter_site":"@eldiario_net","twitter_misc":{"Escrito por":"Jeanette","Tiempo de lectura":"2 minutos"},"schema":{"@context":"https:\/\/schema.org","@graph":[{"@type":"Article","@id":"https:\/\/www.eldiario.net\/portal\/2023\/01\/23\/sentencia-a-sujetos-acusados-por-abuso-a-menores-en-beni\/#article","isPartOf":{"@id":"https:\/\/www.eldiario.net\/portal\/2023\/01\/23\/sentencia-a-sujetos-acusados-por-abuso-a-menores-en-beni\/"},"author":{"name":"Jeanette","@id":"https:\/\/www.eldiario.net\/portal\/#\/schema\/person\/2c57cf2b7a7ae032e449e4c9b1019eac"},"headline":"Sentencia a sujetos acusados por abuso a menores en Beni","datePublished":"2023-01-23T10:21:09+00:00","mainEntityOfPage":{"@id":"https:\/\/www.eldiario.net\/portal\/2023\/01\/23\/sentencia-a-sujetos-acusados-por-abuso-a-menores-en-beni\/"},"wordCount":422,"publisher":{"@id":"https:\/\/www.eldiario.net\/portal\/#organization"},"image":{"@id":"https:\/\/www.eldiario.net\/portal\/2023\/01\/23\/sentencia-a-sujetos-acusados-por-abuso-a-menores-en-beni\/#primaryimage"},"thumbnailUrl":"","articleSection":["Sociedad - Seguridad"],"inLanguage":"es"},{"@type":"WebPage","@id":"https:\/\/www.eldiario.net\/portal\/2023\/01\/23\/sentencia-a-sujetos-acusados-por-abuso-a-menores-en-beni\/","url":"https:\/\/www.eldiario.net\/portal\/2023\/01\/23\/sentencia-a-sujetos-acusados-por-abuso-a-menores-en-beni\/","name":"Sentencia a sujetos acusados por abuso a menores en Beni - El Diario - Bolivia","isPartOf":{"@id":"https:\/\/www.eldiario.net\/portal\/#website"},"primaryImageOfPage":{"@id":"https:\/\/www.eldiario.net\/portal\/2023\/01\/23\/sentencia-a-sujetos-acusados-por-abuso-a-menores-en-beni\/#primaryimage"},"image":{"@id":"https:\/\/www.eldiario.net\/portal\/2023\/01\/23\/sentencia-a-sujetos-acusados-por-abuso-a-menores-en-beni\/#primaryimage"},"thumbnailUrl":"","datePublished":"2023-01-23T10:21:09+00:00","breadcrumb":{"@id":"https:\/\/www.eldiario.net\/portal\/2023\/01\/23\/sentencia-a-sujetos-acusados-por-abuso-a-menores-en-beni\/#breadcrumb"},"inLanguage":"es","potentialAction":[{"@type":"ReadAction","target":["https:\/\/www.eldiario.net\/portal\/2023\/01\/23\/sentencia-a-sujetos-acusados-por-abuso-a-menores-en-beni\/"]}]},{"@type":"ImageObject","inLanguage":"es","@id":"https:\/\/www.eldiario.net\/portal\/2023\/01\/23\/sentencia-a-sujetos-acusados-por-abuso-a-menores-en-beni\/#primaryimage","url":"","contentUrl":""},{"@type":"BreadcrumbList","@id":"https:\/\/www.eldiario.net\/portal\/2023\/01\/23\/sentencia-a-sujetos-acusados-por-abuso-a-menores-en-beni\/#breadcrumb","itemListElement":[{"@type":"ListItem","position":1,"name":"Portada","item":"https:\/\/www.eldiario.net\/portal\/"},{"@type":"ListItem","position":2,"name":"Sentencia a sujetos acusados por abuso a menores en Beni"}]},{"@type":"WebSite","@id":"https:\/\/www.eldiario.net\/portal\/#website","url":"https:\/\/www.eldiario.net\/portal\/","name":"El Diario - Decano de la prensa nacional","description":"El Diario - Decano de la prensa nacional","publisher":{"@id":"https:\/\/www.eldiario.net\/portal\/#organization"},"potentialAction":[{"@type":"SearchAction","target":{"@type":"EntryPoint","urlTemplate":"https:\/\/www.eldiario.net\/portal\/?s={search_term_string}"},"query-input":{"@type":"PropertyValueSpecification","valueRequired":true,"valueName":"search_term_string"}}],"inLanguage":"es"},{"@type":"Organization","@id":"https:\/\/www.eldiario.net\/portal\/#organization","name":"El Diario - Decano de la prensa nacional","url":"https:\/\/www.eldiario.net\/portal\/","logo":{"@type":"ImageObject","inLanguage":"es","@id":"https:\/\/www.eldiario.net\/portal\/#\/schema\/logo\/image\/","url":"https:\/\/www.eldiario.net\/portal\/wp-content\/uploads\/2023\/07\/logo_ED.jpg","contentUrl":"https:\/\/www.eldiario.net\/portal\/wp-content\/uploads\/2023\/07\/logo_ED.jpg","width":272,"height":52,"caption":"El Diario - Decano de la prensa nacional"},"image":{"@id":"https:\/\/www.eldiario.net\/portal\/#\/schema\/logo\/image\/"},"sameAs":["https:\/\/www.facebook.com\/eldiario.bolivia\/","https:\/\/x.com\/eldiario_net"]},{"@type":"Person","@id":"https:\/\/www.eldiario.net\/portal\/#\/schema\/person\/2c57cf2b7a7ae032e449e4c9b1019eac","name":"Jeanette","image":{"@type":"ImageObject","inLanguage":"es","@id":"https:\/\/secure.gravatar.com\/avatar\/3ea2118a5f7dad2b7138b1187a6b7ee55f160b9968b66013c3a3ef39dd7e5798?s=96&d=mm&r=g","url":"https:\/\/secure.gravatar.com\/avatar\/3ea2118a5f7dad2b7138b1187a6b7ee55f160b9968b66013c3a3ef39dd7e5798?s=96&d=mm&r=g","contentUrl":"https:\/\/secure.gravatar.com\/avatar\/3ea2118a5f7dad2b7138b1187a6b7ee55f160b9968b66013c3a3ef39dd7e5798?s=96&d=mm&r=g","caption":"Jeanette"},"sameAs":["https:\/\/www.eldiario.net\/portal"],"url":"https:\/\/www.eldiario.net\/portal\/author\/jeanette\/"}]}},"_links":{"self":[{"href":"https:\/\/www.eldiario.net\/portal\/wp-json\/wp\/v2\/posts\/134371","targetHints":{"allow":["GET"]}}],"collection":[{"href":"https:\/\/www.eldiario.net\/portal\/wp-json\/wp\/v2\/posts"}],"about":[{"href":"https:\/\/www.eldiario.net\/portal\/wp-json\/wp\/v2\/types\/post"}],"author":[{"embeddable":true,"href":"https:\/\/www.eldiario.net\/portal\/wp-json\/wp\/v2\/users\/1"}],"replies":[{"embeddable":true,"href":"https:\/\/www.eldiario.net\/portal\/wp-json\/wp\/v2\/comments?post=134371"}],"version-history":[{"count":0,"href":"https:\/\/www.eldiario.net\/portal\/wp-json\/wp\/v2\/posts\/134371\/revisions"}],"wp:attachment":[{"href":"https:\/\/www.eldiario.net\/portal\/wp-json\/wp\/v2\/media?parent=134371"}],"wp:term":[{"taxonomy":"category","embeddable":true,"href":"https:\/\/www.eldiario.net\/portal\/wp-json\/wp\/v2\/categories?post=134371"},{"taxonomy":"post_tag","embeddable":true,"href":"https:\/\/www.eldiario.net\/portal\/wp-json\/wp\/v2\/tags?post=134371"}],"curies":[{"name":"wp","href":"https:\/\/api.w.org\/{rel}","templated":true}]}}