{"id":134368,"date":"2023-01-23T06:20:07","date_gmt":"2023-01-23T10:20:07","guid":{"rendered":"https:\/\/www.eldiario.net\/portal\/?p=134368"},"modified":"2023-01-23T06:20:07","modified_gmt":"2023-01-23T10:20:07","slug":"esta-en-manos-de-los-maestros-abordar-temas-de-nueva-curricula","status":"publish","type":"post","link":"https:\/\/www.eldiario.net\/portal\/2023\/01\/23\/esta-en-manos-de-los-maestros-abordar-temas-de-nueva-curricula\/","title":{"rendered":"\u00abEst\u00e1 en manos de los maestros abordar temas de nueva curr\u00edcula\u00bb"},"content":{"rendered":"<p>A poco de iniciar las labores escolares en el pa\u00eds, se escuchan diversas posiciones a favor y en contra de la implementaci\u00f3n de la nueva malla curricular, pero un experto explica que en \u00faltima instancia \u201cser\u00e1 el operador de la curr\u00edcula (el maestro) el que va a seleccionar los contenidos y, si es que le alcanzara el tiempo, enfatizar\u00e1 en estos aspectos\u201d.<br \/>\nAdem\u00e1s, ser\u00e1n los docentes quienes \u201cmarquen la directriz\u201d del c\u00f3mo abordar\u00e1n los nuevos temas que impartir\u00e1n, obviamente, de acuerdo con la finalidad educativa que tenga, pues \u201cest\u00e1 en manos de los maestros que estos temas realmente se aborden con el enfoque adecuado, porque puede que a alguien se le ocurra distorsionar del enfoque que corresponde\u201d, explic\u00f3 el psicopedagogo y director de la Facultad de Ciencias de la Educaci\u00f3n de la Universidad Mayor de San Andr\u00e9s (UMSA), Mario Z\u00e1rate.<br \/>\nTambi\u00e9n depender\u00e1 mucho del tiempo que tengan, \u201ctal vez ni siquiera aborden esos temas, porque el tiempo es un enemigo\u201d, acot\u00f3.<br \/>\nHace unos d\u00edas, se comparti\u00f3 un fragmento del nuevo texto que el Gobierno prepar\u00f3 para sexto de secundaria, en \u00e9l se narra hechos que vivi\u00f3 el pa\u00eds durante 2019, pero, para sectores de padres de familia, maestros, legisladores e Iglesia, ese tipo de contenido es incorrecto y hasta direccionado, porque habla de que en el pa\u00eds hubo golpe de Estado cuando, para otros, se vivi\u00f3 una sucesi\u00f3n constitucional. Expresaron tambi\u00e9n su rechazo al tratamiento de temas de educaci\u00f3n sexual, entre otros.<br \/>\n\u201cNo se debe politizar la educaci\u00f3n, los contenidos deben ser de acuerdo a lo que dice la historia, y la historia m\u00e1s adelante nos dir\u00e1 qu\u00e9 es lo que ha sucedido verdaderamente. Se est\u00e1 incursionando en los textos los temas de si fue golpe (de Estado) o no. El tema de g\u00e9nero y educaci\u00f3n sexual que son temas que deben tratarse por personas que tienen conocimiento del caso\u201d, indic\u00f3 el presidente de padres de familia de colegios cat\u00f3licos privados de La Paz, Ra\u00fal C\u00f3rdova.<br \/>\nAl respecto, el viceministro de Educaci\u00f3n Regular, Bartolom\u00e9 Puma, asegur\u00f3 que la implementaci\u00f3n de la tem\u00e1tica \u201cgolpe de Estado 2019\u201d dentro de la materia de Historia debe ser \u201canalizada\u201d por los docentes que apliquen la nueva malla curricular en las escuelas. Sin embargo, no explic\u00f3 el por qu\u00e9 no se incluy\u00f3 la \u201cotra visi\u00f3n\u201d de lo vivido en 2019, en los textos escolares.<br \/>\n\u201cLo cierto es que la realidad es construida por cada uno de nosotros\u201d, sostuvo Z\u00e1rate, y, \u201cen este caso, los maestros son parte importante porque, si \u00e9l est\u00e1 de acuerdo con ese texto, seguramente va enfatizar con videos o alg\u00fan otro m\u00e9todo m\u00e1s para este razonamiento, pero si no est\u00e1 a favor utilizar\u00e1 otra propuesta metodol\u00f3gica como el debate\u201d.<br \/>\nAdem\u00e1s, \u201cni los maestros ni los estudiantes son tan ingenuos como para asumir como una verdad absoluta lo que est\u00e1 en el texto\u201d, dijo.<br \/>\nPROCESO<br \/>\nDe acuerdo con el psicopedagogo, modificar una malla curricular depende de factores que parten desde un diagn\u00f3stico a la educaci\u00f3n para despu\u00e9s, con el trabajo conjunto de expertos y los actores necesarios, dise\u00f1ar una nueva propuesta, hecho que, al parecer no ocurri\u00f3.<br \/>\n\u201cNo se ha partido de un diagn\u00f3stico real donde se explique cu\u00e1l es la situaci\u00f3n en la que se encuentra actualmente la aplicaci\u00f3n de la ley de educaci\u00f3n Avelino Si\u00f1ani y qu\u00e9 elementos se tienen que incorporar de forma pertinente y permanente\u201d, sostuvo el experto.<br \/>\nLo recomendado es que cada cinco a\u00f1os se revise los dise\u00f1os curriculares de educaci\u00f3n, su actualizaci\u00f3n, evaluaci\u00f3n y un diagn\u00f3stico para ver si tuvieron el impacto que esperaban los proyectistas.<br \/>\nEn el caso de Bolivia, \u201cque yo sepa, no hay una evaluaci\u00f3n de cu\u00e1les son los resultados preliminares que se tengan de la Avelino Si\u00f1ani, si hay una l\u00ednea base (\u2026) pero no se ha hecho una evaluaci\u00f3n. Sin embargo, se han ido acoplando algunos parches pero no se sabe si est\u00e1 bien o est\u00e1 mal o por d\u00f3nde va la propuesta educativa que tiene el mismo Gobierno\u201d, manifest\u00f3.<br \/>\nPor esa situaci\u00f3n, varios sectores se vieron \u201csorprendidos con los nuevos temas\u201d, porque tampoco hubo una previa consulta general.<br \/>\nZ\u00e1rate explic\u00f3 que ning\u00fan modelo educativo, m\u00e1s a\u00fan una propuesta, es neutra. \u201cCada modelo educativo tiene fundamentos: pol\u00edtico, filos\u00f3fico, psicol\u00f3gico, sociol\u00f3gico e, incluso, algunos hablan de un fundamento epistemol\u00f3gico, del que se va partir para que el desarrollo de contenidos sean conceptuales, procedimentales o actitudinales\u201d. En ese sentido, el contenido tambi\u00e9n debe cumplir criterios similares.<br \/>\nEntonces, el resultado de la asimilaci\u00f3n del estudiante, depender\u00e1 mucho si el contenido es abordado a trav\u00e9s del visionado de algunos videos, foros, debates o del contraste de posiciones que est\u00e9n a favor o en contra de lo que se est\u00e1 planteando.<br \/>\nPor lo tanto, \u201cning\u00fan modelo educativo es neutro\u201d, pero, en un texto gu\u00eda, para un mejor an\u00e1lisis deber\u00eda incluirse \u201ctambi\u00e9n la otra posici\u00f3n (no solo el supuesto golpe de Estado)\u201d, de esa manera, el an\u00e1lisis cr\u00edtico estar\u00eda presente, al hacer el contraste de ambas.<br \/>\nSin embargo, \u201clos operadores definir\u00e1n qu\u00e9 y c\u00f3mo aplicar el contenido\u201d, porque es cierto que cuando se habla de contenido b\u00e1sicamente se hace referencia al qu\u00e9 ense\u00f1ar, pero eso viene acompa\u00f1ado del c\u00f3mo y del porqu\u00e9.<br \/>\nLo cierto es que, con el tiempo, habr\u00e1 que ver el resultado de la implementaci\u00f3n, \u201cporque hay asignaturas que si bien est\u00e1n presentes, desde primaria hasta bachillerato, no son asimiladas de la forma correcta por diversas razones. Por ejemplo, Lenguaje y escritura, que es d\u00f3nde m\u00e1s fallas tienen los estudiantes y, eso es lo que deber\u00eda priorizarse\u201d.<\/p>\n","protected":false},"excerpt":{"rendered":"<p>A poco de iniciar las labores escolares en el pa\u00eds, se escuchan diversas posiciones a favor y en contra de la implementaci\u00f3n de la nueva malla curricular, pero un experto explica que en \u00faltima instancia \u201cser\u00e1 el operador de la curr\u00edcula (el maestro) el que va a seleccionar los contenidos y, si es que le [&hellip;]<\/p>\n","protected":false},"author":1,"featured_media":134369,"comment_status":"closed","ping_status":"closed","sticky":false,"template":"","format":"standard","meta":{"_acf_changed":false,"footnotes":""},"categories":[12],"tags":[],"class_list":["post-134368","post","type-post","status-publish","format-standard","has-post-thumbnail","category-nacional"],"acf":{"antetitulo":""},"yoast_head":"<!-- This site is optimized with the Yoast SEO plugin v28.4 - https:\/\/yoast.com\/product\/yoast-seo-wordpress\/ -->\n<title>&quot;Est\u00e1 en manos de los maestros abordar temas de nueva curr\u00edcula&quot; - El Diario - Bolivia<\/title>\n<meta name=\"robots\" content=\"index, follow, max-snippet:-1, max-image-preview:large, max-video-preview:-1\" \/>\n<link rel=\"canonical\" href=\"https:\/\/www.eldiario.net\/portal\/2023\/01\/23\/esta-en-manos-de-los-maestros-abordar-temas-de-nueva-curricula\/\" \/>\n<meta property=\"og:locale\" content=\"es_ES\" \/>\n<meta property=\"og:type\" content=\"article\" \/>\n<meta property=\"og:title\" content=\"&quot;Est\u00e1 en manos de los maestros abordar temas de nueva curr\u00edcula&quot; - El Diario - Bolivia\" \/>\n<meta property=\"og:description\" content=\"A poco de iniciar las labores escolares en el pa\u00eds, se escuchan diversas posiciones a favor y en contra de la implementaci\u00f3n de la nueva malla curricular, pero un experto explica que en \u00faltima instancia \u201cser\u00e1 el operador de la curr\u00edcula (el maestro) el que va a seleccionar los contenidos y, si es que le [&hellip;]\" \/>\n<meta property=\"og:url\" content=\"https:\/\/www.eldiario.net\/portal\/2023\/01\/23\/esta-en-manos-de-los-maestros-abordar-temas-de-nueva-curricula\/\" \/>\n<meta property=\"og:site_name\" content=\"El Diario - Bolivia\" \/>\n<meta property=\"article:publisher\" content=\"https:\/\/www.facebook.com\/eldiario.bolivia\/\" \/>\n<meta property=\"article:published_time\" content=\"2023-01-23T10:20:07+00:00\" \/>\n<meta name=\"author\" content=\"Jeanette\" \/>\n<meta name=\"twitter:card\" content=\"summary_large_image\" \/>\n<meta name=\"twitter:creator\" content=\"@eldiario_net\" \/>\n<meta name=\"twitter:site\" content=\"@eldiario_net\" \/>\n<meta name=\"twitter:label1\" content=\"Escrito por\" \/>\n\t<meta name=\"twitter:data1\" content=\"Jeanette\" \/>\n\t<meta name=\"twitter:label2\" content=\"Tiempo de lectura\" \/>\n\t<meta name=\"twitter:data2\" content=\"5 minutos\" \/>\n<script type=\"application\/ld+json\" class=\"yoast-schema-graph\">{\"@context\":\"https:\\\/\\\/schema.org\",\"@graph\":[{\"@type\":\"Article\",\"@id\":\"https:\\\/\\\/www.eldiario.net\\\/portal\\\/2023\\\/01\\\/23\\\/esta-en-manos-de-los-maestros-abordar-temas-de-nueva-curricula\\\/#article\",\"isPartOf\":{\"@id\":\"https:\\\/\\\/www.eldiario.net\\\/portal\\\/2023\\\/01\\\/23\\\/esta-en-manos-de-los-maestros-abordar-temas-de-nueva-curricula\\\/\"},\"author\":{\"name\":\"Jeanette\",\"@id\":\"https:\\\/\\\/www.eldiario.net\\\/portal\\\/#\\\/schema\\\/person\\\/2c57cf2b7a7ae032e449e4c9b1019eac\"},\"headline\":\"\u00abEst\u00e1 en manos de los maestros abordar temas de nueva curr\u00edcula\u00bb\",\"datePublished\":\"2023-01-23T10:20:07+00:00\",\"mainEntityOfPage\":{\"@id\":\"https:\\\/\\\/www.eldiario.net\\\/portal\\\/2023\\\/01\\\/23\\\/esta-en-manos-de-los-maestros-abordar-temas-de-nueva-curricula\\\/\"},\"wordCount\":1011,\"publisher\":{\"@id\":\"https:\\\/\\\/www.eldiario.net\\\/portal\\\/#organization\"},\"image\":{\"@id\":\"https:\\\/\\\/www.eldiario.net\\\/portal\\\/2023\\\/01\\\/23\\\/esta-en-manos-de-los-maestros-abordar-temas-de-nueva-curricula\\\/#primaryimage\"},\"thumbnailUrl\":\"\",\"articleSection\":[\"Nacional\"],\"inLanguage\":\"es\"},{\"@type\":\"WebPage\",\"@id\":\"https:\\\/\\\/www.eldiario.net\\\/portal\\\/2023\\\/01\\\/23\\\/esta-en-manos-de-los-maestros-abordar-temas-de-nueva-curricula\\\/\",\"url\":\"https:\\\/\\\/www.eldiario.net\\\/portal\\\/2023\\\/01\\\/23\\\/esta-en-manos-de-los-maestros-abordar-temas-de-nueva-curricula\\\/\",\"name\":\"\\\"Est\u00e1 en manos de los maestros abordar temas de nueva curr\u00edcula\\\" - El Diario - Bolivia\",\"isPartOf\":{\"@id\":\"https:\\\/\\\/www.eldiario.net\\\/portal\\\/#website\"},\"primaryImageOfPage\":{\"@id\":\"https:\\\/\\\/www.eldiario.net\\\/portal\\\/2023\\\/01\\\/23\\\/esta-en-manos-de-los-maestros-abordar-temas-de-nueva-curricula\\\/#primaryimage\"},\"image\":{\"@id\":\"https:\\\/\\\/www.eldiario.net\\\/portal\\\/2023\\\/01\\\/23\\\/esta-en-manos-de-los-maestros-abordar-temas-de-nueva-curricula\\\/#primaryimage\"},\"thumbnailUrl\":\"\",\"datePublished\":\"2023-01-23T10:20:07+00:00\",\"breadcrumb\":{\"@id\":\"https:\\\/\\\/www.eldiario.net\\\/portal\\\/2023\\\/01\\\/23\\\/esta-en-manos-de-los-maestros-abordar-temas-de-nueva-curricula\\\/#breadcrumb\"},\"inLanguage\":\"es\",\"potentialAction\":[{\"@type\":\"ReadAction\",\"target\":[\"https:\\\/\\\/www.eldiario.net\\\/portal\\\/2023\\\/01\\\/23\\\/esta-en-manos-de-los-maestros-abordar-temas-de-nueva-curricula\\\/\"]}]},{\"@type\":\"ImageObject\",\"inLanguage\":\"es\",\"@id\":\"https:\\\/\\\/www.eldiario.net\\\/portal\\\/2023\\\/01\\\/23\\\/esta-en-manos-de-los-maestros-abordar-temas-de-nueva-curricula\\\/#primaryimage\",\"url\":\"\",\"contentUrl\":\"\"},{\"@type\":\"BreadcrumbList\",\"@id\":\"https:\\\/\\\/www.eldiario.net\\\/portal\\\/2023\\\/01\\\/23\\\/esta-en-manos-de-los-maestros-abordar-temas-de-nueva-curricula\\\/#breadcrumb\",\"itemListElement\":[{\"@type\":\"ListItem\",\"position\":1,\"name\":\"Portada\",\"item\":\"https:\\\/\\\/www.eldiario.net\\\/portal\\\/\"},{\"@type\":\"ListItem\",\"position\":2,\"name\":\"\u00abEst\u00e1 en manos de los maestros abordar temas de nueva curr\u00edcula\u00bb\"}]},{\"@type\":\"WebSite\",\"@id\":\"https:\\\/\\\/www.eldiario.net\\\/portal\\\/#website\",\"url\":\"https:\\\/\\\/www.eldiario.net\\\/portal\\\/\",\"name\":\"El Diario - Decano de la prensa nacional\",\"description\":\"El Diario - Decano de la prensa nacional\",\"publisher\":{\"@id\":\"https:\\\/\\\/www.eldiario.net\\\/portal\\\/#organization\"},\"potentialAction\":[{\"@type\":\"SearchAction\",\"target\":{\"@type\":\"EntryPoint\",\"urlTemplate\":\"https:\\\/\\\/www.eldiario.net\\\/portal\\\/?s={search_term_string}\"},\"query-input\":{\"@type\":\"PropertyValueSpecification\",\"valueRequired\":true,\"valueName\":\"search_term_string\"}}],\"inLanguage\":\"es\"},{\"@type\":\"Organization\",\"@id\":\"https:\\\/\\\/www.eldiario.net\\\/portal\\\/#organization\",\"name\":\"El Diario - Decano de la prensa nacional\",\"url\":\"https:\\\/\\\/www.eldiario.net\\\/portal\\\/\",\"logo\":{\"@type\":\"ImageObject\",\"inLanguage\":\"es\",\"@id\":\"https:\\\/\\\/www.eldiario.net\\\/portal\\\/#\\\/schema\\\/logo\\\/image\\\/\",\"url\":\"https:\\\/\\\/www.eldiario.net\\\/portal\\\/wp-content\\\/uploads\\\/2023\\\/07\\\/logo_ED.jpg\",\"contentUrl\":\"https:\\\/\\\/www.eldiario.net\\\/portal\\\/wp-content\\\/uploads\\\/2023\\\/07\\\/logo_ED.jpg\",\"width\":272,\"height\":52,\"caption\":\"El Diario - Decano de la prensa nacional\"},\"image\":{\"@id\":\"https:\\\/\\\/www.eldiario.net\\\/portal\\\/#\\\/schema\\\/logo\\\/image\\\/\"},\"sameAs\":[\"https:\\\/\\\/www.facebook.com\\\/eldiario.bolivia\\\/\",\"https:\\\/\\\/x.com\\\/eldiario_net\"]},{\"@type\":\"Person\",\"@id\":\"https:\\\/\\\/www.eldiario.net\\\/portal\\\/#\\\/schema\\\/person\\\/2c57cf2b7a7ae032e449e4c9b1019eac\",\"name\":\"Jeanette\",\"image\":{\"@type\":\"ImageObject\",\"inLanguage\":\"es\",\"@id\":\"https:\\\/\\\/secure.gravatar.com\\\/avatar\\\/3ea2118a5f7dad2b7138b1187a6b7ee55f160b9968b66013c3a3ef39dd7e5798?s=96&d=mm&r=g\",\"url\":\"https:\\\/\\\/secure.gravatar.com\\\/avatar\\\/3ea2118a5f7dad2b7138b1187a6b7ee55f160b9968b66013c3a3ef39dd7e5798?s=96&d=mm&r=g\",\"contentUrl\":\"https:\\\/\\\/secure.gravatar.com\\\/avatar\\\/3ea2118a5f7dad2b7138b1187a6b7ee55f160b9968b66013c3a3ef39dd7e5798?s=96&d=mm&r=g\",\"caption\":\"Jeanette\"},\"sameAs\":[\"https:\\\/\\\/www.eldiario.net\\\/portal\"],\"url\":\"https:\\\/\\\/www.eldiario.net\\\/portal\\\/author\\\/jeanette\\\/\"}]}<\/script>\n<!-- \/ Yoast SEO plugin. -->","yoast_head_json":{"title":"\"Est\u00e1 en manos de los maestros abordar temas de nueva curr\u00edcula\" - El Diario - Bolivia","robots":{"index":"index","follow":"follow","max-snippet":"max-snippet:-1","max-image-preview":"max-image-preview:large","max-video-preview":"max-video-preview:-1"},"canonical":"https:\/\/www.eldiario.net\/portal\/2023\/01\/23\/esta-en-manos-de-los-maestros-abordar-temas-de-nueva-curricula\/","og_locale":"es_ES","og_type":"article","og_title":"\"Est\u00e1 en manos de los maestros abordar temas de nueva curr\u00edcula\" - El Diario - Bolivia","og_description":"A poco de iniciar las labores escolares en el pa\u00eds, se escuchan diversas posiciones a favor y en contra de la implementaci\u00f3n de la nueva malla curricular, pero un experto explica que en \u00faltima instancia \u201cser\u00e1 el operador de la curr\u00edcula (el maestro) el que va a seleccionar los contenidos y, si es que le [&hellip;]","og_url":"https:\/\/www.eldiario.net\/portal\/2023\/01\/23\/esta-en-manos-de-los-maestros-abordar-temas-de-nueva-curricula\/","og_site_name":"El Diario - Bolivia","article_publisher":"https:\/\/www.facebook.com\/eldiario.bolivia\/","article_published_time":"2023-01-23T10:20:07+00:00","author":"Jeanette","twitter_card":"summary_large_image","twitter_creator":"@eldiario_net","twitter_site":"@eldiario_net","twitter_misc":{"Escrito por":"Jeanette","Tiempo de lectura":"5 minutos"},"schema":{"@context":"https:\/\/schema.org","@graph":[{"@type":"Article","@id":"https:\/\/www.eldiario.net\/portal\/2023\/01\/23\/esta-en-manos-de-los-maestros-abordar-temas-de-nueva-curricula\/#article","isPartOf":{"@id":"https:\/\/www.eldiario.net\/portal\/2023\/01\/23\/esta-en-manos-de-los-maestros-abordar-temas-de-nueva-curricula\/"},"author":{"name":"Jeanette","@id":"https:\/\/www.eldiario.net\/portal\/#\/schema\/person\/2c57cf2b7a7ae032e449e4c9b1019eac"},"headline":"\u00abEst\u00e1 en manos de los maestros abordar temas de nueva curr\u00edcula\u00bb","datePublished":"2023-01-23T10:20:07+00:00","mainEntityOfPage":{"@id":"https:\/\/www.eldiario.net\/portal\/2023\/01\/23\/esta-en-manos-de-los-maestros-abordar-temas-de-nueva-curricula\/"},"wordCount":1011,"publisher":{"@id":"https:\/\/www.eldiario.net\/portal\/#organization"},"image":{"@id":"https:\/\/www.eldiario.net\/portal\/2023\/01\/23\/esta-en-manos-de-los-maestros-abordar-temas-de-nueva-curricula\/#primaryimage"},"thumbnailUrl":"","articleSection":["Nacional"],"inLanguage":"es"},{"@type":"WebPage","@id":"https:\/\/www.eldiario.net\/portal\/2023\/01\/23\/esta-en-manos-de-los-maestros-abordar-temas-de-nueva-curricula\/","url":"https:\/\/www.eldiario.net\/portal\/2023\/01\/23\/esta-en-manos-de-los-maestros-abordar-temas-de-nueva-curricula\/","name":"\"Est\u00e1 en manos de los maestros abordar temas de nueva curr\u00edcula\" - El Diario - Bolivia","isPartOf":{"@id":"https:\/\/www.eldiario.net\/portal\/#website"},"primaryImageOfPage":{"@id":"https:\/\/www.eldiario.net\/portal\/2023\/01\/23\/esta-en-manos-de-los-maestros-abordar-temas-de-nueva-curricula\/#primaryimage"},"image":{"@id":"https:\/\/www.eldiario.net\/portal\/2023\/01\/23\/esta-en-manos-de-los-maestros-abordar-temas-de-nueva-curricula\/#primaryimage"},"thumbnailUrl":"","datePublished":"2023-01-23T10:20:07+00:00","breadcrumb":{"@id":"https:\/\/www.eldiario.net\/portal\/2023\/01\/23\/esta-en-manos-de-los-maestros-abordar-temas-de-nueva-curricula\/#breadcrumb"},"inLanguage":"es","potentialAction":[{"@type":"ReadAction","target":["https:\/\/www.eldiario.net\/portal\/2023\/01\/23\/esta-en-manos-de-los-maestros-abordar-temas-de-nueva-curricula\/"]}]},{"@type":"ImageObject","inLanguage":"es","@id":"https:\/\/www.eldiario.net\/portal\/2023\/01\/23\/esta-en-manos-de-los-maestros-abordar-temas-de-nueva-curricula\/#primaryimage","url":"","contentUrl":""},{"@type":"BreadcrumbList","@id":"https:\/\/www.eldiario.net\/portal\/2023\/01\/23\/esta-en-manos-de-los-maestros-abordar-temas-de-nueva-curricula\/#breadcrumb","itemListElement":[{"@type":"ListItem","position":1,"name":"Portada","item":"https:\/\/www.eldiario.net\/portal\/"},{"@type":"ListItem","position":2,"name":"\u00abEst\u00e1 en manos de los maestros abordar temas de nueva curr\u00edcula\u00bb"}]},{"@type":"WebSite","@id":"https:\/\/www.eldiario.net\/portal\/#website","url":"https:\/\/www.eldiario.net\/portal\/","name":"El Diario - Decano de la prensa nacional","description":"El Diario - Decano de la prensa nacional","publisher":{"@id":"https:\/\/www.eldiario.net\/portal\/#organization"},"potentialAction":[{"@type":"SearchAction","target":{"@type":"EntryPoint","urlTemplate":"https:\/\/www.eldiario.net\/portal\/?s={search_term_string}"},"query-input":{"@type":"PropertyValueSpecification","valueRequired":true,"valueName":"search_term_string"}}],"inLanguage":"es"},{"@type":"Organization","@id":"https:\/\/www.eldiario.net\/portal\/#organization","name":"El Diario - Decano de la prensa nacional","url":"https:\/\/www.eldiario.net\/portal\/","logo":{"@type":"ImageObject","inLanguage":"es","@id":"https:\/\/www.eldiario.net\/portal\/#\/schema\/logo\/image\/","url":"https:\/\/www.eldiario.net\/portal\/wp-content\/uploads\/2023\/07\/logo_ED.jpg","contentUrl":"https:\/\/www.eldiario.net\/portal\/wp-content\/uploads\/2023\/07\/logo_ED.jpg","width":272,"height":52,"caption":"El Diario - Decano de la prensa nacional"},"image":{"@id":"https:\/\/www.eldiario.net\/portal\/#\/schema\/logo\/image\/"},"sameAs":["https:\/\/www.facebook.com\/eldiario.bolivia\/","https:\/\/x.com\/eldiario_net"]},{"@type":"Person","@id":"https:\/\/www.eldiario.net\/portal\/#\/schema\/person\/2c57cf2b7a7ae032e449e4c9b1019eac","name":"Jeanette","image":{"@type":"ImageObject","inLanguage":"es","@id":"https:\/\/secure.gravatar.com\/avatar\/3ea2118a5f7dad2b7138b1187a6b7ee55f160b9968b66013c3a3ef39dd7e5798?s=96&d=mm&r=g","url":"https:\/\/secure.gravatar.com\/avatar\/3ea2118a5f7dad2b7138b1187a6b7ee55f160b9968b66013c3a3ef39dd7e5798?s=96&d=mm&r=g","contentUrl":"https:\/\/secure.gravatar.com\/avatar\/3ea2118a5f7dad2b7138b1187a6b7ee55f160b9968b66013c3a3ef39dd7e5798?s=96&d=mm&r=g","caption":"Jeanette"},"sameAs":["https:\/\/www.eldiario.net\/portal"],"url":"https:\/\/www.eldiario.net\/portal\/author\/jeanette\/"}]}},"_links":{"self":[{"href":"https:\/\/www.eldiario.net\/portal\/wp-json\/wp\/v2\/posts\/134368","targetHints":{"allow":["GET"]}}],"collection":[{"href":"https:\/\/www.eldiario.net\/portal\/wp-json\/wp\/v2\/posts"}],"about":[{"href":"https:\/\/www.eldiario.net\/portal\/wp-json\/wp\/v2\/types\/post"}],"author":[{"embeddable":true,"href":"https:\/\/www.eldiario.net\/portal\/wp-json\/wp\/v2\/users\/1"}],"replies":[{"embeddable":true,"href":"https:\/\/www.eldiario.net\/portal\/wp-json\/wp\/v2\/comments?post=134368"}],"version-history":[{"count":0,"href":"https:\/\/www.eldiario.net\/portal\/wp-json\/wp\/v2\/posts\/134368\/revisions"}],"wp:attachment":[{"href":"https:\/\/www.eldiario.net\/portal\/wp-json\/wp\/v2\/media?parent=134368"}],"wp:term":[{"taxonomy":"category","embeddable":true,"href":"https:\/\/www.eldiario.net\/portal\/wp-json\/wp\/v2\/categories?post=134368"},{"taxonomy":"post_tag","embeddable":true,"href":"https:\/\/www.eldiario.net\/portal\/wp-json\/wp\/v2\/tags?post=134368"}],"curies":[{"name":"wp","href":"https:\/\/api.w.org\/{rel}","templated":true}]}}