{"id":13425,"date":"2021-06-28T06:04:30","date_gmt":"2021-06-28T10:04:30","guid":{"rendered":"https:\/\/www.eldiario.net\/portal\/?p=13425"},"modified":"2021-06-28T06:04:30","modified_gmt":"2021-06-28T10:04:30","slug":"diputada-pide-a-alp-priorizar-tratamiento-de-leyes-en-salud","status":"publish","type":"post","link":"https:\/\/www.eldiario.net\/portal\/2021\/06\/28\/diputada-pide-a-alp-priorizar-tratamiento-de-leyes-en-salud\/","title":{"rendered":"Diputada pide a ALP priorizar tratamiento de leyes en salud"},"content":{"rendered":"<p>Ante la priorizaci\u00f3n de proyectos de ley planteados por el Poder Ejecutivo en los que se deja de lado la atenci\u00f3n de la salud, la senadora por la agrupaci\u00f3n Comunidad Ciudadana (CC), Andrea Barrientos, cuestion\u00f3 que en la Asamblea Legislativa se atienda con preferencia la agenda del Gobierno antes que las normas para la reactivaci\u00f3n econ\u00f3mica y la salud.<br \/>\nFrente a la pol\u00e9mica por el tratamiento de leyes para modificar normas vigentes y para regular procedimientos como los ascensos en la Polic\u00eda, dejando de lado temas y proyectos de ley prioritarios para el bienestar y salud de la poblaci\u00f3n, se cuestiona que el poder ejecutivo imponga su agenda antes que otras necesidades urgentes.<br \/>\nBarrientos se\u00f1al\u00f3 que ninguno de los proyectos de ley que han sido tratados en la Asamblea Legislativa hasta el momento fue propuesto por iniciativa de alg\u00fan legislador sino que se responde a la agenda y los requerimientos del Poder Ejecutivo para montar un \u201cshow pol\u00edtico\u201d.<br \/>\n\u201cEl Movimiento al Socialismo agenda lo que le da la gana, nosotros tenemos proyectos de ley respecto a la salud, nosotros hemos presentado hace tiempo, liberaci\u00f3n de vacunas, compre de vacunas de parte de las ETAs, dotaci\u00f3n de medicamentos gratuitos, implementaci\u00f3n de plantas de ox\u00edgeno, etc. que no se tocan y no se tocan porque no le da la gana al MAS\u201d denunci\u00f3 la legisladora.<br \/>\nPidi\u00f3 que los proyectos sean tratados seg\u00fan su importancia y por el orden de presentaci\u00f3n, pero la mayor\u00eda del MAS en las c\u00e1maras de la Asamblea, impone sus intereses antes que el bienestar de la ciudadan\u00eda.<br \/>\n\u201cCreemos que es importante que se vayan tocando los proyectos a medida que van entrando y por supuesto que hay proyectos que hay que priorizar como los de reactivaci\u00f3n econ\u00f3mica y salud, todo lo dem\u00e1s es parte de un show pol\u00edtico\u201d, indic\u00f3 Barrientos.<br \/>\nSobre los recientes planteamientos que buscan la modificaci\u00f3n de reglamentos y otras leyes, sostuvo que existen muchas normativas que deben ser revisadas y modificadas pero sin dejar de lado la reactivaci\u00f3n econ\u00f3mica y la salud.<br \/>\n\u201cHay una necesidad imperativa de modificar muchas leyes, lo primero que hay que hacer es una adecuaci\u00f3n de toda la normativa, se tiene que hacer un barrido de las leyes que no est\u00e1n funcionando de manera adecuada\u201d, apunt\u00f3.<br \/>\nSe\u00f1al\u00f3 que el caso de las modificaciones a la ley Marcelo Quiroga Santa Cruz, el proyecto de ley para regular ascensos en la Polic\u00eda y la venta de las reservas de oro del BCB son claros ejemplos de que no se est\u00e1 priorizando la atenci\u00f3n de la pandemia y la salud de los bolivianos.<\/p>\n","protected":false},"excerpt":{"rendered":"<p>Ante la priorizaci\u00f3n de proyectos de ley planteados por el Poder Ejecutivo en los que se deja de lado la atenci\u00f3n de la salud, la senadora por la agrupaci\u00f3n Comunidad Ciudadana (CC), Andrea Barrientos, cuestion\u00f3 que en la Asamblea Legislativa se atienda con preferencia la agenda del Gobierno antes que las normas para la reactivaci\u00f3n [&hellip;]<\/p>\n","protected":false},"author":1,"featured_media":0,"comment_status":"closed","ping_status":"closed","sticky":false,"template":"","format":"standard","meta":{"_acf_changed":false,"footnotes":""},"categories":[14],"tags":[],"class_list":["post-13425","post","type-post","status-publish","format-standard","category-politica"],"acf":{"antetitulo":""},"yoast_head":"<!-- This site is optimized with the Yoast SEO plugin v28.4 - https:\/\/yoast.com\/product\/yoast-seo-wordpress\/ -->\n<title>Diputada pide a ALP priorizar tratamiento de leyes en salud - El Diario - Bolivia<\/title>\n<meta name=\"robots\" content=\"index, follow, max-snippet:-1, max-image-preview:large, max-video-preview:-1\" \/>\n<link rel=\"canonical\" href=\"https:\/\/www.eldiario.net\/portal\/2021\/06\/28\/diputada-pide-a-alp-priorizar-tratamiento-de-leyes-en-salud\/\" \/>\n<meta property=\"og:locale\" content=\"es_ES\" \/>\n<meta property=\"og:type\" content=\"article\" \/>\n<meta property=\"og:title\" content=\"Diputada pide a ALP priorizar tratamiento de leyes en salud - El Diario - Bolivia\" \/>\n<meta property=\"og:description\" content=\"Ante la priorizaci\u00f3n de proyectos de ley planteados por el Poder Ejecutivo en los que se deja de lado la atenci\u00f3n de la salud, la senadora por la agrupaci\u00f3n Comunidad Ciudadana (CC), Andrea Barrientos, cuestion\u00f3 que en la Asamblea Legislativa se atienda con preferencia la agenda del Gobierno antes que las normas para la reactivaci\u00f3n [&hellip;]\" \/>\n<meta property=\"og:url\" content=\"https:\/\/www.eldiario.net\/portal\/2021\/06\/28\/diputada-pide-a-alp-priorizar-tratamiento-de-leyes-en-salud\/\" \/>\n<meta property=\"og:site_name\" content=\"El Diario - Bolivia\" \/>\n<meta property=\"article:publisher\" content=\"https:\/\/www.facebook.com\/eldiario.bolivia\/\" \/>\n<meta property=\"article:published_time\" content=\"2021-06-28T10:04:30+00:00\" \/>\n<meta name=\"author\" content=\"Jeanette\" \/>\n<meta name=\"twitter:card\" content=\"summary_large_image\" \/>\n<meta name=\"twitter:creator\" content=\"@eldiario_net\" \/>\n<meta name=\"twitter:site\" content=\"@eldiario_net\" \/>\n<meta name=\"twitter:label1\" content=\"Escrito por\" \/>\n\t<meta name=\"twitter:data1\" content=\"Jeanette\" \/>\n\t<meta name=\"twitter:label2\" content=\"Tiempo de lectura\" \/>\n\t<meta name=\"twitter:data2\" content=\"2 minutos\" \/>\n<script type=\"application\/ld+json\" class=\"yoast-schema-graph\">{\"@context\":\"https:\\\/\\\/schema.org\",\"@graph\":[{\"@type\":\"Article\",\"@id\":\"https:\\\/\\\/www.eldiario.net\\\/portal\\\/2021\\\/06\\\/28\\\/diputada-pide-a-alp-priorizar-tratamiento-de-leyes-en-salud\\\/#article\",\"isPartOf\":{\"@id\":\"https:\\\/\\\/www.eldiario.net\\\/portal\\\/2021\\\/06\\\/28\\\/diputada-pide-a-alp-priorizar-tratamiento-de-leyes-en-salud\\\/\"},\"author\":{\"name\":\"Jeanette\",\"@id\":\"https:\\\/\\\/www.eldiario.net\\\/portal\\\/#\\\/schema\\\/person\\\/2c57cf2b7a7ae032e449e4c9b1019eac\"},\"headline\":\"Diputada pide a ALP priorizar tratamiento de leyes en salud\",\"datePublished\":\"2021-06-28T10:04:30+00:00\",\"mainEntityOfPage\":{\"@id\":\"https:\\\/\\\/www.eldiario.net\\\/portal\\\/2021\\\/06\\\/28\\\/diputada-pide-a-alp-priorizar-tratamiento-de-leyes-en-salud\\\/\"},\"wordCount\":471,\"publisher\":{\"@id\":\"https:\\\/\\\/www.eldiario.net\\\/portal\\\/#organization\"},\"articleSection\":[\"Pol\u00edtica\"],\"inLanguage\":\"es\"},{\"@type\":\"WebPage\",\"@id\":\"https:\\\/\\\/www.eldiario.net\\\/portal\\\/2021\\\/06\\\/28\\\/diputada-pide-a-alp-priorizar-tratamiento-de-leyes-en-salud\\\/\",\"url\":\"https:\\\/\\\/www.eldiario.net\\\/portal\\\/2021\\\/06\\\/28\\\/diputada-pide-a-alp-priorizar-tratamiento-de-leyes-en-salud\\\/\",\"name\":\"Diputada pide a ALP priorizar tratamiento de leyes en salud - El Diario - Bolivia\",\"isPartOf\":{\"@id\":\"https:\\\/\\\/www.eldiario.net\\\/portal\\\/#website\"},\"datePublished\":\"2021-06-28T10:04:30+00:00\",\"breadcrumb\":{\"@id\":\"https:\\\/\\\/www.eldiario.net\\\/portal\\\/2021\\\/06\\\/28\\\/diputada-pide-a-alp-priorizar-tratamiento-de-leyes-en-salud\\\/#breadcrumb\"},\"inLanguage\":\"es\",\"potentialAction\":[{\"@type\":\"ReadAction\",\"target\":[\"https:\\\/\\\/www.eldiario.net\\\/portal\\\/2021\\\/06\\\/28\\\/diputada-pide-a-alp-priorizar-tratamiento-de-leyes-en-salud\\\/\"]}]},{\"@type\":\"BreadcrumbList\",\"@id\":\"https:\\\/\\\/www.eldiario.net\\\/portal\\\/2021\\\/06\\\/28\\\/diputada-pide-a-alp-priorizar-tratamiento-de-leyes-en-salud\\\/#breadcrumb\",\"itemListElement\":[{\"@type\":\"ListItem\",\"position\":1,\"name\":\"Portada\",\"item\":\"https:\\\/\\\/www.eldiario.net\\\/portal\\\/\"},{\"@type\":\"ListItem\",\"position\":2,\"name\":\"Diputada pide a ALP priorizar tratamiento de leyes en salud\"}]},{\"@type\":\"WebSite\",\"@id\":\"https:\\\/\\\/www.eldiario.net\\\/portal\\\/#website\",\"url\":\"https:\\\/\\\/www.eldiario.net\\\/portal\\\/\",\"name\":\"El Diario - Decano de la prensa nacional\",\"description\":\"El Diario - Decano de la prensa nacional\",\"publisher\":{\"@id\":\"https:\\\/\\\/www.eldiario.net\\\/portal\\\/#organization\"},\"potentialAction\":[{\"@type\":\"SearchAction\",\"target\":{\"@type\":\"EntryPoint\",\"urlTemplate\":\"https:\\\/\\\/www.eldiario.net\\\/portal\\\/?s={search_term_string}\"},\"query-input\":{\"@type\":\"PropertyValueSpecification\",\"valueRequired\":true,\"valueName\":\"search_term_string\"}}],\"inLanguage\":\"es\"},{\"@type\":\"Organization\",\"@id\":\"https:\\\/\\\/www.eldiario.net\\\/portal\\\/#organization\",\"name\":\"El Diario - Decano de la prensa nacional\",\"url\":\"https:\\\/\\\/www.eldiario.net\\\/portal\\\/\",\"logo\":{\"@type\":\"ImageObject\",\"inLanguage\":\"es\",\"@id\":\"https:\\\/\\\/www.eldiario.net\\\/portal\\\/#\\\/schema\\\/logo\\\/image\\\/\",\"url\":\"https:\\\/\\\/www.eldiario.net\\\/portal\\\/wp-content\\\/uploads\\\/2023\\\/07\\\/logo_ED.jpg\",\"contentUrl\":\"https:\\\/\\\/www.eldiario.net\\\/portal\\\/wp-content\\\/uploads\\\/2023\\\/07\\\/logo_ED.jpg\",\"width\":272,\"height\":52,\"caption\":\"El Diario - Decano de la prensa nacional\"},\"image\":{\"@id\":\"https:\\\/\\\/www.eldiario.net\\\/portal\\\/#\\\/schema\\\/logo\\\/image\\\/\"},\"sameAs\":[\"https:\\\/\\\/www.facebook.com\\\/eldiario.bolivia\\\/\",\"https:\\\/\\\/x.com\\\/eldiario_net\"]},{\"@type\":\"Person\",\"@id\":\"https:\\\/\\\/www.eldiario.net\\\/portal\\\/#\\\/schema\\\/person\\\/2c57cf2b7a7ae032e449e4c9b1019eac\",\"name\":\"Jeanette\",\"image\":{\"@type\":\"ImageObject\",\"inLanguage\":\"es\",\"@id\":\"https:\\\/\\\/secure.gravatar.com\\\/avatar\\\/3ea2118a5f7dad2b7138b1187a6b7ee55f160b9968b66013c3a3ef39dd7e5798?s=96&d=mm&r=g\",\"url\":\"https:\\\/\\\/secure.gravatar.com\\\/avatar\\\/3ea2118a5f7dad2b7138b1187a6b7ee55f160b9968b66013c3a3ef39dd7e5798?s=96&d=mm&r=g\",\"contentUrl\":\"https:\\\/\\\/secure.gravatar.com\\\/avatar\\\/3ea2118a5f7dad2b7138b1187a6b7ee55f160b9968b66013c3a3ef39dd7e5798?s=96&d=mm&r=g\",\"caption\":\"Jeanette\"},\"sameAs\":[\"https:\\\/\\\/www.eldiario.net\\\/portal\"],\"url\":\"https:\\\/\\\/www.eldiario.net\\\/portal\\\/author\\\/jeanette\\\/\"}]}<\/script>\n<!-- \/ Yoast SEO plugin. -->","yoast_head_json":{"title":"Diputada pide a ALP priorizar tratamiento de leyes en salud - El Diario - Bolivia","robots":{"index":"index","follow":"follow","max-snippet":"max-snippet:-1","max-image-preview":"max-image-preview:large","max-video-preview":"max-video-preview:-1"},"canonical":"https:\/\/www.eldiario.net\/portal\/2021\/06\/28\/diputada-pide-a-alp-priorizar-tratamiento-de-leyes-en-salud\/","og_locale":"es_ES","og_type":"article","og_title":"Diputada pide a ALP priorizar tratamiento de leyes en salud - El Diario - Bolivia","og_description":"Ante la priorizaci\u00f3n de proyectos de ley planteados por el Poder Ejecutivo en los que se deja de lado la atenci\u00f3n de la salud, la senadora por la agrupaci\u00f3n Comunidad Ciudadana (CC), Andrea Barrientos, cuestion\u00f3 que en la Asamblea Legislativa se atienda con preferencia la agenda del Gobierno antes que las normas para la reactivaci\u00f3n [&hellip;]","og_url":"https:\/\/www.eldiario.net\/portal\/2021\/06\/28\/diputada-pide-a-alp-priorizar-tratamiento-de-leyes-en-salud\/","og_site_name":"El Diario - Bolivia","article_publisher":"https:\/\/www.facebook.com\/eldiario.bolivia\/","article_published_time":"2021-06-28T10:04:30+00:00","author":"Jeanette","twitter_card":"summary_large_image","twitter_creator":"@eldiario_net","twitter_site":"@eldiario_net","twitter_misc":{"Escrito por":"Jeanette","Tiempo de lectura":"2 minutos"},"schema":{"@context":"https:\/\/schema.org","@graph":[{"@type":"Article","@id":"https:\/\/www.eldiario.net\/portal\/2021\/06\/28\/diputada-pide-a-alp-priorizar-tratamiento-de-leyes-en-salud\/#article","isPartOf":{"@id":"https:\/\/www.eldiario.net\/portal\/2021\/06\/28\/diputada-pide-a-alp-priorizar-tratamiento-de-leyes-en-salud\/"},"author":{"name":"Jeanette","@id":"https:\/\/www.eldiario.net\/portal\/#\/schema\/person\/2c57cf2b7a7ae032e449e4c9b1019eac"},"headline":"Diputada pide a ALP priorizar tratamiento de leyes en salud","datePublished":"2021-06-28T10:04:30+00:00","mainEntityOfPage":{"@id":"https:\/\/www.eldiario.net\/portal\/2021\/06\/28\/diputada-pide-a-alp-priorizar-tratamiento-de-leyes-en-salud\/"},"wordCount":471,"publisher":{"@id":"https:\/\/www.eldiario.net\/portal\/#organization"},"articleSection":["Pol\u00edtica"],"inLanguage":"es"},{"@type":"WebPage","@id":"https:\/\/www.eldiario.net\/portal\/2021\/06\/28\/diputada-pide-a-alp-priorizar-tratamiento-de-leyes-en-salud\/","url":"https:\/\/www.eldiario.net\/portal\/2021\/06\/28\/diputada-pide-a-alp-priorizar-tratamiento-de-leyes-en-salud\/","name":"Diputada pide a ALP priorizar tratamiento de leyes en salud - El Diario - Bolivia","isPartOf":{"@id":"https:\/\/www.eldiario.net\/portal\/#website"},"datePublished":"2021-06-28T10:04:30+00:00","breadcrumb":{"@id":"https:\/\/www.eldiario.net\/portal\/2021\/06\/28\/diputada-pide-a-alp-priorizar-tratamiento-de-leyes-en-salud\/#breadcrumb"},"inLanguage":"es","potentialAction":[{"@type":"ReadAction","target":["https:\/\/www.eldiario.net\/portal\/2021\/06\/28\/diputada-pide-a-alp-priorizar-tratamiento-de-leyes-en-salud\/"]}]},{"@type":"BreadcrumbList","@id":"https:\/\/www.eldiario.net\/portal\/2021\/06\/28\/diputada-pide-a-alp-priorizar-tratamiento-de-leyes-en-salud\/#breadcrumb","itemListElement":[{"@type":"ListItem","position":1,"name":"Portada","item":"https:\/\/www.eldiario.net\/portal\/"},{"@type":"ListItem","position":2,"name":"Diputada pide a ALP priorizar tratamiento de leyes en salud"}]},{"@type":"WebSite","@id":"https:\/\/www.eldiario.net\/portal\/#website","url":"https:\/\/www.eldiario.net\/portal\/","name":"El Diario - Decano de la prensa nacional","description":"El Diario - Decano de la prensa nacional","publisher":{"@id":"https:\/\/www.eldiario.net\/portal\/#organization"},"potentialAction":[{"@type":"SearchAction","target":{"@type":"EntryPoint","urlTemplate":"https:\/\/www.eldiario.net\/portal\/?s={search_term_string}"},"query-input":{"@type":"PropertyValueSpecification","valueRequired":true,"valueName":"search_term_string"}}],"inLanguage":"es"},{"@type":"Organization","@id":"https:\/\/www.eldiario.net\/portal\/#organization","name":"El Diario - Decano de la prensa nacional","url":"https:\/\/www.eldiario.net\/portal\/","logo":{"@type":"ImageObject","inLanguage":"es","@id":"https:\/\/www.eldiario.net\/portal\/#\/schema\/logo\/image\/","url":"https:\/\/www.eldiario.net\/portal\/wp-content\/uploads\/2023\/07\/logo_ED.jpg","contentUrl":"https:\/\/www.eldiario.net\/portal\/wp-content\/uploads\/2023\/07\/logo_ED.jpg","width":272,"height":52,"caption":"El Diario - Decano de la prensa nacional"},"image":{"@id":"https:\/\/www.eldiario.net\/portal\/#\/schema\/logo\/image\/"},"sameAs":["https:\/\/www.facebook.com\/eldiario.bolivia\/","https:\/\/x.com\/eldiario_net"]},{"@type":"Person","@id":"https:\/\/www.eldiario.net\/portal\/#\/schema\/person\/2c57cf2b7a7ae032e449e4c9b1019eac","name":"Jeanette","image":{"@type":"ImageObject","inLanguage":"es","@id":"https:\/\/secure.gravatar.com\/avatar\/3ea2118a5f7dad2b7138b1187a6b7ee55f160b9968b66013c3a3ef39dd7e5798?s=96&d=mm&r=g","url":"https:\/\/secure.gravatar.com\/avatar\/3ea2118a5f7dad2b7138b1187a6b7ee55f160b9968b66013c3a3ef39dd7e5798?s=96&d=mm&r=g","contentUrl":"https:\/\/secure.gravatar.com\/avatar\/3ea2118a5f7dad2b7138b1187a6b7ee55f160b9968b66013c3a3ef39dd7e5798?s=96&d=mm&r=g","caption":"Jeanette"},"sameAs":["https:\/\/www.eldiario.net\/portal"],"url":"https:\/\/www.eldiario.net\/portal\/author\/jeanette\/"}]}},"_links":{"self":[{"href":"https:\/\/www.eldiario.net\/portal\/wp-json\/wp\/v2\/posts\/13425","targetHints":{"allow":["GET"]}}],"collection":[{"href":"https:\/\/www.eldiario.net\/portal\/wp-json\/wp\/v2\/posts"}],"about":[{"href":"https:\/\/www.eldiario.net\/portal\/wp-json\/wp\/v2\/types\/post"}],"author":[{"embeddable":true,"href":"https:\/\/www.eldiario.net\/portal\/wp-json\/wp\/v2\/users\/1"}],"replies":[{"embeddable":true,"href":"https:\/\/www.eldiario.net\/portal\/wp-json\/wp\/v2\/comments?post=13425"}],"version-history":[{"count":0,"href":"https:\/\/www.eldiario.net\/portal\/wp-json\/wp\/v2\/posts\/13425\/revisions"}],"wp:attachment":[{"href":"https:\/\/www.eldiario.net\/portal\/wp-json\/wp\/v2\/media?parent=13425"}],"wp:term":[{"taxonomy":"category","embeddable":true,"href":"https:\/\/www.eldiario.net\/portal\/wp-json\/wp\/v2\/categories?post=13425"},{"taxonomy":"post_tag","embeddable":true,"href":"https:\/\/www.eldiario.net\/portal\/wp-json\/wp\/v2\/tags?post=13425"}],"curies":[{"name":"wp","href":"https:\/\/api.w.org\/{rel}","templated":true}]}}