{"id":13422,"date":"2021-06-28T06:03:42","date_gmt":"2021-06-28T10:03:42","guid":{"rendered":"https:\/\/www.eldiario.net\/portal\/?p=13422"},"modified":"2021-06-28T06:03:42","modified_gmt":"2021-06-28T10:03:42","slug":"exdiputado-sugiere-al-presidente-tener-cuidado-con-declaraciones-de-quintana","status":"publish","type":"post","link":"https:\/\/www.eldiario.net\/portal\/2021\/06\/28\/exdiputado-sugiere-al-presidente-tener-cuidado-con-declaraciones-de-quintana\/","title":{"rendered":"Exdiputado sugiere al Presidente tener  cuidado con declaraciones de Quintana"},"content":{"rendered":"<p>Debido a las declaraciones en las que el exministro Juan Ram\u00f3n Quintana compar\u00f3 la gesti\u00f3n del presidente Luis Arce con la dictadura de Luis Garc\u00eda Meza, el exdiputado Am\u00edlcar Barral sugiri\u00f3 al primer mandatario tener cuidado con este tipo de manifestaciones; adem\u00e1s, sostuvo que los cuestionamientos a la gesti\u00f3n de Gobierno denotan desesperaci\u00f3n de sectores al interior del partido gobernante.<br \/>\nBarral se\u00f1al\u00f3 que Quintana no es un personaje en el que se deba tener confianza y que este tipo de declaraciones denotan desesperaci\u00f3n por parte de sectores del MAS que no est\u00e1n contentos con el actual Gobierno pese a pertenecer a la misma organizaci\u00f3n pol\u00edtica.<br \/>\n\u201cPara m\u00ed, Carlos S\u00e1nchez Berzain es la madre Teresa de Calcuta al lado de Juan Ram\u00f3n Quintana. El que critiques a un presidente que es de tu mismo partido denota desesperaci\u00f3n, pero sabemos lo mal\u00e9fico que es Quintana y lo tomamos como de quien viene y eso es lo que tendr\u00eda que hacer el Presiente\u201d, se\u00f1al\u00f3 Barral.<br \/>\nAdvirti\u00f3 sobre la peligrosidad de que uno de los ex hombres fuertes del gobierno de Morales salga a emitir cr\u00edticas a la gesti\u00f3n de Arce, m\u00e1s si se conoce de la cercan\u00eda y afinidad de Quintana con el l\u00edder cocalero para supuestamente llevar adelante maniobras desestabilizadoras en contra del actual r\u00e9gimen.<br \/>\n\u201cSi contin\u00faa hablando y tiene la valent\u00eda m\u00e1s bien que investiguen todo lo que ha hecho Quintana, es un consejo que le doy al MAS y al presidente Luis Arce, Quintana es muy peligroso y en este momento se est\u00e1 volviendo la mano derecha de Evo Morales, no vaya a ser que de aqu\u00ed a un tiempo los que quieran supuestamente hacerle golpe sean sus mismos supuestos compa\u00f1eros\u201d, indic\u00f3.<br \/>\nEn los \u00faltimos d\u00edas, el exministro Quintana emiti\u00f3 fuertes cr\u00edticas al Gobierno por el tratamiento de la ley de ascensos en la Polic\u00eda Boliviana y por considerar que se premia a esta instituci\u00f3n despu\u00e9s de que se produjo un mot\u00edn que provoc\u00f3 la salida de Morales de la presidencia en 2019.<\/p>\n","protected":false},"excerpt":{"rendered":"<p>Debido a las declaraciones en las que el exministro Juan Ram\u00f3n Quintana compar\u00f3 la gesti\u00f3n del presidente Luis Arce con la dictadura de Luis Garc\u00eda Meza, el exdiputado Am\u00edlcar Barral sugiri\u00f3 al primer mandatario tener cuidado con este tipo de manifestaciones; adem\u00e1s, sostuvo que los cuestionamientos a la gesti\u00f3n de Gobierno denotan desesperaci\u00f3n de sectores [&hellip;]<\/p>\n","protected":false},"author":1,"featured_media":13423,"comment_status":"closed","ping_status":"closed","sticky":false,"template":"","format":"standard","meta":{"_acf_changed":false,"footnotes":""},"categories":[14],"tags":[],"class_list":["post-13422","post","type-post","status-publish","format-standard","has-post-thumbnail","category-politica"],"acf":{"antetitulo":""},"yoast_head":"<!-- This site is optimized with the Yoast SEO plugin v28.4 - https:\/\/yoast.com\/product\/yoast-seo-wordpress\/ -->\n<title>Exdiputado sugiere al Presidente tener cuidado con declaraciones de Quintana - El Diario - Bolivia<\/title>\n<meta name=\"robots\" content=\"index, follow, max-snippet:-1, max-image-preview:large, max-video-preview:-1\" \/>\n<link rel=\"canonical\" href=\"https:\/\/www.eldiario.net\/portal\/2021\/06\/28\/exdiputado-sugiere-al-presidente-tener-cuidado-con-declaraciones-de-quintana\/\" \/>\n<meta property=\"og:locale\" content=\"es_ES\" \/>\n<meta property=\"og:type\" content=\"article\" \/>\n<meta property=\"og:title\" content=\"Exdiputado sugiere al Presidente tener cuidado con declaraciones de Quintana - El Diario - Bolivia\" \/>\n<meta property=\"og:description\" content=\"Debido a las declaraciones en las que el exministro Juan Ram\u00f3n Quintana compar\u00f3 la gesti\u00f3n del presidente Luis Arce con la dictadura de Luis Garc\u00eda Meza, el exdiputado Am\u00edlcar Barral sugiri\u00f3 al primer mandatario tener cuidado con este tipo de manifestaciones; adem\u00e1s, sostuvo que los cuestionamientos a la gesti\u00f3n de Gobierno denotan desesperaci\u00f3n de sectores [&hellip;]\" \/>\n<meta property=\"og:url\" content=\"https:\/\/www.eldiario.net\/portal\/2021\/06\/28\/exdiputado-sugiere-al-presidente-tener-cuidado-con-declaraciones-de-quintana\/\" \/>\n<meta property=\"og:site_name\" content=\"El Diario - Bolivia\" \/>\n<meta property=\"article:publisher\" content=\"https:\/\/www.facebook.com\/eldiario.bolivia\/\" \/>\n<meta property=\"article:published_time\" content=\"2021-06-28T10:03:42+00:00\" \/>\n<meta property=\"og:image\" content=\"https:\/\/www.eldiario.net\/portal\/wp-content\/uploads\/2021\/06\/Pol-272.jpg\" \/>\n\t<meta property=\"og:image:width\" content=\"770\" \/>\n\t<meta property=\"og:image:height\" content=\"512\" \/>\n\t<meta property=\"og:image:type\" content=\"image\/jpeg\" \/>\n<meta name=\"author\" content=\"Jeanette\" \/>\n<meta name=\"twitter:card\" content=\"summary_large_image\" \/>\n<meta name=\"twitter:creator\" content=\"@eldiario_net\" \/>\n<meta name=\"twitter:site\" content=\"@eldiario_net\" \/>\n<meta name=\"twitter:label1\" content=\"Escrito por\" \/>\n\t<meta name=\"twitter:data1\" content=\"Jeanette\" \/>\n\t<meta name=\"twitter:label2\" content=\"Tiempo de lectura\" \/>\n\t<meta name=\"twitter:data2\" content=\"2 minutos\" \/>\n<script type=\"application\/ld+json\" class=\"yoast-schema-graph\">{\"@context\":\"https:\\\/\\\/schema.org\",\"@graph\":[{\"@type\":\"Article\",\"@id\":\"https:\\\/\\\/www.eldiario.net\\\/portal\\\/2021\\\/06\\\/28\\\/exdiputado-sugiere-al-presidente-tener-cuidado-con-declaraciones-de-quintana\\\/#article\",\"isPartOf\":{\"@id\":\"https:\\\/\\\/www.eldiario.net\\\/portal\\\/2021\\\/06\\\/28\\\/exdiputado-sugiere-al-presidente-tener-cuidado-con-declaraciones-de-quintana\\\/\"},\"author\":{\"name\":\"Jeanette\",\"@id\":\"https:\\\/\\\/www.eldiario.net\\\/portal\\\/#\\\/schema\\\/person\\\/2c57cf2b7a7ae032e449e4c9b1019eac\"},\"headline\":\"Exdiputado sugiere al Presidente tener cuidado con declaraciones de Quintana\",\"datePublished\":\"2021-06-28T10:03:42+00:00\",\"mainEntityOfPage\":{\"@id\":\"https:\\\/\\\/www.eldiario.net\\\/portal\\\/2021\\\/06\\\/28\\\/exdiputado-sugiere-al-presidente-tener-cuidado-con-declaraciones-de-quintana\\\/\"},\"wordCount\":376,\"publisher\":{\"@id\":\"https:\\\/\\\/www.eldiario.net\\\/portal\\\/#organization\"},\"image\":{\"@id\":\"https:\\\/\\\/www.eldiario.net\\\/portal\\\/2021\\\/06\\\/28\\\/exdiputado-sugiere-al-presidente-tener-cuidado-con-declaraciones-de-quintana\\\/#primaryimage\"},\"thumbnailUrl\":\"https:\\\/\\\/www.eldiario.net\\\/portal\\\/wp-content\\\/uploads\\\/2021\\\/06\\\/Pol-272.jpg\",\"articleSection\":[\"Pol\u00edtica\"],\"inLanguage\":\"es\"},{\"@type\":\"WebPage\",\"@id\":\"https:\\\/\\\/www.eldiario.net\\\/portal\\\/2021\\\/06\\\/28\\\/exdiputado-sugiere-al-presidente-tener-cuidado-con-declaraciones-de-quintana\\\/\",\"url\":\"https:\\\/\\\/www.eldiario.net\\\/portal\\\/2021\\\/06\\\/28\\\/exdiputado-sugiere-al-presidente-tener-cuidado-con-declaraciones-de-quintana\\\/\",\"name\":\"Exdiputado sugiere al Presidente tener cuidado con declaraciones de Quintana - El Diario - Bolivia\",\"isPartOf\":{\"@id\":\"https:\\\/\\\/www.eldiario.net\\\/portal\\\/#website\"},\"primaryImageOfPage\":{\"@id\":\"https:\\\/\\\/www.eldiario.net\\\/portal\\\/2021\\\/06\\\/28\\\/exdiputado-sugiere-al-presidente-tener-cuidado-con-declaraciones-de-quintana\\\/#primaryimage\"},\"image\":{\"@id\":\"https:\\\/\\\/www.eldiario.net\\\/portal\\\/2021\\\/06\\\/28\\\/exdiputado-sugiere-al-presidente-tener-cuidado-con-declaraciones-de-quintana\\\/#primaryimage\"},\"thumbnailUrl\":\"https:\\\/\\\/www.eldiario.net\\\/portal\\\/wp-content\\\/uploads\\\/2021\\\/06\\\/Pol-272.jpg\",\"datePublished\":\"2021-06-28T10:03:42+00:00\",\"breadcrumb\":{\"@id\":\"https:\\\/\\\/www.eldiario.net\\\/portal\\\/2021\\\/06\\\/28\\\/exdiputado-sugiere-al-presidente-tener-cuidado-con-declaraciones-de-quintana\\\/#breadcrumb\"},\"inLanguage\":\"es\",\"potentialAction\":[{\"@type\":\"ReadAction\",\"target\":[\"https:\\\/\\\/www.eldiario.net\\\/portal\\\/2021\\\/06\\\/28\\\/exdiputado-sugiere-al-presidente-tener-cuidado-con-declaraciones-de-quintana\\\/\"]}]},{\"@type\":\"ImageObject\",\"inLanguage\":\"es\",\"@id\":\"https:\\\/\\\/www.eldiario.net\\\/portal\\\/2021\\\/06\\\/28\\\/exdiputado-sugiere-al-presidente-tener-cuidado-con-declaraciones-de-quintana\\\/#primaryimage\",\"url\":\"https:\\\/\\\/www.eldiario.net\\\/portal\\\/wp-content\\\/uploads\\\/2021\\\/06\\\/Pol-272.jpg\",\"contentUrl\":\"https:\\\/\\\/www.eldiario.net\\\/portal\\\/wp-content\\\/uploads\\\/2021\\\/06\\\/Pol-272.jpg\",\"width\":770,\"height\":512},{\"@type\":\"BreadcrumbList\",\"@id\":\"https:\\\/\\\/www.eldiario.net\\\/portal\\\/2021\\\/06\\\/28\\\/exdiputado-sugiere-al-presidente-tener-cuidado-con-declaraciones-de-quintana\\\/#breadcrumb\",\"itemListElement\":[{\"@type\":\"ListItem\",\"position\":1,\"name\":\"Portada\",\"item\":\"https:\\\/\\\/www.eldiario.net\\\/portal\\\/\"},{\"@type\":\"ListItem\",\"position\":2,\"name\":\"Exdiputado sugiere al Presidente tener cuidado con declaraciones de Quintana\"}]},{\"@type\":\"WebSite\",\"@id\":\"https:\\\/\\\/www.eldiario.net\\\/portal\\\/#website\",\"url\":\"https:\\\/\\\/www.eldiario.net\\\/portal\\\/\",\"name\":\"El Diario - Decano de la prensa nacional\",\"description\":\"El Diario - Decano de la prensa nacional\",\"publisher\":{\"@id\":\"https:\\\/\\\/www.eldiario.net\\\/portal\\\/#organization\"},\"potentialAction\":[{\"@type\":\"SearchAction\",\"target\":{\"@type\":\"EntryPoint\",\"urlTemplate\":\"https:\\\/\\\/www.eldiario.net\\\/portal\\\/?s={search_term_string}\"},\"query-input\":{\"@type\":\"PropertyValueSpecification\",\"valueRequired\":true,\"valueName\":\"search_term_string\"}}],\"inLanguage\":\"es\"},{\"@type\":\"Organization\",\"@id\":\"https:\\\/\\\/www.eldiario.net\\\/portal\\\/#organization\",\"name\":\"El Diario - Decano de la prensa nacional\",\"url\":\"https:\\\/\\\/www.eldiario.net\\\/portal\\\/\",\"logo\":{\"@type\":\"ImageObject\",\"inLanguage\":\"es\",\"@id\":\"https:\\\/\\\/www.eldiario.net\\\/portal\\\/#\\\/schema\\\/logo\\\/image\\\/\",\"url\":\"https:\\\/\\\/www.eldiario.net\\\/portal\\\/wp-content\\\/uploads\\\/2023\\\/07\\\/logo_ED.jpg\",\"contentUrl\":\"https:\\\/\\\/www.eldiario.net\\\/portal\\\/wp-content\\\/uploads\\\/2023\\\/07\\\/logo_ED.jpg\",\"width\":272,\"height\":52,\"caption\":\"El Diario - Decano de la prensa nacional\"},\"image\":{\"@id\":\"https:\\\/\\\/www.eldiario.net\\\/portal\\\/#\\\/schema\\\/logo\\\/image\\\/\"},\"sameAs\":[\"https:\\\/\\\/www.facebook.com\\\/eldiario.bolivia\\\/\",\"https:\\\/\\\/x.com\\\/eldiario_net\"]},{\"@type\":\"Person\",\"@id\":\"https:\\\/\\\/www.eldiario.net\\\/portal\\\/#\\\/schema\\\/person\\\/2c57cf2b7a7ae032e449e4c9b1019eac\",\"name\":\"Jeanette\",\"image\":{\"@type\":\"ImageObject\",\"inLanguage\":\"es\",\"@id\":\"https:\\\/\\\/secure.gravatar.com\\\/avatar\\\/3ea2118a5f7dad2b7138b1187a6b7ee55f160b9968b66013c3a3ef39dd7e5798?s=96&d=mm&r=g\",\"url\":\"https:\\\/\\\/secure.gravatar.com\\\/avatar\\\/3ea2118a5f7dad2b7138b1187a6b7ee55f160b9968b66013c3a3ef39dd7e5798?s=96&d=mm&r=g\",\"contentUrl\":\"https:\\\/\\\/secure.gravatar.com\\\/avatar\\\/3ea2118a5f7dad2b7138b1187a6b7ee55f160b9968b66013c3a3ef39dd7e5798?s=96&d=mm&r=g\",\"caption\":\"Jeanette\"},\"sameAs\":[\"https:\\\/\\\/www.eldiario.net\\\/portal\"],\"url\":\"https:\\\/\\\/www.eldiario.net\\\/portal\\\/author\\\/jeanette\\\/\"}]}<\/script>\n<!-- \/ Yoast SEO plugin. -->","yoast_head_json":{"title":"Exdiputado sugiere al Presidente tener cuidado con declaraciones de Quintana - El Diario - Bolivia","robots":{"index":"index","follow":"follow","max-snippet":"max-snippet:-1","max-image-preview":"max-image-preview:large","max-video-preview":"max-video-preview:-1"},"canonical":"https:\/\/www.eldiario.net\/portal\/2021\/06\/28\/exdiputado-sugiere-al-presidente-tener-cuidado-con-declaraciones-de-quintana\/","og_locale":"es_ES","og_type":"article","og_title":"Exdiputado sugiere al Presidente tener cuidado con declaraciones de Quintana - El Diario - Bolivia","og_description":"Debido a las declaraciones en las que el exministro Juan Ram\u00f3n Quintana compar\u00f3 la gesti\u00f3n del presidente Luis Arce con la dictadura de Luis Garc\u00eda Meza, el exdiputado Am\u00edlcar Barral sugiri\u00f3 al primer mandatario tener cuidado con este tipo de manifestaciones; adem\u00e1s, sostuvo que los cuestionamientos a la gesti\u00f3n de Gobierno denotan desesperaci\u00f3n de sectores [&hellip;]","og_url":"https:\/\/www.eldiario.net\/portal\/2021\/06\/28\/exdiputado-sugiere-al-presidente-tener-cuidado-con-declaraciones-de-quintana\/","og_site_name":"El Diario - Bolivia","article_publisher":"https:\/\/www.facebook.com\/eldiario.bolivia\/","article_published_time":"2021-06-28T10:03:42+00:00","og_image":[{"width":770,"height":512,"url":"https:\/\/www.eldiario.net\/portal\/wp-content\/uploads\/2021\/06\/Pol-272.jpg","type":"image\/jpeg"}],"author":"Jeanette","twitter_card":"summary_large_image","twitter_creator":"@eldiario_net","twitter_site":"@eldiario_net","twitter_misc":{"Escrito por":"Jeanette","Tiempo de lectura":"2 minutos"},"schema":{"@context":"https:\/\/schema.org","@graph":[{"@type":"Article","@id":"https:\/\/www.eldiario.net\/portal\/2021\/06\/28\/exdiputado-sugiere-al-presidente-tener-cuidado-con-declaraciones-de-quintana\/#article","isPartOf":{"@id":"https:\/\/www.eldiario.net\/portal\/2021\/06\/28\/exdiputado-sugiere-al-presidente-tener-cuidado-con-declaraciones-de-quintana\/"},"author":{"name":"Jeanette","@id":"https:\/\/www.eldiario.net\/portal\/#\/schema\/person\/2c57cf2b7a7ae032e449e4c9b1019eac"},"headline":"Exdiputado sugiere al Presidente tener cuidado con declaraciones de Quintana","datePublished":"2021-06-28T10:03:42+00:00","mainEntityOfPage":{"@id":"https:\/\/www.eldiario.net\/portal\/2021\/06\/28\/exdiputado-sugiere-al-presidente-tener-cuidado-con-declaraciones-de-quintana\/"},"wordCount":376,"publisher":{"@id":"https:\/\/www.eldiario.net\/portal\/#organization"},"image":{"@id":"https:\/\/www.eldiario.net\/portal\/2021\/06\/28\/exdiputado-sugiere-al-presidente-tener-cuidado-con-declaraciones-de-quintana\/#primaryimage"},"thumbnailUrl":"https:\/\/www.eldiario.net\/portal\/wp-content\/uploads\/2021\/06\/Pol-272.jpg","articleSection":["Pol\u00edtica"],"inLanguage":"es"},{"@type":"WebPage","@id":"https:\/\/www.eldiario.net\/portal\/2021\/06\/28\/exdiputado-sugiere-al-presidente-tener-cuidado-con-declaraciones-de-quintana\/","url":"https:\/\/www.eldiario.net\/portal\/2021\/06\/28\/exdiputado-sugiere-al-presidente-tener-cuidado-con-declaraciones-de-quintana\/","name":"Exdiputado sugiere al Presidente tener cuidado con declaraciones de Quintana - El Diario - Bolivia","isPartOf":{"@id":"https:\/\/www.eldiario.net\/portal\/#website"},"primaryImageOfPage":{"@id":"https:\/\/www.eldiario.net\/portal\/2021\/06\/28\/exdiputado-sugiere-al-presidente-tener-cuidado-con-declaraciones-de-quintana\/#primaryimage"},"image":{"@id":"https:\/\/www.eldiario.net\/portal\/2021\/06\/28\/exdiputado-sugiere-al-presidente-tener-cuidado-con-declaraciones-de-quintana\/#primaryimage"},"thumbnailUrl":"https:\/\/www.eldiario.net\/portal\/wp-content\/uploads\/2021\/06\/Pol-272.jpg","datePublished":"2021-06-28T10:03:42+00:00","breadcrumb":{"@id":"https:\/\/www.eldiario.net\/portal\/2021\/06\/28\/exdiputado-sugiere-al-presidente-tener-cuidado-con-declaraciones-de-quintana\/#breadcrumb"},"inLanguage":"es","potentialAction":[{"@type":"ReadAction","target":["https:\/\/www.eldiario.net\/portal\/2021\/06\/28\/exdiputado-sugiere-al-presidente-tener-cuidado-con-declaraciones-de-quintana\/"]}]},{"@type":"ImageObject","inLanguage":"es","@id":"https:\/\/www.eldiario.net\/portal\/2021\/06\/28\/exdiputado-sugiere-al-presidente-tener-cuidado-con-declaraciones-de-quintana\/#primaryimage","url":"https:\/\/www.eldiario.net\/portal\/wp-content\/uploads\/2021\/06\/Pol-272.jpg","contentUrl":"https:\/\/www.eldiario.net\/portal\/wp-content\/uploads\/2021\/06\/Pol-272.jpg","width":770,"height":512},{"@type":"BreadcrumbList","@id":"https:\/\/www.eldiario.net\/portal\/2021\/06\/28\/exdiputado-sugiere-al-presidente-tener-cuidado-con-declaraciones-de-quintana\/#breadcrumb","itemListElement":[{"@type":"ListItem","position":1,"name":"Portada","item":"https:\/\/www.eldiario.net\/portal\/"},{"@type":"ListItem","position":2,"name":"Exdiputado sugiere al Presidente tener cuidado con declaraciones de Quintana"}]},{"@type":"WebSite","@id":"https:\/\/www.eldiario.net\/portal\/#website","url":"https:\/\/www.eldiario.net\/portal\/","name":"El Diario - Decano de la prensa nacional","description":"El Diario - Decano de la prensa nacional","publisher":{"@id":"https:\/\/www.eldiario.net\/portal\/#organization"},"potentialAction":[{"@type":"SearchAction","target":{"@type":"EntryPoint","urlTemplate":"https:\/\/www.eldiario.net\/portal\/?s={search_term_string}"},"query-input":{"@type":"PropertyValueSpecification","valueRequired":true,"valueName":"search_term_string"}}],"inLanguage":"es"},{"@type":"Organization","@id":"https:\/\/www.eldiario.net\/portal\/#organization","name":"El Diario - Decano de la prensa nacional","url":"https:\/\/www.eldiario.net\/portal\/","logo":{"@type":"ImageObject","inLanguage":"es","@id":"https:\/\/www.eldiario.net\/portal\/#\/schema\/logo\/image\/","url":"https:\/\/www.eldiario.net\/portal\/wp-content\/uploads\/2023\/07\/logo_ED.jpg","contentUrl":"https:\/\/www.eldiario.net\/portal\/wp-content\/uploads\/2023\/07\/logo_ED.jpg","width":272,"height":52,"caption":"El Diario - Decano de la prensa nacional"},"image":{"@id":"https:\/\/www.eldiario.net\/portal\/#\/schema\/logo\/image\/"},"sameAs":["https:\/\/www.facebook.com\/eldiario.bolivia\/","https:\/\/x.com\/eldiario_net"]},{"@type":"Person","@id":"https:\/\/www.eldiario.net\/portal\/#\/schema\/person\/2c57cf2b7a7ae032e449e4c9b1019eac","name":"Jeanette","image":{"@type":"ImageObject","inLanguage":"es","@id":"https:\/\/secure.gravatar.com\/avatar\/3ea2118a5f7dad2b7138b1187a6b7ee55f160b9968b66013c3a3ef39dd7e5798?s=96&d=mm&r=g","url":"https:\/\/secure.gravatar.com\/avatar\/3ea2118a5f7dad2b7138b1187a6b7ee55f160b9968b66013c3a3ef39dd7e5798?s=96&d=mm&r=g","contentUrl":"https:\/\/secure.gravatar.com\/avatar\/3ea2118a5f7dad2b7138b1187a6b7ee55f160b9968b66013c3a3ef39dd7e5798?s=96&d=mm&r=g","caption":"Jeanette"},"sameAs":["https:\/\/www.eldiario.net\/portal"],"url":"https:\/\/www.eldiario.net\/portal\/author\/jeanette\/"}]}},"_links":{"self":[{"href":"https:\/\/www.eldiario.net\/portal\/wp-json\/wp\/v2\/posts\/13422","targetHints":{"allow":["GET"]}}],"collection":[{"href":"https:\/\/www.eldiario.net\/portal\/wp-json\/wp\/v2\/posts"}],"about":[{"href":"https:\/\/www.eldiario.net\/portal\/wp-json\/wp\/v2\/types\/post"}],"author":[{"embeddable":true,"href":"https:\/\/www.eldiario.net\/portal\/wp-json\/wp\/v2\/users\/1"}],"replies":[{"embeddable":true,"href":"https:\/\/www.eldiario.net\/portal\/wp-json\/wp\/v2\/comments?post=13422"}],"version-history":[{"count":0,"href":"https:\/\/www.eldiario.net\/portal\/wp-json\/wp\/v2\/posts\/13422\/revisions"}],"wp:featuredmedia":[{"embeddable":true,"href":"https:\/\/www.eldiario.net\/portal\/wp-json\/wp\/v2\/media\/13423"}],"wp:attachment":[{"href":"https:\/\/www.eldiario.net\/portal\/wp-json\/wp\/v2\/media?parent=13422"}],"wp:term":[{"taxonomy":"category","embeddable":true,"href":"https:\/\/www.eldiario.net\/portal\/wp-json\/wp\/v2\/categories?post=13422"},{"taxonomy":"post_tag","embeddable":true,"href":"https:\/\/www.eldiario.net\/portal\/wp-json\/wp\/v2\/tags?post=13422"}],"curies":[{"name":"wp","href":"https:\/\/api.w.org\/{rel}","templated":true}]}}