{"id":13419,"date":"2021-06-28T06:02:44","date_gmt":"2021-06-28T10:02:44","guid":{"rendered":"https:\/\/www.eldiario.net\/portal\/?p=13419"},"modified":"2021-06-28T06:02:44","modified_gmt":"2021-06-28T10:02:44","slug":"quiroga-senala-que-palabras-de-lima-son-un-sinceramiento-del-gobierno","status":"publish","type":"post","link":"https:\/\/www.eldiario.net\/portal\/2021\/06\/28\/quiroga-senala-que-palabras-de-lima-son-un-sinceramiento-del-gobierno\/","title":{"rendered":"Quiroga se\u00f1ala que palabras de Lima  son un sinceramiento del Gobierno"},"content":{"rendered":"<p>Luego de las declaraciones del ministro de Justicia, Iv\u00e1n Lima, quien se\u00f1al\u00f3 que con la ley de convocatoria a comicios nacionales y subnacionales el 2020, en el pa\u00eds ya se solucion\u00f3 el problema de la reelecci\u00f3n indefinida, el expresidente Jorge Quiroga Ram\u00edrez sostuvo que estas palabras son un sinceramiento del gobierno de Luis Arce.<br \/>\nMediante sus redes sociales, el exmandatario calific\u00f3 como un \u201csinceramiento\u201d por parte del gobierno del Movimiento al Socialismo el haber aceptado que la normativa boliviana no permite la reelecci\u00f3n indefinida, adem\u00e1s que esta norma fue promulgada de forma legal por un gobierno constitucional como el de Jeanine \u00c1\u00f1ez.<br \/>\nQuiroga, adem\u00e1s, destac\u00f3 que las palabras del ministro de Justicia, Iv\u00e1n Lima, reconocen la participaci\u00f3n de una Asamblea Legislativa controlada por el MAS en la elaboraci\u00f3n y posterior aprobaci\u00f3n de la Ley 1266 que convoc\u00f3 a nuevas elecciones tras el fraude electoral de 2019 y como un acto reivindicativo del refer\u00e9ndum del 21F que neg\u00f3 la posibilidad de reelecci\u00f3n del entonces presidente Morales.<br \/>\n\u201cEl gobierno de Luis Arce Catacora se sincera: con facilitaci\u00f3n de Iglesia, la Uni\u00f3n Europea y Naciones Unidas se concert\u00f3 la Ley 1266, aprobada por el Movimiento al Socialismo, Eva Copa y promulgada Constitucionalmente por Jeanine A\u00f1ez. Se anul\u00f3 fraude, ratific\u00f3 validez del 21F y elegimos a Arce-Choquehuanca y Congreso\u201d, manifest\u00f3 Quiroga.<br \/>\nEsta postura surge tras las palabras del ministro Iv\u00e1n Lima, quien en una entrevista manifest\u00f3 que en el pa\u00eds la tem\u00e1tica de la reelecci\u00f3n indefinida ya hab\u00eda sido respuesta con la convocatoria a elecciones generales y subnacionales de 2020, donde se neg\u00f3 la posibilidad que autoridades postulen por tercera vez al mismo cargo.<br \/>\n\u201cLa Asamblea Legislativa, a tiempo de convocar a elecciones nacionales y municipales, les ha prohibido, al exgobernador Costas y a una serie de alcaldes, como Revilla, que vayan a una tercera reelecci\u00f3n. Es decir, legalmente Bolivia ya ha resuelto el problema. Solamente se permite una reelecci\u00f3n y no as\u00ed una reelecci\u00f3n indefinida\u201d, dijo.<br \/>\nEn ese sentido, la autoridad precis\u00f3 que en el Estado de Bolivia \u201cpor ley, se ha establecido ya que no puede haber reelecci\u00f3n indefinida\u201d.<\/p>\n","protected":false},"excerpt":{"rendered":"<p>Luego de las declaraciones del ministro de Justicia, Iv\u00e1n Lima, quien se\u00f1al\u00f3 que con la ley de convocatoria a comicios nacionales y subnacionales el 2020, en el pa\u00eds ya se solucion\u00f3 el problema de la reelecci\u00f3n indefinida, el expresidente Jorge Quiroga Ram\u00edrez sostuvo que estas palabras son un sinceramiento del gobierno de Luis Arce. Mediante [&hellip;]<\/p>\n","protected":false},"author":1,"featured_media":13420,"comment_status":"closed","ping_status":"closed","sticky":false,"template":"","format":"standard","meta":{"_acf_changed":false,"footnotes":""},"categories":[14],"tags":[],"class_list":["post-13419","post","type-post","status-publish","format-standard","has-post-thumbnail","category-politica"],"acf":{"antetitulo":""},"yoast_head":"<!-- This site is optimized with the Yoast SEO plugin v28.4 - https:\/\/yoast.com\/product\/yoast-seo-wordpress\/ -->\n<title>Quiroga se\u00f1ala que palabras de Lima son un sinceramiento del Gobierno - El Diario - Bolivia<\/title>\n<meta name=\"robots\" content=\"index, follow, max-snippet:-1, max-image-preview:large, max-video-preview:-1\" \/>\n<link rel=\"canonical\" href=\"https:\/\/www.eldiario.net\/portal\/2021\/06\/28\/quiroga-senala-que-palabras-de-lima-son-un-sinceramiento-del-gobierno\/\" \/>\n<meta property=\"og:locale\" content=\"es_ES\" \/>\n<meta property=\"og:type\" content=\"article\" \/>\n<meta property=\"og:title\" content=\"Quiroga se\u00f1ala que palabras de Lima son un sinceramiento del Gobierno - El Diario - Bolivia\" \/>\n<meta property=\"og:description\" content=\"Luego de las declaraciones del ministro de Justicia, Iv\u00e1n Lima, quien se\u00f1al\u00f3 que con la ley de convocatoria a comicios nacionales y subnacionales el 2020, en el pa\u00eds ya se solucion\u00f3 el problema de la reelecci\u00f3n indefinida, el expresidente Jorge Quiroga Ram\u00edrez sostuvo que estas palabras son un sinceramiento del gobierno de Luis Arce. Mediante [&hellip;]\" \/>\n<meta property=\"og:url\" content=\"https:\/\/www.eldiario.net\/portal\/2021\/06\/28\/quiroga-senala-que-palabras-de-lima-son-un-sinceramiento-del-gobierno\/\" \/>\n<meta property=\"og:site_name\" content=\"El Diario - Bolivia\" \/>\n<meta property=\"article:publisher\" content=\"https:\/\/www.facebook.com\/eldiario.bolivia\/\" \/>\n<meta property=\"article:published_time\" content=\"2021-06-28T10:02:44+00:00\" \/>\n<meta name=\"author\" content=\"Jeanette\" \/>\n<meta name=\"twitter:card\" content=\"summary_large_image\" \/>\n<meta name=\"twitter:creator\" content=\"@eldiario_net\" \/>\n<meta name=\"twitter:site\" content=\"@eldiario_net\" \/>\n<meta name=\"twitter:label1\" content=\"Escrito por\" \/>\n\t<meta name=\"twitter:data1\" content=\"Jeanette\" \/>\n\t<meta name=\"twitter:label2\" content=\"Tiempo de lectura\" \/>\n\t<meta name=\"twitter:data2\" content=\"2 minutos\" \/>\n<script type=\"application\/ld+json\" class=\"yoast-schema-graph\">{\"@context\":\"https:\\\/\\\/schema.org\",\"@graph\":[{\"@type\":\"Article\",\"@id\":\"https:\\\/\\\/www.eldiario.net\\\/portal\\\/2021\\\/06\\\/28\\\/quiroga-senala-que-palabras-de-lima-son-un-sinceramiento-del-gobierno\\\/#article\",\"isPartOf\":{\"@id\":\"https:\\\/\\\/www.eldiario.net\\\/portal\\\/2021\\\/06\\\/28\\\/quiroga-senala-que-palabras-de-lima-son-un-sinceramiento-del-gobierno\\\/\"},\"author\":{\"name\":\"Jeanette\",\"@id\":\"https:\\\/\\\/www.eldiario.net\\\/portal\\\/#\\\/schema\\\/person\\\/2c57cf2b7a7ae032e449e4c9b1019eac\"},\"headline\":\"Quiroga se\u00f1ala que palabras de Lima son un sinceramiento del Gobierno\",\"datePublished\":\"2021-06-28T10:02:44+00:00\",\"mainEntityOfPage\":{\"@id\":\"https:\\\/\\\/www.eldiario.net\\\/portal\\\/2021\\\/06\\\/28\\\/quiroga-senala-que-palabras-de-lima-son-un-sinceramiento-del-gobierno\\\/\"},\"wordCount\":380,\"publisher\":{\"@id\":\"https:\\\/\\\/www.eldiario.net\\\/portal\\\/#organization\"},\"image\":{\"@id\":\"https:\\\/\\\/www.eldiario.net\\\/portal\\\/2021\\\/06\\\/28\\\/quiroga-senala-que-palabras-de-lima-son-un-sinceramiento-del-gobierno\\\/#primaryimage\"},\"thumbnailUrl\":\"\",\"articleSection\":[\"Pol\u00edtica\"],\"inLanguage\":\"es\"},{\"@type\":\"WebPage\",\"@id\":\"https:\\\/\\\/www.eldiario.net\\\/portal\\\/2021\\\/06\\\/28\\\/quiroga-senala-que-palabras-de-lima-son-un-sinceramiento-del-gobierno\\\/\",\"url\":\"https:\\\/\\\/www.eldiario.net\\\/portal\\\/2021\\\/06\\\/28\\\/quiroga-senala-que-palabras-de-lima-son-un-sinceramiento-del-gobierno\\\/\",\"name\":\"Quiroga se\u00f1ala que palabras de Lima son un sinceramiento del Gobierno - El Diario - Bolivia\",\"isPartOf\":{\"@id\":\"https:\\\/\\\/www.eldiario.net\\\/portal\\\/#website\"},\"primaryImageOfPage\":{\"@id\":\"https:\\\/\\\/www.eldiario.net\\\/portal\\\/2021\\\/06\\\/28\\\/quiroga-senala-que-palabras-de-lima-son-un-sinceramiento-del-gobierno\\\/#primaryimage\"},\"image\":{\"@id\":\"https:\\\/\\\/www.eldiario.net\\\/portal\\\/2021\\\/06\\\/28\\\/quiroga-senala-que-palabras-de-lima-son-un-sinceramiento-del-gobierno\\\/#primaryimage\"},\"thumbnailUrl\":\"\",\"datePublished\":\"2021-06-28T10:02:44+00:00\",\"breadcrumb\":{\"@id\":\"https:\\\/\\\/www.eldiario.net\\\/portal\\\/2021\\\/06\\\/28\\\/quiroga-senala-que-palabras-de-lima-son-un-sinceramiento-del-gobierno\\\/#breadcrumb\"},\"inLanguage\":\"es\",\"potentialAction\":[{\"@type\":\"ReadAction\",\"target\":[\"https:\\\/\\\/www.eldiario.net\\\/portal\\\/2021\\\/06\\\/28\\\/quiroga-senala-que-palabras-de-lima-son-un-sinceramiento-del-gobierno\\\/\"]}]},{\"@type\":\"ImageObject\",\"inLanguage\":\"es\",\"@id\":\"https:\\\/\\\/www.eldiario.net\\\/portal\\\/2021\\\/06\\\/28\\\/quiroga-senala-que-palabras-de-lima-son-un-sinceramiento-del-gobierno\\\/#primaryimage\",\"url\":\"\",\"contentUrl\":\"\"},{\"@type\":\"BreadcrumbList\",\"@id\":\"https:\\\/\\\/www.eldiario.net\\\/portal\\\/2021\\\/06\\\/28\\\/quiroga-senala-que-palabras-de-lima-son-un-sinceramiento-del-gobierno\\\/#breadcrumb\",\"itemListElement\":[{\"@type\":\"ListItem\",\"position\":1,\"name\":\"Portada\",\"item\":\"https:\\\/\\\/www.eldiario.net\\\/portal\\\/\"},{\"@type\":\"ListItem\",\"position\":2,\"name\":\"Quiroga se\u00f1ala que palabras de Lima son un sinceramiento del Gobierno\"}]},{\"@type\":\"WebSite\",\"@id\":\"https:\\\/\\\/www.eldiario.net\\\/portal\\\/#website\",\"url\":\"https:\\\/\\\/www.eldiario.net\\\/portal\\\/\",\"name\":\"El Diario - Decano de la prensa nacional\",\"description\":\"El Diario - Decano de la prensa nacional\",\"publisher\":{\"@id\":\"https:\\\/\\\/www.eldiario.net\\\/portal\\\/#organization\"},\"potentialAction\":[{\"@type\":\"SearchAction\",\"target\":{\"@type\":\"EntryPoint\",\"urlTemplate\":\"https:\\\/\\\/www.eldiario.net\\\/portal\\\/?s={search_term_string}\"},\"query-input\":{\"@type\":\"PropertyValueSpecification\",\"valueRequired\":true,\"valueName\":\"search_term_string\"}}],\"inLanguage\":\"es\"},{\"@type\":\"Organization\",\"@id\":\"https:\\\/\\\/www.eldiario.net\\\/portal\\\/#organization\",\"name\":\"El Diario - Decano de la prensa nacional\",\"url\":\"https:\\\/\\\/www.eldiario.net\\\/portal\\\/\",\"logo\":{\"@type\":\"ImageObject\",\"inLanguage\":\"es\",\"@id\":\"https:\\\/\\\/www.eldiario.net\\\/portal\\\/#\\\/schema\\\/logo\\\/image\\\/\",\"url\":\"https:\\\/\\\/www.eldiario.net\\\/portal\\\/wp-content\\\/uploads\\\/2023\\\/07\\\/logo_ED.jpg\",\"contentUrl\":\"https:\\\/\\\/www.eldiario.net\\\/portal\\\/wp-content\\\/uploads\\\/2023\\\/07\\\/logo_ED.jpg\",\"width\":272,\"height\":52,\"caption\":\"El Diario - Decano de la prensa nacional\"},\"image\":{\"@id\":\"https:\\\/\\\/www.eldiario.net\\\/portal\\\/#\\\/schema\\\/logo\\\/image\\\/\"},\"sameAs\":[\"https:\\\/\\\/www.facebook.com\\\/eldiario.bolivia\\\/\",\"https:\\\/\\\/x.com\\\/eldiario_net\"]},{\"@type\":\"Person\",\"@id\":\"https:\\\/\\\/www.eldiario.net\\\/portal\\\/#\\\/schema\\\/person\\\/2c57cf2b7a7ae032e449e4c9b1019eac\",\"name\":\"Jeanette\",\"image\":{\"@type\":\"ImageObject\",\"inLanguage\":\"es\",\"@id\":\"https:\\\/\\\/secure.gravatar.com\\\/avatar\\\/3ea2118a5f7dad2b7138b1187a6b7ee55f160b9968b66013c3a3ef39dd7e5798?s=96&d=mm&r=g\",\"url\":\"https:\\\/\\\/secure.gravatar.com\\\/avatar\\\/3ea2118a5f7dad2b7138b1187a6b7ee55f160b9968b66013c3a3ef39dd7e5798?s=96&d=mm&r=g\",\"contentUrl\":\"https:\\\/\\\/secure.gravatar.com\\\/avatar\\\/3ea2118a5f7dad2b7138b1187a6b7ee55f160b9968b66013c3a3ef39dd7e5798?s=96&d=mm&r=g\",\"caption\":\"Jeanette\"},\"sameAs\":[\"https:\\\/\\\/www.eldiario.net\\\/portal\"],\"url\":\"https:\\\/\\\/www.eldiario.net\\\/portal\\\/author\\\/jeanette\\\/\"}]}<\/script>\n<!-- \/ Yoast SEO plugin. -->","yoast_head_json":{"title":"Quiroga se\u00f1ala que palabras de Lima son un sinceramiento del Gobierno - El Diario - Bolivia","robots":{"index":"index","follow":"follow","max-snippet":"max-snippet:-1","max-image-preview":"max-image-preview:large","max-video-preview":"max-video-preview:-1"},"canonical":"https:\/\/www.eldiario.net\/portal\/2021\/06\/28\/quiroga-senala-que-palabras-de-lima-son-un-sinceramiento-del-gobierno\/","og_locale":"es_ES","og_type":"article","og_title":"Quiroga se\u00f1ala que palabras de Lima son un sinceramiento del Gobierno - El Diario - Bolivia","og_description":"Luego de las declaraciones del ministro de Justicia, Iv\u00e1n Lima, quien se\u00f1al\u00f3 que con la ley de convocatoria a comicios nacionales y subnacionales el 2020, en el pa\u00eds ya se solucion\u00f3 el problema de la reelecci\u00f3n indefinida, el expresidente Jorge Quiroga Ram\u00edrez sostuvo que estas palabras son un sinceramiento del gobierno de Luis Arce. Mediante [&hellip;]","og_url":"https:\/\/www.eldiario.net\/portal\/2021\/06\/28\/quiroga-senala-que-palabras-de-lima-son-un-sinceramiento-del-gobierno\/","og_site_name":"El Diario - Bolivia","article_publisher":"https:\/\/www.facebook.com\/eldiario.bolivia\/","article_published_time":"2021-06-28T10:02:44+00:00","author":"Jeanette","twitter_card":"summary_large_image","twitter_creator":"@eldiario_net","twitter_site":"@eldiario_net","twitter_misc":{"Escrito por":"Jeanette","Tiempo de lectura":"2 minutos"},"schema":{"@context":"https:\/\/schema.org","@graph":[{"@type":"Article","@id":"https:\/\/www.eldiario.net\/portal\/2021\/06\/28\/quiroga-senala-que-palabras-de-lima-son-un-sinceramiento-del-gobierno\/#article","isPartOf":{"@id":"https:\/\/www.eldiario.net\/portal\/2021\/06\/28\/quiroga-senala-que-palabras-de-lima-son-un-sinceramiento-del-gobierno\/"},"author":{"name":"Jeanette","@id":"https:\/\/www.eldiario.net\/portal\/#\/schema\/person\/2c57cf2b7a7ae032e449e4c9b1019eac"},"headline":"Quiroga se\u00f1ala que palabras de Lima son un sinceramiento del Gobierno","datePublished":"2021-06-28T10:02:44+00:00","mainEntityOfPage":{"@id":"https:\/\/www.eldiario.net\/portal\/2021\/06\/28\/quiroga-senala-que-palabras-de-lima-son-un-sinceramiento-del-gobierno\/"},"wordCount":380,"publisher":{"@id":"https:\/\/www.eldiario.net\/portal\/#organization"},"image":{"@id":"https:\/\/www.eldiario.net\/portal\/2021\/06\/28\/quiroga-senala-que-palabras-de-lima-son-un-sinceramiento-del-gobierno\/#primaryimage"},"thumbnailUrl":"","articleSection":["Pol\u00edtica"],"inLanguage":"es"},{"@type":"WebPage","@id":"https:\/\/www.eldiario.net\/portal\/2021\/06\/28\/quiroga-senala-que-palabras-de-lima-son-un-sinceramiento-del-gobierno\/","url":"https:\/\/www.eldiario.net\/portal\/2021\/06\/28\/quiroga-senala-que-palabras-de-lima-son-un-sinceramiento-del-gobierno\/","name":"Quiroga se\u00f1ala que palabras de Lima son un sinceramiento del Gobierno - El Diario - Bolivia","isPartOf":{"@id":"https:\/\/www.eldiario.net\/portal\/#website"},"primaryImageOfPage":{"@id":"https:\/\/www.eldiario.net\/portal\/2021\/06\/28\/quiroga-senala-que-palabras-de-lima-son-un-sinceramiento-del-gobierno\/#primaryimage"},"image":{"@id":"https:\/\/www.eldiario.net\/portal\/2021\/06\/28\/quiroga-senala-que-palabras-de-lima-son-un-sinceramiento-del-gobierno\/#primaryimage"},"thumbnailUrl":"","datePublished":"2021-06-28T10:02:44+00:00","breadcrumb":{"@id":"https:\/\/www.eldiario.net\/portal\/2021\/06\/28\/quiroga-senala-que-palabras-de-lima-son-un-sinceramiento-del-gobierno\/#breadcrumb"},"inLanguage":"es","potentialAction":[{"@type":"ReadAction","target":["https:\/\/www.eldiario.net\/portal\/2021\/06\/28\/quiroga-senala-que-palabras-de-lima-son-un-sinceramiento-del-gobierno\/"]}]},{"@type":"ImageObject","inLanguage":"es","@id":"https:\/\/www.eldiario.net\/portal\/2021\/06\/28\/quiroga-senala-que-palabras-de-lima-son-un-sinceramiento-del-gobierno\/#primaryimage","url":"","contentUrl":""},{"@type":"BreadcrumbList","@id":"https:\/\/www.eldiario.net\/portal\/2021\/06\/28\/quiroga-senala-que-palabras-de-lima-son-un-sinceramiento-del-gobierno\/#breadcrumb","itemListElement":[{"@type":"ListItem","position":1,"name":"Portada","item":"https:\/\/www.eldiario.net\/portal\/"},{"@type":"ListItem","position":2,"name":"Quiroga se\u00f1ala que palabras de Lima son un sinceramiento del Gobierno"}]},{"@type":"WebSite","@id":"https:\/\/www.eldiario.net\/portal\/#website","url":"https:\/\/www.eldiario.net\/portal\/","name":"El Diario - Decano de la prensa nacional","description":"El Diario - Decano de la prensa nacional","publisher":{"@id":"https:\/\/www.eldiario.net\/portal\/#organization"},"potentialAction":[{"@type":"SearchAction","target":{"@type":"EntryPoint","urlTemplate":"https:\/\/www.eldiario.net\/portal\/?s={search_term_string}"},"query-input":{"@type":"PropertyValueSpecification","valueRequired":true,"valueName":"search_term_string"}}],"inLanguage":"es"},{"@type":"Organization","@id":"https:\/\/www.eldiario.net\/portal\/#organization","name":"El Diario - Decano de la prensa nacional","url":"https:\/\/www.eldiario.net\/portal\/","logo":{"@type":"ImageObject","inLanguage":"es","@id":"https:\/\/www.eldiario.net\/portal\/#\/schema\/logo\/image\/","url":"https:\/\/www.eldiario.net\/portal\/wp-content\/uploads\/2023\/07\/logo_ED.jpg","contentUrl":"https:\/\/www.eldiario.net\/portal\/wp-content\/uploads\/2023\/07\/logo_ED.jpg","width":272,"height":52,"caption":"El Diario - Decano de la prensa nacional"},"image":{"@id":"https:\/\/www.eldiario.net\/portal\/#\/schema\/logo\/image\/"},"sameAs":["https:\/\/www.facebook.com\/eldiario.bolivia\/","https:\/\/x.com\/eldiario_net"]},{"@type":"Person","@id":"https:\/\/www.eldiario.net\/portal\/#\/schema\/person\/2c57cf2b7a7ae032e449e4c9b1019eac","name":"Jeanette","image":{"@type":"ImageObject","inLanguage":"es","@id":"https:\/\/secure.gravatar.com\/avatar\/3ea2118a5f7dad2b7138b1187a6b7ee55f160b9968b66013c3a3ef39dd7e5798?s=96&d=mm&r=g","url":"https:\/\/secure.gravatar.com\/avatar\/3ea2118a5f7dad2b7138b1187a6b7ee55f160b9968b66013c3a3ef39dd7e5798?s=96&d=mm&r=g","contentUrl":"https:\/\/secure.gravatar.com\/avatar\/3ea2118a5f7dad2b7138b1187a6b7ee55f160b9968b66013c3a3ef39dd7e5798?s=96&d=mm&r=g","caption":"Jeanette"},"sameAs":["https:\/\/www.eldiario.net\/portal"],"url":"https:\/\/www.eldiario.net\/portal\/author\/jeanette\/"}]}},"_links":{"self":[{"href":"https:\/\/www.eldiario.net\/portal\/wp-json\/wp\/v2\/posts\/13419","targetHints":{"allow":["GET"]}}],"collection":[{"href":"https:\/\/www.eldiario.net\/portal\/wp-json\/wp\/v2\/posts"}],"about":[{"href":"https:\/\/www.eldiario.net\/portal\/wp-json\/wp\/v2\/types\/post"}],"author":[{"embeddable":true,"href":"https:\/\/www.eldiario.net\/portal\/wp-json\/wp\/v2\/users\/1"}],"replies":[{"embeddable":true,"href":"https:\/\/www.eldiario.net\/portal\/wp-json\/wp\/v2\/comments?post=13419"}],"version-history":[{"count":0,"href":"https:\/\/www.eldiario.net\/portal\/wp-json\/wp\/v2\/posts\/13419\/revisions"}],"wp:attachment":[{"href":"https:\/\/www.eldiario.net\/portal\/wp-json\/wp\/v2\/media?parent=13419"}],"wp:term":[{"taxonomy":"category","embeddable":true,"href":"https:\/\/www.eldiario.net\/portal\/wp-json\/wp\/v2\/categories?post=13419"},{"taxonomy":"post_tag","embeddable":true,"href":"https:\/\/www.eldiario.net\/portal\/wp-json\/wp\/v2\/tags?post=13419"}],"curies":[{"name":"wp","href":"https:\/\/api.w.org\/{rel}","templated":true}]}}