{"id":13417,"date":"2021-06-28T06:01:48","date_gmt":"2021-06-28T10:01:48","guid":{"rendered":"https:\/\/www.eldiario.net\/portal\/?p=13417"},"modified":"2021-06-28T06:01:48","modified_gmt":"2021-06-28T10:01:48","slug":"un-articulo-del-pacto-de-san-jose-y-una-ley-de-1993-comprometen-a-bolivia-a-cumplir-opinion-consultiva","status":"publish","type":"post","link":"https:\/\/www.eldiario.net\/portal\/2021\/06\/28\/un-articulo-del-pacto-de-san-jose-y-una-ley-de-1993-comprometen-a-bolivia-a-cumplir-opinion-consultiva\/","title":{"rendered":"Un art\u00edculo del Pacto de San Jos\u00e9 y una Ley de 1993 comprometen a Bolivia a cumplir Opini\u00f3n Consultiva"},"content":{"rendered":"<p>Un art\u00edculo espec\u00edfico del Pacto de San Jos\u00e9 de Costa Rica y una Ley de la Rep\u00fablica de Bolivia de 1993 comprometen al Estado boliviano a cumplir la Opini\u00f3n Consultiva que emita la Corte-IDH sobre si la reelecci\u00f3n indefinida es o no un derecho humano, tal como interpret\u00f3 el Tribunal Constitucional Plurinacional habilitando a Evo Morales para un cuarto mandato consecutivo en las fallidas elecciones de octubre de 2019.<br \/>\nDe acuerdo con el art\u00edculo 68 de la Convenci\u00f3n Americana sobre Derechos Humanos, \u201clos Estados Partes en la Convenci\u00f3n se comprometen a cumplir la decisi\u00f3n de la Corte en todo caso que sean partes\u201d. Bolivia se convirti\u00f3 en Estado Parte a partir del 27 de julio de 1993 cuando entreg\u00f3 oficialmente a la OEA la Convenci\u00f3n ratificada mediante Ley N\u00ba 1430 de 11 de febrero de 1993 durante la presidencia de Jaime Paz Zamora.<br \/>\nEsa ley en sus tres art\u00edculos se\u00f1ala que \u201cse aprueba y ratifica la Convenci\u00f3n Americana sobre Derechos Humanos\u201d suscrita el 22 de noviembre de 1969; se reconoce la competencia de la Comisi\u00f3n Interamericana de Derechos Humanos y se \u201creconoce como obligatoria de pleno derecho, incondicionalmente y por plazo indefinido, la jurisdicci\u00f3n y competencia de la Corte Interamericana de Derechos Humanos, conforme al art\u00edculo 62 de la Convenci\u00f3n\u201d.<br \/>\nSeg\u00fan documentos oficiales, la Corte Interamericana fue creada por la Convenci\u00f3n Americana para conocer juicios por violaciones a derechos fundamentales y realizar la interpretaci\u00f3n y aplicaci\u00f3n de disposiciones de la Convenci\u00f3n u otros tratados concernientes a la aplicaci\u00f3n de Derechos Humanos.<br \/>\n\u00bfQu\u00e9 es una Opini\u00f3n Consultiva? En la doctrina internacional, la denominada Jurisdicci\u00f3n Consultiva constituye una jurisdicci\u00f3n de desarrollo normativo y el fallo que sanciona una Opini\u00f3n Consultiva tiene el prop\u00f3sito de generar reglas de entendimiento de la norma consultada, es de car\u00e1cter obligatorio y general para todos los miembros de la Organizaci\u00f3n de Estados Americanos (OEA).<br \/>\nEl TCP, mediante Sentencia Constitucional 0084\/2017 de 28 de noviembre de 2017, habilit\u00f3 la elecci\u00f3n indefinida de Evo Morales, bajo el criterio de Control de Convencionalidad interpretando y concluyendo por s\u00ed mismo, que el art\u00edculo 23 de la Convenci\u00f3n Americana permite la reelecci\u00f3n indefinida como un derecho humano y, por tanto, orden\u00f3 su aplicaci\u00f3n preferente y anul\u00f3 el art\u00edculo 168 de la Constituci\u00f3n que permite la reelecci\u00f3n por una sola vez de manera continua.<br \/>\nColombia solicit\u00f3 una Opini\u00f3n Consultiva preguntando de manera general si el art\u00edculo 23 permite la reelecci\u00f3n indefinida como un derecho humano. Debido a que esa pregunta tiene car\u00e1cter abstracto, queda claro que no se relaciona a ninguna causa concreta, menos se refiere a ning\u00fan Estado en particular, pero la norma interpretada por la Corte-IDH pasa a formar parte del texto b\u00e1sico fundamental de la Convenci\u00f3n Americana y se aplica de manera uniforme en todos los Estados Parte, se\u00f1ala los antecedentes de la misma Corte-IDH.<br \/>\nLa aplicaci\u00f3n de la Opini\u00f3n Consultiva est\u00e1 definida por la locuci\u00f3n latina \u201cex nunc\u201d que significa \u201cdesde ahora\u201d y los fallos de la Corte son definitivos e inapelables, conforme establece el Art\u00edculo 67 de la Convenci\u00f3n. La norma interpretada entra en vigor sobre la base de la interpretaci\u00f3n jurisdiccional en forma inmediata y para todos los Estados miembros del sistema interamericano.<br \/>\nExpertos constitucionalistas bolivianos afirmaron que la posici\u00f3n asumida por algunas autoridades y actores pol\u00edticos del gobierno en sentido que la Opini\u00f3n Consultiva no es vinculante, \u201ces una muestra de desconocimiento del tema\u201d. Agregan que si el fallo de la Corte-IDH dice que la reelecci\u00f3n indefinida no es un derecho humano, invalida totalmente la Sentencia a favor de Morales y repone la vigencia plena del art\u00edculo 168 de la CPE.<br \/>\nSeg\u00fan la Convenci\u00f3n Americana, el int\u00e9rprete supremo de la misma Convenci\u00f3n es la Corte-IDH que tiene capacidad de control concentrado a trav\u00e9s de las Opiniones Consultivas, y el TCP habr\u00eda usurpado jurisdicci\u00f3n y competencia exponiendo a los magistrados, que firmaron la rehabilitaci\u00f3n de Evo Morales, a un juicio por prevaricato.<br \/>\nEl fallo de la Corte-IDH debi\u00f3 conocerse el pasado viernes; sin embargo, como no se trata de un juicio sino de una Opini\u00f3n Consultiva interpretativa, se anunci\u00f3 que la resoluci\u00f3n se conocer\u00e1 a trav\u00e9s de un comunicado oficial, aunque no se estim\u00f3 alguna fecha. (Erbol)<\/p>\n","protected":false},"excerpt":{"rendered":"<p>Un art\u00edculo espec\u00edfico del Pacto de San Jos\u00e9 de Costa Rica y una Ley de la Rep\u00fablica de Bolivia de 1993 comprometen al Estado boliviano a cumplir la Opini\u00f3n Consultiva que emita la Corte-IDH sobre si la reelecci\u00f3n indefinida es o no un derecho humano, tal como interpret\u00f3 el Tribunal Constitucional Plurinacional habilitando a Evo [&hellip;]<\/p>\n","protected":false},"author":1,"featured_media":0,"comment_status":"closed","ping_status":"closed","sticky":false,"template":"","format":"standard","meta":{"_acf_changed":false,"footnotes":""},"categories":[14],"tags":[],"class_list":["post-13417","post","type-post","status-publish","format-standard","category-politica"],"acf":{"antetitulo":""},"yoast_head":"<!-- This site is optimized with the Yoast SEO plugin v28.4 - https:\/\/yoast.com\/product\/yoast-seo-wordpress\/ -->\n<title>Un art\u00edculo del Pacto de San Jos\u00e9 y una Ley de 1993 comprometen a Bolivia a cumplir Opini\u00f3n Consultiva - El Diario - Bolivia<\/title>\n<meta name=\"robots\" content=\"index, follow, max-snippet:-1, max-image-preview:large, max-video-preview:-1\" \/>\n<link rel=\"canonical\" href=\"https:\/\/www.eldiario.net\/portal\/2021\/06\/28\/un-articulo-del-pacto-de-san-jose-y-una-ley-de-1993-comprometen-a-bolivia-a-cumplir-opinion-consultiva\/\" \/>\n<meta property=\"og:locale\" content=\"es_ES\" \/>\n<meta property=\"og:type\" content=\"article\" \/>\n<meta property=\"og:title\" content=\"Un art\u00edculo del Pacto de San Jos\u00e9 y una Ley de 1993 comprometen a Bolivia a cumplir Opini\u00f3n Consultiva - El Diario - Bolivia\" \/>\n<meta property=\"og:description\" content=\"Un art\u00edculo espec\u00edfico del Pacto de San Jos\u00e9 de Costa Rica y una Ley de la Rep\u00fablica de Bolivia de 1993 comprometen al Estado boliviano a cumplir la Opini\u00f3n Consultiva que emita la Corte-IDH sobre si la reelecci\u00f3n indefinida es o no un derecho humano, tal como interpret\u00f3 el Tribunal Constitucional Plurinacional habilitando a Evo [&hellip;]\" \/>\n<meta property=\"og:url\" content=\"https:\/\/www.eldiario.net\/portal\/2021\/06\/28\/un-articulo-del-pacto-de-san-jose-y-una-ley-de-1993-comprometen-a-bolivia-a-cumplir-opinion-consultiva\/\" \/>\n<meta property=\"og:site_name\" content=\"El Diario - Bolivia\" \/>\n<meta property=\"article:publisher\" content=\"https:\/\/www.facebook.com\/eldiario.bolivia\/\" \/>\n<meta property=\"article:published_time\" content=\"2021-06-28T10:01:48+00:00\" \/>\n<meta name=\"author\" content=\"Jeanette\" \/>\n<meta name=\"twitter:card\" content=\"summary_large_image\" \/>\n<meta name=\"twitter:creator\" content=\"@eldiario_net\" \/>\n<meta name=\"twitter:site\" content=\"@eldiario_net\" \/>\n<meta name=\"twitter:label1\" content=\"Escrito por\" \/>\n\t<meta name=\"twitter:data1\" content=\"Jeanette\" \/>\n\t<meta name=\"twitter:label2\" content=\"Tiempo de lectura\" \/>\n\t<meta name=\"twitter:data2\" content=\"4 minutos\" \/>\n<script type=\"application\/ld+json\" class=\"yoast-schema-graph\">{\"@context\":\"https:\\\/\\\/schema.org\",\"@graph\":[{\"@type\":\"Article\",\"@id\":\"https:\\\/\\\/www.eldiario.net\\\/portal\\\/2021\\\/06\\\/28\\\/un-articulo-del-pacto-de-san-jose-y-una-ley-de-1993-comprometen-a-bolivia-a-cumplir-opinion-consultiva\\\/#article\",\"isPartOf\":{\"@id\":\"https:\\\/\\\/www.eldiario.net\\\/portal\\\/2021\\\/06\\\/28\\\/un-articulo-del-pacto-de-san-jose-y-una-ley-de-1993-comprometen-a-bolivia-a-cumplir-opinion-consultiva\\\/\"},\"author\":{\"name\":\"Jeanette\",\"@id\":\"https:\\\/\\\/www.eldiario.net\\\/portal\\\/#\\\/schema\\\/person\\\/2c57cf2b7a7ae032e449e4c9b1019eac\"},\"headline\":\"Un art\u00edculo del Pacto de San Jos\u00e9 y una Ley de 1993 comprometen a Bolivia a cumplir Opini\u00f3n Consultiva\",\"datePublished\":\"2021-06-28T10:01:48+00:00\",\"mainEntityOfPage\":{\"@id\":\"https:\\\/\\\/www.eldiario.net\\\/portal\\\/2021\\\/06\\\/28\\\/un-articulo-del-pacto-de-san-jose-y-una-ley-de-1993-comprometen-a-bolivia-a-cumplir-opinion-consultiva\\\/\"},\"wordCount\":759,\"publisher\":{\"@id\":\"https:\\\/\\\/www.eldiario.net\\\/portal\\\/#organization\"},\"articleSection\":[\"Pol\u00edtica\"],\"inLanguage\":\"es\"},{\"@type\":\"WebPage\",\"@id\":\"https:\\\/\\\/www.eldiario.net\\\/portal\\\/2021\\\/06\\\/28\\\/un-articulo-del-pacto-de-san-jose-y-una-ley-de-1993-comprometen-a-bolivia-a-cumplir-opinion-consultiva\\\/\",\"url\":\"https:\\\/\\\/www.eldiario.net\\\/portal\\\/2021\\\/06\\\/28\\\/un-articulo-del-pacto-de-san-jose-y-una-ley-de-1993-comprometen-a-bolivia-a-cumplir-opinion-consultiva\\\/\",\"name\":\"Un art\u00edculo del Pacto de San Jos\u00e9 y una Ley de 1993 comprometen a Bolivia a cumplir Opini\u00f3n Consultiva - El Diario - Bolivia\",\"isPartOf\":{\"@id\":\"https:\\\/\\\/www.eldiario.net\\\/portal\\\/#website\"},\"datePublished\":\"2021-06-28T10:01:48+00:00\",\"breadcrumb\":{\"@id\":\"https:\\\/\\\/www.eldiario.net\\\/portal\\\/2021\\\/06\\\/28\\\/un-articulo-del-pacto-de-san-jose-y-una-ley-de-1993-comprometen-a-bolivia-a-cumplir-opinion-consultiva\\\/#breadcrumb\"},\"inLanguage\":\"es\",\"potentialAction\":[{\"@type\":\"ReadAction\",\"target\":[\"https:\\\/\\\/www.eldiario.net\\\/portal\\\/2021\\\/06\\\/28\\\/un-articulo-del-pacto-de-san-jose-y-una-ley-de-1993-comprometen-a-bolivia-a-cumplir-opinion-consultiva\\\/\"]}]},{\"@type\":\"BreadcrumbList\",\"@id\":\"https:\\\/\\\/www.eldiario.net\\\/portal\\\/2021\\\/06\\\/28\\\/un-articulo-del-pacto-de-san-jose-y-una-ley-de-1993-comprometen-a-bolivia-a-cumplir-opinion-consultiva\\\/#breadcrumb\",\"itemListElement\":[{\"@type\":\"ListItem\",\"position\":1,\"name\":\"Portada\",\"item\":\"https:\\\/\\\/www.eldiario.net\\\/portal\\\/\"},{\"@type\":\"ListItem\",\"position\":2,\"name\":\"Un art\u00edculo del Pacto de San Jos\u00e9 y una Ley de 1993 comprometen a Bolivia a cumplir Opini\u00f3n Consultiva\"}]},{\"@type\":\"WebSite\",\"@id\":\"https:\\\/\\\/www.eldiario.net\\\/portal\\\/#website\",\"url\":\"https:\\\/\\\/www.eldiario.net\\\/portal\\\/\",\"name\":\"El Diario - Decano de la prensa nacional\",\"description\":\"El Diario - Decano de la prensa nacional\",\"publisher\":{\"@id\":\"https:\\\/\\\/www.eldiario.net\\\/portal\\\/#organization\"},\"potentialAction\":[{\"@type\":\"SearchAction\",\"target\":{\"@type\":\"EntryPoint\",\"urlTemplate\":\"https:\\\/\\\/www.eldiario.net\\\/portal\\\/?s={search_term_string}\"},\"query-input\":{\"@type\":\"PropertyValueSpecification\",\"valueRequired\":true,\"valueName\":\"search_term_string\"}}],\"inLanguage\":\"es\"},{\"@type\":\"Organization\",\"@id\":\"https:\\\/\\\/www.eldiario.net\\\/portal\\\/#organization\",\"name\":\"El Diario - Decano de la prensa nacional\",\"url\":\"https:\\\/\\\/www.eldiario.net\\\/portal\\\/\",\"logo\":{\"@type\":\"ImageObject\",\"inLanguage\":\"es\",\"@id\":\"https:\\\/\\\/www.eldiario.net\\\/portal\\\/#\\\/schema\\\/logo\\\/image\\\/\",\"url\":\"https:\\\/\\\/www.eldiario.net\\\/portal\\\/wp-content\\\/uploads\\\/2023\\\/07\\\/logo_ED.jpg\",\"contentUrl\":\"https:\\\/\\\/www.eldiario.net\\\/portal\\\/wp-content\\\/uploads\\\/2023\\\/07\\\/logo_ED.jpg\",\"width\":272,\"height\":52,\"caption\":\"El Diario - Decano de la prensa nacional\"},\"image\":{\"@id\":\"https:\\\/\\\/www.eldiario.net\\\/portal\\\/#\\\/schema\\\/logo\\\/image\\\/\"},\"sameAs\":[\"https:\\\/\\\/www.facebook.com\\\/eldiario.bolivia\\\/\",\"https:\\\/\\\/x.com\\\/eldiario_net\"]},{\"@type\":\"Person\",\"@id\":\"https:\\\/\\\/www.eldiario.net\\\/portal\\\/#\\\/schema\\\/person\\\/2c57cf2b7a7ae032e449e4c9b1019eac\",\"name\":\"Jeanette\",\"image\":{\"@type\":\"ImageObject\",\"inLanguage\":\"es\",\"@id\":\"https:\\\/\\\/secure.gravatar.com\\\/avatar\\\/3ea2118a5f7dad2b7138b1187a6b7ee55f160b9968b66013c3a3ef39dd7e5798?s=96&d=mm&r=g\",\"url\":\"https:\\\/\\\/secure.gravatar.com\\\/avatar\\\/3ea2118a5f7dad2b7138b1187a6b7ee55f160b9968b66013c3a3ef39dd7e5798?s=96&d=mm&r=g\",\"contentUrl\":\"https:\\\/\\\/secure.gravatar.com\\\/avatar\\\/3ea2118a5f7dad2b7138b1187a6b7ee55f160b9968b66013c3a3ef39dd7e5798?s=96&d=mm&r=g\",\"caption\":\"Jeanette\"},\"sameAs\":[\"https:\\\/\\\/www.eldiario.net\\\/portal\"],\"url\":\"https:\\\/\\\/www.eldiario.net\\\/portal\\\/author\\\/jeanette\\\/\"}]}<\/script>\n<!-- \/ Yoast SEO plugin. -->","yoast_head_json":{"title":"Un art\u00edculo del Pacto de San Jos\u00e9 y una Ley de 1993 comprometen a Bolivia a cumplir Opini\u00f3n Consultiva - El Diario - Bolivia","robots":{"index":"index","follow":"follow","max-snippet":"max-snippet:-1","max-image-preview":"max-image-preview:large","max-video-preview":"max-video-preview:-1"},"canonical":"https:\/\/www.eldiario.net\/portal\/2021\/06\/28\/un-articulo-del-pacto-de-san-jose-y-una-ley-de-1993-comprometen-a-bolivia-a-cumplir-opinion-consultiva\/","og_locale":"es_ES","og_type":"article","og_title":"Un art\u00edculo del Pacto de San Jos\u00e9 y una Ley de 1993 comprometen a Bolivia a cumplir Opini\u00f3n Consultiva - El Diario - Bolivia","og_description":"Un art\u00edculo espec\u00edfico del Pacto de San Jos\u00e9 de Costa Rica y una Ley de la Rep\u00fablica de Bolivia de 1993 comprometen al Estado boliviano a cumplir la Opini\u00f3n Consultiva que emita la Corte-IDH sobre si la reelecci\u00f3n indefinida es o no un derecho humano, tal como interpret\u00f3 el Tribunal Constitucional Plurinacional habilitando a Evo [&hellip;]","og_url":"https:\/\/www.eldiario.net\/portal\/2021\/06\/28\/un-articulo-del-pacto-de-san-jose-y-una-ley-de-1993-comprometen-a-bolivia-a-cumplir-opinion-consultiva\/","og_site_name":"El Diario - Bolivia","article_publisher":"https:\/\/www.facebook.com\/eldiario.bolivia\/","article_published_time":"2021-06-28T10:01:48+00:00","author":"Jeanette","twitter_card":"summary_large_image","twitter_creator":"@eldiario_net","twitter_site":"@eldiario_net","twitter_misc":{"Escrito por":"Jeanette","Tiempo de lectura":"4 minutos"},"schema":{"@context":"https:\/\/schema.org","@graph":[{"@type":"Article","@id":"https:\/\/www.eldiario.net\/portal\/2021\/06\/28\/un-articulo-del-pacto-de-san-jose-y-una-ley-de-1993-comprometen-a-bolivia-a-cumplir-opinion-consultiva\/#article","isPartOf":{"@id":"https:\/\/www.eldiario.net\/portal\/2021\/06\/28\/un-articulo-del-pacto-de-san-jose-y-una-ley-de-1993-comprometen-a-bolivia-a-cumplir-opinion-consultiva\/"},"author":{"name":"Jeanette","@id":"https:\/\/www.eldiario.net\/portal\/#\/schema\/person\/2c57cf2b7a7ae032e449e4c9b1019eac"},"headline":"Un art\u00edculo del Pacto de San Jos\u00e9 y una Ley de 1993 comprometen a Bolivia a cumplir Opini\u00f3n Consultiva","datePublished":"2021-06-28T10:01:48+00:00","mainEntityOfPage":{"@id":"https:\/\/www.eldiario.net\/portal\/2021\/06\/28\/un-articulo-del-pacto-de-san-jose-y-una-ley-de-1993-comprometen-a-bolivia-a-cumplir-opinion-consultiva\/"},"wordCount":759,"publisher":{"@id":"https:\/\/www.eldiario.net\/portal\/#organization"},"articleSection":["Pol\u00edtica"],"inLanguage":"es"},{"@type":"WebPage","@id":"https:\/\/www.eldiario.net\/portal\/2021\/06\/28\/un-articulo-del-pacto-de-san-jose-y-una-ley-de-1993-comprometen-a-bolivia-a-cumplir-opinion-consultiva\/","url":"https:\/\/www.eldiario.net\/portal\/2021\/06\/28\/un-articulo-del-pacto-de-san-jose-y-una-ley-de-1993-comprometen-a-bolivia-a-cumplir-opinion-consultiva\/","name":"Un art\u00edculo del Pacto de San Jos\u00e9 y una Ley de 1993 comprometen a Bolivia a cumplir Opini\u00f3n Consultiva - El Diario - Bolivia","isPartOf":{"@id":"https:\/\/www.eldiario.net\/portal\/#website"},"datePublished":"2021-06-28T10:01:48+00:00","breadcrumb":{"@id":"https:\/\/www.eldiario.net\/portal\/2021\/06\/28\/un-articulo-del-pacto-de-san-jose-y-una-ley-de-1993-comprometen-a-bolivia-a-cumplir-opinion-consultiva\/#breadcrumb"},"inLanguage":"es","potentialAction":[{"@type":"ReadAction","target":["https:\/\/www.eldiario.net\/portal\/2021\/06\/28\/un-articulo-del-pacto-de-san-jose-y-una-ley-de-1993-comprometen-a-bolivia-a-cumplir-opinion-consultiva\/"]}]},{"@type":"BreadcrumbList","@id":"https:\/\/www.eldiario.net\/portal\/2021\/06\/28\/un-articulo-del-pacto-de-san-jose-y-una-ley-de-1993-comprometen-a-bolivia-a-cumplir-opinion-consultiva\/#breadcrumb","itemListElement":[{"@type":"ListItem","position":1,"name":"Portada","item":"https:\/\/www.eldiario.net\/portal\/"},{"@type":"ListItem","position":2,"name":"Un art\u00edculo del Pacto de San Jos\u00e9 y una Ley de 1993 comprometen a Bolivia a cumplir Opini\u00f3n Consultiva"}]},{"@type":"WebSite","@id":"https:\/\/www.eldiario.net\/portal\/#website","url":"https:\/\/www.eldiario.net\/portal\/","name":"El Diario - Decano de la prensa nacional","description":"El Diario - Decano de la prensa nacional","publisher":{"@id":"https:\/\/www.eldiario.net\/portal\/#organization"},"potentialAction":[{"@type":"SearchAction","target":{"@type":"EntryPoint","urlTemplate":"https:\/\/www.eldiario.net\/portal\/?s={search_term_string}"},"query-input":{"@type":"PropertyValueSpecification","valueRequired":true,"valueName":"search_term_string"}}],"inLanguage":"es"},{"@type":"Organization","@id":"https:\/\/www.eldiario.net\/portal\/#organization","name":"El Diario - Decano de la prensa nacional","url":"https:\/\/www.eldiario.net\/portal\/","logo":{"@type":"ImageObject","inLanguage":"es","@id":"https:\/\/www.eldiario.net\/portal\/#\/schema\/logo\/image\/","url":"https:\/\/www.eldiario.net\/portal\/wp-content\/uploads\/2023\/07\/logo_ED.jpg","contentUrl":"https:\/\/www.eldiario.net\/portal\/wp-content\/uploads\/2023\/07\/logo_ED.jpg","width":272,"height":52,"caption":"El Diario - Decano de la prensa nacional"},"image":{"@id":"https:\/\/www.eldiario.net\/portal\/#\/schema\/logo\/image\/"},"sameAs":["https:\/\/www.facebook.com\/eldiario.bolivia\/","https:\/\/x.com\/eldiario_net"]},{"@type":"Person","@id":"https:\/\/www.eldiario.net\/portal\/#\/schema\/person\/2c57cf2b7a7ae032e449e4c9b1019eac","name":"Jeanette","image":{"@type":"ImageObject","inLanguage":"es","@id":"https:\/\/secure.gravatar.com\/avatar\/3ea2118a5f7dad2b7138b1187a6b7ee55f160b9968b66013c3a3ef39dd7e5798?s=96&d=mm&r=g","url":"https:\/\/secure.gravatar.com\/avatar\/3ea2118a5f7dad2b7138b1187a6b7ee55f160b9968b66013c3a3ef39dd7e5798?s=96&d=mm&r=g","contentUrl":"https:\/\/secure.gravatar.com\/avatar\/3ea2118a5f7dad2b7138b1187a6b7ee55f160b9968b66013c3a3ef39dd7e5798?s=96&d=mm&r=g","caption":"Jeanette"},"sameAs":["https:\/\/www.eldiario.net\/portal"],"url":"https:\/\/www.eldiario.net\/portal\/author\/jeanette\/"}]}},"_links":{"self":[{"href":"https:\/\/www.eldiario.net\/portal\/wp-json\/wp\/v2\/posts\/13417","targetHints":{"allow":["GET"]}}],"collection":[{"href":"https:\/\/www.eldiario.net\/portal\/wp-json\/wp\/v2\/posts"}],"about":[{"href":"https:\/\/www.eldiario.net\/portal\/wp-json\/wp\/v2\/types\/post"}],"author":[{"embeddable":true,"href":"https:\/\/www.eldiario.net\/portal\/wp-json\/wp\/v2\/users\/1"}],"replies":[{"embeddable":true,"href":"https:\/\/www.eldiario.net\/portal\/wp-json\/wp\/v2\/comments?post=13417"}],"version-history":[{"count":0,"href":"https:\/\/www.eldiario.net\/portal\/wp-json\/wp\/v2\/posts\/13417\/revisions"}],"wp:attachment":[{"href":"https:\/\/www.eldiario.net\/portal\/wp-json\/wp\/v2\/media?parent=13417"}],"wp:term":[{"taxonomy":"category","embeddable":true,"href":"https:\/\/www.eldiario.net\/portal\/wp-json\/wp\/v2\/categories?post=13417"},{"taxonomy":"post_tag","embeddable":true,"href":"https:\/\/www.eldiario.net\/portal\/wp-json\/wp\/v2\/tags?post=13417"}],"curies":[{"name":"wp","href":"https:\/\/api.w.org\/{rel}","templated":true}]}}