{"id":13414,"date":"2021-06-28T06:01:05","date_gmt":"2021-06-28T10:01:05","guid":{"rendered":"https:\/\/www.eldiario.net\/portal\/?p=13414"},"modified":"2021-06-28T06:01:05","modified_gmt":"2021-06-28T10:01:05","slug":"algunos-directores-intentan-obligar-a-pasar-clases-semipresenciales","status":"publish","type":"post","link":"https:\/\/www.eldiario.net\/portal\/2021\/06\/28\/algunos-directores-intentan-obligar-a-pasar-clases-semipresenciales\/","title":{"rendered":"Algunos directores intentan obligar   a pasar clases semipresenciales"},"content":{"rendered":"<p>El representante del magisterio de la ciudad de El Alto, \u00c1lex Morales, denunci\u00f3 que algunos directores de unidades educativas del \u00e1rea urbana y provincias intentan obligar a los maestros a retornar a las clases semipresenciales a partir de hoy.<br \/>\nDe acuerdo con las aseveraciones del dirigente Morales, este tipo de actitudes ya fueron denunciadas anteriormente, donde algunos directores de estos sectores ya han intentado lograr este tipo de trabajos, inclusive en complicidad con directores distritales.<br \/>\n\u201cPara nosotros son actitudes que tratan de tapar el fracaso que tuvieron las autoridades nacionales de educaci\u00f3n en las clases virtuales que no tuvo el resultado que se anunci\u00f3 a causa de las improvisaciones que se han dado durante todo este primer trimestre de la educaci\u00f3n virtual, donde no existi\u00f3 el material necesario para los estudiantes, menos las dotaci\u00f3n de computadoras ni el internet gratuito\u201d, indic\u00f3 el dirigente del magisterio de El Alto.<br \/>\nPara el dirigente Morales, estos intentos de obligar a los maestros a trabajar de forma semipresencial vienen de aquellas autoridades de directores de colegios y los mismos directores distritales, pertenecientes al partido pol\u00edtico en funci\u00f3n de gobierno central, que tienen la \u00fanica intenci\u00f3n de hacer ver que se est\u00e1 trabajando sin problema alguno.<br \/>\nEstas actitudes ya fueron denunciadas y advertidas en varios colegios del sector urbano y algunas provincias, donde de no implementar las clases semipresenciales, los maestros podr\u00edan ser despedidos, incluso en complicidad de autoridades originarias de las mismas regiones.<br \/>\nOtro de los problemas que se incumpli\u00f3 por parte de las autoridades de Gobierno, a pesar de sus compromisos, es la falta del material de bioseguridad; algunas unidades educativas que pasaron clases semipresenciales no lograron este cometido y trabajaron poniendo en riesgo la salud de los estudiantes y los maestros.<br \/>\n\u201cTodos estos aspectos que han escapado de la responsabilidad por parte del Gobierno ahora est\u00e1n tratando de ser tapados con este tipo de amenazas, pero nosotros junto a nuestros dirigentes departamentales y nacionales, hemos decidido continuar denunciando, porque no podemos arriesgar la salud de los estudiantes, de nuestros maestros y de los mismos padres de familia, quienes tambi\u00e9n son parte de todo este proceso\u201d, dijo el dirigente del magisterio de El Alto.<br \/>\nSobre el tema, los dirigentes del magisterio de La Paz anunciaron con procesos penales a todo aquel director de colegio o director distrital de educaci\u00f3n que quiere obligar a trabajar de forma semipresencial, debido a que podr\u00eda constituirse como un atentado a la salud.<\/p>\n","protected":false},"excerpt":{"rendered":"<p>El representante del magisterio de la ciudad de El Alto, \u00c1lex Morales, denunci\u00f3 que algunos directores de unidades educativas del \u00e1rea urbana y provincias intentan obligar a los maestros a retornar a las clases semipresenciales a partir de hoy. De acuerdo con las aseveraciones del dirigente Morales, este tipo de actitudes ya fueron denunciadas anteriormente, [&hellip;]<\/p>\n","protected":false},"author":1,"featured_media":13415,"comment_status":"closed","ping_status":"closed","sticky":false,"template":"","format":"standard","meta":{"_acf_changed":false,"footnotes":""},"categories":[12],"tags":[],"class_list":["post-13414","post","type-post","status-publish","format-standard","has-post-thumbnail","category-nacional"],"acf":{"antetitulo":""},"yoast_head":"<!-- This site is optimized with the Yoast SEO plugin v28.4 - https:\/\/yoast.com\/product\/yoast-seo-wordpress\/ -->\n<title>Algunos directores intentan obligar  a pasar clases semipresenciales - El Diario - Bolivia<\/title>\n<meta name=\"robots\" content=\"index, follow, max-snippet:-1, max-image-preview:large, max-video-preview:-1\" \/>\n<link rel=\"canonical\" href=\"https:\/\/www.eldiario.net\/portal\/2021\/06\/28\/algunos-directores-intentan-obligar-a-pasar-clases-semipresenciales\/\" \/>\n<meta property=\"og:locale\" content=\"es_ES\" \/>\n<meta property=\"og:type\" content=\"article\" \/>\n<meta property=\"og:title\" content=\"Algunos directores intentan obligar  a pasar clases semipresenciales - El Diario - Bolivia\" \/>\n<meta property=\"og:description\" content=\"El representante del magisterio de la ciudad de El Alto, \u00c1lex Morales, denunci\u00f3 que algunos directores de unidades educativas del \u00e1rea urbana y provincias intentan obligar a los maestros a retornar a las clases semipresenciales a partir de hoy. De acuerdo con las aseveraciones del dirigente Morales, este tipo de actitudes ya fueron denunciadas anteriormente, [&hellip;]\" \/>\n<meta property=\"og:url\" content=\"https:\/\/www.eldiario.net\/portal\/2021\/06\/28\/algunos-directores-intentan-obligar-a-pasar-clases-semipresenciales\/\" \/>\n<meta property=\"og:site_name\" content=\"El Diario - Bolivia\" \/>\n<meta property=\"article:publisher\" content=\"https:\/\/www.facebook.com\/eldiario.bolivia\/\" \/>\n<meta property=\"article:published_time\" content=\"2021-06-28T10:01:05+00:00\" \/>\n<meta property=\"og:image\" content=\"https:\/\/www.eldiario.net\/portal\/wp-content\/uploads\/2021\/06\/1AL-14.jpg\" \/>\n\t<meta property=\"og:image:width\" content=\"1280\" \/>\n\t<meta property=\"og:image:height\" content=\"720\" \/>\n\t<meta property=\"og:image:type\" content=\"image\/jpeg\" \/>\n<meta name=\"author\" content=\"Jeanette\" \/>\n<meta name=\"twitter:card\" content=\"summary_large_image\" \/>\n<meta name=\"twitter:creator\" content=\"@eldiario_net\" \/>\n<meta name=\"twitter:site\" content=\"@eldiario_net\" \/>\n<meta name=\"twitter:label1\" content=\"Escrito por\" \/>\n\t<meta name=\"twitter:data1\" content=\"Jeanette\" \/>\n\t<meta name=\"twitter:label2\" content=\"Tiempo de lectura\" \/>\n\t<meta name=\"twitter:data2\" content=\"2 minutos\" \/>\n<script type=\"application\/ld+json\" class=\"yoast-schema-graph\">{\"@context\":\"https:\\\/\\\/schema.org\",\"@graph\":[{\"@type\":\"Article\",\"@id\":\"https:\\\/\\\/www.eldiario.net\\\/portal\\\/2021\\\/06\\\/28\\\/algunos-directores-intentan-obligar-a-pasar-clases-semipresenciales\\\/#article\",\"isPartOf\":{\"@id\":\"https:\\\/\\\/www.eldiario.net\\\/portal\\\/2021\\\/06\\\/28\\\/algunos-directores-intentan-obligar-a-pasar-clases-semipresenciales\\\/\"},\"author\":{\"name\":\"Jeanette\",\"@id\":\"https:\\\/\\\/www.eldiario.net\\\/portal\\\/#\\\/schema\\\/person\\\/2c57cf2b7a7ae032e449e4c9b1019eac\"},\"headline\":\"Algunos directores intentan obligar a pasar clases semipresenciales\",\"datePublished\":\"2021-06-28T10:01:05+00:00\",\"mainEntityOfPage\":{\"@id\":\"https:\\\/\\\/www.eldiario.net\\\/portal\\\/2021\\\/06\\\/28\\\/algunos-directores-intentan-obligar-a-pasar-clases-semipresenciales\\\/\"},\"wordCount\":424,\"publisher\":{\"@id\":\"https:\\\/\\\/www.eldiario.net\\\/portal\\\/#organization\"},\"image\":{\"@id\":\"https:\\\/\\\/www.eldiario.net\\\/portal\\\/2021\\\/06\\\/28\\\/algunos-directores-intentan-obligar-a-pasar-clases-semipresenciales\\\/#primaryimage\"},\"thumbnailUrl\":\"https:\\\/\\\/www.eldiario.net\\\/portal\\\/wp-content\\\/uploads\\\/2021\\\/06\\\/1AL-14.jpg\",\"articleSection\":[\"Nacional\"],\"inLanguage\":\"es\"},{\"@type\":\"WebPage\",\"@id\":\"https:\\\/\\\/www.eldiario.net\\\/portal\\\/2021\\\/06\\\/28\\\/algunos-directores-intentan-obligar-a-pasar-clases-semipresenciales\\\/\",\"url\":\"https:\\\/\\\/www.eldiario.net\\\/portal\\\/2021\\\/06\\\/28\\\/algunos-directores-intentan-obligar-a-pasar-clases-semipresenciales\\\/\",\"name\":\"Algunos directores intentan obligar a pasar clases semipresenciales - El Diario - Bolivia\",\"isPartOf\":{\"@id\":\"https:\\\/\\\/www.eldiario.net\\\/portal\\\/#website\"},\"primaryImageOfPage\":{\"@id\":\"https:\\\/\\\/www.eldiario.net\\\/portal\\\/2021\\\/06\\\/28\\\/algunos-directores-intentan-obligar-a-pasar-clases-semipresenciales\\\/#primaryimage\"},\"image\":{\"@id\":\"https:\\\/\\\/www.eldiario.net\\\/portal\\\/2021\\\/06\\\/28\\\/algunos-directores-intentan-obligar-a-pasar-clases-semipresenciales\\\/#primaryimage\"},\"thumbnailUrl\":\"https:\\\/\\\/www.eldiario.net\\\/portal\\\/wp-content\\\/uploads\\\/2021\\\/06\\\/1AL-14.jpg\",\"datePublished\":\"2021-06-28T10:01:05+00:00\",\"breadcrumb\":{\"@id\":\"https:\\\/\\\/www.eldiario.net\\\/portal\\\/2021\\\/06\\\/28\\\/algunos-directores-intentan-obligar-a-pasar-clases-semipresenciales\\\/#breadcrumb\"},\"inLanguage\":\"es\",\"potentialAction\":[{\"@type\":\"ReadAction\",\"target\":[\"https:\\\/\\\/www.eldiario.net\\\/portal\\\/2021\\\/06\\\/28\\\/algunos-directores-intentan-obligar-a-pasar-clases-semipresenciales\\\/\"]}]},{\"@type\":\"ImageObject\",\"inLanguage\":\"es\",\"@id\":\"https:\\\/\\\/www.eldiario.net\\\/portal\\\/2021\\\/06\\\/28\\\/algunos-directores-intentan-obligar-a-pasar-clases-semipresenciales\\\/#primaryimage\",\"url\":\"https:\\\/\\\/www.eldiario.net\\\/portal\\\/wp-content\\\/uploads\\\/2021\\\/06\\\/1AL-14.jpg\",\"contentUrl\":\"https:\\\/\\\/www.eldiario.net\\\/portal\\\/wp-content\\\/uploads\\\/2021\\\/06\\\/1AL-14.jpg\",\"width\":1280,\"height\":720},{\"@type\":\"BreadcrumbList\",\"@id\":\"https:\\\/\\\/www.eldiario.net\\\/portal\\\/2021\\\/06\\\/28\\\/algunos-directores-intentan-obligar-a-pasar-clases-semipresenciales\\\/#breadcrumb\",\"itemListElement\":[{\"@type\":\"ListItem\",\"position\":1,\"name\":\"Portada\",\"item\":\"https:\\\/\\\/www.eldiario.net\\\/portal\\\/\"},{\"@type\":\"ListItem\",\"position\":2,\"name\":\"Algunos directores intentan obligar a pasar clases semipresenciales\"}]},{\"@type\":\"WebSite\",\"@id\":\"https:\\\/\\\/www.eldiario.net\\\/portal\\\/#website\",\"url\":\"https:\\\/\\\/www.eldiario.net\\\/portal\\\/\",\"name\":\"El Diario - Decano de la prensa nacional\",\"description\":\"El Diario - Decano de la prensa nacional\",\"publisher\":{\"@id\":\"https:\\\/\\\/www.eldiario.net\\\/portal\\\/#organization\"},\"potentialAction\":[{\"@type\":\"SearchAction\",\"target\":{\"@type\":\"EntryPoint\",\"urlTemplate\":\"https:\\\/\\\/www.eldiario.net\\\/portal\\\/?s={search_term_string}\"},\"query-input\":{\"@type\":\"PropertyValueSpecification\",\"valueRequired\":true,\"valueName\":\"search_term_string\"}}],\"inLanguage\":\"es\"},{\"@type\":\"Organization\",\"@id\":\"https:\\\/\\\/www.eldiario.net\\\/portal\\\/#organization\",\"name\":\"El Diario - Decano de la prensa nacional\",\"url\":\"https:\\\/\\\/www.eldiario.net\\\/portal\\\/\",\"logo\":{\"@type\":\"ImageObject\",\"inLanguage\":\"es\",\"@id\":\"https:\\\/\\\/www.eldiario.net\\\/portal\\\/#\\\/schema\\\/logo\\\/image\\\/\",\"url\":\"https:\\\/\\\/www.eldiario.net\\\/portal\\\/wp-content\\\/uploads\\\/2023\\\/07\\\/logo_ED.jpg\",\"contentUrl\":\"https:\\\/\\\/www.eldiario.net\\\/portal\\\/wp-content\\\/uploads\\\/2023\\\/07\\\/logo_ED.jpg\",\"width\":272,\"height\":52,\"caption\":\"El Diario - Decano de la prensa nacional\"},\"image\":{\"@id\":\"https:\\\/\\\/www.eldiario.net\\\/portal\\\/#\\\/schema\\\/logo\\\/image\\\/\"},\"sameAs\":[\"https:\\\/\\\/www.facebook.com\\\/eldiario.bolivia\\\/\",\"https:\\\/\\\/x.com\\\/eldiario_net\"]},{\"@type\":\"Person\",\"@id\":\"https:\\\/\\\/www.eldiario.net\\\/portal\\\/#\\\/schema\\\/person\\\/2c57cf2b7a7ae032e449e4c9b1019eac\",\"name\":\"Jeanette\",\"image\":{\"@type\":\"ImageObject\",\"inLanguage\":\"es\",\"@id\":\"https:\\\/\\\/secure.gravatar.com\\\/avatar\\\/3ea2118a5f7dad2b7138b1187a6b7ee55f160b9968b66013c3a3ef39dd7e5798?s=96&d=mm&r=g\",\"url\":\"https:\\\/\\\/secure.gravatar.com\\\/avatar\\\/3ea2118a5f7dad2b7138b1187a6b7ee55f160b9968b66013c3a3ef39dd7e5798?s=96&d=mm&r=g\",\"contentUrl\":\"https:\\\/\\\/secure.gravatar.com\\\/avatar\\\/3ea2118a5f7dad2b7138b1187a6b7ee55f160b9968b66013c3a3ef39dd7e5798?s=96&d=mm&r=g\",\"caption\":\"Jeanette\"},\"sameAs\":[\"https:\\\/\\\/www.eldiario.net\\\/portal\"],\"url\":\"https:\\\/\\\/www.eldiario.net\\\/portal\\\/author\\\/jeanette\\\/\"}]}<\/script>\n<!-- \/ Yoast SEO plugin. -->","yoast_head_json":{"title":"Algunos directores intentan obligar  a pasar clases semipresenciales - El Diario - Bolivia","robots":{"index":"index","follow":"follow","max-snippet":"max-snippet:-1","max-image-preview":"max-image-preview:large","max-video-preview":"max-video-preview:-1"},"canonical":"https:\/\/www.eldiario.net\/portal\/2021\/06\/28\/algunos-directores-intentan-obligar-a-pasar-clases-semipresenciales\/","og_locale":"es_ES","og_type":"article","og_title":"Algunos directores intentan obligar  a pasar clases semipresenciales - El Diario - Bolivia","og_description":"El representante del magisterio de la ciudad de El Alto, \u00c1lex Morales, denunci\u00f3 que algunos directores de unidades educativas del \u00e1rea urbana y provincias intentan obligar a los maestros a retornar a las clases semipresenciales a partir de hoy. De acuerdo con las aseveraciones del dirigente Morales, este tipo de actitudes ya fueron denunciadas anteriormente, [&hellip;]","og_url":"https:\/\/www.eldiario.net\/portal\/2021\/06\/28\/algunos-directores-intentan-obligar-a-pasar-clases-semipresenciales\/","og_site_name":"El Diario - Bolivia","article_publisher":"https:\/\/www.facebook.com\/eldiario.bolivia\/","article_published_time":"2021-06-28T10:01:05+00:00","og_image":[{"width":1280,"height":720,"url":"https:\/\/www.eldiario.net\/portal\/wp-content\/uploads\/2021\/06\/1AL-14.jpg","type":"image\/jpeg"}],"author":"Jeanette","twitter_card":"summary_large_image","twitter_creator":"@eldiario_net","twitter_site":"@eldiario_net","twitter_misc":{"Escrito por":"Jeanette","Tiempo de lectura":"2 minutos"},"schema":{"@context":"https:\/\/schema.org","@graph":[{"@type":"Article","@id":"https:\/\/www.eldiario.net\/portal\/2021\/06\/28\/algunos-directores-intentan-obligar-a-pasar-clases-semipresenciales\/#article","isPartOf":{"@id":"https:\/\/www.eldiario.net\/portal\/2021\/06\/28\/algunos-directores-intentan-obligar-a-pasar-clases-semipresenciales\/"},"author":{"name":"Jeanette","@id":"https:\/\/www.eldiario.net\/portal\/#\/schema\/person\/2c57cf2b7a7ae032e449e4c9b1019eac"},"headline":"Algunos directores intentan obligar a pasar clases semipresenciales","datePublished":"2021-06-28T10:01:05+00:00","mainEntityOfPage":{"@id":"https:\/\/www.eldiario.net\/portal\/2021\/06\/28\/algunos-directores-intentan-obligar-a-pasar-clases-semipresenciales\/"},"wordCount":424,"publisher":{"@id":"https:\/\/www.eldiario.net\/portal\/#organization"},"image":{"@id":"https:\/\/www.eldiario.net\/portal\/2021\/06\/28\/algunos-directores-intentan-obligar-a-pasar-clases-semipresenciales\/#primaryimage"},"thumbnailUrl":"https:\/\/www.eldiario.net\/portal\/wp-content\/uploads\/2021\/06\/1AL-14.jpg","articleSection":["Nacional"],"inLanguage":"es"},{"@type":"WebPage","@id":"https:\/\/www.eldiario.net\/portal\/2021\/06\/28\/algunos-directores-intentan-obligar-a-pasar-clases-semipresenciales\/","url":"https:\/\/www.eldiario.net\/portal\/2021\/06\/28\/algunos-directores-intentan-obligar-a-pasar-clases-semipresenciales\/","name":"Algunos directores intentan obligar a pasar clases semipresenciales - El Diario - Bolivia","isPartOf":{"@id":"https:\/\/www.eldiario.net\/portal\/#website"},"primaryImageOfPage":{"@id":"https:\/\/www.eldiario.net\/portal\/2021\/06\/28\/algunos-directores-intentan-obligar-a-pasar-clases-semipresenciales\/#primaryimage"},"image":{"@id":"https:\/\/www.eldiario.net\/portal\/2021\/06\/28\/algunos-directores-intentan-obligar-a-pasar-clases-semipresenciales\/#primaryimage"},"thumbnailUrl":"https:\/\/www.eldiario.net\/portal\/wp-content\/uploads\/2021\/06\/1AL-14.jpg","datePublished":"2021-06-28T10:01:05+00:00","breadcrumb":{"@id":"https:\/\/www.eldiario.net\/portal\/2021\/06\/28\/algunos-directores-intentan-obligar-a-pasar-clases-semipresenciales\/#breadcrumb"},"inLanguage":"es","potentialAction":[{"@type":"ReadAction","target":["https:\/\/www.eldiario.net\/portal\/2021\/06\/28\/algunos-directores-intentan-obligar-a-pasar-clases-semipresenciales\/"]}]},{"@type":"ImageObject","inLanguage":"es","@id":"https:\/\/www.eldiario.net\/portal\/2021\/06\/28\/algunos-directores-intentan-obligar-a-pasar-clases-semipresenciales\/#primaryimage","url":"https:\/\/www.eldiario.net\/portal\/wp-content\/uploads\/2021\/06\/1AL-14.jpg","contentUrl":"https:\/\/www.eldiario.net\/portal\/wp-content\/uploads\/2021\/06\/1AL-14.jpg","width":1280,"height":720},{"@type":"BreadcrumbList","@id":"https:\/\/www.eldiario.net\/portal\/2021\/06\/28\/algunos-directores-intentan-obligar-a-pasar-clases-semipresenciales\/#breadcrumb","itemListElement":[{"@type":"ListItem","position":1,"name":"Portada","item":"https:\/\/www.eldiario.net\/portal\/"},{"@type":"ListItem","position":2,"name":"Algunos directores intentan obligar a pasar clases semipresenciales"}]},{"@type":"WebSite","@id":"https:\/\/www.eldiario.net\/portal\/#website","url":"https:\/\/www.eldiario.net\/portal\/","name":"El Diario - Decano de la prensa nacional","description":"El Diario - Decano de la prensa nacional","publisher":{"@id":"https:\/\/www.eldiario.net\/portal\/#organization"},"potentialAction":[{"@type":"SearchAction","target":{"@type":"EntryPoint","urlTemplate":"https:\/\/www.eldiario.net\/portal\/?s={search_term_string}"},"query-input":{"@type":"PropertyValueSpecification","valueRequired":true,"valueName":"search_term_string"}}],"inLanguage":"es"},{"@type":"Organization","@id":"https:\/\/www.eldiario.net\/portal\/#organization","name":"El Diario - Decano de la prensa nacional","url":"https:\/\/www.eldiario.net\/portal\/","logo":{"@type":"ImageObject","inLanguage":"es","@id":"https:\/\/www.eldiario.net\/portal\/#\/schema\/logo\/image\/","url":"https:\/\/www.eldiario.net\/portal\/wp-content\/uploads\/2023\/07\/logo_ED.jpg","contentUrl":"https:\/\/www.eldiario.net\/portal\/wp-content\/uploads\/2023\/07\/logo_ED.jpg","width":272,"height":52,"caption":"El Diario - Decano de la prensa nacional"},"image":{"@id":"https:\/\/www.eldiario.net\/portal\/#\/schema\/logo\/image\/"},"sameAs":["https:\/\/www.facebook.com\/eldiario.bolivia\/","https:\/\/x.com\/eldiario_net"]},{"@type":"Person","@id":"https:\/\/www.eldiario.net\/portal\/#\/schema\/person\/2c57cf2b7a7ae032e449e4c9b1019eac","name":"Jeanette","image":{"@type":"ImageObject","inLanguage":"es","@id":"https:\/\/secure.gravatar.com\/avatar\/3ea2118a5f7dad2b7138b1187a6b7ee55f160b9968b66013c3a3ef39dd7e5798?s=96&d=mm&r=g","url":"https:\/\/secure.gravatar.com\/avatar\/3ea2118a5f7dad2b7138b1187a6b7ee55f160b9968b66013c3a3ef39dd7e5798?s=96&d=mm&r=g","contentUrl":"https:\/\/secure.gravatar.com\/avatar\/3ea2118a5f7dad2b7138b1187a6b7ee55f160b9968b66013c3a3ef39dd7e5798?s=96&d=mm&r=g","caption":"Jeanette"},"sameAs":["https:\/\/www.eldiario.net\/portal"],"url":"https:\/\/www.eldiario.net\/portal\/author\/jeanette\/"}]}},"_links":{"self":[{"href":"https:\/\/www.eldiario.net\/portal\/wp-json\/wp\/v2\/posts\/13414","targetHints":{"allow":["GET"]}}],"collection":[{"href":"https:\/\/www.eldiario.net\/portal\/wp-json\/wp\/v2\/posts"}],"about":[{"href":"https:\/\/www.eldiario.net\/portal\/wp-json\/wp\/v2\/types\/post"}],"author":[{"embeddable":true,"href":"https:\/\/www.eldiario.net\/portal\/wp-json\/wp\/v2\/users\/1"}],"replies":[{"embeddable":true,"href":"https:\/\/www.eldiario.net\/portal\/wp-json\/wp\/v2\/comments?post=13414"}],"version-history":[{"count":0,"href":"https:\/\/www.eldiario.net\/portal\/wp-json\/wp\/v2\/posts\/13414\/revisions"}],"wp:featuredmedia":[{"embeddable":true,"href":"https:\/\/www.eldiario.net\/portal\/wp-json\/wp\/v2\/media\/13415"}],"wp:attachment":[{"href":"https:\/\/www.eldiario.net\/portal\/wp-json\/wp\/v2\/media?parent=13414"}],"wp:term":[{"taxonomy":"category","embeddable":true,"href":"https:\/\/www.eldiario.net\/portal\/wp-json\/wp\/v2\/categories?post=13414"},{"taxonomy":"post_tag","embeddable":true,"href":"https:\/\/www.eldiario.net\/portal\/wp-json\/wp\/v2\/tags?post=13414"}],"curies":[{"name":"wp","href":"https:\/\/api.w.org\/{rel}","templated":true}]}}