{"id":132104,"date":"2023-01-11T05:05:53","date_gmt":"2023-01-11T09:05:53","guid":{"rendered":"https:\/\/www.eldiario.net\/portal\/?p=132104"},"modified":"2023-01-11T05:05:53","modified_gmt":"2023-01-11T09:05:53","slug":"policia-muere-calcinado-por-violentas-protestas-en-puno","status":"publish","type":"post","link":"https:\/\/www.eldiario.net\/portal\/2023\/01\/11\/policia-muere-calcinado-por-violentas-protestas-en-puno\/","title":{"rendered":"Polic\u00eda muere calcinado por   violentas protestas en Puno"},"content":{"rendered":"<p>El hecho ocurri\u00f3 ayer por la madrugada, en inmediaciones del colegio San Mart\u00edn, en la urbanizaci\u00f3n Tambopata. El polic\u00eda desaparecido es Jos\u00e9 Luis Soncco Quispe.<br \/>\nLuis Alvarado, representante de la Defensor\u00eda del Pueblo, declar\u00f3 ayer que un polic\u00eda falleci\u00f3 calcinado dentro de un patrullero en la urbanizaci\u00f3n Tambopata, en Puno, donde se registraron manifestaciones y enfrentamientos que dejaron 17 civiles muertos.<br \/>\n\u201cLa Polic\u00eda ya los ha identificado y esa es la informaci\u00f3n a la que hemos podido acceder. Esperemos que se esclarezca este hecho y que el Ministerio P\u00fablico tenga una intervenci\u00f3n r\u00e1pida\u201d, se\u00f1al\u00f3 e indic\u00f3 que el hecho habr\u00eda ocurrido ayer por la madrugada.<br \/>\nCOMUNICADO<br \/>\nDe acuerdo con la informaci\u00f3n del ministerio del Interior, desconocidos retuvieron y atacaron ayer una patrulla de la Polic\u00eda Nacional, que realizaba rondas de vigilancia por la urbanizaci\u00f3n de Tambopata, en la ciudad de Juliaca<br \/>\nIndicaron que reportes de la X Macro Regi\u00f3n Policial, la unidad iba con dos polic\u00edas a bordo, quienes fueron agredidos por la turba que se apropi\u00f3 de sus armas e incendiaron luego el veh\u00edculo, cerca del cual se hall\u00f3 un cuerpo carbonizado que, hasta el momento, no fue plenamente identificado.<br \/>\nPo otro lado, se\u00f1alaron que uno de los polic\u00edas heridos, el suboficial de tercera PNP Ronald Villasante Toque, quien conduc\u00eda la patrulla siniestrada, pudo comunicarse por tel\u00e9fono con sus compa\u00f1eros y les relat\u00f3 el ataque. Adem\u00e1s se denunci\u00f3 la desaparici\u00f3n de su compa\u00f1ero, el suboficial de segunda PNP Jos\u00e9 Luis Soncco Quispe.<br \/>\nTambi\u00e9n confirm\u00f3 la sustracci\u00f3n de las municiones, chaleco antibalas y armas de reglamento que ambos llevaban. Se trata de dos pistolas Pietro Beretta y un fusil AKM.<br \/>\nEl parte policial remitido a la macro regi\u00f3n precisa que el polic\u00eda sobreviviente indic\u00f3 que fueron retenidos y agredidos f\u00edsicamente por unos 350 manifestantes, desconociendo, cu\u00e1l es la situaci\u00f3n de Soncco\u201d.<br \/>\nEl suboficial Villasante fue trasladado a la Cl\u00ednica Americana de Juliaca, donde se le diagnostic\u00f3 policontusiones y heridas m\u00faltiples en la cabeza, por lo que permanece en observaci\u00f3n m\u00e9dica.<br \/>\nEl Ministerio del Interior, anunci\u00f3 que las autoridades policiales iniciaron el proceso de identificaci\u00f3n de los restos carbonizados con el objetivo de establecer su identidad. Tambi\u00e9n, comenzaron con las investigaciones del caso, en coordinaci\u00f3n con el Ministerio P\u00fablico.<br \/>\nINCENDIAN CASA DE CONGRESISTA EN PUNO<br \/>\nEl congresista de Acci\u00f3n Popular, Jorge Luis Flores Ancachi, denunci\u00f3 que su vivienda fue atacada, durante las protestas en la regi\u00f3n Puno que dejaron 17 civiles fallecidos.<br \/>\n\u201cDebo de informar el vil ataque sufrido a mi domicilio ubicado en la ciudad de\u00a0Ilave\u00a0&#8211;\u00a0Puno, donde personas desconocidas prendieron fuego al inmueble, cuando se encontraba una de mis hijas, suegra y familiares, quienes fueron expuestas al peligro de muerte\u201d, manifest\u00f3 el parlamentario a trav\u00e9s de un comunicado difundido en redes sociales. (Infobae).<\/p>\n","protected":false},"excerpt":{"rendered":"<p>El hecho ocurri\u00f3 ayer por la madrugada, en inmediaciones del colegio San Mart\u00edn, en la urbanizaci\u00f3n Tambopata. El polic\u00eda desaparecido es Jos\u00e9 Luis Soncco Quispe. Luis Alvarado, representante de la Defensor\u00eda del Pueblo, declar\u00f3 ayer que un polic\u00eda falleci\u00f3 calcinado dentro de un patrullero en la urbanizaci\u00f3n Tambopata, en Puno, donde se registraron manifestaciones y [&hellip;]<\/p>\n","protected":false},"author":1,"featured_media":132105,"comment_status":"closed","ping_status":"closed","sticky":false,"template":"","format":"standard","meta":{"_acf_changed":false,"footnotes":""},"categories":[3],"tags":[],"class_list":["post-132104","post","type-post","status-publish","format-standard","has-post-thumbnail","category-internacional"],"acf":{"antetitulo":""},"yoast_head":"<!-- This site is optimized with the Yoast SEO plugin v28.4 - https:\/\/yoast.com\/product\/yoast-seo-wordpress\/ -->\n<title>Polic\u00eda muere calcinado por  violentas protestas en Puno - El Diario - Bolivia<\/title>\n<meta name=\"robots\" content=\"index, follow, max-snippet:-1, max-image-preview:large, max-video-preview:-1\" \/>\n<link rel=\"canonical\" href=\"https:\/\/www.eldiario.net\/portal\/2023\/01\/11\/policia-muere-calcinado-por-violentas-protestas-en-puno\/\" \/>\n<meta property=\"og:locale\" content=\"es_ES\" \/>\n<meta property=\"og:type\" content=\"article\" \/>\n<meta property=\"og:title\" content=\"Polic\u00eda muere calcinado por  violentas protestas en Puno - El Diario - Bolivia\" \/>\n<meta property=\"og:description\" content=\"El hecho ocurri\u00f3 ayer por la madrugada, en inmediaciones del colegio San Mart\u00edn, en la urbanizaci\u00f3n Tambopata. El polic\u00eda desaparecido es Jos\u00e9 Luis Soncco Quispe. Luis Alvarado, representante de la Defensor\u00eda del Pueblo, declar\u00f3 ayer que un polic\u00eda falleci\u00f3 calcinado dentro de un patrullero en la urbanizaci\u00f3n Tambopata, en Puno, donde se registraron manifestaciones y [&hellip;]\" \/>\n<meta property=\"og:url\" content=\"https:\/\/www.eldiario.net\/portal\/2023\/01\/11\/policia-muere-calcinado-por-violentas-protestas-en-puno\/\" \/>\n<meta property=\"og:site_name\" content=\"El Diario - Bolivia\" \/>\n<meta property=\"article:publisher\" content=\"https:\/\/www.facebook.com\/eldiario.bolivia\/\" \/>\n<meta property=\"article:published_time\" content=\"2023-01-11T09:05:53+00:00\" \/>\n<meta name=\"author\" content=\"Jeanette\" \/>\n<meta name=\"twitter:card\" content=\"summary_large_image\" \/>\n<meta name=\"twitter:creator\" content=\"@eldiario_net\" \/>\n<meta name=\"twitter:site\" content=\"@eldiario_net\" \/>\n<meta name=\"twitter:label1\" content=\"Escrito por\" \/>\n\t<meta name=\"twitter:data1\" content=\"Jeanette\" \/>\n\t<meta name=\"twitter:label2\" content=\"Tiempo de lectura\" \/>\n\t<meta name=\"twitter:data2\" content=\"3 minutos\" \/>\n<script type=\"application\/ld+json\" class=\"yoast-schema-graph\">{\"@context\":\"https:\\\/\\\/schema.org\",\"@graph\":[{\"@type\":\"Article\",\"@id\":\"https:\\\/\\\/www.eldiario.net\\\/portal\\\/2023\\\/01\\\/11\\\/policia-muere-calcinado-por-violentas-protestas-en-puno\\\/#article\",\"isPartOf\":{\"@id\":\"https:\\\/\\\/www.eldiario.net\\\/portal\\\/2023\\\/01\\\/11\\\/policia-muere-calcinado-por-violentas-protestas-en-puno\\\/\"},\"author\":{\"name\":\"Jeanette\",\"@id\":\"https:\\\/\\\/www.eldiario.net\\\/portal\\\/#\\\/schema\\\/person\\\/2c57cf2b7a7ae032e449e4c9b1019eac\"},\"headline\":\"Polic\u00eda muere calcinado por violentas protestas en Puno\",\"datePublished\":\"2023-01-11T09:05:53+00:00\",\"mainEntityOfPage\":{\"@id\":\"https:\\\/\\\/www.eldiario.net\\\/portal\\\/2023\\\/01\\\/11\\\/policia-muere-calcinado-por-violentas-protestas-en-puno\\\/\"},\"wordCount\":507,\"publisher\":{\"@id\":\"https:\\\/\\\/www.eldiario.net\\\/portal\\\/#organization\"},\"image\":{\"@id\":\"https:\\\/\\\/www.eldiario.net\\\/portal\\\/2023\\\/01\\\/11\\\/policia-muere-calcinado-por-violentas-protestas-en-puno\\\/#primaryimage\"},\"thumbnailUrl\":\"\",\"articleSection\":[\"Internacional\"],\"inLanguage\":\"es\"},{\"@type\":\"WebPage\",\"@id\":\"https:\\\/\\\/www.eldiario.net\\\/portal\\\/2023\\\/01\\\/11\\\/policia-muere-calcinado-por-violentas-protestas-en-puno\\\/\",\"url\":\"https:\\\/\\\/www.eldiario.net\\\/portal\\\/2023\\\/01\\\/11\\\/policia-muere-calcinado-por-violentas-protestas-en-puno\\\/\",\"name\":\"Polic\u00eda muere calcinado por violentas protestas en Puno - El Diario - Bolivia\",\"isPartOf\":{\"@id\":\"https:\\\/\\\/www.eldiario.net\\\/portal\\\/#website\"},\"primaryImageOfPage\":{\"@id\":\"https:\\\/\\\/www.eldiario.net\\\/portal\\\/2023\\\/01\\\/11\\\/policia-muere-calcinado-por-violentas-protestas-en-puno\\\/#primaryimage\"},\"image\":{\"@id\":\"https:\\\/\\\/www.eldiario.net\\\/portal\\\/2023\\\/01\\\/11\\\/policia-muere-calcinado-por-violentas-protestas-en-puno\\\/#primaryimage\"},\"thumbnailUrl\":\"\",\"datePublished\":\"2023-01-11T09:05:53+00:00\",\"breadcrumb\":{\"@id\":\"https:\\\/\\\/www.eldiario.net\\\/portal\\\/2023\\\/01\\\/11\\\/policia-muere-calcinado-por-violentas-protestas-en-puno\\\/#breadcrumb\"},\"inLanguage\":\"es\",\"potentialAction\":[{\"@type\":\"ReadAction\",\"target\":[\"https:\\\/\\\/www.eldiario.net\\\/portal\\\/2023\\\/01\\\/11\\\/policia-muere-calcinado-por-violentas-protestas-en-puno\\\/\"]}]},{\"@type\":\"ImageObject\",\"inLanguage\":\"es\",\"@id\":\"https:\\\/\\\/www.eldiario.net\\\/portal\\\/2023\\\/01\\\/11\\\/policia-muere-calcinado-por-violentas-protestas-en-puno\\\/#primaryimage\",\"url\":\"\",\"contentUrl\":\"\"},{\"@type\":\"BreadcrumbList\",\"@id\":\"https:\\\/\\\/www.eldiario.net\\\/portal\\\/2023\\\/01\\\/11\\\/policia-muere-calcinado-por-violentas-protestas-en-puno\\\/#breadcrumb\",\"itemListElement\":[{\"@type\":\"ListItem\",\"position\":1,\"name\":\"Portada\",\"item\":\"https:\\\/\\\/www.eldiario.net\\\/portal\\\/\"},{\"@type\":\"ListItem\",\"position\":2,\"name\":\"Polic\u00eda muere calcinado por violentas protestas en Puno\"}]},{\"@type\":\"WebSite\",\"@id\":\"https:\\\/\\\/www.eldiario.net\\\/portal\\\/#website\",\"url\":\"https:\\\/\\\/www.eldiario.net\\\/portal\\\/\",\"name\":\"El Diario - Decano de la prensa nacional\",\"description\":\"El Diario - Decano de la prensa nacional\",\"publisher\":{\"@id\":\"https:\\\/\\\/www.eldiario.net\\\/portal\\\/#organization\"},\"potentialAction\":[{\"@type\":\"SearchAction\",\"target\":{\"@type\":\"EntryPoint\",\"urlTemplate\":\"https:\\\/\\\/www.eldiario.net\\\/portal\\\/?s={search_term_string}\"},\"query-input\":{\"@type\":\"PropertyValueSpecification\",\"valueRequired\":true,\"valueName\":\"search_term_string\"}}],\"inLanguage\":\"es\"},{\"@type\":\"Organization\",\"@id\":\"https:\\\/\\\/www.eldiario.net\\\/portal\\\/#organization\",\"name\":\"El Diario - Decano de la prensa nacional\",\"url\":\"https:\\\/\\\/www.eldiario.net\\\/portal\\\/\",\"logo\":{\"@type\":\"ImageObject\",\"inLanguage\":\"es\",\"@id\":\"https:\\\/\\\/www.eldiario.net\\\/portal\\\/#\\\/schema\\\/logo\\\/image\\\/\",\"url\":\"https:\\\/\\\/www.eldiario.net\\\/portal\\\/wp-content\\\/uploads\\\/2023\\\/07\\\/logo_ED.jpg\",\"contentUrl\":\"https:\\\/\\\/www.eldiario.net\\\/portal\\\/wp-content\\\/uploads\\\/2023\\\/07\\\/logo_ED.jpg\",\"width\":272,\"height\":52,\"caption\":\"El Diario - Decano de la prensa nacional\"},\"image\":{\"@id\":\"https:\\\/\\\/www.eldiario.net\\\/portal\\\/#\\\/schema\\\/logo\\\/image\\\/\"},\"sameAs\":[\"https:\\\/\\\/www.facebook.com\\\/eldiario.bolivia\\\/\",\"https:\\\/\\\/x.com\\\/eldiario_net\"]},{\"@type\":\"Person\",\"@id\":\"https:\\\/\\\/www.eldiario.net\\\/portal\\\/#\\\/schema\\\/person\\\/2c57cf2b7a7ae032e449e4c9b1019eac\",\"name\":\"Jeanette\",\"image\":{\"@type\":\"ImageObject\",\"inLanguage\":\"es\",\"@id\":\"https:\\\/\\\/secure.gravatar.com\\\/avatar\\\/3ea2118a5f7dad2b7138b1187a6b7ee55f160b9968b66013c3a3ef39dd7e5798?s=96&d=mm&r=g\",\"url\":\"https:\\\/\\\/secure.gravatar.com\\\/avatar\\\/3ea2118a5f7dad2b7138b1187a6b7ee55f160b9968b66013c3a3ef39dd7e5798?s=96&d=mm&r=g\",\"contentUrl\":\"https:\\\/\\\/secure.gravatar.com\\\/avatar\\\/3ea2118a5f7dad2b7138b1187a6b7ee55f160b9968b66013c3a3ef39dd7e5798?s=96&d=mm&r=g\",\"caption\":\"Jeanette\"},\"sameAs\":[\"https:\\\/\\\/www.eldiario.net\\\/portal\"],\"url\":\"https:\\\/\\\/www.eldiario.net\\\/portal\\\/author\\\/jeanette\\\/\"}]}<\/script>\n<!-- \/ Yoast SEO plugin. -->","yoast_head_json":{"title":"Polic\u00eda muere calcinado por  violentas protestas en Puno - El Diario - Bolivia","robots":{"index":"index","follow":"follow","max-snippet":"max-snippet:-1","max-image-preview":"max-image-preview:large","max-video-preview":"max-video-preview:-1"},"canonical":"https:\/\/www.eldiario.net\/portal\/2023\/01\/11\/policia-muere-calcinado-por-violentas-protestas-en-puno\/","og_locale":"es_ES","og_type":"article","og_title":"Polic\u00eda muere calcinado por  violentas protestas en Puno - El Diario - Bolivia","og_description":"El hecho ocurri\u00f3 ayer por la madrugada, en inmediaciones del colegio San Mart\u00edn, en la urbanizaci\u00f3n Tambopata. El polic\u00eda desaparecido es Jos\u00e9 Luis Soncco Quispe. Luis Alvarado, representante de la Defensor\u00eda del Pueblo, declar\u00f3 ayer que un polic\u00eda falleci\u00f3 calcinado dentro de un patrullero en la urbanizaci\u00f3n Tambopata, en Puno, donde se registraron manifestaciones y [&hellip;]","og_url":"https:\/\/www.eldiario.net\/portal\/2023\/01\/11\/policia-muere-calcinado-por-violentas-protestas-en-puno\/","og_site_name":"El Diario - Bolivia","article_publisher":"https:\/\/www.facebook.com\/eldiario.bolivia\/","article_published_time":"2023-01-11T09:05:53+00:00","author":"Jeanette","twitter_card":"summary_large_image","twitter_creator":"@eldiario_net","twitter_site":"@eldiario_net","twitter_misc":{"Escrito por":"Jeanette","Tiempo de lectura":"3 minutos"},"schema":{"@context":"https:\/\/schema.org","@graph":[{"@type":"Article","@id":"https:\/\/www.eldiario.net\/portal\/2023\/01\/11\/policia-muere-calcinado-por-violentas-protestas-en-puno\/#article","isPartOf":{"@id":"https:\/\/www.eldiario.net\/portal\/2023\/01\/11\/policia-muere-calcinado-por-violentas-protestas-en-puno\/"},"author":{"name":"Jeanette","@id":"https:\/\/www.eldiario.net\/portal\/#\/schema\/person\/2c57cf2b7a7ae032e449e4c9b1019eac"},"headline":"Polic\u00eda muere calcinado por violentas protestas en Puno","datePublished":"2023-01-11T09:05:53+00:00","mainEntityOfPage":{"@id":"https:\/\/www.eldiario.net\/portal\/2023\/01\/11\/policia-muere-calcinado-por-violentas-protestas-en-puno\/"},"wordCount":507,"publisher":{"@id":"https:\/\/www.eldiario.net\/portal\/#organization"},"image":{"@id":"https:\/\/www.eldiario.net\/portal\/2023\/01\/11\/policia-muere-calcinado-por-violentas-protestas-en-puno\/#primaryimage"},"thumbnailUrl":"","articleSection":["Internacional"],"inLanguage":"es"},{"@type":"WebPage","@id":"https:\/\/www.eldiario.net\/portal\/2023\/01\/11\/policia-muere-calcinado-por-violentas-protestas-en-puno\/","url":"https:\/\/www.eldiario.net\/portal\/2023\/01\/11\/policia-muere-calcinado-por-violentas-protestas-en-puno\/","name":"Polic\u00eda muere calcinado por violentas protestas en Puno - El Diario - Bolivia","isPartOf":{"@id":"https:\/\/www.eldiario.net\/portal\/#website"},"primaryImageOfPage":{"@id":"https:\/\/www.eldiario.net\/portal\/2023\/01\/11\/policia-muere-calcinado-por-violentas-protestas-en-puno\/#primaryimage"},"image":{"@id":"https:\/\/www.eldiario.net\/portal\/2023\/01\/11\/policia-muere-calcinado-por-violentas-protestas-en-puno\/#primaryimage"},"thumbnailUrl":"","datePublished":"2023-01-11T09:05:53+00:00","breadcrumb":{"@id":"https:\/\/www.eldiario.net\/portal\/2023\/01\/11\/policia-muere-calcinado-por-violentas-protestas-en-puno\/#breadcrumb"},"inLanguage":"es","potentialAction":[{"@type":"ReadAction","target":["https:\/\/www.eldiario.net\/portal\/2023\/01\/11\/policia-muere-calcinado-por-violentas-protestas-en-puno\/"]}]},{"@type":"ImageObject","inLanguage":"es","@id":"https:\/\/www.eldiario.net\/portal\/2023\/01\/11\/policia-muere-calcinado-por-violentas-protestas-en-puno\/#primaryimage","url":"","contentUrl":""},{"@type":"BreadcrumbList","@id":"https:\/\/www.eldiario.net\/portal\/2023\/01\/11\/policia-muere-calcinado-por-violentas-protestas-en-puno\/#breadcrumb","itemListElement":[{"@type":"ListItem","position":1,"name":"Portada","item":"https:\/\/www.eldiario.net\/portal\/"},{"@type":"ListItem","position":2,"name":"Polic\u00eda muere calcinado por violentas protestas en Puno"}]},{"@type":"WebSite","@id":"https:\/\/www.eldiario.net\/portal\/#website","url":"https:\/\/www.eldiario.net\/portal\/","name":"El Diario - Decano de la prensa nacional","description":"El Diario - Decano de la prensa nacional","publisher":{"@id":"https:\/\/www.eldiario.net\/portal\/#organization"},"potentialAction":[{"@type":"SearchAction","target":{"@type":"EntryPoint","urlTemplate":"https:\/\/www.eldiario.net\/portal\/?s={search_term_string}"},"query-input":{"@type":"PropertyValueSpecification","valueRequired":true,"valueName":"search_term_string"}}],"inLanguage":"es"},{"@type":"Organization","@id":"https:\/\/www.eldiario.net\/portal\/#organization","name":"El Diario - Decano de la prensa nacional","url":"https:\/\/www.eldiario.net\/portal\/","logo":{"@type":"ImageObject","inLanguage":"es","@id":"https:\/\/www.eldiario.net\/portal\/#\/schema\/logo\/image\/","url":"https:\/\/www.eldiario.net\/portal\/wp-content\/uploads\/2023\/07\/logo_ED.jpg","contentUrl":"https:\/\/www.eldiario.net\/portal\/wp-content\/uploads\/2023\/07\/logo_ED.jpg","width":272,"height":52,"caption":"El Diario - Decano de la prensa nacional"},"image":{"@id":"https:\/\/www.eldiario.net\/portal\/#\/schema\/logo\/image\/"},"sameAs":["https:\/\/www.facebook.com\/eldiario.bolivia\/","https:\/\/x.com\/eldiario_net"]},{"@type":"Person","@id":"https:\/\/www.eldiario.net\/portal\/#\/schema\/person\/2c57cf2b7a7ae032e449e4c9b1019eac","name":"Jeanette","image":{"@type":"ImageObject","inLanguage":"es","@id":"https:\/\/secure.gravatar.com\/avatar\/3ea2118a5f7dad2b7138b1187a6b7ee55f160b9968b66013c3a3ef39dd7e5798?s=96&d=mm&r=g","url":"https:\/\/secure.gravatar.com\/avatar\/3ea2118a5f7dad2b7138b1187a6b7ee55f160b9968b66013c3a3ef39dd7e5798?s=96&d=mm&r=g","contentUrl":"https:\/\/secure.gravatar.com\/avatar\/3ea2118a5f7dad2b7138b1187a6b7ee55f160b9968b66013c3a3ef39dd7e5798?s=96&d=mm&r=g","caption":"Jeanette"},"sameAs":["https:\/\/www.eldiario.net\/portal"],"url":"https:\/\/www.eldiario.net\/portal\/author\/jeanette\/"}]}},"_links":{"self":[{"href":"https:\/\/www.eldiario.net\/portal\/wp-json\/wp\/v2\/posts\/132104","targetHints":{"allow":["GET"]}}],"collection":[{"href":"https:\/\/www.eldiario.net\/portal\/wp-json\/wp\/v2\/posts"}],"about":[{"href":"https:\/\/www.eldiario.net\/portal\/wp-json\/wp\/v2\/types\/post"}],"author":[{"embeddable":true,"href":"https:\/\/www.eldiario.net\/portal\/wp-json\/wp\/v2\/users\/1"}],"replies":[{"embeddable":true,"href":"https:\/\/www.eldiario.net\/portal\/wp-json\/wp\/v2\/comments?post=132104"}],"version-history":[{"count":0,"href":"https:\/\/www.eldiario.net\/portal\/wp-json\/wp\/v2\/posts\/132104\/revisions"}],"wp:attachment":[{"href":"https:\/\/www.eldiario.net\/portal\/wp-json\/wp\/v2\/media?parent=132104"}],"wp:term":[{"taxonomy":"category","embeddable":true,"href":"https:\/\/www.eldiario.net\/portal\/wp-json\/wp\/v2\/categories?post=132104"},{"taxonomy":"post_tag","embeddable":true,"href":"https:\/\/www.eldiario.net\/portal\/wp-json\/wp\/v2\/tags?post=132104"}],"curies":[{"name":"wp","href":"https:\/\/api.w.org\/{rel}","templated":true}]}}