{"id":132102,"date":"2023-01-11T05:05:02","date_gmt":"2023-01-11T09:05:02","guid":{"rendered":"https:\/\/www.eldiario.net\/portal\/?p=132102"},"modified":"2023-01-11T05:05:02","modified_gmt":"2023-01-11T09:05:02","slug":"gobierno-dispone-toque-de-queda-en-puno-por-tres-dias","status":"publish","type":"post","link":"https:\/\/www.eldiario.net\/portal\/2023\/01\/11\/gobierno-dispone-toque-de-queda-en-puno-por-tres-dias\/","title":{"rendered":"Gobierno dispone toque de  queda en Puno por tres d\u00edas"},"content":{"rendered":"<p>El presidente del Consejo de Ministros, Alberto Ot\u00e1rola, anunci\u00f3 toque de queda en la regi\u00f3n de Puno por tres d\u00edas. La decisi\u00f3n fue debido a que en los \u00faltimos d\u00edas se registraron jornadas violentas, dejando 18 muertes en la ciudad de Juliaca y m\u00e1s de 30 heridos.<br \/>\nLa inmovilizaci\u00f3n social obligatoria corresponder\u00e1 desde las 8:00 p.m. hasta las 4:00 a.m. El titular anunci\u00f3 esta medida en el s\u00e9ptimo d\u00eda de manifestaciones que se registr\u00f3 con saqueos, incendios, ataques, entre otras acciones.<br \/>\nEl premier Ot\u00e1rola junto a su Gabinete Ministerial se present\u00f3 ante el Congreso de la Rep\u00fablica para solicitar la cuesti\u00f3n de confianza. En medio de la violenta protesta que se desarrolla en Juliaca, algunos legisladores revelaron que no votar\u00e1n a favor de la confianza.<br \/>\n45 MUERTOS<br \/>\nLa presidenta Dina Boluarte tiene un mes y un poco m\u00e1s en el cargo, pero hasta el momento se cobr\u00f3 45 decesos en las protestas que se desarrollaron en las regiones del pa\u00eds. Entre los muertos identificaron civiles y agentes policiales, algunos todav\u00eda en el anonimato porque no fueron identificados.<br \/>\nEn ese sentido, el premier anunci\u00f3 que por respeto a las personas que perdieron la vida y los que resultaron heridas proceden a declarar un d\u00eda de duelo nacional para hoy 11 de enero, donde se deber\u00e1 izar la bandera hasta media asta en los edificios p\u00fablicos y privados y de esta manera mostrar el dolor de la poblaci\u00f3n a los familiares de todos los fallecidos.<br \/>\n\u201cPara mitigar el dolor de las familias de las personas que perdieron la vida o resultaron gravemente heridas durante los ataques y revueltas en torno a las marchas de protesta ocurridas en diversas ciudades, el Gobierno anunci\u00f3 que aplicar\u00e1 un programa de apoyo y de esta maneta lograr que de alguna manera puedan solucionar la necesidad especialmente que dejaron los fallecidos\u201d, asegur\u00f3.<br \/>\nLa preocupaci\u00f3n de las autoridades peruanas es que a ra\u00edz de las protestas que contin\u00faan los fallecidos se contin\u00faen incrementando afectando de esta maneta a muchas familias peruanas. (Infobae).<\/p>\n","protected":false},"excerpt":{"rendered":"<p>El presidente del Consejo de Ministros, Alberto Ot\u00e1rola, anunci\u00f3 toque de queda en la regi\u00f3n de Puno por tres d\u00edas. La decisi\u00f3n fue debido a que en los \u00faltimos d\u00edas se registraron jornadas violentas, dejando 18 muertes en la ciudad de Juliaca y m\u00e1s de 30 heridos. La inmovilizaci\u00f3n social obligatoria corresponder\u00e1 desde las 8:00 [&hellip;]<\/p>\n","protected":false},"author":1,"featured_media":0,"comment_status":"closed","ping_status":"closed","sticky":false,"template":"","format":"standard","meta":{"_acf_changed":false,"footnotes":""},"categories":[3],"tags":[],"class_list":["post-132102","post","type-post","status-publish","format-standard","category-internacional"],"acf":{"antetitulo":""},"yoast_head":"<!-- This site is optimized with the Yoast SEO plugin v28.4 - https:\/\/yoast.com\/product\/yoast-seo-wordpress\/ -->\n<title>Gobierno dispone toque de queda en Puno por tres d\u00edas - El Diario - Bolivia<\/title>\n<meta name=\"robots\" content=\"index, follow, max-snippet:-1, max-image-preview:large, max-video-preview:-1\" \/>\n<link rel=\"canonical\" href=\"https:\/\/www.eldiario.net\/portal\/2023\/01\/11\/gobierno-dispone-toque-de-queda-en-puno-por-tres-dias\/\" \/>\n<meta property=\"og:locale\" content=\"es_ES\" \/>\n<meta property=\"og:type\" content=\"article\" \/>\n<meta property=\"og:title\" content=\"Gobierno dispone toque de queda en Puno por tres d\u00edas - El Diario - Bolivia\" \/>\n<meta property=\"og:description\" content=\"El presidente del Consejo de Ministros, Alberto Ot\u00e1rola, anunci\u00f3 toque de queda en la regi\u00f3n de Puno por tres d\u00edas. La decisi\u00f3n fue debido a que en los \u00faltimos d\u00edas se registraron jornadas violentas, dejando 18 muertes en la ciudad de Juliaca y m\u00e1s de 30 heridos. La inmovilizaci\u00f3n social obligatoria corresponder\u00e1 desde las 8:00 [&hellip;]\" \/>\n<meta property=\"og:url\" content=\"https:\/\/www.eldiario.net\/portal\/2023\/01\/11\/gobierno-dispone-toque-de-queda-en-puno-por-tres-dias\/\" \/>\n<meta property=\"og:site_name\" content=\"El Diario - Bolivia\" \/>\n<meta property=\"article:publisher\" content=\"https:\/\/www.facebook.com\/eldiario.bolivia\/\" \/>\n<meta property=\"article:published_time\" content=\"2023-01-11T09:05:02+00:00\" \/>\n<meta name=\"author\" content=\"Jeanette\" \/>\n<meta name=\"twitter:card\" content=\"summary_large_image\" \/>\n<meta name=\"twitter:creator\" content=\"@eldiario_net\" \/>\n<meta name=\"twitter:site\" content=\"@eldiario_net\" \/>\n<meta name=\"twitter:label1\" content=\"Escrito por\" \/>\n\t<meta name=\"twitter:data1\" content=\"Jeanette\" \/>\n<script type=\"application\/ld+json\" class=\"yoast-schema-graph\">{\"@context\":\"https:\\\/\\\/schema.org\",\"@graph\":[{\"@type\":\"Article\",\"@id\":\"https:\\\/\\\/www.eldiario.net\\\/portal\\\/2023\\\/01\\\/11\\\/gobierno-dispone-toque-de-queda-en-puno-por-tres-dias\\\/#article\",\"isPartOf\":{\"@id\":\"https:\\\/\\\/www.eldiario.net\\\/portal\\\/2023\\\/01\\\/11\\\/gobierno-dispone-toque-de-queda-en-puno-por-tres-dias\\\/\"},\"author\":{\"name\":\"Jeanette\",\"@id\":\"https:\\\/\\\/www.eldiario.net\\\/portal\\\/#\\\/schema\\\/person\\\/2c57cf2b7a7ae032e449e4c9b1019eac\"},\"headline\":\"Gobierno dispone toque de queda en Puno por tres d\u00edas\",\"datePublished\":\"2023-01-11T09:05:02+00:00\",\"mainEntityOfPage\":{\"@id\":\"https:\\\/\\\/www.eldiario.net\\\/portal\\\/2023\\\/01\\\/11\\\/gobierno-dispone-toque-de-queda-en-puno-por-tres-dias\\\/\"},\"wordCount\":363,\"publisher\":{\"@id\":\"https:\\\/\\\/www.eldiario.net\\\/portal\\\/#organization\"},\"articleSection\":[\"Internacional\"],\"inLanguage\":\"es\"},{\"@type\":\"WebPage\",\"@id\":\"https:\\\/\\\/www.eldiario.net\\\/portal\\\/2023\\\/01\\\/11\\\/gobierno-dispone-toque-de-queda-en-puno-por-tres-dias\\\/\",\"url\":\"https:\\\/\\\/www.eldiario.net\\\/portal\\\/2023\\\/01\\\/11\\\/gobierno-dispone-toque-de-queda-en-puno-por-tres-dias\\\/\",\"name\":\"Gobierno dispone toque de queda en Puno por tres d\u00edas - El Diario - Bolivia\",\"isPartOf\":{\"@id\":\"https:\\\/\\\/www.eldiario.net\\\/portal\\\/#website\"},\"datePublished\":\"2023-01-11T09:05:02+00:00\",\"breadcrumb\":{\"@id\":\"https:\\\/\\\/www.eldiario.net\\\/portal\\\/2023\\\/01\\\/11\\\/gobierno-dispone-toque-de-queda-en-puno-por-tres-dias\\\/#breadcrumb\"},\"inLanguage\":\"es\",\"potentialAction\":[{\"@type\":\"ReadAction\",\"target\":[\"https:\\\/\\\/www.eldiario.net\\\/portal\\\/2023\\\/01\\\/11\\\/gobierno-dispone-toque-de-queda-en-puno-por-tres-dias\\\/\"]}]},{\"@type\":\"BreadcrumbList\",\"@id\":\"https:\\\/\\\/www.eldiario.net\\\/portal\\\/2023\\\/01\\\/11\\\/gobierno-dispone-toque-de-queda-en-puno-por-tres-dias\\\/#breadcrumb\",\"itemListElement\":[{\"@type\":\"ListItem\",\"position\":1,\"name\":\"Portada\",\"item\":\"https:\\\/\\\/www.eldiario.net\\\/portal\\\/\"},{\"@type\":\"ListItem\",\"position\":2,\"name\":\"Gobierno dispone toque de queda en Puno por tres d\u00edas\"}]},{\"@type\":\"WebSite\",\"@id\":\"https:\\\/\\\/www.eldiario.net\\\/portal\\\/#website\",\"url\":\"https:\\\/\\\/www.eldiario.net\\\/portal\\\/\",\"name\":\"El Diario - Decano de la prensa nacional\",\"description\":\"El Diario - Decano de la prensa nacional\",\"publisher\":{\"@id\":\"https:\\\/\\\/www.eldiario.net\\\/portal\\\/#organization\"},\"potentialAction\":[{\"@type\":\"SearchAction\",\"target\":{\"@type\":\"EntryPoint\",\"urlTemplate\":\"https:\\\/\\\/www.eldiario.net\\\/portal\\\/?s={search_term_string}\"},\"query-input\":{\"@type\":\"PropertyValueSpecification\",\"valueRequired\":true,\"valueName\":\"search_term_string\"}}],\"inLanguage\":\"es\"},{\"@type\":\"Organization\",\"@id\":\"https:\\\/\\\/www.eldiario.net\\\/portal\\\/#organization\",\"name\":\"El Diario - Decano de la prensa nacional\",\"url\":\"https:\\\/\\\/www.eldiario.net\\\/portal\\\/\",\"logo\":{\"@type\":\"ImageObject\",\"inLanguage\":\"es\",\"@id\":\"https:\\\/\\\/www.eldiario.net\\\/portal\\\/#\\\/schema\\\/logo\\\/image\\\/\",\"url\":\"https:\\\/\\\/www.eldiario.net\\\/portal\\\/wp-content\\\/uploads\\\/2023\\\/07\\\/logo_ED.jpg\",\"contentUrl\":\"https:\\\/\\\/www.eldiario.net\\\/portal\\\/wp-content\\\/uploads\\\/2023\\\/07\\\/logo_ED.jpg\",\"width\":272,\"height\":52,\"caption\":\"El Diario - Decano de la prensa nacional\"},\"image\":{\"@id\":\"https:\\\/\\\/www.eldiario.net\\\/portal\\\/#\\\/schema\\\/logo\\\/image\\\/\"},\"sameAs\":[\"https:\\\/\\\/www.facebook.com\\\/eldiario.bolivia\\\/\",\"https:\\\/\\\/x.com\\\/eldiario_net\"]},{\"@type\":\"Person\",\"@id\":\"https:\\\/\\\/www.eldiario.net\\\/portal\\\/#\\\/schema\\\/person\\\/2c57cf2b7a7ae032e449e4c9b1019eac\",\"name\":\"Jeanette\",\"image\":{\"@type\":\"ImageObject\",\"inLanguage\":\"es\",\"@id\":\"https:\\\/\\\/secure.gravatar.com\\\/avatar\\\/3ea2118a5f7dad2b7138b1187a6b7ee55f160b9968b66013c3a3ef39dd7e5798?s=96&d=mm&r=g\",\"url\":\"https:\\\/\\\/secure.gravatar.com\\\/avatar\\\/3ea2118a5f7dad2b7138b1187a6b7ee55f160b9968b66013c3a3ef39dd7e5798?s=96&d=mm&r=g\",\"contentUrl\":\"https:\\\/\\\/secure.gravatar.com\\\/avatar\\\/3ea2118a5f7dad2b7138b1187a6b7ee55f160b9968b66013c3a3ef39dd7e5798?s=96&d=mm&r=g\",\"caption\":\"Jeanette\"},\"sameAs\":[\"https:\\\/\\\/www.eldiario.net\\\/portal\"],\"url\":\"https:\\\/\\\/www.eldiario.net\\\/portal\\\/author\\\/jeanette\\\/\"}]}<\/script>\n<!-- \/ Yoast SEO plugin. -->","yoast_head_json":{"title":"Gobierno dispone toque de queda en Puno por tres d\u00edas - El Diario - Bolivia","robots":{"index":"index","follow":"follow","max-snippet":"max-snippet:-1","max-image-preview":"max-image-preview:large","max-video-preview":"max-video-preview:-1"},"canonical":"https:\/\/www.eldiario.net\/portal\/2023\/01\/11\/gobierno-dispone-toque-de-queda-en-puno-por-tres-dias\/","og_locale":"es_ES","og_type":"article","og_title":"Gobierno dispone toque de queda en Puno por tres d\u00edas - El Diario - Bolivia","og_description":"El presidente del Consejo de Ministros, Alberto Ot\u00e1rola, anunci\u00f3 toque de queda en la regi\u00f3n de Puno por tres d\u00edas. La decisi\u00f3n fue debido a que en los \u00faltimos d\u00edas se registraron jornadas violentas, dejando 18 muertes en la ciudad de Juliaca y m\u00e1s de 30 heridos. La inmovilizaci\u00f3n social obligatoria corresponder\u00e1 desde las 8:00 [&hellip;]","og_url":"https:\/\/www.eldiario.net\/portal\/2023\/01\/11\/gobierno-dispone-toque-de-queda-en-puno-por-tres-dias\/","og_site_name":"El Diario - Bolivia","article_publisher":"https:\/\/www.facebook.com\/eldiario.bolivia\/","article_published_time":"2023-01-11T09:05:02+00:00","author":"Jeanette","twitter_card":"summary_large_image","twitter_creator":"@eldiario_net","twitter_site":"@eldiario_net","twitter_misc":{"Escrito por":"Jeanette"},"schema":{"@context":"https:\/\/schema.org","@graph":[{"@type":"Article","@id":"https:\/\/www.eldiario.net\/portal\/2023\/01\/11\/gobierno-dispone-toque-de-queda-en-puno-por-tres-dias\/#article","isPartOf":{"@id":"https:\/\/www.eldiario.net\/portal\/2023\/01\/11\/gobierno-dispone-toque-de-queda-en-puno-por-tres-dias\/"},"author":{"name":"Jeanette","@id":"https:\/\/www.eldiario.net\/portal\/#\/schema\/person\/2c57cf2b7a7ae032e449e4c9b1019eac"},"headline":"Gobierno dispone toque de queda en Puno por tres d\u00edas","datePublished":"2023-01-11T09:05:02+00:00","mainEntityOfPage":{"@id":"https:\/\/www.eldiario.net\/portal\/2023\/01\/11\/gobierno-dispone-toque-de-queda-en-puno-por-tres-dias\/"},"wordCount":363,"publisher":{"@id":"https:\/\/www.eldiario.net\/portal\/#organization"},"articleSection":["Internacional"],"inLanguage":"es"},{"@type":"WebPage","@id":"https:\/\/www.eldiario.net\/portal\/2023\/01\/11\/gobierno-dispone-toque-de-queda-en-puno-por-tres-dias\/","url":"https:\/\/www.eldiario.net\/portal\/2023\/01\/11\/gobierno-dispone-toque-de-queda-en-puno-por-tres-dias\/","name":"Gobierno dispone toque de queda en Puno por tres d\u00edas - El Diario - Bolivia","isPartOf":{"@id":"https:\/\/www.eldiario.net\/portal\/#website"},"datePublished":"2023-01-11T09:05:02+00:00","breadcrumb":{"@id":"https:\/\/www.eldiario.net\/portal\/2023\/01\/11\/gobierno-dispone-toque-de-queda-en-puno-por-tres-dias\/#breadcrumb"},"inLanguage":"es","potentialAction":[{"@type":"ReadAction","target":["https:\/\/www.eldiario.net\/portal\/2023\/01\/11\/gobierno-dispone-toque-de-queda-en-puno-por-tres-dias\/"]}]},{"@type":"BreadcrumbList","@id":"https:\/\/www.eldiario.net\/portal\/2023\/01\/11\/gobierno-dispone-toque-de-queda-en-puno-por-tres-dias\/#breadcrumb","itemListElement":[{"@type":"ListItem","position":1,"name":"Portada","item":"https:\/\/www.eldiario.net\/portal\/"},{"@type":"ListItem","position":2,"name":"Gobierno dispone toque de queda en Puno por tres d\u00edas"}]},{"@type":"WebSite","@id":"https:\/\/www.eldiario.net\/portal\/#website","url":"https:\/\/www.eldiario.net\/portal\/","name":"El Diario - Decano de la prensa nacional","description":"El Diario - Decano de la prensa nacional","publisher":{"@id":"https:\/\/www.eldiario.net\/portal\/#organization"},"potentialAction":[{"@type":"SearchAction","target":{"@type":"EntryPoint","urlTemplate":"https:\/\/www.eldiario.net\/portal\/?s={search_term_string}"},"query-input":{"@type":"PropertyValueSpecification","valueRequired":true,"valueName":"search_term_string"}}],"inLanguage":"es"},{"@type":"Organization","@id":"https:\/\/www.eldiario.net\/portal\/#organization","name":"El Diario - Decano de la prensa nacional","url":"https:\/\/www.eldiario.net\/portal\/","logo":{"@type":"ImageObject","inLanguage":"es","@id":"https:\/\/www.eldiario.net\/portal\/#\/schema\/logo\/image\/","url":"https:\/\/www.eldiario.net\/portal\/wp-content\/uploads\/2023\/07\/logo_ED.jpg","contentUrl":"https:\/\/www.eldiario.net\/portal\/wp-content\/uploads\/2023\/07\/logo_ED.jpg","width":272,"height":52,"caption":"El Diario - Decano de la prensa nacional"},"image":{"@id":"https:\/\/www.eldiario.net\/portal\/#\/schema\/logo\/image\/"},"sameAs":["https:\/\/www.facebook.com\/eldiario.bolivia\/","https:\/\/x.com\/eldiario_net"]},{"@type":"Person","@id":"https:\/\/www.eldiario.net\/portal\/#\/schema\/person\/2c57cf2b7a7ae032e449e4c9b1019eac","name":"Jeanette","image":{"@type":"ImageObject","inLanguage":"es","@id":"https:\/\/secure.gravatar.com\/avatar\/3ea2118a5f7dad2b7138b1187a6b7ee55f160b9968b66013c3a3ef39dd7e5798?s=96&d=mm&r=g","url":"https:\/\/secure.gravatar.com\/avatar\/3ea2118a5f7dad2b7138b1187a6b7ee55f160b9968b66013c3a3ef39dd7e5798?s=96&d=mm&r=g","contentUrl":"https:\/\/secure.gravatar.com\/avatar\/3ea2118a5f7dad2b7138b1187a6b7ee55f160b9968b66013c3a3ef39dd7e5798?s=96&d=mm&r=g","caption":"Jeanette"},"sameAs":["https:\/\/www.eldiario.net\/portal"],"url":"https:\/\/www.eldiario.net\/portal\/author\/jeanette\/"}]}},"_links":{"self":[{"href":"https:\/\/www.eldiario.net\/portal\/wp-json\/wp\/v2\/posts\/132102","targetHints":{"allow":["GET"]}}],"collection":[{"href":"https:\/\/www.eldiario.net\/portal\/wp-json\/wp\/v2\/posts"}],"about":[{"href":"https:\/\/www.eldiario.net\/portal\/wp-json\/wp\/v2\/types\/post"}],"author":[{"embeddable":true,"href":"https:\/\/www.eldiario.net\/portal\/wp-json\/wp\/v2\/users\/1"}],"replies":[{"embeddable":true,"href":"https:\/\/www.eldiario.net\/portal\/wp-json\/wp\/v2\/comments?post=132102"}],"version-history":[{"count":0,"href":"https:\/\/www.eldiario.net\/portal\/wp-json\/wp\/v2\/posts\/132102\/revisions"}],"wp:attachment":[{"href":"https:\/\/www.eldiario.net\/portal\/wp-json\/wp\/v2\/media?parent=132102"}],"wp:term":[{"taxonomy":"category","embeddable":true,"href":"https:\/\/www.eldiario.net\/portal\/wp-json\/wp\/v2\/categories?post=132102"},{"taxonomy":"post_tag","embeddable":true,"href":"https:\/\/www.eldiario.net\/portal\/wp-json\/wp\/v2\/tags?post=132102"}],"curies":[{"name":"wp","href":"https:\/\/api.w.org\/{rel}","templated":true}]}}