{"id":132097,"date":"2023-01-11T05:04:36","date_gmt":"2023-01-11T09:04:36","guid":{"rendered":"https:\/\/www.eldiario.net\/portal\/?p=132097"},"modified":"2023-01-11T05:04:36","modified_gmt":"2023-01-11T09:04:36","slug":"argos","status":"publish","type":"post","link":"https:\/\/www.eldiario.net\/portal\/2023\/01\/11\/argos\/","title":{"rendered":"Argos"},"content":{"rendered":"<p>La importancia de lugares culturales donde se pueda explotar el arte cada d\u00eda es m\u00e1s grande y, es en este sentido, que hoy en Cvltvral presentamos una exclusiva con los due\u00f1os de uno de los bastiones culturales de la ciudad de Tarija\u2026 sean todos bienvenidos al show.<\/p>\n<p>\u00bfA qu\u00e9 hace referencia el nombre \u201cArgos\u201d?<br \/>\nArgos es un dios griego. Pero la raz\u00f3n por la cual nosotros decidimos bautizar al pub con este nombre va m\u00e1s all\u00e1 de lo significante, nosotros nos basamos en la fon\u00e9tica verbal y como este nombre puede sonar al momento de nombrarse. Y ya profundizando m\u00e1s en la desmembraci\u00f3n del nombre Argos, posee \u00fanicamente 2 vocales en su nombre y 3 consonantes, es una palabra grave ling\u00fc\u00edsticamente y la uni\u00f3n de la G con la O y S da ese toque duro que se busca, que represente a lo que es el rock. Dureza, libertad y realidad.<\/p>\n<p><strong>\u00bfCu\u00e1ndo abri\u00f3 oficialmente este espacio cultural?<\/strong><br \/>\n\u201cArgos\u201d abri\u00f3 sus puertas la noche del 12 de febrero de 2021. Luego de intensas semanas proyect\u00e1ndolo, al fin se hizo realidad, abrimos esa puerta y no la cerramos m\u00e1s.<\/p>\n<p><strong>\u00bfQui\u00e9nes est\u00e1n detr\u00e1s del proyecto?<\/strong><br \/>\nRicardo Baldivieso y Fabrizzio Camponovo son las personas que est\u00e1n detr\u00e1s de esto. Somos amigos, nos conocimos hace un par de a\u00f1os y viendo la necesidad cultural de tener un ambiente exclusivo al g\u00e9nero que nunca muere como es el rock, decidimos apostar por el arte y la m\u00fasica y no estamos nada arrepentidos de hab\u00e9rnosla jugado por esta hermosa cultura como es el rock.<\/p>\n<p><strong>\u00bfBajo qu\u00e9 concepto se inaugura \u201cArgos\u201d?<\/strong><br \/>\nEl dar un espacio exclusivo y \u00fanico para el rock. Donde suene desde el Blues m\u00e1s suave con bajo y piano, hasta la distorsi\u00f3n m\u00e1s grave o aguda de alguna banda de metal. \u201cEs la casa del rock en Tarija\u201d y nosotros no lo bautizamos bajo ese concepto. Son los mismos m\u00fasicos quienes le pusieron ese t\u00e9rmino y nosotros m\u00e1s que agradecidos del concepto.<\/p>\n<p><strong>\u00bfQu\u00e9 tanta movida cultural y musical hay en la hermosa Tarija?<\/strong><br \/>\nSi bien Tarija es una ciudad con un poco m\u00e1s de 600.000 habitantes, la movida de rock es cada vez m\u00e1s grande. Nosotros estamos teniendo tocadas sin parar viernes y s\u00e1bado, sin descanso. Incluso a veces jueves. Vimos nacer bandas y como van avanzando y mejorando; Tarija se est\u00e1 convirtiendo en una referencia musical en esta movida y cultural. La verdad que en la ciudad se respira talento musical.<\/p>\n<p><strong>\u00bfQu\u00e9 bandas chapacas ya consagradas a nivel nacional han estado en el escenario de \u201cArgos\u201d?<\/strong><br \/>\nTe puedo mencionar varias. Para empezar la \u00faltima fue \u201cElectroshock\u201d el d\u00eda jueves 28 de diciembre en su \u00faltimo concierto del a\u00f1o luego de una exitosa gira por toda Bolivia. \u201cOrgasmo\u201d, que ya llevan a\u00f1os haciendo gira por Bolivia y tocando en festivales. Tambi\u00e9n \u201cGallo Favela\u201d que est\u00e1n siempre presentes en diferentes festivales alrededor del sur del pa\u00eds. \u201cFrydha\u201d y \u201cKaliz\u201d que tuvieron una tocada en Sucre y su fanaticada es la m\u00e1s grande de la ciudad. \u201cFlojera Masiva\u201d que en 2022 estuvieron de gira por diferentes partes de Bolivia y estuvieron en el ranking de Resistencia Rock Nacional. \u201cThe Feed Backs\u201d, \u201cLokotos\u201d y \u201cLengua Negra\u201d que tambi\u00e9n estuvieron de gira, posaron la tarima de \u201cArgos\u201d.<\/p>\n<p><strong>\u00bfCu\u00e1l es el detalle decorativo del local que complementa perfectamente su propuesta?<\/strong><br \/>\nCreemos que lo m\u00e1s significativo son los p\u00f3sters de las bandas que tocan en Argos Ver\u00e1s cada vez que Toca una banda colgamos su logo en nuestra pared, entonces inmortalizamos si presencia de esa manera<\/p>\n<p><strong>\u00bfEs un boliche exclusivamente dedicado al rock y sus \u201cderivados\u201d?<\/strong><br \/>\nTotalmente. Aqu\u00ed puedes subirte al escenario con una trompeta, un piano y un bajo a tocar Blues. O tambi\u00e9n con una guitarra con distorsi\u00f3n para tocar Heavy Metal.<\/p>\n<p><strong>\u00bfQu\u00e9 bandas de otros departamentos han tocado en su escenario?<\/strong><br \/>\n\u201cLas Ovejas Negras\u201d de Tupiza, \u201cPr\u00f3fugos\u201d, \u201cLos Jimmy James\u201d, \u201cBlack Aces\u201d, \u201cVagabundos Espaciales\u201d. Para febrero, dentro del concepto \u201cVerano Tarija Ciudad Rock\u201d, tenemos planeado presentar de 5 a 6 bandas nacionales e internacionales aproximadamente<\/p>\n<p><strong>\u00bfQu\u00e9 proyecci\u00f3n tienen para este a\u00f1o?<\/strong><br \/>\nSeguir creciendo junto a la movida, junto a los m\u00fasicos. Ellos son quienes hacen el arte y queremos posicionar a Tarija como un referente de rock a nivel Bolivia. Seguiremos apostando, apoyando y contribuyendo a toda esta cultura.<\/p>\n\n","protected":false},"excerpt":{"rendered":"<p>La importancia de lugares culturales donde se pueda explotar el arte cada d\u00eda es m\u00e1s grande y, es en este sentido, que hoy en Cvltvral presentamos una exclusiva con los due\u00f1os de uno de los bastiones culturales de la ciudad de Tarija\u2026 sean todos bienvenidos al show. \u00bfA qu\u00e9 hace referencia el nombre \u201cArgos\u201d? Argos [&hellip;]<\/p>\n","protected":false},"author":1,"featured_media":132098,"comment_status":"closed","ping_status":"closed","sticky":false,"template":"","format":"standard","meta":{"_acf_changed":false,"footnotes":""},"categories":[8],"tags":[],"class_list":["post-132097","post","type-post","status-publish","format-standard","has-post-thumbnail","category-cultural"],"acf":{"antetitulo":""},"yoast_head":"<!-- This site is optimized with the Yoast SEO plugin v28.4 - https:\/\/yoast.com\/product\/yoast-seo-wordpress\/ -->\n<title>Argos - El Diario - Bolivia<\/title>\n<meta name=\"robots\" content=\"index, follow, max-snippet:-1, max-image-preview:large, max-video-preview:-1\" \/>\n<link rel=\"canonical\" href=\"https:\/\/www.eldiario.net\/portal\/2023\/01\/11\/argos\/\" \/>\n<meta property=\"og:locale\" content=\"es_ES\" \/>\n<meta property=\"og:type\" content=\"article\" \/>\n<meta property=\"og:title\" content=\"Argos - El Diario - Bolivia\" \/>\n<meta property=\"og:description\" content=\"La importancia de lugares culturales donde se pueda explotar el arte cada d\u00eda es m\u00e1s grande y, es en este sentido, que hoy en Cvltvral presentamos una exclusiva con los due\u00f1os de uno de los bastiones culturales de la ciudad de Tarija\u2026 sean todos bienvenidos al show. \u00bfA qu\u00e9 hace referencia el nombre \u201cArgos\u201d? Argos [&hellip;]\" \/>\n<meta property=\"og:url\" content=\"https:\/\/www.eldiario.net\/portal\/2023\/01\/11\/argos\/\" \/>\n<meta property=\"og:site_name\" content=\"El Diario - Bolivia\" \/>\n<meta property=\"article:publisher\" content=\"https:\/\/www.facebook.com\/eldiario.bolivia\/\" \/>\n<meta property=\"article:published_time\" content=\"2023-01-11T09:04:36+00:00\" \/>\n<meta name=\"author\" content=\"Jeanette\" \/>\n<meta name=\"twitter:card\" content=\"summary_large_image\" \/>\n<meta name=\"twitter:creator\" content=\"@eldiario_net\" \/>\n<meta name=\"twitter:site\" content=\"@eldiario_net\" \/>\n<meta name=\"twitter:label1\" content=\"Escrito por\" \/>\n\t<meta name=\"twitter:data1\" content=\"Jeanette\" \/>\n\t<meta name=\"twitter:label2\" content=\"Tiempo de lectura\" \/>\n\t<meta name=\"twitter:data2\" content=\"4 minutos\" \/>\n<script type=\"application\/ld+json\" class=\"yoast-schema-graph\">{\"@context\":\"https:\\\/\\\/schema.org\",\"@graph\":[{\"@type\":\"Article\",\"@id\":\"https:\\\/\\\/www.eldiario.net\\\/portal\\\/2023\\\/01\\\/11\\\/argos\\\/#article\",\"isPartOf\":{\"@id\":\"https:\\\/\\\/www.eldiario.net\\\/portal\\\/2023\\\/01\\\/11\\\/argos\\\/\"},\"author\":{\"name\":\"Jeanette\",\"@id\":\"https:\\\/\\\/www.eldiario.net\\\/portal\\\/#\\\/schema\\\/person\\\/2c57cf2b7a7ae032e449e4c9b1019eac\"},\"headline\":\"Argos\",\"datePublished\":\"2023-01-11T09:04:36+00:00\",\"mainEntityOfPage\":{\"@id\":\"https:\\\/\\\/www.eldiario.net\\\/portal\\\/2023\\\/01\\\/11\\\/argos\\\/\"},\"wordCount\":756,\"publisher\":{\"@id\":\"https:\\\/\\\/www.eldiario.net\\\/portal\\\/#organization\"},\"image\":{\"@id\":\"https:\\\/\\\/www.eldiario.net\\\/portal\\\/2023\\\/01\\\/11\\\/argos\\\/#primaryimage\"},\"thumbnailUrl\":\"\",\"articleSection\":[\"Cultural\"],\"inLanguage\":\"es\"},{\"@type\":\"WebPage\",\"@id\":\"https:\\\/\\\/www.eldiario.net\\\/portal\\\/2023\\\/01\\\/11\\\/argos\\\/\",\"url\":\"https:\\\/\\\/www.eldiario.net\\\/portal\\\/2023\\\/01\\\/11\\\/argos\\\/\",\"name\":\"Argos - El Diario - Bolivia\",\"isPartOf\":{\"@id\":\"https:\\\/\\\/www.eldiario.net\\\/portal\\\/#website\"},\"primaryImageOfPage\":{\"@id\":\"https:\\\/\\\/www.eldiario.net\\\/portal\\\/2023\\\/01\\\/11\\\/argos\\\/#primaryimage\"},\"image\":{\"@id\":\"https:\\\/\\\/www.eldiario.net\\\/portal\\\/2023\\\/01\\\/11\\\/argos\\\/#primaryimage\"},\"thumbnailUrl\":\"\",\"datePublished\":\"2023-01-11T09:04:36+00:00\",\"breadcrumb\":{\"@id\":\"https:\\\/\\\/www.eldiario.net\\\/portal\\\/2023\\\/01\\\/11\\\/argos\\\/#breadcrumb\"},\"inLanguage\":\"es\",\"potentialAction\":[{\"@type\":\"ReadAction\",\"target\":[\"https:\\\/\\\/www.eldiario.net\\\/portal\\\/2023\\\/01\\\/11\\\/argos\\\/\"]}]},{\"@type\":\"ImageObject\",\"inLanguage\":\"es\",\"@id\":\"https:\\\/\\\/www.eldiario.net\\\/portal\\\/2023\\\/01\\\/11\\\/argos\\\/#primaryimage\",\"url\":\"\",\"contentUrl\":\"\"},{\"@type\":\"BreadcrumbList\",\"@id\":\"https:\\\/\\\/www.eldiario.net\\\/portal\\\/2023\\\/01\\\/11\\\/argos\\\/#breadcrumb\",\"itemListElement\":[{\"@type\":\"ListItem\",\"position\":1,\"name\":\"Portada\",\"item\":\"https:\\\/\\\/www.eldiario.net\\\/portal\\\/\"},{\"@type\":\"ListItem\",\"position\":2,\"name\":\"Argos\"}]},{\"@type\":\"WebSite\",\"@id\":\"https:\\\/\\\/www.eldiario.net\\\/portal\\\/#website\",\"url\":\"https:\\\/\\\/www.eldiario.net\\\/portal\\\/\",\"name\":\"El Diario - Decano de la prensa nacional\",\"description\":\"El Diario - Decano de la prensa nacional\",\"publisher\":{\"@id\":\"https:\\\/\\\/www.eldiario.net\\\/portal\\\/#organization\"},\"potentialAction\":[{\"@type\":\"SearchAction\",\"target\":{\"@type\":\"EntryPoint\",\"urlTemplate\":\"https:\\\/\\\/www.eldiario.net\\\/portal\\\/?s={search_term_string}\"},\"query-input\":{\"@type\":\"PropertyValueSpecification\",\"valueRequired\":true,\"valueName\":\"search_term_string\"}}],\"inLanguage\":\"es\"},{\"@type\":\"Organization\",\"@id\":\"https:\\\/\\\/www.eldiario.net\\\/portal\\\/#organization\",\"name\":\"El Diario - Decano de la prensa nacional\",\"url\":\"https:\\\/\\\/www.eldiario.net\\\/portal\\\/\",\"logo\":{\"@type\":\"ImageObject\",\"inLanguage\":\"es\",\"@id\":\"https:\\\/\\\/www.eldiario.net\\\/portal\\\/#\\\/schema\\\/logo\\\/image\\\/\",\"url\":\"https:\\\/\\\/www.eldiario.net\\\/portal\\\/wp-content\\\/uploads\\\/2023\\\/07\\\/logo_ED.jpg\",\"contentUrl\":\"https:\\\/\\\/www.eldiario.net\\\/portal\\\/wp-content\\\/uploads\\\/2023\\\/07\\\/logo_ED.jpg\",\"width\":272,\"height\":52,\"caption\":\"El Diario - Decano de la prensa nacional\"},\"image\":{\"@id\":\"https:\\\/\\\/www.eldiario.net\\\/portal\\\/#\\\/schema\\\/logo\\\/image\\\/\"},\"sameAs\":[\"https:\\\/\\\/www.facebook.com\\\/eldiario.bolivia\\\/\",\"https:\\\/\\\/x.com\\\/eldiario_net\"]},{\"@type\":\"Person\",\"@id\":\"https:\\\/\\\/www.eldiario.net\\\/portal\\\/#\\\/schema\\\/person\\\/2c57cf2b7a7ae032e449e4c9b1019eac\",\"name\":\"Jeanette\",\"image\":{\"@type\":\"ImageObject\",\"inLanguage\":\"es\",\"@id\":\"https:\\\/\\\/secure.gravatar.com\\\/avatar\\\/3ea2118a5f7dad2b7138b1187a6b7ee55f160b9968b66013c3a3ef39dd7e5798?s=96&d=mm&r=g\",\"url\":\"https:\\\/\\\/secure.gravatar.com\\\/avatar\\\/3ea2118a5f7dad2b7138b1187a6b7ee55f160b9968b66013c3a3ef39dd7e5798?s=96&d=mm&r=g\",\"contentUrl\":\"https:\\\/\\\/secure.gravatar.com\\\/avatar\\\/3ea2118a5f7dad2b7138b1187a6b7ee55f160b9968b66013c3a3ef39dd7e5798?s=96&d=mm&r=g\",\"caption\":\"Jeanette\"},\"sameAs\":[\"https:\\\/\\\/www.eldiario.net\\\/portal\"],\"url\":\"https:\\\/\\\/www.eldiario.net\\\/portal\\\/author\\\/jeanette\\\/\"}]}<\/script>\n<!-- \/ Yoast SEO plugin. -->","yoast_head_json":{"title":"Argos - El Diario - Bolivia","robots":{"index":"index","follow":"follow","max-snippet":"max-snippet:-1","max-image-preview":"max-image-preview:large","max-video-preview":"max-video-preview:-1"},"canonical":"https:\/\/www.eldiario.net\/portal\/2023\/01\/11\/argos\/","og_locale":"es_ES","og_type":"article","og_title":"Argos - El Diario - Bolivia","og_description":"La importancia de lugares culturales donde se pueda explotar el arte cada d\u00eda es m\u00e1s grande y, es en este sentido, que hoy en Cvltvral presentamos una exclusiva con los due\u00f1os de uno de los bastiones culturales de la ciudad de Tarija\u2026 sean todos bienvenidos al show. \u00bfA qu\u00e9 hace referencia el nombre \u201cArgos\u201d? Argos [&hellip;]","og_url":"https:\/\/www.eldiario.net\/portal\/2023\/01\/11\/argos\/","og_site_name":"El Diario - Bolivia","article_publisher":"https:\/\/www.facebook.com\/eldiario.bolivia\/","article_published_time":"2023-01-11T09:04:36+00:00","author":"Jeanette","twitter_card":"summary_large_image","twitter_creator":"@eldiario_net","twitter_site":"@eldiario_net","twitter_misc":{"Escrito por":"Jeanette","Tiempo de lectura":"4 minutos"},"schema":{"@context":"https:\/\/schema.org","@graph":[{"@type":"Article","@id":"https:\/\/www.eldiario.net\/portal\/2023\/01\/11\/argos\/#article","isPartOf":{"@id":"https:\/\/www.eldiario.net\/portal\/2023\/01\/11\/argos\/"},"author":{"name":"Jeanette","@id":"https:\/\/www.eldiario.net\/portal\/#\/schema\/person\/2c57cf2b7a7ae032e449e4c9b1019eac"},"headline":"Argos","datePublished":"2023-01-11T09:04:36+00:00","mainEntityOfPage":{"@id":"https:\/\/www.eldiario.net\/portal\/2023\/01\/11\/argos\/"},"wordCount":756,"publisher":{"@id":"https:\/\/www.eldiario.net\/portal\/#organization"},"image":{"@id":"https:\/\/www.eldiario.net\/portal\/2023\/01\/11\/argos\/#primaryimage"},"thumbnailUrl":"","articleSection":["Cultural"],"inLanguage":"es"},{"@type":"WebPage","@id":"https:\/\/www.eldiario.net\/portal\/2023\/01\/11\/argos\/","url":"https:\/\/www.eldiario.net\/portal\/2023\/01\/11\/argos\/","name":"Argos - El Diario - Bolivia","isPartOf":{"@id":"https:\/\/www.eldiario.net\/portal\/#website"},"primaryImageOfPage":{"@id":"https:\/\/www.eldiario.net\/portal\/2023\/01\/11\/argos\/#primaryimage"},"image":{"@id":"https:\/\/www.eldiario.net\/portal\/2023\/01\/11\/argos\/#primaryimage"},"thumbnailUrl":"","datePublished":"2023-01-11T09:04:36+00:00","breadcrumb":{"@id":"https:\/\/www.eldiario.net\/portal\/2023\/01\/11\/argos\/#breadcrumb"},"inLanguage":"es","potentialAction":[{"@type":"ReadAction","target":["https:\/\/www.eldiario.net\/portal\/2023\/01\/11\/argos\/"]}]},{"@type":"ImageObject","inLanguage":"es","@id":"https:\/\/www.eldiario.net\/portal\/2023\/01\/11\/argos\/#primaryimage","url":"","contentUrl":""},{"@type":"BreadcrumbList","@id":"https:\/\/www.eldiario.net\/portal\/2023\/01\/11\/argos\/#breadcrumb","itemListElement":[{"@type":"ListItem","position":1,"name":"Portada","item":"https:\/\/www.eldiario.net\/portal\/"},{"@type":"ListItem","position":2,"name":"Argos"}]},{"@type":"WebSite","@id":"https:\/\/www.eldiario.net\/portal\/#website","url":"https:\/\/www.eldiario.net\/portal\/","name":"El Diario - Decano de la prensa nacional","description":"El Diario - Decano de la prensa nacional","publisher":{"@id":"https:\/\/www.eldiario.net\/portal\/#organization"},"potentialAction":[{"@type":"SearchAction","target":{"@type":"EntryPoint","urlTemplate":"https:\/\/www.eldiario.net\/portal\/?s={search_term_string}"},"query-input":{"@type":"PropertyValueSpecification","valueRequired":true,"valueName":"search_term_string"}}],"inLanguage":"es"},{"@type":"Organization","@id":"https:\/\/www.eldiario.net\/portal\/#organization","name":"El Diario - Decano de la prensa nacional","url":"https:\/\/www.eldiario.net\/portal\/","logo":{"@type":"ImageObject","inLanguage":"es","@id":"https:\/\/www.eldiario.net\/portal\/#\/schema\/logo\/image\/","url":"https:\/\/www.eldiario.net\/portal\/wp-content\/uploads\/2023\/07\/logo_ED.jpg","contentUrl":"https:\/\/www.eldiario.net\/portal\/wp-content\/uploads\/2023\/07\/logo_ED.jpg","width":272,"height":52,"caption":"El Diario - Decano de la prensa nacional"},"image":{"@id":"https:\/\/www.eldiario.net\/portal\/#\/schema\/logo\/image\/"},"sameAs":["https:\/\/www.facebook.com\/eldiario.bolivia\/","https:\/\/x.com\/eldiario_net"]},{"@type":"Person","@id":"https:\/\/www.eldiario.net\/portal\/#\/schema\/person\/2c57cf2b7a7ae032e449e4c9b1019eac","name":"Jeanette","image":{"@type":"ImageObject","inLanguage":"es","@id":"https:\/\/secure.gravatar.com\/avatar\/3ea2118a5f7dad2b7138b1187a6b7ee55f160b9968b66013c3a3ef39dd7e5798?s=96&d=mm&r=g","url":"https:\/\/secure.gravatar.com\/avatar\/3ea2118a5f7dad2b7138b1187a6b7ee55f160b9968b66013c3a3ef39dd7e5798?s=96&d=mm&r=g","contentUrl":"https:\/\/secure.gravatar.com\/avatar\/3ea2118a5f7dad2b7138b1187a6b7ee55f160b9968b66013c3a3ef39dd7e5798?s=96&d=mm&r=g","caption":"Jeanette"},"sameAs":["https:\/\/www.eldiario.net\/portal"],"url":"https:\/\/www.eldiario.net\/portal\/author\/jeanette\/"}]}},"_links":{"self":[{"href":"https:\/\/www.eldiario.net\/portal\/wp-json\/wp\/v2\/posts\/132097","targetHints":{"allow":["GET"]}}],"collection":[{"href":"https:\/\/www.eldiario.net\/portal\/wp-json\/wp\/v2\/posts"}],"about":[{"href":"https:\/\/www.eldiario.net\/portal\/wp-json\/wp\/v2\/types\/post"}],"author":[{"embeddable":true,"href":"https:\/\/www.eldiario.net\/portal\/wp-json\/wp\/v2\/users\/1"}],"replies":[{"embeddable":true,"href":"https:\/\/www.eldiario.net\/portal\/wp-json\/wp\/v2\/comments?post=132097"}],"version-history":[{"count":0,"href":"https:\/\/www.eldiario.net\/portal\/wp-json\/wp\/v2\/posts\/132097\/revisions"}],"wp:attachment":[{"href":"https:\/\/www.eldiario.net\/portal\/wp-json\/wp\/v2\/media?parent=132097"}],"wp:term":[{"taxonomy":"category","embeddable":true,"href":"https:\/\/www.eldiario.net\/portal\/wp-json\/wp\/v2\/categories?post=132097"},{"taxonomy":"post_tag","embeddable":true,"href":"https:\/\/www.eldiario.net\/portal\/wp-json\/wp\/v2\/tags?post=132097"}],"curies":[{"name":"wp","href":"https:\/\/api.w.org\/{rel}","templated":true}]}}