{"id":132094,"date":"2023-01-11T05:01:57","date_gmt":"2023-01-11T09:01:57","guid":{"rendered":"https:\/\/www.eldiario.net\/portal\/?p=132094"},"modified":"2023-01-11T05:01:57","modified_gmt":"2023-01-11T09:01:57","slug":"miley-cyrus-anuncia-su-octavo-album","status":"publish","type":"post","link":"https:\/\/www.eldiario.net\/portal\/2023\/01\/11\/miley-cyrus-anuncia-su-octavo-album\/","title":{"rendered":"Miley Cyrus anuncia su octavo \u00e1lbum"},"content":{"rendered":"<p>La artista multi-platino, compositora y pionera Miley Cyrus lanza su octavo \u00e1lbum de estudio \u00abEndless Summer Vacation\u00bb el 10 de marzo. Miley anunci\u00f3 el \u00e1lbum con un poderoso tr\u00e1iler que refleja el mundo visual que construy\u00f3 alrededor de un trabajo muy personal. La impresionante portada del \u00e1lbum, fotografiada por Brianna Capozzi y completamente ejecutada por Miley sin efectos visuales, tambi\u00e9n fue revelada.<br \/>\n2023 encuentra a Miley m\u00e1s fuerte y segura, con la m\u00fasica y las im\u00e1genes de Endless Summer Vacation sirviendo como un reflejo de la fuerza que encontr\u00f3 al enfocarse en su bienestar f\u00edsico y mental. Grabado en Los \u00c1ngeles y producido con Kid Harpoon, Greg Kurstin, Mike WiLL Made-It y Tyler Johnson, Miley describe el \u00e1lbum como su carta de amor a Los \u00c1ngeles.<br \/>\nEndless Summer Vacation va a estar disponible a nivel mundial en formatos f\u00edsicos y digital. Los fan\u00e1ticos pueden guardar previamente el \u00e1lbum en las plataformas de streaming.<br \/>\nEl primer adelanto ser\u00e1 el nuevo single \u201cFlowers\u201d, Miley emocion\u00f3 a los fan\u00e1ticos y domin\u00f3 la conversaci\u00f3n cuando anunci\u00f3 en su especial en vivo de NBC, \u201cMiley\u2019s New Year\u2019s Eve Party\u201d, que \u201cFlowers\u201d va a estar disponible en todo el mundo el 13 de enero. Al m\u00e1s puro estilo superestrella, entre sus actuaciones y sus deberes de presentadora, Miley bendijo las \u00faltimas horas de 2022 de los fan\u00e1ticos con clips especiales de \u201cFlowers\u201d.<br \/>\nSin sorpresa para nadie, Miley comenz\u00f3 2023 con toda su fuerza. \u201cMiley\u2019s New Year\u2019s Eve Party\u201d, que Miley co-organiz\u00f3 con la superestrella mundial Dolly Parton fue un gran \u00e9xito. Adem\u00e1s del anuncio de \u201cFlowers\u201d, el especial en vivo cont\u00f3 con una gran lista de actuaciones musicales e invitados especiales como Sia, Latto, Rae Sremmurd, David Byrne, Liily y Fletcher, as\u00ed como Paris Hilton, Chloe Fineman de SNL, Sarah Sherman y el tr\u00edo de comedia Please Don\u2019t Destroy.<br \/>\nAcerca de Miley<br \/>\nCyrus<br \/>\nMiley Cyrus es una de las personas m\u00e1s influyentes en la cultura pop con m\u00e1s de 190 millones de seguidores en Instagram. Tiene seis \u00e1lbumes # 1, incluido su \u00e1lbum nominado al GRAMMY 2013 Bangerz, que tambi\u00e9n est\u00e1 certificado 3x platino en los Estados Unidos. Adem\u00e1s, tuvo cinco impresionantes giras mundiales con entradas agotadas a lo largo de su carrera.<br \/>\nEn noviembre de 2020, Miley lanz\u00f3 su muy esperado s\u00e9ptimo \u00e1lbum de estudio, Plastic Hearts. El \u00e1lbum aclamado por la cr\u00edtica debut\u00f3 en el #1 en la lista Top Rock Albums de Billboard y es su sexto \u00e1lbum #1, dando a Miley la mayor cantidad de debuts de \u00e1lbumes top 10 en la lista para artistas femeninas este siglo.<\/p>\n","protected":false},"excerpt":{"rendered":"<p>La artista multi-platino, compositora y pionera Miley Cyrus lanza su octavo \u00e1lbum de estudio \u00abEndless Summer Vacation\u00bb el 10 de marzo. Miley anunci\u00f3 el \u00e1lbum con un poderoso tr\u00e1iler que refleja el mundo visual que construy\u00f3 alrededor de un trabajo muy personal. La impresionante portada del \u00e1lbum, fotografiada por Brianna Capozzi y completamente ejecutada por [&hellip;]<\/p>\n","protected":false},"author":1,"featured_media":132095,"comment_status":"closed","ping_status":"closed","sticky":false,"template":"","format":"standard","meta":{"_acf_changed":false,"footnotes":""},"categories":[8],"tags":[],"class_list":["post-132094","post","type-post","status-publish","format-standard","has-post-thumbnail","category-cultural"],"acf":{"antetitulo":""},"yoast_head":"<!-- This site is optimized with the Yoast SEO plugin v28.4 - https:\/\/yoast.com\/product\/yoast-seo-wordpress\/ -->\n<title>Miley Cyrus anuncia su octavo \u00e1lbum - El Diario - Bolivia<\/title>\n<meta name=\"robots\" content=\"index, follow, max-snippet:-1, max-image-preview:large, max-video-preview:-1\" \/>\n<link rel=\"canonical\" href=\"https:\/\/www.eldiario.net\/portal\/2023\/01\/11\/miley-cyrus-anuncia-su-octavo-album\/\" \/>\n<meta property=\"og:locale\" content=\"es_ES\" \/>\n<meta property=\"og:type\" content=\"article\" \/>\n<meta property=\"og:title\" content=\"Miley Cyrus anuncia su octavo \u00e1lbum - El Diario - Bolivia\" \/>\n<meta property=\"og:description\" content=\"La artista multi-platino, compositora y pionera Miley Cyrus lanza su octavo \u00e1lbum de estudio \u00abEndless Summer Vacation\u00bb el 10 de marzo. Miley anunci\u00f3 el \u00e1lbum con un poderoso tr\u00e1iler que refleja el mundo visual que construy\u00f3 alrededor de un trabajo muy personal. La impresionante portada del \u00e1lbum, fotografiada por Brianna Capozzi y completamente ejecutada por [&hellip;]\" \/>\n<meta property=\"og:url\" content=\"https:\/\/www.eldiario.net\/portal\/2023\/01\/11\/miley-cyrus-anuncia-su-octavo-album\/\" \/>\n<meta property=\"og:site_name\" content=\"El Diario - Bolivia\" \/>\n<meta property=\"article:publisher\" content=\"https:\/\/www.facebook.com\/eldiario.bolivia\/\" \/>\n<meta property=\"article:published_time\" content=\"2023-01-11T09:01:57+00:00\" \/>\n<meta name=\"author\" content=\"Jeanette\" \/>\n<meta name=\"twitter:card\" content=\"summary_large_image\" \/>\n<meta name=\"twitter:creator\" content=\"@eldiario_net\" \/>\n<meta name=\"twitter:site\" content=\"@eldiario_net\" \/>\n<meta name=\"twitter:label1\" content=\"Escrito por\" \/>\n\t<meta name=\"twitter:data1\" content=\"Jeanette\" \/>\n\t<meta name=\"twitter:label2\" content=\"Tiempo de lectura\" \/>\n\t<meta name=\"twitter:data2\" content=\"2 minutos\" \/>\n<script type=\"application\/ld+json\" class=\"yoast-schema-graph\">{\"@context\":\"https:\\\/\\\/schema.org\",\"@graph\":[{\"@type\":\"Article\",\"@id\":\"https:\\\/\\\/www.eldiario.net\\\/portal\\\/2023\\\/01\\\/11\\\/miley-cyrus-anuncia-su-octavo-album\\\/#article\",\"isPartOf\":{\"@id\":\"https:\\\/\\\/www.eldiario.net\\\/portal\\\/2023\\\/01\\\/11\\\/miley-cyrus-anuncia-su-octavo-album\\\/\"},\"author\":{\"name\":\"Jeanette\",\"@id\":\"https:\\\/\\\/www.eldiario.net\\\/portal\\\/#\\\/schema\\\/person\\\/2c57cf2b7a7ae032e449e4c9b1019eac\"},\"headline\":\"Miley Cyrus anuncia su octavo \u00e1lbum\",\"datePublished\":\"2023-01-11T09:01:57+00:00\",\"mainEntityOfPage\":{\"@id\":\"https:\\\/\\\/www.eldiario.net\\\/portal\\\/2023\\\/01\\\/11\\\/miley-cyrus-anuncia-su-octavo-album\\\/\"},\"wordCount\":444,\"publisher\":{\"@id\":\"https:\\\/\\\/www.eldiario.net\\\/portal\\\/#organization\"},\"image\":{\"@id\":\"https:\\\/\\\/www.eldiario.net\\\/portal\\\/2023\\\/01\\\/11\\\/miley-cyrus-anuncia-su-octavo-album\\\/#primaryimage\"},\"thumbnailUrl\":\"\",\"articleSection\":[\"Cultural\"],\"inLanguage\":\"es\"},{\"@type\":\"WebPage\",\"@id\":\"https:\\\/\\\/www.eldiario.net\\\/portal\\\/2023\\\/01\\\/11\\\/miley-cyrus-anuncia-su-octavo-album\\\/\",\"url\":\"https:\\\/\\\/www.eldiario.net\\\/portal\\\/2023\\\/01\\\/11\\\/miley-cyrus-anuncia-su-octavo-album\\\/\",\"name\":\"Miley Cyrus anuncia su octavo \u00e1lbum - El Diario - Bolivia\",\"isPartOf\":{\"@id\":\"https:\\\/\\\/www.eldiario.net\\\/portal\\\/#website\"},\"primaryImageOfPage\":{\"@id\":\"https:\\\/\\\/www.eldiario.net\\\/portal\\\/2023\\\/01\\\/11\\\/miley-cyrus-anuncia-su-octavo-album\\\/#primaryimage\"},\"image\":{\"@id\":\"https:\\\/\\\/www.eldiario.net\\\/portal\\\/2023\\\/01\\\/11\\\/miley-cyrus-anuncia-su-octavo-album\\\/#primaryimage\"},\"thumbnailUrl\":\"\",\"datePublished\":\"2023-01-11T09:01:57+00:00\",\"breadcrumb\":{\"@id\":\"https:\\\/\\\/www.eldiario.net\\\/portal\\\/2023\\\/01\\\/11\\\/miley-cyrus-anuncia-su-octavo-album\\\/#breadcrumb\"},\"inLanguage\":\"es\",\"potentialAction\":[{\"@type\":\"ReadAction\",\"target\":[\"https:\\\/\\\/www.eldiario.net\\\/portal\\\/2023\\\/01\\\/11\\\/miley-cyrus-anuncia-su-octavo-album\\\/\"]}]},{\"@type\":\"ImageObject\",\"inLanguage\":\"es\",\"@id\":\"https:\\\/\\\/www.eldiario.net\\\/portal\\\/2023\\\/01\\\/11\\\/miley-cyrus-anuncia-su-octavo-album\\\/#primaryimage\",\"url\":\"\",\"contentUrl\":\"\"},{\"@type\":\"BreadcrumbList\",\"@id\":\"https:\\\/\\\/www.eldiario.net\\\/portal\\\/2023\\\/01\\\/11\\\/miley-cyrus-anuncia-su-octavo-album\\\/#breadcrumb\",\"itemListElement\":[{\"@type\":\"ListItem\",\"position\":1,\"name\":\"Portada\",\"item\":\"https:\\\/\\\/www.eldiario.net\\\/portal\\\/\"},{\"@type\":\"ListItem\",\"position\":2,\"name\":\"Miley Cyrus anuncia su octavo \u00e1lbum\"}]},{\"@type\":\"WebSite\",\"@id\":\"https:\\\/\\\/www.eldiario.net\\\/portal\\\/#website\",\"url\":\"https:\\\/\\\/www.eldiario.net\\\/portal\\\/\",\"name\":\"El Diario - Decano de la prensa nacional\",\"description\":\"El Diario - Decano de la prensa nacional\",\"publisher\":{\"@id\":\"https:\\\/\\\/www.eldiario.net\\\/portal\\\/#organization\"},\"potentialAction\":[{\"@type\":\"SearchAction\",\"target\":{\"@type\":\"EntryPoint\",\"urlTemplate\":\"https:\\\/\\\/www.eldiario.net\\\/portal\\\/?s={search_term_string}\"},\"query-input\":{\"@type\":\"PropertyValueSpecification\",\"valueRequired\":true,\"valueName\":\"search_term_string\"}}],\"inLanguage\":\"es\"},{\"@type\":\"Organization\",\"@id\":\"https:\\\/\\\/www.eldiario.net\\\/portal\\\/#organization\",\"name\":\"El Diario - Decano de la prensa nacional\",\"url\":\"https:\\\/\\\/www.eldiario.net\\\/portal\\\/\",\"logo\":{\"@type\":\"ImageObject\",\"inLanguage\":\"es\",\"@id\":\"https:\\\/\\\/www.eldiario.net\\\/portal\\\/#\\\/schema\\\/logo\\\/image\\\/\",\"url\":\"https:\\\/\\\/www.eldiario.net\\\/portal\\\/wp-content\\\/uploads\\\/2023\\\/07\\\/logo_ED.jpg\",\"contentUrl\":\"https:\\\/\\\/www.eldiario.net\\\/portal\\\/wp-content\\\/uploads\\\/2023\\\/07\\\/logo_ED.jpg\",\"width\":272,\"height\":52,\"caption\":\"El Diario - Decano de la prensa nacional\"},\"image\":{\"@id\":\"https:\\\/\\\/www.eldiario.net\\\/portal\\\/#\\\/schema\\\/logo\\\/image\\\/\"},\"sameAs\":[\"https:\\\/\\\/www.facebook.com\\\/eldiario.bolivia\\\/\",\"https:\\\/\\\/x.com\\\/eldiario_net\"]},{\"@type\":\"Person\",\"@id\":\"https:\\\/\\\/www.eldiario.net\\\/portal\\\/#\\\/schema\\\/person\\\/2c57cf2b7a7ae032e449e4c9b1019eac\",\"name\":\"Jeanette\",\"image\":{\"@type\":\"ImageObject\",\"inLanguage\":\"es\",\"@id\":\"https:\\\/\\\/secure.gravatar.com\\\/avatar\\\/3ea2118a5f7dad2b7138b1187a6b7ee55f160b9968b66013c3a3ef39dd7e5798?s=96&d=mm&r=g\",\"url\":\"https:\\\/\\\/secure.gravatar.com\\\/avatar\\\/3ea2118a5f7dad2b7138b1187a6b7ee55f160b9968b66013c3a3ef39dd7e5798?s=96&d=mm&r=g\",\"contentUrl\":\"https:\\\/\\\/secure.gravatar.com\\\/avatar\\\/3ea2118a5f7dad2b7138b1187a6b7ee55f160b9968b66013c3a3ef39dd7e5798?s=96&d=mm&r=g\",\"caption\":\"Jeanette\"},\"sameAs\":[\"https:\\\/\\\/www.eldiario.net\\\/portal\"],\"url\":\"https:\\\/\\\/www.eldiario.net\\\/portal\\\/author\\\/jeanette\\\/\"}]}<\/script>\n<!-- \/ Yoast SEO plugin. -->","yoast_head_json":{"title":"Miley Cyrus anuncia su octavo \u00e1lbum - El Diario - Bolivia","robots":{"index":"index","follow":"follow","max-snippet":"max-snippet:-1","max-image-preview":"max-image-preview:large","max-video-preview":"max-video-preview:-1"},"canonical":"https:\/\/www.eldiario.net\/portal\/2023\/01\/11\/miley-cyrus-anuncia-su-octavo-album\/","og_locale":"es_ES","og_type":"article","og_title":"Miley Cyrus anuncia su octavo \u00e1lbum - El Diario - Bolivia","og_description":"La artista multi-platino, compositora y pionera Miley Cyrus lanza su octavo \u00e1lbum de estudio \u00abEndless Summer Vacation\u00bb el 10 de marzo. Miley anunci\u00f3 el \u00e1lbum con un poderoso tr\u00e1iler que refleja el mundo visual que construy\u00f3 alrededor de un trabajo muy personal. La impresionante portada del \u00e1lbum, fotografiada por Brianna Capozzi y completamente ejecutada por [&hellip;]","og_url":"https:\/\/www.eldiario.net\/portal\/2023\/01\/11\/miley-cyrus-anuncia-su-octavo-album\/","og_site_name":"El Diario - Bolivia","article_publisher":"https:\/\/www.facebook.com\/eldiario.bolivia\/","article_published_time":"2023-01-11T09:01:57+00:00","author":"Jeanette","twitter_card":"summary_large_image","twitter_creator":"@eldiario_net","twitter_site":"@eldiario_net","twitter_misc":{"Escrito por":"Jeanette","Tiempo de lectura":"2 minutos"},"schema":{"@context":"https:\/\/schema.org","@graph":[{"@type":"Article","@id":"https:\/\/www.eldiario.net\/portal\/2023\/01\/11\/miley-cyrus-anuncia-su-octavo-album\/#article","isPartOf":{"@id":"https:\/\/www.eldiario.net\/portal\/2023\/01\/11\/miley-cyrus-anuncia-su-octavo-album\/"},"author":{"name":"Jeanette","@id":"https:\/\/www.eldiario.net\/portal\/#\/schema\/person\/2c57cf2b7a7ae032e449e4c9b1019eac"},"headline":"Miley Cyrus anuncia su octavo \u00e1lbum","datePublished":"2023-01-11T09:01:57+00:00","mainEntityOfPage":{"@id":"https:\/\/www.eldiario.net\/portal\/2023\/01\/11\/miley-cyrus-anuncia-su-octavo-album\/"},"wordCount":444,"publisher":{"@id":"https:\/\/www.eldiario.net\/portal\/#organization"},"image":{"@id":"https:\/\/www.eldiario.net\/portal\/2023\/01\/11\/miley-cyrus-anuncia-su-octavo-album\/#primaryimage"},"thumbnailUrl":"","articleSection":["Cultural"],"inLanguage":"es"},{"@type":"WebPage","@id":"https:\/\/www.eldiario.net\/portal\/2023\/01\/11\/miley-cyrus-anuncia-su-octavo-album\/","url":"https:\/\/www.eldiario.net\/portal\/2023\/01\/11\/miley-cyrus-anuncia-su-octavo-album\/","name":"Miley Cyrus anuncia su octavo \u00e1lbum - El Diario - Bolivia","isPartOf":{"@id":"https:\/\/www.eldiario.net\/portal\/#website"},"primaryImageOfPage":{"@id":"https:\/\/www.eldiario.net\/portal\/2023\/01\/11\/miley-cyrus-anuncia-su-octavo-album\/#primaryimage"},"image":{"@id":"https:\/\/www.eldiario.net\/portal\/2023\/01\/11\/miley-cyrus-anuncia-su-octavo-album\/#primaryimage"},"thumbnailUrl":"","datePublished":"2023-01-11T09:01:57+00:00","breadcrumb":{"@id":"https:\/\/www.eldiario.net\/portal\/2023\/01\/11\/miley-cyrus-anuncia-su-octavo-album\/#breadcrumb"},"inLanguage":"es","potentialAction":[{"@type":"ReadAction","target":["https:\/\/www.eldiario.net\/portal\/2023\/01\/11\/miley-cyrus-anuncia-su-octavo-album\/"]}]},{"@type":"ImageObject","inLanguage":"es","@id":"https:\/\/www.eldiario.net\/portal\/2023\/01\/11\/miley-cyrus-anuncia-su-octavo-album\/#primaryimage","url":"","contentUrl":""},{"@type":"BreadcrumbList","@id":"https:\/\/www.eldiario.net\/portal\/2023\/01\/11\/miley-cyrus-anuncia-su-octavo-album\/#breadcrumb","itemListElement":[{"@type":"ListItem","position":1,"name":"Portada","item":"https:\/\/www.eldiario.net\/portal\/"},{"@type":"ListItem","position":2,"name":"Miley Cyrus anuncia su octavo \u00e1lbum"}]},{"@type":"WebSite","@id":"https:\/\/www.eldiario.net\/portal\/#website","url":"https:\/\/www.eldiario.net\/portal\/","name":"El Diario - Decano de la prensa nacional","description":"El Diario - Decano de la prensa nacional","publisher":{"@id":"https:\/\/www.eldiario.net\/portal\/#organization"},"potentialAction":[{"@type":"SearchAction","target":{"@type":"EntryPoint","urlTemplate":"https:\/\/www.eldiario.net\/portal\/?s={search_term_string}"},"query-input":{"@type":"PropertyValueSpecification","valueRequired":true,"valueName":"search_term_string"}}],"inLanguage":"es"},{"@type":"Organization","@id":"https:\/\/www.eldiario.net\/portal\/#organization","name":"El Diario - Decano de la prensa nacional","url":"https:\/\/www.eldiario.net\/portal\/","logo":{"@type":"ImageObject","inLanguage":"es","@id":"https:\/\/www.eldiario.net\/portal\/#\/schema\/logo\/image\/","url":"https:\/\/www.eldiario.net\/portal\/wp-content\/uploads\/2023\/07\/logo_ED.jpg","contentUrl":"https:\/\/www.eldiario.net\/portal\/wp-content\/uploads\/2023\/07\/logo_ED.jpg","width":272,"height":52,"caption":"El Diario - Decano de la prensa nacional"},"image":{"@id":"https:\/\/www.eldiario.net\/portal\/#\/schema\/logo\/image\/"},"sameAs":["https:\/\/www.facebook.com\/eldiario.bolivia\/","https:\/\/x.com\/eldiario_net"]},{"@type":"Person","@id":"https:\/\/www.eldiario.net\/portal\/#\/schema\/person\/2c57cf2b7a7ae032e449e4c9b1019eac","name":"Jeanette","image":{"@type":"ImageObject","inLanguage":"es","@id":"https:\/\/secure.gravatar.com\/avatar\/3ea2118a5f7dad2b7138b1187a6b7ee55f160b9968b66013c3a3ef39dd7e5798?s=96&d=mm&r=g","url":"https:\/\/secure.gravatar.com\/avatar\/3ea2118a5f7dad2b7138b1187a6b7ee55f160b9968b66013c3a3ef39dd7e5798?s=96&d=mm&r=g","contentUrl":"https:\/\/secure.gravatar.com\/avatar\/3ea2118a5f7dad2b7138b1187a6b7ee55f160b9968b66013c3a3ef39dd7e5798?s=96&d=mm&r=g","caption":"Jeanette"},"sameAs":["https:\/\/www.eldiario.net\/portal"],"url":"https:\/\/www.eldiario.net\/portal\/author\/jeanette\/"}]}},"_links":{"self":[{"href":"https:\/\/www.eldiario.net\/portal\/wp-json\/wp\/v2\/posts\/132094","targetHints":{"allow":["GET"]}}],"collection":[{"href":"https:\/\/www.eldiario.net\/portal\/wp-json\/wp\/v2\/posts"}],"about":[{"href":"https:\/\/www.eldiario.net\/portal\/wp-json\/wp\/v2\/types\/post"}],"author":[{"embeddable":true,"href":"https:\/\/www.eldiario.net\/portal\/wp-json\/wp\/v2\/users\/1"}],"replies":[{"embeddable":true,"href":"https:\/\/www.eldiario.net\/portal\/wp-json\/wp\/v2\/comments?post=132094"}],"version-history":[{"count":0,"href":"https:\/\/www.eldiario.net\/portal\/wp-json\/wp\/v2\/posts\/132094\/revisions"}],"wp:attachment":[{"href":"https:\/\/www.eldiario.net\/portal\/wp-json\/wp\/v2\/media?parent=132094"}],"wp:term":[{"taxonomy":"category","embeddable":true,"href":"https:\/\/www.eldiario.net\/portal\/wp-json\/wp\/v2\/categories?post=132094"},{"taxonomy":"post_tag","embeddable":true,"href":"https:\/\/www.eldiario.net\/portal\/wp-json\/wp\/v2\/tags?post=132094"}],"curies":[{"name":"wp","href":"https:\/\/api.w.org\/{rel}","templated":true}]}}