{"id":132088,"date":"2023-01-11T05:00:04","date_gmt":"2023-01-11T09:00:04","guid":{"rendered":"https:\/\/www.eldiario.net\/portal\/?p=132088"},"modified":"2023-01-11T05:00:04","modified_gmt":"2023-01-11T09:00:04","slug":"gobernador-cruceno-seguira-ejerciendo-desde-chonchocoro","status":"publish","type":"post","link":"https:\/\/www.eldiario.net\/portal\/2023\/01\/11\/gobernador-cruceno-seguira-ejerciendo-desde-chonchocoro\/","title":{"rendered":"Gobernador cruce\u00f1o seguir\u00e1  ejerciendo desde Chonchocoro"},"content":{"rendered":"<p>Tras la insistente cuestionante sobre si asumir\u00e1 el vicegobernador, Mario Aguilera, como Gobernador del departamento, la asamble\u00edsta, Paola Aguirre, se\u00f1al\u00f3 que la primera autoridad cruce\u00f1a continuar\u00e1 siendo gobernador porque as\u00ed lo estableci\u00f3 el mandato popular del pueblo cruce\u00f1o y as\u00ed lo establecen las normas.<br \/>\nInform\u00f3 que se est\u00e1 analizando que algunas funciones sean delegadas para que las tareas administrativas no se vean entorpecidas.<br \/>\n\u201cNosotros estamos convencidos de que se debe respetar el voto popular y los derechos pol\u00edticos que Luis Fernando Camacho ha ganado en urnas, porque la privaci\u00f3n temporal de libertad no puede suponer la suspensi\u00f3n del ejercicio de derechos pol\u00edticos\u201d expres\u00f3 la autoridad.<br \/>\nIndic\u00f3 que el Vicegobernador viene ejerciendo funciones a lo largo de este per\u00edodo y enfatiz\u00f3 que cuando el Gobernador viaj\u00f3 en alg\u00fan momento Mario Aguilera asumi\u00f3 las funciones para no parar la administraci\u00f3n, por tanto recalc\u00f3 que Luis Fernando Camacho, desde el Penal de Chonchocoro, seguir\u00e1 ejerciendo sus funciones como la primera autoridad del departamento.<br \/>\nAsimismo, dijo que pese a la crisis social que han generado las acciones de atropello del Movimiento al Socialismo, la instituci\u00f3n cruce\u00f1a sigue atendiendo de manera normal, \u201ces un mandato imperativo de hacer funcionar la gobernaci\u00f3n para prestar un servicio eficiente al pueblo cruce\u00f1o\u201d.<br \/>\nASESOR<br \/>\nEl asesor de Gesti\u00f3n, Efra\u00edn Su\u00e1rez, ratific\u00f3 que la Gobernaci\u00f3n cruce\u00f1a sigue funcionando de manera normal, brindando atenci\u00f3n a la poblaci\u00f3n en tr\u00e1mites administrativos.<br \/>\nDijo tambi\u00e9n que Luis Fernando Camacho contin\u00faa ejerciendo sus funciones como gobernador desde el penal de Chonchocoro, en La Paz.<br \/>\n\u201cPara que existiera lo contrario alguien tendr\u00eda que demostrar que el gobernador no est\u00e1 logrando ejercer desde Chonchocoro\u201d, dijo.<br \/>\nSu\u00e1rez se\u00f1al\u00f3 que no existe la figura de ausencia temporal en la Gobernaci\u00f3n, as\u00ed como est\u00e1n aduciendo personas afines al MAS.<br \/>\nExplic\u00f3 que la ausencia temporal no la define un ministro, un asamble\u00edsta o un masista, sino la ley y la \u00fanica norma que establece la ausencia temporal en toda la legislaci\u00f3n boliviana es el C\u00f3digo Civil y este establece la ausencia cuando se desconoce el paradero de esa persona.<br \/>\n\u201cPara determinar la ausencia de esa persona tiene que pasar m\u00e1s de dos a\u00f1os para que pueda decirse de esta persona est\u00e1 ausente. Entonces, le guste o no le guste al Gobierno, el gobernador sigue siendo Luis Fernando Camacho Vaca y va a seguir ejerciendo desde Chonchocoro\u201d, remarc\u00f3.<br \/>\nEn cuanto al derecho pol\u00edtico de Camacho, el asesor puntualiz\u00f3 que no ha perdido sus derechos pol\u00edticos, porque no tiene una sentencia ejecutoriada que determine que \u00e9l se alz\u00f3 en armas en contra del pa\u00eds o que hizo mal uso de recursos p\u00fablicos o que gener\u00f3 una traici\u00f3n a la patria.<br \/>\n\u201cNo ha perdido sus derechos pol\u00edticos, en ese sentido el gobernador sigue teniendo toda la facultad legal para poder ejercer desde Chonchocoro, esa es una situaci\u00f3n clar\u00edsima que legalmente lo respalda el gobernador e ileg\u00edtimamente tambi\u00e9n porque el gobernador ha sido electo por m\u00e1s de 850 mil cruce\u00f1os\u201d, subray\u00f3.<br \/>\nASAMBLEA DEPARTAMENTAL<br \/>\nLa Asamblea Departamental de Santa Cruz retorn\u00f3 a sus funciones luego del receso de fin de a\u00f1o y el primer tema que abordaron fue el ejercicio del poder en el Ejecutivo, pues el Gobernador, Luis Fernando Camacho, cumple una detenci\u00f3n preventiva en Chonchocoro, departamento de La Paz.<br \/>\n\u201cEs una cuesti\u00f3n de ellos, lastimosamente es de conocimiento p\u00fablico que hay una fractura interna en Creemos, uno responde a una persona y el otro responde a otra persona. Yo creo que esa ala que responde a Luis Fernando Camacho es la que no quiere que asuma el Vicegobernador. Hay que ser claros, porque supuestamente \u00e9l responde a los Dem\u00f3cratas\u201d, revel\u00f3 la asamble\u00edsta Raquel Valencia (MAS) a la ANF.<br \/>\nEl gobernador cruce\u00f1o fue aprehendido el 28 de diciembre y trasladado a La Paz, desde entonces ya no retorn\u00f3 a Santa Cruz. El masismo insiste en que el actual vicegobernador, Mario Joaqu\u00edn Aguilera Cirbian, debe asumir el cargo porque fue electo, pero los legisladores que son afines a Camacho se niegan a hacerlo con argumentos legales. (Santa Cruz, ALD y ANF).<\/p>\n\n","protected":false},"excerpt":{"rendered":"<p>Tras la insistente cuestionante sobre si asumir\u00e1 el vicegobernador, Mario Aguilera, como Gobernador del departamento, la asamble\u00edsta, Paola Aguirre, se\u00f1al\u00f3 que la primera autoridad cruce\u00f1a continuar\u00e1 siendo gobernador porque as\u00ed lo estableci\u00f3 el mandato popular del pueblo cruce\u00f1o y as\u00ed lo establecen las normas. Inform\u00f3 que se est\u00e1 analizando que algunas funciones sean delegadas para [&hellip;]<\/p>\n","protected":false},"author":1,"featured_media":132089,"comment_status":"closed","ping_status":"closed","sticky":false,"template":"","format":"standard","meta":{"_acf_changed":false,"footnotes":""},"categories":[12],"tags":[],"class_list":["post-132088","post","type-post","status-publish","format-standard","has-post-thumbnail","category-nacional"],"acf":{"antetitulo":""},"yoast_head":"<!-- This site is optimized with the Yoast SEO plugin v28.4 - https:\/\/yoast.com\/product\/yoast-seo-wordpress\/ -->\n<title>Gobernador cruce\u00f1o seguir\u00e1 ejerciendo desde Chonchocoro - El Diario - Bolivia<\/title>\n<meta name=\"robots\" content=\"index, follow, max-snippet:-1, max-image-preview:large, max-video-preview:-1\" \/>\n<link rel=\"canonical\" href=\"https:\/\/www.eldiario.net\/portal\/2023\/01\/11\/gobernador-cruceno-seguira-ejerciendo-desde-chonchocoro\/\" \/>\n<meta property=\"og:locale\" content=\"es_ES\" \/>\n<meta property=\"og:type\" content=\"article\" \/>\n<meta property=\"og:title\" content=\"Gobernador cruce\u00f1o seguir\u00e1 ejerciendo desde Chonchocoro - El Diario - Bolivia\" \/>\n<meta property=\"og:description\" content=\"Tras la insistente cuestionante sobre si asumir\u00e1 el vicegobernador, Mario Aguilera, como Gobernador del departamento, la asamble\u00edsta, Paola Aguirre, se\u00f1al\u00f3 que la primera autoridad cruce\u00f1a continuar\u00e1 siendo gobernador porque as\u00ed lo estableci\u00f3 el mandato popular del pueblo cruce\u00f1o y as\u00ed lo establecen las normas. Inform\u00f3 que se est\u00e1 analizando que algunas funciones sean delegadas para [&hellip;]\" \/>\n<meta property=\"og:url\" content=\"https:\/\/www.eldiario.net\/portal\/2023\/01\/11\/gobernador-cruceno-seguira-ejerciendo-desde-chonchocoro\/\" \/>\n<meta property=\"og:site_name\" content=\"El Diario - Bolivia\" \/>\n<meta property=\"article:publisher\" content=\"https:\/\/www.facebook.com\/eldiario.bolivia\/\" \/>\n<meta property=\"article:published_time\" content=\"2023-01-11T09:00:04+00:00\" \/>\n<meta name=\"author\" content=\"Jeanette\" \/>\n<meta name=\"twitter:card\" content=\"summary_large_image\" \/>\n<meta name=\"twitter:creator\" content=\"@eldiario_net\" \/>\n<meta name=\"twitter:site\" content=\"@eldiario_net\" \/>\n<meta name=\"twitter:label1\" content=\"Escrito por\" \/>\n\t<meta name=\"twitter:data1\" content=\"Jeanette\" \/>\n\t<meta name=\"twitter:label2\" content=\"Tiempo de lectura\" \/>\n\t<meta name=\"twitter:data2\" content=\"4 minutos\" \/>\n<script type=\"application\/ld+json\" class=\"yoast-schema-graph\">{\"@context\":\"https:\\\/\\\/schema.org\",\"@graph\":[{\"@type\":\"Article\",\"@id\":\"https:\\\/\\\/www.eldiario.net\\\/portal\\\/2023\\\/01\\\/11\\\/gobernador-cruceno-seguira-ejerciendo-desde-chonchocoro\\\/#article\",\"isPartOf\":{\"@id\":\"https:\\\/\\\/www.eldiario.net\\\/portal\\\/2023\\\/01\\\/11\\\/gobernador-cruceno-seguira-ejerciendo-desde-chonchocoro\\\/\"},\"author\":{\"name\":\"Jeanette\",\"@id\":\"https:\\\/\\\/www.eldiario.net\\\/portal\\\/#\\\/schema\\\/person\\\/2c57cf2b7a7ae032e449e4c9b1019eac\"},\"headline\":\"Gobernador cruce\u00f1o seguir\u00e1 ejerciendo desde Chonchocoro\",\"datePublished\":\"2023-01-11T09:00:04+00:00\",\"mainEntityOfPage\":{\"@id\":\"https:\\\/\\\/www.eldiario.net\\\/portal\\\/2023\\\/01\\\/11\\\/gobernador-cruceno-seguira-ejerciendo-desde-chonchocoro\\\/\"},\"wordCount\":729,\"publisher\":{\"@id\":\"https:\\\/\\\/www.eldiario.net\\\/portal\\\/#organization\"},\"image\":{\"@id\":\"https:\\\/\\\/www.eldiario.net\\\/portal\\\/2023\\\/01\\\/11\\\/gobernador-cruceno-seguira-ejerciendo-desde-chonchocoro\\\/#primaryimage\"},\"thumbnailUrl\":\"\",\"articleSection\":[\"Nacional\"],\"inLanguage\":\"es\"},{\"@type\":\"WebPage\",\"@id\":\"https:\\\/\\\/www.eldiario.net\\\/portal\\\/2023\\\/01\\\/11\\\/gobernador-cruceno-seguira-ejerciendo-desde-chonchocoro\\\/\",\"url\":\"https:\\\/\\\/www.eldiario.net\\\/portal\\\/2023\\\/01\\\/11\\\/gobernador-cruceno-seguira-ejerciendo-desde-chonchocoro\\\/\",\"name\":\"Gobernador cruce\u00f1o seguir\u00e1 ejerciendo desde Chonchocoro - El Diario - Bolivia\",\"isPartOf\":{\"@id\":\"https:\\\/\\\/www.eldiario.net\\\/portal\\\/#website\"},\"primaryImageOfPage\":{\"@id\":\"https:\\\/\\\/www.eldiario.net\\\/portal\\\/2023\\\/01\\\/11\\\/gobernador-cruceno-seguira-ejerciendo-desde-chonchocoro\\\/#primaryimage\"},\"image\":{\"@id\":\"https:\\\/\\\/www.eldiario.net\\\/portal\\\/2023\\\/01\\\/11\\\/gobernador-cruceno-seguira-ejerciendo-desde-chonchocoro\\\/#primaryimage\"},\"thumbnailUrl\":\"\",\"datePublished\":\"2023-01-11T09:00:04+00:00\",\"breadcrumb\":{\"@id\":\"https:\\\/\\\/www.eldiario.net\\\/portal\\\/2023\\\/01\\\/11\\\/gobernador-cruceno-seguira-ejerciendo-desde-chonchocoro\\\/#breadcrumb\"},\"inLanguage\":\"es\",\"potentialAction\":[{\"@type\":\"ReadAction\",\"target\":[\"https:\\\/\\\/www.eldiario.net\\\/portal\\\/2023\\\/01\\\/11\\\/gobernador-cruceno-seguira-ejerciendo-desde-chonchocoro\\\/\"]}]},{\"@type\":\"ImageObject\",\"inLanguage\":\"es\",\"@id\":\"https:\\\/\\\/www.eldiario.net\\\/portal\\\/2023\\\/01\\\/11\\\/gobernador-cruceno-seguira-ejerciendo-desde-chonchocoro\\\/#primaryimage\",\"url\":\"\",\"contentUrl\":\"\"},{\"@type\":\"BreadcrumbList\",\"@id\":\"https:\\\/\\\/www.eldiario.net\\\/portal\\\/2023\\\/01\\\/11\\\/gobernador-cruceno-seguira-ejerciendo-desde-chonchocoro\\\/#breadcrumb\",\"itemListElement\":[{\"@type\":\"ListItem\",\"position\":1,\"name\":\"Portada\",\"item\":\"https:\\\/\\\/www.eldiario.net\\\/portal\\\/\"},{\"@type\":\"ListItem\",\"position\":2,\"name\":\"Gobernador cruce\u00f1o seguir\u00e1 ejerciendo desde Chonchocoro\"}]},{\"@type\":\"WebSite\",\"@id\":\"https:\\\/\\\/www.eldiario.net\\\/portal\\\/#website\",\"url\":\"https:\\\/\\\/www.eldiario.net\\\/portal\\\/\",\"name\":\"El Diario - Decano de la prensa nacional\",\"description\":\"El Diario - Decano de la prensa nacional\",\"publisher\":{\"@id\":\"https:\\\/\\\/www.eldiario.net\\\/portal\\\/#organization\"},\"potentialAction\":[{\"@type\":\"SearchAction\",\"target\":{\"@type\":\"EntryPoint\",\"urlTemplate\":\"https:\\\/\\\/www.eldiario.net\\\/portal\\\/?s={search_term_string}\"},\"query-input\":{\"@type\":\"PropertyValueSpecification\",\"valueRequired\":true,\"valueName\":\"search_term_string\"}}],\"inLanguage\":\"es\"},{\"@type\":\"Organization\",\"@id\":\"https:\\\/\\\/www.eldiario.net\\\/portal\\\/#organization\",\"name\":\"El Diario - Decano de la prensa nacional\",\"url\":\"https:\\\/\\\/www.eldiario.net\\\/portal\\\/\",\"logo\":{\"@type\":\"ImageObject\",\"inLanguage\":\"es\",\"@id\":\"https:\\\/\\\/www.eldiario.net\\\/portal\\\/#\\\/schema\\\/logo\\\/image\\\/\",\"url\":\"https:\\\/\\\/www.eldiario.net\\\/portal\\\/wp-content\\\/uploads\\\/2023\\\/07\\\/logo_ED.jpg\",\"contentUrl\":\"https:\\\/\\\/www.eldiario.net\\\/portal\\\/wp-content\\\/uploads\\\/2023\\\/07\\\/logo_ED.jpg\",\"width\":272,\"height\":52,\"caption\":\"El Diario - Decano de la prensa nacional\"},\"image\":{\"@id\":\"https:\\\/\\\/www.eldiario.net\\\/portal\\\/#\\\/schema\\\/logo\\\/image\\\/\"},\"sameAs\":[\"https:\\\/\\\/www.facebook.com\\\/eldiario.bolivia\\\/\",\"https:\\\/\\\/x.com\\\/eldiario_net\"]},{\"@type\":\"Person\",\"@id\":\"https:\\\/\\\/www.eldiario.net\\\/portal\\\/#\\\/schema\\\/person\\\/2c57cf2b7a7ae032e449e4c9b1019eac\",\"name\":\"Jeanette\",\"image\":{\"@type\":\"ImageObject\",\"inLanguage\":\"es\",\"@id\":\"https:\\\/\\\/secure.gravatar.com\\\/avatar\\\/3ea2118a5f7dad2b7138b1187a6b7ee55f160b9968b66013c3a3ef39dd7e5798?s=96&d=mm&r=g\",\"url\":\"https:\\\/\\\/secure.gravatar.com\\\/avatar\\\/3ea2118a5f7dad2b7138b1187a6b7ee55f160b9968b66013c3a3ef39dd7e5798?s=96&d=mm&r=g\",\"contentUrl\":\"https:\\\/\\\/secure.gravatar.com\\\/avatar\\\/3ea2118a5f7dad2b7138b1187a6b7ee55f160b9968b66013c3a3ef39dd7e5798?s=96&d=mm&r=g\",\"caption\":\"Jeanette\"},\"sameAs\":[\"https:\\\/\\\/www.eldiario.net\\\/portal\"],\"url\":\"https:\\\/\\\/www.eldiario.net\\\/portal\\\/author\\\/jeanette\\\/\"}]}<\/script>\n<!-- \/ Yoast SEO plugin. -->","yoast_head_json":{"title":"Gobernador cruce\u00f1o seguir\u00e1 ejerciendo desde Chonchocoro - El Diario - Bolivia","robots":{"index":"index","follow":"follow","max-snippet":"max-snippet:-1","max-image-preview":"max-image-preview:large","max-video-preview":"max-video-preview:-1"},"canonical":"https:\/\/www.eldiario.net\/portal\/2023\/01\/11\/gobernador-cruceno-seguira-ejerciendo-desde-chonchocoro\/","og_locale":"es_ES","og_type":"article","og_title":"Gobernador cruce\u00f1o seguir\u00e1 ejerciendo desde Chonchocoro - El Diario - Bolivia","og_description":"Tras la insistente cuestionante sobre si asumir\u00e1 el vicegobernador, Mario Aguilera, como Gobernador del departamento, la asamble\u00edsta, Paola Aguirre, se\u00f1al\u00f3 que la primera autoridad cruce\u00f1a continuar\u00e1 siendo gobernador porque as\u00ed lo estableci\u00f3 el mandato popular del pueblo cruce\u00f1o y as\u00ed lo establecen las normas. Inform\u00f3 que se est\u00e1 analizando que algunas funciones sean delegadas para [&hellip;]","og_url":"https:\/\/www.eldiario.net\/portal\/2023\/01\/11\/gobernador-cruceno-seguira-ejerciendo-desde-chonchocoro\/","og_site_name":"El Diario - Bolivia","article_publisher":"https:\/\/www.facebook.com\/eldiario.bolivia\/","article_published_time":"2023-01-11T09:00:04+00:00","author":"Jeanette","twitter_card":"summary_large_image","twitter_creator":"@eldiario_net","twitter_site":"@eldiario_net","twitter_misc":{"Escrito por":"Jeanette","Tiempo de lectura":"4 minutos"},"schema":{"@context":"https:\/\/schema.org","@graph":[{"@type":"Article","@id":"https:\/\/www.eldiario.net\/portal\/2023\/01\/11\/gobernador-cruceno-seguira-ejerciendo-desde-chonchocoro\/#article","isPartOf":{"@id":"https:\/\/www.eldiario.net\/portal\/2023\/01\/11\/gobernador-cruceno-seguira-ejerciendo-desde-chonchocoro\/"},"author":{"name":"Jeanette","@id":"https:\/\/www.eldiario.net\/portal\/#\/schema\/person\/2c57cf2b7a7ae032e449e4c9b1019eac"},"headline":"Gobernador cruce\u00f1o seguir\u00e1 ejerciendo desde Chonchocoro","datePublished":"2023-01-11T09:00:04+00:00","mainEntityOfPage":{"@id":"https:\/\/www.eldiario.net\/portal\/2023\/01\/11\/gobernador-cruceno-seguira-ejerciendo-desde-chonchocoro\/"},"wordCount":729,"publisher":{"@id":"https:\/\/www.eldiario.net\/portal\/#organization"},"image":{"@id":"https:\/\/www.eldiario.net\/portal\/2023\/01\/11\/gobernador-cruceno-seguira-ejerciendo-desde-chonchocoro\/#primaryimage"},"thumbnailUrl":"","articleSection":["Nacional"],"inLanguage":"es"},{"@type":"WebPage","@id":"https:\/\/www.eldiario.net\/portal\/2023\/01\/11\/gobernador-cruceno-seguira-ejerciendo-desde-chonchocoro\/","url":"https:\/\/www.eldiario.net\/portal\/2023\/01\/11\/gobernador-cruceno-seguira-ejerciendo-desde-chonchocoro\/","name":"Gobernador cruce\u00f1o seguir\u00e1 ejerciendo desde Chonchocoro - El Diario - Bolivia","isPartOf":{"@id":"https:\/\/www.eldiario.net\/portal\/#website"},"primaryImageOfPage":{"@id":"https:\/\/www.eldiario.net\/portal\/2023\/01\/11\/gobernador-cruceno-seguira-ejerciendo-desde-chonchocoro\/#primaryimage"},"image":{"@id":"https:\/\/www.eldiario.net\/portal\/2023\/01\/11\/gobernador-cruceno-seguira-ejerciendo-desde-chonchocoro\/#primaryimage"},"thumbnailUrl":"","datePublished":"2023-01-11T09:00:04+00:00","breadcrumb":{"@id":"https:\/\/www.eldiario.net\/portal\/2023\/01\/11\/gobernador-cruceno-seguira-ejerciendo-desde-chonchocoro\/#breadcrumb"},"inLanguage":"es","potentialAction":[{"@type":"ReadAction","target":["https:\/\/www.eldiario.net\/portal\/2023\/01\/11\/gobernador-cruceno-seguira-ejerciendo-desde-chonchocoro\/"]}]},{"@type":"ImageObject","inLanguage":"es","@id":"https:\/\/www.eldiario.net\/portal\/2023\/01\/11\/gobernador-cruceno-seguira-ejerciendo-desde-chonchocoro\/#primaryimage","url":"","contentUrl":""},{"@type":"BreadcrumbList","@id":"https:\/\/www.eldiario.net\/portal\/2023\/01\/11\/gobernador-cruceno-seguira-ejerciendo-desde-chonchocoro\/#breadcrumb","itemListElement":[{"@type":"ListItem","position":1,"name":"Portada","item":"https:\/\/www.eldiario.net\/portal\/"},{"@type":"ListItem","position":2,"name":"Gobernador cruce\u00f1o seguir\u00e1 ejerciendo desde Chonchocoro"}]},{"@type":"WebSite","@id":"https:\/\/www.eldiario.net\/portal\/#website","url":"https:\/\/www.eldiario.net\/portal\/","name":"El Diario - Decano de la prensa nacional","description":"El Diario - Decano de la prensa nacional","publisher":{"@id":"https:\/\/www.eldiario.net\/portal\/#organization"},"potentialAction":[{"@type":"SearchAction","target":{"@type":"EntryPoint","urlTemplate":"https:\/\/www.eldiario.net\/portal\/?s={search_term_string}"},"query-input":{"@type":"PropertyValueSpecification","valueRequired":true,"valueName":"search_term_string"}}],"inLanguage":"es"},{"@type":"Organization","@id":"https:\/\/www.eldiario.net\/portal\/#organization","name":"El Diario - Decano de la prensa nacional","url":"https:\/\/www.eldiario.net\/portal\/","logo":{"@type":"ImageObject","inLanguage":"es","@id":"https:\/\/www.eldiario.net\/portal\/#\/schema\/logo\/image\/","url":"https:\/\/www.eldiario.net\/portal\/wp-content\/uploads\/2023\/07\/logo_ED.jpg","contentUrl":"https:\/\/www.eldiario.net\/portal\/wp-content\/uploads\/2023\/07\/logo_ED.jpg","width":272,"height":52,"caption":"El Diario - Decano de la prensa nacional"},"image":{"@id":"https:\/\/www.eldiario.net\/portal\/#\/schema\/logo\/image\/"},"sameAs":["https:\/\/www.facebook.com\/eldiario.bolivia\/","https:\/\/x.com\/eldiario_net"]},{"@type":"Person","@id":"https:\/\/www.eldiario.net\/portal\/#\/schema\/person\/2c57cf2b7a7ae032e449e4c9b1019eac","name":"Jeanette","image":{"@type":"ImageObject","inLanguage":"es","@id":"https:\/\/secure.gravatar.com\/avatar\/3ea2118a5f7dad2b7138b1187a6b7ee55f160b9968b66013c3a3ef39dd7e5798?s=96&d=mm&r=g","url":"https:\/\/secure.gravatar.com\/avatar\/3ea2118a5f7dad2b7138b1187a6b7ee55f160b9968b66013c3a3ef39dd7e5798?s=96&d=mm&r=g","contentUrl":"https:\/\/secure.gravatar.com\/avatar\/3ea2118a5f7dad2b7138b1187a6b7ee55f160b9968b66013c3a3ef39dd7e5798?s=96&d=mm&r=g","caption":"Jeanette"},"sameAs":["https:\/\/www.eldiario.net\/portal"],"url":"https:\/\/www.eldiario.net\/portal\/author\/jeanette\/"}]}},"_links":{"self":[{"href":"https:\/\/www.eldiario.net\/portal\/wp-json\/wp\/v2\/posts\/132088","targetHints":{"allow":["GET"]}}],"collection":[{"href":"https:\/\/www.eldiario.net\/portal\/wp-json\/wp\/v2\/posts"}],"about":[{"href":"https:\/\/www.eldiario.net\/portal\/wp-json\/wp\/v2\/types\/post"}],"author":[{"embeddable":true,"href":"https:\/\/www.eldiario.net\/portal\/wp-json\/wp\/v2\/users\/1"}],"replies":[{"embeddable":true,"href":"https:\/\/www.eldiario.net\/portal\/wp-json\/wp\/v2\/comments?post=132088"}],"version-history":[{"count":0,"href":"https:\/\/www.eldiario.net\/portal\/wp-json\/wp\/v2\/posts\/132088\/revisions"}],"wp:attachment":[{"href":"https:\/\/www.eldiario.net\/portal\/wp-json\/wp\/v2\/media?parent=132088"}],"wp:term":[{"taxonomy":"category","embeddable":true,"href":"https:\/\/www.eldiario.net\/portal\/wp-json\/wp\/v2\/categories?post=132088"},{"taxonomy":"post_tag","embeddable":true,"href":"https:\/\/www.eldiario.net\/portal\/wp-json\/wp\/v2\/tags?post=132088"}],"curies":[{"name":"wp","href":"https:\/\/api.w.org\/{rel}","templated":true}]}}