{"id":132085,"date":"2023-01-11T04:59:02","date_gmt":"2023-01-11T08:59:02","guid":{"rendered":"https:\/\/www.eldiario.net\/portal\/?p=132085"},"modified":"2023-01-11T04:59:02","modified_gmt":"2023-01-11T08:59:02","slug":"la-pacificacion-del-pais-esta-en-manos-del-gobierno","status":"publish","type":"post","link":"https:\/\/www.eldiario.net\/portal\/2023\/01\/11\/la-pacificacion-del-pais-esta-en-manos-del-gobierno\/","title":{"rendered":"\u201cLa pacificaci\u00f3n del pa\u00eds est\u00e1 en manos del Gobierno\u201d"},"content":{"rendered":"<p>El rector de la Universidad Aut\u00f3noma Gabriel Ren\u00e9 Moreno de Santa Cruz (Uagrm), Vicente Cu\u00e9llar, afirm\u00f3 que la pacificaci\u00f3n del pa\u00eds est\u00e1 en manos del gobierno de Luis Arce, a prop\u00f3sito de las movilizaciones que exigen el respeto al estado de Derecho, una Justicia independiente y la liberaci\u00f3n del gobernador Luis Fernando Camacho.<br \/>\nLa autoridad acad\u00e9mica particip\u00f3 del foro \u201cPor La Paz y Democracia\u201d con el alcalde del Gobierno Aut\u00f3nomo Municipal, Iv\u00e1n Arias, evento que cont\u00f3 con la participaci\u00f3n de l\u00edderes de opini\u00f3n y analistas.<br \/>\n\u201cEst\u00e1 en manos del Gobierno la pacificaci\u00f3n del pa\u00eds cuando tengamos un estado de Derecho, cuando se respeten los derechos de los ciudadanos, cuando la Justicia actu\u00e9 de manera transparente, pero en este momento estamos preocupados es por la vulneraci\u00f3n de los derechos del ciudadano\u201d, manifest\u00f3 Cu\u00e9llar.<br \/>\n\u201cEl secuestro de nuestro Gobernador obviamente nos preocupa a todos porque si esa es la forma de actuar con la primera autoridad pol\u00edtica de un departamento obviamente que ma\u00f1ana nos puede pasar lo mismo como ciudadanos de este pa\u00eds, ma\u00f1ana le puede pasar a un alte\u00f1o a un potosino a un pace\u00f1o, a un orure\u00f1o\u201d, indic\u00f3 el rector.<br \/>\nAfirm\u00f3 que el objetivo no es la impunidad, sino buscar la libertad, la democracia y sobre todo una Justicia independiente y transparente, que no sean los pol\u00edticos que hablen a nombre de los administradores de justicia, ni sea el Ejecutivo quien anticipe sentencias de aquellos que est\u00e1n siendo procesados.<br \/>\n\u201cLo que dice la Constituci\u00f3n es la presunci\u00f3n de inocencia, el debido proceso y no la forma en que se est\u00e1 manejando en este momento la justicia. Yo tambi\u00e9n estoy denunciado, creo que tengo cuatro denuncias, ojal\u00e1 de esa manera no me tengan que aprehender y a nadie; que no se administre justicia de esa manera\u201d, sostuvo Cu\u00e9llar que lider\u00f3 una comisi\u00f3n t\u00e9cnica que plante\u00f3 el censo para el 2023.<br \/>\nA\u00f1adi\u00f3 que tampoco pretenden dividir Bolivia, sino una unidad sobre la base del respeto a la democracia en la que prevalezca los principios de la Constituci\u00f3n Pol\u00edtica del Estado (CPE) y las leyes.<br \/>\n\u201cEl pueblo solo tiene su voz, su palabra, y, constitucionalmente est\u00e1 reconocido el derecho a la protesta. por lo tanto, nadie puede impedir a que nosotros o cualquier ciudadano haga escuchar su voz en las calles\u201d, manifest\u00f3. (ANF)<\/p>\n","protected":false},"excerpt":{"rendered":"<p>El rector de la Universidad Aut\u00f3noma Gabriel Ren\u00e9 Moreno de Santa Cruz (Uagrm), Vicente Cu\u00e9llar, afirm\u00f3 que la pacificaci\u00f3n del pa\u00eds est\u00e1 en manos del gobierno de Luis Arce, a prop\u00f3sito de las movilizaciones que exigen el respeto al estado de Derecho, una Justicia independiente y la liberaci\u00f3n del gobernador Luis Fernando Camacho. La autoridad [&hellip;]<\/p>\n","protected":false},"author":1,"featured_media":132086,"comment_status":"closed","ping_status":"closed","sticky":false,"template":"","format":"standard","meta":{"_acf_changed":false,"footnotes":""},"categories":[12],"tags":[],"class_list":["post-132085","post","type-post","status-publish","format-standard","has-post-thumbnail","category-nacional"],"acf":{"antetitulo":""},"yoast_head":"<!-- This site is optimized with the Yoast SEO plugin v28.4 - https:\/\/yoast.com\/product\/yoast-seo-wordpress\/ -->\n<title>\u201cLa pacificaci\u00f3n del pa\u00eds est\u00e1 en manos del Gobierno\u201d - El Diario - Bolivia<\/title>\n<meta name=\"robots\" content=\"index, follow, max-snippet:-1, max-image-preview:large, max-video-preview:-1\" \/>\n<link rel=\"canonical\" href=\"https:\/\/www.eldiario.net\/portal\/2023\/01\/11\/la-pacificacion-del-pais-esta-en-manos-del-gobierno\/\" \/>\n<meta property=\"og:locale\" content=\"es_ES\" \/>\n<meta property=\"og:type\" content=\"article\" \/>\n<meta property=\"og:title\" content=\"\u201cLa pacificaci\u00f3n del pa\u00eds est\u00e1 en manos del Gobierno\u201d - El Diario - Bolivia\" \/>\n<meta property=\"og:description\" content=\"El rector de la Universidad Aut\u00f3noma Gabriel Ren\u00e9 Moreno de Santa Cruz (Uagrm), Vicente Cu\u00e9llar, afirm\u00f3 que la pacificaci\u00f3n del pa\u00eds est\u00e1 en manos del gobierno de Luis Arce, a prop\u00f3sito de las movilizaciones que exigen el respeto al estado de Derecho, una Justicia independiente y la liberaci\u00f3n del gobernador Luis Fernando Camacho. La autoridad [&hellip;]\" \/>\n<meta property=\"og:url\" content=\"https:\/\/www.eldiario.net\/portal\/2023\/01\/11\/la-pacificacion-del-pais-esta-en-manos-del-gobierno\/\" \/>\n<meta property=\"og:site_name\" content=\"El Diario - Bolivia\" \/>\n<meta property=\"article:publisher\" content=\"https:\/\/www.facebook.com\/eldiario.bolivia\/\" \/>\n<meta property=\"article:published_time\" content=\"2023-01-11T08:59:02+00:00\" \/>\n<meta name=\"author\" content=\"Jeanette\" \/>\n<meta name=\"twitter:card\" content=\"summary_large_image\" \/>\n<meta name=\"twitter:creator\" content=\"@eldiario_net\" \/>\n<meta name=\"twitter:site\" content=\"@eldiario_net\" \/>\n<meta name=\"twitter:label1\" content=\"Escrito por\" \/>\n\t<meta name=\"twitter:data1\" content=\"Jeanette\" \/>\n\t<meta name=\"twitter:label2\" content=\"Tiempo de lectura\" \/>\n\t<meta name=\"twitter:data2\" content=\"2 minutos\" \/>\n<script type=\"application\/ld+json\" class=\"yoast-schema-graph\">{\"@context\":\"https:\\\/\\\/schema.org\",\"@graph\":[{\"@type\":\"Article\",\"@id\":\"https:\\\/\\\/www.eldiario.net\\\/portal\\\/2023\\\/01\\\/11\\\/la-pacificacion-del-pais-esta-en-manos-del-gobierno\\\/#article\",\"isPartOf\":{\"@id\":\"https:\\\/\\\/www.eldiario.net\\\/portal\\\/2023\\\/01\\\/11\\\/la-pacificacion-del-pais-esta-en-manos-del-gobierno\\\/\"},\"author\":{\"name\":\"Jeanette\",\"@id\":\"https:\\\/\\\/www.eldiario.net\\\/portal\\\/#\\\/schema\\\/person\\\/2c57cf2b7a7ae032e449e4c9b1019eac\"},\"headline\":\"\u201cLa pacificaci\u00f3n del pa\u00eds est\u00e1 en manos del Gobierno\u201d\",\"datePublished\":\"2023-01-11T08:59:02+00:00\",\"mainEntityOfPage\":{\"@id\":\"https:\\\/\\\/www.eldiario.net\\\/portal\\\/2023\\\/01\\\/11\\\/la-pacificacion-del-pais-esta-en-manos-del-gobierno\\\/\"},\"wordCount\":424,\"publisher\":{\"@id\":\"https:\\\/\\\/www.eldiario.net\\\/portal\\\/#organization\"},\"image\":{\"@id\":\"https:\\\/\\\/www.eldiario.net\\\/portal\\\/2023\\\/01\\\/11\\\/la-pacificacion-del-pais-esta-en-manos-del-gobierno\\\/#primaryimage\"},\"thumbnailUrl\":\"\",\"articleSection\":[\"Nacional\"],\"inLanguage\":\"es\"},{\"@type\":\"WebPage\",\"@id\":\"https:\\\/\\\/www.eldiario.net\\\/portal\\\/2023\\\/01\\\/11\\\/la-pacificacion-del-pais-esta-en-manos-del-gobierno\\\/\",\"url\":\"https:\\\/\\\/www.eldiario.net\\\/portal\\\/2023\\\/01\\\/11\\\/la-pacificacion-del-pais-esta-en-manos-del-gobierno\\\/\",\"name\":\"\u201cLa pacificaci\u00f3n del pa\u00eds est\u00e1 en manos del Gobierno\u201d - El Diario - Bolivia\",\"isPartOf\":{\"@id\":\"https:\\\/\\\/www.eldiario.net\\\/portal\\\/#website\"},\"primaryImageOfPage\":{\"@id\":\"https:\\\/\\\/www.eldiario.net\\\/portal\\\/2023\\\/01\\\/11\\\/la-pacificacion-del-pais-esta-en-manos-del-gobierno\\\/#primaryimage\"},\"image\":{\"@id\":\"https:\\\/\\\/www.eldiario.net\\\/portal\\\/2023\\\/01\\\/11\\\/la-pacificacion-del-pais-esta-en-manos-del-gobierno\\\/#primaryimage\"},\"thumbnailUrl\":\"\",\"datePublished\":\"2023-01-11T08:59:02+00:00\",\"breadcrumb\":{\"@id\":\"https:\\\/\\\/www.eldiario.net\\\/portal\\\/2023\\\/01\\\/11\\\/la-pacificacion-del-pais-esta-en-manos-del-gobierno\\\/#breadcrumb\"},\"inLanguage\":\"es\",\"potentialAction\":[{\"@type\":\"ReadAction\",\"target\":[\"https:\\\/\\\/www.eldiario.net\\\/portal\\\/2023\\\/01\\\/11\\\/la-pacificacion-del-pais-esta-en-manos-del-gobierno\\\/\"]}]},{\"@type\":\"ImageObject\",\"inLanguage\":\"es\",\"@id\":\"https:\\\/\\\/www.eldiario.net\\\/portal\\\/2023\\\/01\\\/11\\\/la-pacificacion-del-pais-esta-en-manos-del-gobierno\\\/#primaryimage\",\"url\":\"\",\"contentUrl\":\"\"},{\"@type\":\"BreadcrumbList\",\"@id\":\"https:\\\/\\\/www.eldiario.net\\\/portal\\\/2023\\\/01\\\/11\\\/la-pacificacion-del-pais-esta-en-manos-del-gobierno\\\/#breadcrumb\",\"itemListElement\":[{\"@type\":\"ListItem\",\"position\":1,\"name\":\"Portada\",\"item\":\"https:\\\/\\\/www.eldiario.net\\\/portal\\\/\"},{\"@type\":\"ListItem\",\"position\":2,\"name\":\"\u201cLa pacificaci\u00f3n del pa\u00eds est\u00e1 en manos del Gobierno\u201d\"}]},{\"@type\":\"WebSite\",\"@id\":\"https:\\\/\\\/www.eldiario.net\\\/portal\\\/#website\",\"url\":\"https:\\\/\\\/www.eldiario.net\\\/portal\\\/\",\"name\":\"El Diario - Decano de la prensa nacional\",\"description\":\"El Diario - Decano de la prensa nacional\",\"publisher\":{\"@id\":\"https:\\\/\\\/www.eldiario.net\\\/portal\\\/#organization\"},\"potentialAction\":[{\"@type\":\"SearchAction\",\"target\":{\"@type\":\"EntryPoint\",\"urlTemplate\":\"https:\\\/\\\/www.eldiario.net\\\/portal\\\/?s={search_term_string}\"},\"query-input\":{\"@type\":\"PropertyValueSpecification\",\"valueRequired\":true,\"valueName\":\"search_term_string\"}}],\"inLanguage\":\"es\"},{\"@type\":\"Organization\",\"@id\":\"https:\\\/\\\/www.eldiario.net\\\/portal\\\/#organization\",\"name\":\"El Diario - Decano de la prensa nacional\",\"url\":\"https:\\\/\\\/www.eldiario.net\\\/portal\\\/\",\"logo\":{\"@type\":\"ImageObject\",\"inLanguage\":\"es\",\"@id\":\"https:\\\/\\\/www.eldiario.net\\\/portal\\\/#\\\/schema\\\/logo\\\/image\\\/\",\"url\":\"https:\\\/\\\/www.eldiario.net\\\/portal\\\/wp-content\\\/uploads\\\/2023\\\/07\\\/logo_ED.jpg\",\"contentUrl\":\"https:\\\/\\\/www.eldiario.net\\\/portal\\\/wp-content\\\/uploads\\\/2023\\\/07\\\/logo_ED.jpg\",\"width\":272,\"height\":52,\"caption\":\"El Diario - Decano de la prensa nacional\"},\"image\":{\"@id\":\"https:\\\/\\\/www.eldiario.net\\\/portal\\\/#\\\/schema\\\/logo\\\/image\\\/\"},\"sameAs\":[\"https:\\\/\\\/www.facebook.com\\\/eldiario.bolivia\\\/\",\"https:\\\/\\\/x.com\\\/eldiario_net\"]},{\"@type\":\"Person\",\"@id\":\"https:\\\/\\\/www.eldiario.net\\\/portal\\\/#\\\/schema\\\/person\\\/2c57cf2b7a7ae032e449e4c9b1019eac\",\"name\":\"Jeanette\",\"image\":{\"@type\":\"ImageObject\",\"inLanguage\":\"es\",\"@id\":\"https:\\\/\\\/secure.gravatar.com\\\/avatar\\\/3ea2118a5f7dad2b7138b1187a6b7ee55f160b9968b66013c3a3ef39dd7e5798?s=96&d=mm&r=g\",\"url\":\"https:\\\/\\\/secure.gravatar.com\\\/avatar\\\/3ea2118a5f7dad2b7138b1187a6b7ee55f160b9968b66013c3a3ef39dd7e5798?s=96&d=mm&r=g\",\"contentUrl\":\"https:\\\/\\\/secure.gravatar.com\\\/avatar\\\/3ea2118a5f7dad2b7138b1187a6b7ee55f160b9968b66013c3a3ef39dd7e5798?s=96&d=mm&r=g\",\"caption\":\"Jeanette\"},\"sameAs\":[\"https:\\\/\\\/www.eldiario.net\\\/portal\"],\"url\":\"https:\\\/\\\/www.eldiario.net\\\/portal\\\/author\\\/jeanette\\\/\"}]}<\/script>\n<!-- \/ Yoast SEO plugin. -->","yoast_head_json":{"title":"\u201cLa pacificaci\u00f3n del pa\u00eds est\u00e1 en manos del Gobierno\u201d - El Diario - Bolivia","robots":{"index":"index","follow":"follow","max-snippet":"max-snippet:-1","max-image-preview":"max-image-preview:large","max-video-preview":"max-video-preview:-1"},"canonical":"https:\/\/www.eldiario.net\/portal\/2023\/01\/11\/la-pacificacion-del-pais-esta-en-manos-del-gobierno\/","og_locale":"es_ES","og_type":"article","og_title":"\u201cLa pacificaci\u00f3n del pa\u00eds est\u00e1 en manos del Gobierno\u201d - El Diario - Bolivia","og_description":"El rector de la Universidad Aut\u00f3noma Gabriel Ren\u00e9 Moreno de Santa Cruz (Uagrm), Vicente Cu\u00e9llar, afirm\u00f3 que la pacificaci\u00f3n del pa\u00eds est\u00e1 en manos del gobierno de Luis Arce, a prop\u00f3sito de las movilizaciones que exigen el respeto al estado de Derecho, una Justicia independiente y la liberaci\u00f3n del gobernador Luis Fernando Camacho. La autoridad [&hellip;]","og_url":"https:\/\/www.eldiario.net\/portal\/2023\/01\/11\/la-pacificacion-del-pais-esta-en-manos-del-gobierno\/","og_site_name":"El Diario - Bolivia","article_publisher":"https:\/\/www.facebook.com\/eldiario.bolivia\/","article_published_time":"2023-01-11T08:59:02+00:00","author":"Jeanette","twitter_card":"summary_large_image","twitter_creator":"@eldiario_net","twitter_site":"@eldiario_net","twitter_misc":{"Escrito por":"Jeanette","Tiempo de lectura":"2 minutos"},"schema":{"@context":"https:\/\/schema.org","@graph":[{"@type":"Article","@id":"https:\/\/www.eldiario.net\/portal\/2023\/01\/11\/la-pacificacion-del-pais-esta-en-manos-del-gobierno\/#article","isPartOf":{"@id":"https:\/\/www.eldiario.net\/portal\/2023\/01\/11\/la-pacificacion-del-pais-esta-en-manos-del-gobierno\/"},"author":{"name":"Jeanette","@id":"https:\/\/www.eldiario.net\/portal\/#\/schema\/person\/2c57cf2b7a7ae032e449e4c9b1019eac"},"headline":"\u201cLa pacificaci\u00f3n del pa\u00eds est\u00e1 en manos del Gobierno\u201d","datePublished":"2023-01-11T08:59:02+00:00","mainEntityOfPage":{"@id":"https:\/\/www.eldiario.net\/portal\/2023\/01\/11\/la-pacificacion-del-pais-esta-en-manos-del-gobierno\/"},"wordCount":424,"publisher":{"@id":"https:\/\/www.eldiario.net\/portal\/#organization"},"image":{"@id":"https:\/\/www.eldiario.net\/portal\/2023\/01\/11\/la-pacificacion-del-pais-esta-en-manos-del-gobierno\/#primaryimage"},"thumbnailUrl":"","articleSection":["Nacional"],"inLanguage":"es"},{"@type":"WebPage","@id":"https:\/\/www.eldiario.net\/portal\/2023\/01\/11\/la-pacificacion-del-pais-esta-en-manos-del-gobierno\/","url":"https:\/\/www.eldiario.net\/portal\/2023\/01\/11\/la-pacificacion-del-pais-esta-en-manos-del-gobierno\/","name":"\u201cLa pacificaci\u00f3n del pa\u00eds est\u00e1 en manos del Gobierno\u201d - El Diario - Bolivia","isPartOf":{"@id":"https:\/\/www.eldiario.net\/portal\/#website"},"primaryImageOfPage":{"@id":"https:\/\/www.eldiario.net\/portal\/2023\/01\/11\/la-pacificacion-del-pais-esta-en-manos-del-gobierno\/#primaryimage"},"image":{"@id":"https:\/\/www.eldiario.net\/portal\/2023\/01\/11\/la-pacificacion-del-pais-esta-en-manos-del-gobierno\/#primaryimage"},"thumbnailUrl":"","datePublished":"2023-01-11T08:59:02+00:00","breadcrumb":{"@id":"https:\/\/www.eldiario.net\/portal\/2023\/01\/11\/la-pacificacion-del-pais-esta-en-manos-del-gobierno\/#breadcrumb"},"inLanguage":"es","potentialAction":[{"@type":"ReadAction","target":["https:\/\/www.eldiario.net\/portal\/2023\/01\/11\/la-pacificacion-del-pais-esta-en-manos-del-gobierno\/"]}]},{"@type":"ImageObject","inLanguage":"es","@id":"https:\/\/www.eldiario.net\/portal\/2023\/01\/11\/la-pacificacion-del-pais-esta-en-manos-del-gobierno\/#primaryimage","url":"","contentUrl":""},{"@type":"BreadcrumbList","@id":"https:\/\/www.eldiario.net\/portal\/2023\/01\/11\/la-pacificacion-del-pais-esta-en-manos-del-gobierno\/#breadcrumb","itemListElement":[{"@type":"ListItem","position":1,"name":"Portada","item":"https:\/\/www.eldiario.net\/portal\/"},{"@type":"ListItem","position":2,"name":"\u201cLa pacificaci\u00f3n del pa\u00eds est\u00e1 en manos del Gobierno\u201d"}]},{"@type":"WebSite","@id":"https:\/\/www.eldiario.net\/portal\/#website","url":"https:\/\/www.eldiario.net\/portal\/","name":"El Diario - Decano de la prensa nacional","description":"El Diario - Decano de la prensa nacional","publisher":{"@id":"https:\/\/www.eldiario.net\/portal\/#organization"},"potentialAction":[{"@type":"SearchAction","target":{"@type":"EntryPoint","urlTemplate":"https:\/\/www.eldiario.net\/portal\/?s={search_term_string}"},"query-input":{"@type":"PropertyValueSpecification","valueRequired":true,"valueName":"search_term_string"}}],"inLanguage":"es"},{"@type":"Organization","@id":"https:\/\/www.eldiario.net\/portal\/#organization","name":"El Diario - Decano de la prensa nacional","url":"https:\/\/www.eldiario.net\/portal\/","logo":{"@type":"ImageObject","inLanguage":"es","@id":"https:\/\/www.eldiario.net\/portal\/#\/schema\/logo\/image\/","url":"https:\/\/www.eldiario.net\/portal\/wp-content\/uploads\/2023\/07\/logo_ED.jpg","contentUrl":"https:\/\/www.eldiario.net\/portal\/wp-content\/uploads\/2023\/07\/logo_ED.jpg","width":272,"height":52,"caption":"El Diario - Decano de la prensa nacional"},"image":{"@id":"https:\/\/www.eldiario.net\/portal\/#\/schema\/logo\/image\/"},"sameAs":["https:\/\/www.facebook.com\/eldiario.bolivia\/","https:\/\/x.com\/eldiario_net"]},{"@type":"Person","@id":"https:\/\/www.eldiario.net\/portal\/#\/schema\/person\/2c57cf2b7a7ae032e449e4c9b1019eac","name":"Jeanette","image":{"@type":"ImageObject","inLanguage":"es","@id":"https:\/\/secure.gravatar.com\/avatar\/3ea2118a5f7dad2b7138b1187a6b7ee55f160b9968b66013c3a3ef39dd7e5798?s=96&d=mm&r=g","url":"https:\/\/secure.gravatar.com\/avatar\/3ea2118a5f7dad2b7138b1187a6b7ee55f160b9968b66013c3a3ef39dd7e5798?s=96&d=mm&r=g","contentUrl":"https:\/\/secure.gravatar.com\/avatar\/3ea2118a5f7dad2b7138b1187a6b7ee55f160b9968b66013c3a3ef39dd7e5798?s=96&d=mm&r=g","caption":"Jeanette"},"sameAs":["https:\/\/www.eldiario.net\/portal"],"url":"https:\/\/www.eldiario.net\/portal\/author\/jeanette\/"}]}},"_links":{"self":[{"href":"https:\/\/www.eldiario.net\/portal\/wp-json\/wp\/v2\/posts\/132085","targetHints":{"allow":["GET"]}}],"collection":[{"href":"https:\/\/www.eldiario.net\/portal\/wp-json\/wp\/v2\/posts"}],"about":[{"href":"https:\/\/www.eldiario.net\/portal\/wp-json\/wp\/v2\/types\/post"}],"author":[{"embeddable":true,"href":"https:\/\/www.eldiario.net\/portal\/wp-json\/wp\/v2\/users\/1"}],"replies":[{"embeddable":true,"href":"https:\/\/www.eldiario.net\/portal\/wp-json\/wp\/v2\/comments?post=132085"}],"version-history":[{"count":0,"href":"https:\/\/www.eldiario.net\/portal\/wp-json\/wp\/v2\/posts\/132085\/revisions"}],"wp:attachment":[{"href":"https:\/\/www.eldiario.net\/portal\/wp-json\/wp\/v2\/media?parent=132085"}],"wp:term":[{"taxonomy":"category","embeddable":true,"href":"https:\/\/www.eldiario.net\/portal\/wp-json\/wp\/v2\/categories?post=132085"},{"taxonomy":"post_tag","embeddable":true,"href":"https:\/\/www.eldiario.net\/portal\/wp-json\/wp\/v2\/tags?post=132085"}],"curies":[{"name":"wp","href":"https:\/\/api.w.org\/{rel}","templated":true}]}}