{"id":132082,"date":"2023-01-11T04:58:02","date_gmt":"2023-01-11T08:58:02","guid":{"rendered":"https:\/\/www.eldiario.net\/portal\/?p=132082"},"modified":"2023-01-11T04:58:02","modified_gmt":"2023-01-11T08:58:02","slug":"unidad-de-gestion-de-riesgo-intensifica-trabajos-de-limpieza","status":"publish","type":"post","link":"https:\/\/www.eldiario.net\/portal\/2023\/01\/11\/unidad-de-gestion-de-riesgo-intensifica-trabajos-de-limpieza\/","title":{"rendered":"Unidad de Gesti\u00f3n de Riesgo intensifica trabajos de limpieza"},"content":{"rendered":"<p>Las brigadas de la Unidad de Gesti\u00f3n de Riesgo (UGR) del municipio intensifican el retiro de lodo, lavado de v\u00edas y limpieza en la zona de la avenida Panamericana.<br \/>\nEl jefe de la UGR, Fernando Rojas, inform\u00f3 que el personal del municipio desde el pasado domingo trabaja en el lugar liberando las v\u00edas y ayudando a los vecinos a sacar agua de sus viviendas.<br \/>\n\u201cSe est\u00e1 realizando la limpieza en general, donde se identific\u00f3 gran arrastre de basura, lo que gener\u00f3 el conflicto de emergencia registrado el pasado domingo en la zona\u201d, dijo Rojas.<br \/>\nEnfatiz\u00f3 que, los trabajadores de la UGR permanecer\u00e1n en la zona hasta culminar con todos los trabajos que necesiten los vecinos. De manera paralela se realiza los trabajos de limpieza y mantenimiento de los pasos a desnivel.<br \/>\nRojas se\u00f1al\u00f3 que las zonas Sur, Norte, los desag\u00fces pluviales del Distrito 3, los canales del sector de la avenida Tadeo Haenke y zonas aleda\u00f1as a los mercados son las m\u00e1s conflictivas cuando llueve.<br \/>\nAsimismo, recomend\u00f3 a la poblaci\u00f3n que no bote basura en v\u00eda p\u00fablica, ya que es el principal factor del colapso de los sistemas de alcantarillado, \u201ccuando llueve y no importa si son solo minutos, ya las calles son anegadas\u201d, sostuvo.<br \/>\nEn casos de emergencias, la poblaci\u00f3n debe llamar al n\u00famero piloto 151 o enviar un mensaje al WhatsApp 61561515; las l\u00edneas est\u00e1n habilitadas las 24 horas. (Cochabamba, agencias).<\/p>\n","protected":false},"excerpt":{"rendered":"<p>Las brigadas de la Unidad de Gesti\u00f3n de Riesgo (UGR) del municipio intensifican el retiro de lodo, lavado de v\u00edas y limpieza en la zona de la avenida Panamericana. El jefe de la UGR, Fernando Rojas, inform\u00f3 que el personal del municipio desde el pasado domingo trabaja en el lugar liberando las v\u00edas y ayudando [&hellip;]<\/p>\n","protected":false},"author":1,"featured_media":132083,"comment_status":"closed","ping_status":"closed","sticky":false,"template":"","format":"standard","meta":{"_acf_changed":false,"footnotes":""},"categories":[12],"tags":[],"class_list":["post-132082","post","type-post","status-publish","format-standard","has-post-thumbnail","category-nacional"],"acf":{"antetitulo":""},"yoast_head":"<!-- This site is optimized with the Yoast SEO plugin v28.4 - https:\/\/yoast.com\/product\/yoast-seo-wordpress\/ -->\n<title>Unidad de Gesti\u00f3n de Riesgo intensifica trabajos de limpieza - El Diario - Bolivia<\/title>\n<meta name=\"robots\" content=\"index, follow, max-snippet:-1, max-image-preview:large, max-video-preview:-1\" \/>\n<link rel=\"canonical\" href=\"https:\/\/www.eldiario.net\/portal\/2023\/01\/11\/unidad-de-gestion-de-riesgo-intensifica-trabajos-de-limpieza\/\" \/>\n<meta property=\"og:locale\" content=\"es_ES\" \/>\n<meta property=\"og:type\" content=\"article\" \/>\n<meta property=\"og:title\" content=\"Unidad de Gesti\u00f3n de Riesgo intensifica trabajos de limpieza - El Diario - Bolivia\" \/>\n<meta property=\"og:description\" content=\"Las brigadas de la Unidad de Gesti\u00f3n de Riesgo (UGR) del municipio intensifican el retiro de lodo, lavado de v\u00edas y limpieza en la zona de la avenida Panamericana. El jefe de la UGR, Fernando Rojas, inform\u00f3 que el personal del municipio desde el pasado domingo trabaja en el lugar liberando las v\u00edas y ayudando [&hellip;]\" \/>\n<meta property=\"og:url\" content=\"https:\/\/www.eldiario.net\/portal\/2023\/01\/11\/unidad-de-gestion-de-riesgo-intensifica-trabajos-de-limpieza\/\" \/>\n<meta property=\"og:site_name\" content=\"El Diario - Bolivia\" \/>\n<meta property=\"article:publisher\" content=\"https:\/\/www.facebook.com\/eldiario.bolivia\/\" \/>\n<meta property=\"article:published_time\" content=\"2023-01-11T08:58:02+00:00\" \/>\n<meta name=\"author\" content=\"Jeanette\" \/>\n<meta name=\"twitter:card\" content=\"summary_large_image\" \/>\n<meta name=\"twitter:creator\" content=\"@eldiario_net\" \/>\n<meta name=\"twitter:site\" content=\"@eldiario_net\" \/>\n<meta name=\"twitter:label1\" content=\"Escrito por\" \/>\n\t<meta name=\"twitter:data1\" content=\"Jeanette\" \/>\n\t<meta name=\"twitter:label2\" content=\"Tiempo de lectura\" \/>\n\t<meta name=\"twitter:data2\" content=\"2 minutos\" \/>\n<script type=\"application\/ld+json\" class=\"yoast-schema-graph\">{\"@context\":\"https:\\\/\\\/schema.org\",\"@graph\":[{\"@type\":\"Article\",\"@id\":\"https:\\\/\\\/www.eldiario.net\\\/portal\\\/2023\\\/01\\\/11\\\/unidad-de-gestion-de-riesgo-intensifica-trabajos-de-limpieza\\\/#article\",\"isPartOf\":{\"@id\":\"https:\\\/\\\/www.eldiario.net\\\/portal\\\/2023\\\/01\\\/11\\\/unidad-de-gestion-de-riesgo-intensifica-trabajos-de-limpieza\\\/\"},\"author\":{\"name\":\"Jeanette\",\"@id\":\"https:\\\/\\\/www.eldiario.net\\\/portal\\\/#\\\/schema\\\/person\\\/2c57cf2b7a7ae032e449e4c9b1019eac\"},\"headline\":\"Unidad de Gesti\u00f3n de Riesgo intensifica trabajos de limpieza\",\"datePublished\":\"2023-01-11T08:58:02+00:00\",\"mainEntityOfPage\":{\"@id\":\"https:\\\/\\\/www.eldiario.net\\\/portal\\\/2023\\\/01\\\/11\\\/unidad-de-gestion-de-riesgo-intensifica-trabajos-de-limpieza\\\/\"},\"wordCount\":254,\"publisher\":{\"@id\":\"https:\\\/\\\/www.eldiario.net\\\/portal\\\/#organization\"},\"image\":{\"@id\":\"https:\\\/\\\/www.eldiario.net\\\/portal\\\/2023\\\/01\\\/11\\\/unidad-de-gestion-de-riesgo-intensifica-trabajos-de-limpieza\\\/#primaryimage\"},\"thumbnailUrl\":\"\",\"articleSection\":[\"Nacional\"],\"inLanguage\":\"es\"},{\"@type\":\"WebPage\",\"@id\":\"https:\\\/\\\/www.eldiario.net\\\/portal\\\/2023\\\/01\\\/11\\\/unidad-de-gestion-de-riesgo-intensifica-trabajos-de-limpieza\\\/\",\"url\":\"https:\\\/\\\/www.eldiario.net\\\/portal\\\/2023\\\/01\\\/11\\\/unidad-de-gestion-de-riesgo-intensifica-trabajos-de-limpieza\\\/\",\"name\":\"Unidad de Gesti\u00f3n de Riesgo intensifica trabajos de limpieza - El Diario - Bolivia\",\"isPartOf\":{\"@id\":\"https:\\\/\\\/www.eldiario.net\\\/portal\\\/#website\"},\"primaryImageOfPage\":{\"@id\":\"https:\\\/\\\/www.eldiario.net\\\/portal\\\/2023\\\/01\\\/11\\\/unidad-de-gestion-de-riesgo-intensifica-trabajos-de-limpieza\\\/#primaryimage\"},\"image\":{\"@id\":\"https:\\\/\\\/www.eldiario.net\\\/portal\\\/2023\\\/01\\\/11\\\/unidad-de-gestion-de-riesgo-intensifica-trabajos-de-limpieza\\\/#primaryimage\"},\"thumbnailUrl\":\"\",\"datePublished\":\"2023-01-11T08:58:02+00:00\",\"breadcrumb\":{\"@id\":\"https:\\\/\\\/www.eldiario.net\\\/portal\\\/2023\\\/01\\\/11\\\/unidad-de-gestion-de-riesgo-intensifica-trabajos-de-limpieza\\\/#breadcrumb\"},\"inLanguage\":\"es\",\"potentialAction\":[{\"@type\":\"ReadAction\",\"target\":[\"https:\\\/\\\/www.eldiario.net\\\/portal\\\/2023\\\/01\\\/11\\\/unidad-de-gestion-de-riesgo-intensifica-trabajos-de-limpieza\\\/\"]}]},{\"@type\":\"ImageObject\",\"inLanguage\":\"es\",\"@id\":\"https:\\\/\\\/www.eldiario.net\\\/portal\\\/2023\\\/01\\\/11\\\/unidad-de-gestion-de-riesgo-intensifica-trabajos-de-limpieza\\\/#primaryimage\",\"url\":\"\",\"contentUrl\":\"\"},{\"@type\":\"BreadcrumbList\",\"@id\":\"https:\\\/\\\/www.eldiario.net\\\/portal\\\/2023\\\/01\\\/11\\\/unidad-de-gestion-de-riesgo-intensifica-trabajos-de-limpieza\\\/#breadcrumb\",\"itemListElement\":[{\"@type\":\"ListItem\",\"position\":1,\"name\":\"Portada\",\"item\":\"https:\\\/\\\/www.eldiario.net\\\/portal\\\/\"},{\"@type\":\"ListItem\",\"position\":2,\"name\":\"Unidad de Gesti\u00f3n de Riesgo intensifica trabajos de limpieza\"}]},{\"@type\":\"WebSite\",\"@id\":\"https:\\\/\\\/www.eldiario.net\\\/portal\\\/#website\",\"url\":\"https:\\\/\\\/www.eldiario.net\\\/portal\\\/\",\"name\":\"El Diario - Decano de la prensa nacional\",\"description\":\"El Diario - Decano de la prensa nacional\",\"publisher\":{\"@id\":\"https:\\\/\\\/www.eldiario.net\\\/portal\\\/#organization\"},\"potentialAction\":[{\"@type\":\"SearchAction\",\"target\":{\"@type\":\"EntryPoint\",\"urlTemplate\":\"https:\\\/\\\/www.eldiario.net\\\/portal\\\/?s={search_term_string}\"},\"query-input\":{\"@type\":\"PropertyValueSpecification\",\"valueRequired\":true,\"valueName\":\"search_term_string\"}}],\"inLanguage\":\"es\"},{\"@type\":\"Organization\",\"@id\":\"https:\\\/\\\/www.eldiario.net\\\/portal\\\/#organization\",\"name\":\"El Diario - Decano de la prensa nacional\",\"url\":\"https:\\\/\\\/www.eldiario.net\\\/portal\\\/\",\"logo\":{\"@type\":\"ImageObject\",\"inLanguage\":\"es\",\"@id\":\"https:\\\/\\\/www.eldiario.net\\\/portal\\\/#\\\/schema\\\/logo\\\/image\\\/\",\"url\":\"https:\\\/\\\/www.eldiario.net\\\/portal\\\/wp-content\\\/uploads\\\/2023\\\/07\\\/logo_ED.jpg\",\"contentUrl\":\"https:\\\/\\\/www.eldiario.net\\\/portal\\\/wp-content\\\/uploads\\\/2023\\\/07\\\/logo_ED.jpg\",\"width\":272,\"height\":52,\"caption\":\"El Diario - Decano de la prensa nacional\"},\"image\":{\"@id\":\"https:\\\/\\\/www.eldiario.net\\\/portal\\\/#\\\/schema\\\/logo\\\/image\\\/\"},\"sameAs\":[\"https:\\\/\\\/www.facebook.com\\\/eldiario.bolivia\\\/\",\"https:\\\/\\\/x.com\\\/eldiario_net\"]},{\"@type\":\"Person\",\"@id\":\"https:\\\/\\\/www.eldiario.net\\\/portal\\\/#\\\/schema\\\/person\\\/2c57cf2b7a7ae032e449e4c9b1019eac\",\"name\":\"Jeanette\",\"image\":{\"@type\":\"ImageObject\",\"inLanguage\":\"es\",\"@id\":\"https:\\\/\\\/secure.gravatar.com\\\/avatar\\\/3ea2118a5f7dad2b7138b1187a6b7ee55f160b9968b66013c3a3ef39dd7e5798?s=96&d=mm&r=g\",\"url\":\"https:\\\/\\\/secure.gravatar.com\\\/avatar\\\/3ea2118a5f7dad2b7138b1187a6b7ee55f160b9968b66013c3a3ef39dd7e5798?s=96&d=mm&r=g\",\"contentUrl\":\"https:\\\/\\\/secure.gravatar.com\\\/avatar\\\/3ea2118a5f7dad2b7138b1187a6b7ee55f160b9968b66013c3a3ef39dd7e5798?s=96&d=mm&r=g\",\"caption\":\"Jeanette\"},\"sameAs\":[\"https:\\\/\\\/www.eldiario.net\\\/portal\"],\"url\":\"https:\\\/\\\/www.eldiario.net\\\/portal\\\/author\\\/jeanette\\\/\"}]}<\/script>\n<!-- \/ Yoast SEO plugin. -->","yoast_head_json":{"title":"Unidad de Gesti\u00f3n de Riesgo intensifica trabajos de limpieza - El Diario - Bolivia","robots":{"index":"index","follow":"follow","max-snippet":"max-snippet:-1","max-image-preview":"max-image-preview:large","max-video-preview":"max-video-preview:-1"},"canonical":"https:\/\/www.eldiario.net\/portal\/2023\/01\/11\/unidad-de-gestion-de-riesgo-intensifica-trabajos-de-limpieza\/","og_locale":"es_ES","og_type":"article","og_title":"Unidad de Gesti\u00f3n de Riesgo intensifica trabajos de limpieza - El Diario - Bolivia","og_description":"Las brigadas de la Unidad de Gesti\u00f3n de Riesgo (UGR) del municipio intensifican el retiro de lodo, lavado de v\u00edas y limpieza en la zona de la avenida Panamericana. El jefe de la UGR, Fernando Rojas, inform\u00f3 que el personal del municipio desde el pasado domingo trabaja en el lugar liberando las v\u00edas y ayudando [&hellip;]","og_url":"https:\/\/www.eldiario.net\/portal\/2023\/01\/11\/unidad-de-gestion-de-riesgo-intensifica-trabajos-de-limpieza\/","og_site_name":"El Diario - Bolivia","article_publisher":"https:\/\/www.facebook.com\/eldiario.bolivia\/","article_published_time":"2023-01-11T08:58:02+00:00","author":"Jeanette","twitter_card":"summary_large_image","twitter_creator":"@eldiario_net","twitter_site":"@eldiario_net","twitter_misc":{"Escrito por":"Jeanette","Tiempo de lectura":"2 minutos"},"schema":{"@context":"https:\/\/schema.org","@graph":[{"@type":"Article","@id":"https:\/\/www.eldiario.net\/portal\/2023\/01\/11\/unidad-de-gestion-de-riesgo-intensifica-trabajos-de-limpieza\/#article","isPartOf":{"@id":"https:\/\/www.eldiario.net\/portal\/2023\/01\/11\/unidad-de-gestion-de-riesgo-intensifica-trabajos-de-limpieza\/"},"author":{"name":"Jeanette","@id":"https:\/\/www.eldiario.net\/portal\/#\/schema\/person\/2c57cf2b7a7ae032e449e4c9b1019eac"},"headline":"Unidad de Gesti\u00f3n de Riesgo intensifica trabajos de limpieza","datePublished":"2023-01-11T08:58:02+00:00","mainEntityOfPage":{"@id":"https:\/\/www.eldiario.net\/portal\/2023\/01\/11\/unidad-de-gestion-de-riesgo-intensifica-trabajos-de-limpieza\/"},"wordCount":254,"publisher":{"@id":"https:\/\/www.eldiario.net\/portal\/#organization"},"image":{"@id":"https:\/\/www.eldiario.net\/portal\/2023\/01\/11\/unidad-de-gestion-de-riesgo-intensifica-trabajos-de-limpieza\/#primaryimage"},"thumbnailUrl":"","articleSection":["Nacional"],"inLanguage":"es"},{"@type":"WebPage","@id":"https:\/\/www.eldiario.net\/portal\/2023\/01\/11\/unidad-de-gestion-de-riesgo-intensifica-trabajos-de-limpieza\/","url":"https:\/\/www.eldiario.net\/portal\/2023\/01\/11\/unidad-de-gestion-de-riesgo-intensifica-trabajos-de-limpieza\/","name":"Unidad de Gesti\u00f3n de Riesgo intensifica trabajos de limpieza - El Diario - Bolivia","isPartOf":{"@id":"https:\/\/www.eldiario.net\/portal\/#website"},"primaryImageOfPage":{"@id":"https:\/\/www.eldiario.net\/portal\/2023\/01\/11\/unidad-de-gestion-de-riesgo-intensifica-trabajos-de-limpieza\/#primaryimage"},"image":{"@id":"https:\/\/www.eldiario.net\/portal\/2023\/01\/11\/unidad-de-gestion-de-riesgo-intensifica-trabajos-de-limpieza\/#primaryimage"},"thumbnailUrl":"","datePublished":"2023-01-11T08:58:02+00:00","breadcrumb":{"@id":"https:\/\/www.eldiario.net\/portal\/2023\/01\/11\/unidad-de-gestion-de-riesgo-intensifica-trabajos-de-limpieza\/#breadcrumb"},"inLanguage":"es","potentialAction":[{"@type":"ReadAction","target":["https:\/\/www.eldiario.net\/portal\/2023\/01\/11\/unidad-de-gestion-de-riesgo-intensifica-trabajos-de-limpieza\/"]}]},{"@type":"ImageObject","inLanguage":"es","@id":"https:\/\/www.eldiario.net\/portal\/2023\/01\/11\/unidad-de-gestion-de-riesgo-intensifica-trabajos-de-limpieza\/#primaryimage","url":"","contentUrl":""},{"@type":"BreadcrumbList","@id":"https:\/\/www.eldiario.net\/portal\/2023\/01\/11\/unidad-de-gestion-de-riesgo-intensifica-trabajos-de-limpieza\/#breadcrumb","itemListElement":[{"@type":"ListItem","position":1,"name":"Portada","item":"https:\/\/www.eldiario.net\/portal\/"},{"@type":"ListItem","position":2,"name":"Unidad de Gesti\u00f3n de Riesgo intensifica trabajos de limpieza"}]},{"@type":"WebSite","@id":"https:\/\/www.eldiario.net\/portal\/#website","url":"https:\/\/www.eldiario.net\/portal\/","name":"El Diario - Decano de la prensa nacional","description":"El Diario - Decano de la prensa nacional","publisher":{"@id":"https:\/\/www.eldiario.net\/portal\/#organization"},"potentialAction":[{"@type":"SearchAction","target":{"@type":"EntryPoint","urlTemplate":"https:\/\/www.eldiario.net\/portal\/?s={search_term_string}"},"query-input":{"@type":"PropertyValueSpecification","valueRequired":true,"valueName":"search_term_string"}}],"inLanguage":"es"},{"@type":"Organization","@id":"https:\/\/www.eldiario.net\/portal\/#organization","name":"El Diario - Decano de la prensa nacional","url":"https:\/\/www.eldiario.net\/portal\/","logo":{"@type":"ImageObject","inLanguage":"es","@id":"https:\/\/www.eldiario.net\/portal\/#\/schema\/logo\/image\/","url":"https:\/\/www.eldiario.net\/portal\/wp-content\/uploads\/2023\/07\/logo_ED.jpg","contentUrl":"https:\/\/www.eldiario.net\/portal\/wp-content\/uploads\/2023\/07\/logo_ED.jpg","width":272,"height":52,"caption":"El Diario - Decano de la prensa nacional"},"image":{"@id":"https:\/\/www.eldiario.net\/portal\/#\/schema\/logo\/image\/"},"sameAs":["https:\/\/www.facebook.com\/eldiario.bolivia\/","https:\/\/x.com\/eldiario_net"]},{"@type":"Person","@id":"https:\/\/www.eldiario.net\/portal\/#\/schema\/person\/2c57cf2b7a7ae032e449e4c9b1019eac","name":"Jeanette","image":{"@type":"ImageObject","inLanguage":"es","@id":"https:\/\/secure.gravatar.com\/avatar\/3ea2118a5f7dad2b7138b1187a6b7ee55f160b9968b66013c3a3ef39dd7e5798?s=96&d=mm&r=g","url":"https:\/\/secure.gravatar.com\/avatar\/3ea2118a5f7dad2b7138b1187a6b7ee55f160b9968b66013c3a3ef39dd7e5798?s=96&d=mm&r=g","contentUrl":"https:\/\/secure.gravatar.com\/avatar\/3ea2118a5f7dad2b7138b1187a6b7ee55f160b9968b66013c3a3ef39dd7e5798?s=96&d=mm&r=g","caption":"Jeanette"},"sameAs":["https:\/\/www.eldiario.net\/portal"],"url":"https:\/\/www.eldiario.net\/portal\/author\/jeanette\/"}]}},"_links":{"self":[{"href":"https:\/\/www.eldiario.net\/portal\/wp-json\/wp\/v2\/posts\/132082","targetHints":{"allow":["GET"]}}],"collection":[{"href":"https:\/\/www.eldiario.net\/portal\/wp-json\/wp\/v2\/posts"}],"about":[{"href":"https:\/\/www.eldiario.net\/portal\/wp-json\/wp\/v2\/types\/post"}],"author":[{"embeddable":true,"href":"https:\/\/www.eldiario.net\/portal\/wp-json\/wp\/v2\/users\/1"}],"replies":[{"embeddable":true,"href":"https:\/\/www.eldiario.net\/portal\/wp-json\/wp\/v2\/comments?post=132082"}],"version-history":[{"count":0,"href":"https:\/\/www.eldiario.net\/portal\/wp-json\/wp\/v2\/posts\/132082\/revisions"}],"wp:attachment":[{"href":"https:\/\/www.eldiario.net\/portal\/wp-json\/wp\/v2\/media?parent=132082"}],"wp:term":[{"taxonomy":"category","embeddable":true,"href":"https:\/\/www.eldiario.net\/portal\/wp-json\/wp\/v2\/categories?post=132082"},{"taxonomy":"post_tag","embeddable":true,"href":"https:\/\/www.eldiario.net\/portal\/wp-json\/wp\/v2\/tags?post=132082"}],"curies":[{"name":"wp","href":"https:\/\/api.w.org\/{rel}","templated":true}]}}