{"id":132078,"date":"2023-01-11T04:56:08","date_gmt":"2023-01-11T08:56:08","guid":{"rendered":"https:\/\/www.eldiario.net\/portal\/?p=132078"},"modified":"2023-01-11T04:56:08","modified_gmt":"2023-01-11T08:56:08","slug":"bm-estima-crecimiento-de-bolivia-a-31-para-2023","status":"publish","type":"post","link":"https:\/\/www.eldiario.net\/portal\/2023\/01\/11\/bm-estima-crecimiento-de-bolivia-a-31-para-2023\/","title":{"rendered":"BM estima crecimiento de  Bolivia a 3,1% para 2023"},"content":{"rendered":"<p>De acuerdo a las nuevas proyecciones del Banco Mundial (BM), Bolivia tendr\u00eda una cifra de crecimiento de 3,3% en 2022 y para esta gesti\u00f3n, 2023, sube de 2,9% a 3,1%, para el 2024 baja a 2,7%. El crecimiento mundial se est\u00e1 desacelerando marcadamente debido a la elevada inflaci\u00f3n, el aumento de las tasas de inter\u00e9s, la reducci\u00f3n de las inversiones y las perturbaciones causadas por la invasi\u00f3n de Rusia a Ucrania, se\u00f1ala la entidad internacional.<br \/>\nEl organismo internacional estima que la regi\u00f3n de Am\u00e9rica Latina y el Caribe habr\u00eda crecido un 3,6 % en 2022. La fuerte expansi\u00f3n de la primera mitad del a\u00f1o estuvo impulsada principalmente por el consumo, respaldado por la recuperaci\u00f3n de los mercados laborales. Sin embargo, la actividad se debilit\u00f3 a fines del a\u00f1o pasado a medida que comenzaron a sentirse la desaceleraci\u00f3n del crecimiento mundial y la restricci\u00f3n de las condiciones financieras.<br \/>\nLas autoridades nacionales fijaron un crecimiento de 5,1% para el 2022, pero a ra\u00edz de los problemas internos y externos que experiment\u00f3 la econom\u00eda nacional, adelantaron que esperan que la cifra llegue a 4%.<br \/>\nEntretanto, los organismos internacionales se\u00f1alaron una cifra menor, bajaron los pron\u00f3sticos para la presente gesti\u00f3n, as\u00ed como para el 2024, pero el Banco Mundial modifica su proyecci\u00f3n y sube el porcentaje.<br \/>\nUna de las dificultades que marc\u00f3 el 2022 a todas las econom\u00edas desarrolladas y a las emergentes, fue la inflaci\u00f3n, que afect\u00f3 a las familias vulnerables por la escalada de incremento de los precios de carburantes y alimentos.<br \/>\nBolivia mantuvo una tasa baja por la inyecci\u00f3n de alrededor de 1.500 millones de d\u00f3lares en la subvenci\u00f3n a combustibles y alimentos, para la presente gesti\u00f3n sube el presupuesto para la compra de carburantes.<br \/>\nEl organismo internacional se\u00f1ala que la inflaci\u00f3n aument\u00f3 de manera significativa en 2022 y en muchos pa\u00edses alcanz\u00f3 el valor m\u00e1ximo en varias d\u00e9cadas; las presiones sobre los precios se extendieron a una amplia gama de bienes y servicios. Los precios de los alimentos aumentaron con especial rapidez.<br \/>\nLa inflaci\u00f3n general parece haber alcanzado su punto m\u00e1ximo a mediados de a\u00f1o en la mayor\u00eda de los pa\u00edses, pero sigue siendo muy superior a las metas de los bancos centrales. En consecuencia, durante el a\u00f1o pasado, estos continuaron elevando las tasas de pol\u00edtica, que llegaron a los dos d\u00edgitos en las econom\u00edas m\u00e1s grandes de la regi\u00f3n.<br \/>\nAm\u00e9rica Latina<br \/>\nSe espera que el crecimiento de Am\u00e9rica Latina y el Caribe se desacelere marcadamente hasta el 1,3 % en 2023, para recuperarse un poco, al 2,4 %, en 2024. Esta desaceleraci\u00f3n refleja tanto los esfuerzos de las autoridades monetarias por controlar la inflaci\u00f3n como los efectos secundarios de un panorama mundial poco auspicioso.<br \/>\nSe prev\u00e9 que con el crecimiento algo lento de Estados Unidos y China se reduzca la demanda de exportaciones, mientras que el aumento de las tasas de inter\u00e9s estadounidenses probablemente implique que las condiciones financieras seguir\u00e1n siendo restrictivas. Dada la fr\u00e1gil situaci\u00f3n econ\u00f3mica, cualquier nuevo acontecimiento adverso \u2014como una inflaci\u00f3n m\u00e1s alta que la prevista, aumentos abruptos de las tasas de inter\u00e9s para contenerla, el resurgimiento de la pandemia de covid\u201119 o la intensificaci\u00f3n de las tensiones geopol\u00edticas\u2014 podr\u00eda empujar a la econom\u00eda mundial a la recesi\u00f3n. Ser\u00eda la primera vez en m\u00e1s de 80\u00a0a\u00f1os que se producen dos recesiones mundiales en la misma d\u00e9cada, se\u00f1ala la nota del Banco Mundial.<br \/>\nSe vaticina que la econom\u00eda mundial crecer\u00e1 un 1,7\u00a0% en 2023 y un 2,7\u00a0% en 2024. La fuerte desaceleraci\u00f3n del crecimiento ser\u00e1 generalizada: los pron\u00f3sticos se corregir\u00e1n a la baja para el 95\u00a0% de las econom\u00edas avanzadas y para casi el 70\u00a0% de los mercados emergentes y las econom\u00edas en desarrollo (MEED).<br \/>\nDurante los pr\u00f3ximos dos a\u00f1os, el ingreso per c\u00e1pita de los MEED se ubicar\u00e1, en promedio, en el 2,8\u00a0%, un punto porcentual inferior al promedio registrado en el per\u00edodo\u00a02010-19.<br \/>\n\u201cLa crisis que enfrenta el desarrollo se est\u00e1 intensificando a medida que las perspectivas de crecimiento mundial se deterioran\u201d, declar\u00f3 el presidente del Grupo Banco Mundial, David Malpass.<br \/>\n\u201cLos pa\u00edses emergentes y en desarrollo se enfrentan a un per\u00edodo de varios a\u00f1os de crecimiento lento impulsado por una pesada carga de la deuda y escasas inversiones; al mismo tiempo, el capital mundial es absorbido por las econom\u00edas avanzadas que enfrentan niveles de deuda p\u00fablica extremadamente altos y tasas de inter\u00e9s crecientes. El bajo nivel de crecimiento y de inversi\u00f3n empresarial agravar\u00e1 los retrocesos en materia de educaci\u00f3n, salud, pobreza e infraestructura, que ya son devastadores, as\u00ed como las crecientes demandas derivadas del cambio clim\u00e1tico\u201d, agreg\u00f3.<br \/>\nFinalmente, se pronostica que el crecimiento de las econom\u00edas avanzadas se desacelerar\u00e1 del 2,5\u00a0% en 2022 al 0,5\u00a0% en 2023. En las \u00faltimas dos d\u00e9cadas, las desaceleraciones de esta magnitud han sido la antesala de una recesi\u00f3n mundial. En Estados Unidos, el crecimiento caer\u00e1 al 0,5 % en 2023, 1,9\u00a0puntos porcentuales por debajo de los pron\u00f3sticos anteriores y el desempe\u00f1o m\u00e1s deficiente fuera de las recesiones oficiales desde 1970. En 2023, se espera la zona del euro no registre crecimiento, lo que representa una revisi\u00f3n a la baja de 1,9\u00a0puntos porcentuales. China crecer\u00e1 un 4,3\u00a0%, es decir, 0,9\u00a0puntos porcentuales por debajo de los pron\u00f3sticos anteriores.<\/p>\n<p><a href=\"https:\/\/www.eldiario.net\/portal\/wp-content\/uploads\/2023\/01\/creci.jpg\"><img loading=\"lazy\" decoding=\"async\" class=\"aligncenter size-full wp-image-132079\" src=\"https:\/\/www.eldiario.net\/portal\/wp-content\/uploads\/2023\/01\/creci.jpg\" alt=\"\" width=\"624\" height=\"334\" \/><\/a><\/p>\n","protected":false},"excerpt":{"rendered":"<p>De acuerdo a las nuevas proyecciones del Banco Mundial (BM), Bolivia tendr\u00eda una cifra de crecimiento de 3,3% en 2022 y para esta gesti\u00f3n, 2023, sube de 2,9% a 3,1%, para el 2024 baja a 2,7%. El crecimiento mundial se est\u00e1 desacelerando marcadamente debido a la elevada inflaci\u00f3n, el aumento de las tasas de inter\u00e9s, [&hellip;]<\/p>\n","protected":false},"author":1,"featured_media":132079,"comment_status":"closed","ping_status":"closed","sticky":false,"template":"","format":"standard","meta":{"_acf_changed":false,"footnotes":""},"categories":[7],"tags":[],"class_list":["post-132078","post","type-post","status-publish","format-standard","has-post-thumbnail","category-economia"],"acf":{"antetitulo":""},"yoast_head":"<!-- This site is optimized with the Yoast SEO plugin v28.4 - https:\/\/yoast.com\/product\/yoast-seo-wordpress\/ -->\n<title>BM estima crecimiento de Bolivia a 3,1% para 2023 - El Diario - Bolivia<\/title>\n<meta name=\"robots\" content=\"index, follow, max-snippet:-1, max-image-preview:large, max-video-preview:-1\" \/>\n<link rel=\"canonical\" href=\"https:\/\/www.eldiario.net\/portal\/2023\/01\/11\/bm-estima-crecimiento-de-bolivia-a-31-para-2023\/\" \/>\n<meta property=\"og:locale\" content=\"es_ES\" \/>\n<meta property=\"og:type\" content=\"article\" \/>\n<meta property=\"og:title\" content=\"BM estima crecimiento de Bolivia a 3,1% para 2023 - El Diario - Bolivia\" \/>\n<meta property=\"og:description\" content=\"De acuerdo a las nuevas proyecciones del Banco Mundial (BM), Bolivia tendr\u00eda una cifra de crecimiento de 3,3% en 2022 y para esta gesti\u00f3n, 2023, sube de 2,9% a 3,1%, para el 2024 baja a 2,7%. El crecimiento mundial se est\u00e1 desacelerando marcadamente debido a la elevada inflaci\u00f3n, el aumento de las tasas de inter\u00e9s, [&hellip;]\" \/>\n<meta property=\"og:url\" content=\"https:\/\/www.eldiario.net\/portal\/2023\/01\/11\/bm-estima-crecimiento-de-bolivia-a-31-para-2023\/\" \/>\n<meta property=\"og:site_name\" content=\"El Diario - Bolivia\" \/>\n<meta property=\"article:publisher\" content=\"https:\/\/www.facebook.com\/eldiario.bolivia\/\" \/>\n<meta property=\"article:published_time\" content=\"2023-01-11T08:56:08+00:00\" \/>\n<meta name=\"author\" content=\"Jeanette\" \/>\n<meta name=\"twitter:card\" content=\"summary_large_image\" \/>\n<meta name=\"twitter:creator\" content=\"@eldiario_net\" \/>\n<meta name=\"twitter:site\" content=\"@eldiario_net\" \/>\n<meta name=\"twitter:label1\" content=\"Escrito por\" \/>\n\t<meta name=\"twitter:data1\" content=\"Jeanette\" \/>\n\t<meta name=\"twitter:label2\" content=\"Tiempo de lectura\" \/>\n\t<meta name=\"twitter:data2\" content=\"5 minutos\" \/>\n<script type=\"application\/ld+json\" class=\"yoast-schema-graph\">{\"@context\":\"https:\\\/\\\/schema.org\",\"@graph\":[{\"@type\":\"Article\",\"@id\":\"https:\\\/\\\/www.eldiario.net\\\/portal\\\/2023\\\/01\\\/11\\\/bm-estima-crecimiento-de-bolivia-a-31-para-2023\\\/#article\",\"isPartOf\":{\"@id\":\"https:\\\/\\\/www.eldiario.net\\\/portal\\\/2023\\\/01\\\/11\\\/bm-estima-crecimiento-de-bolivia-a-31-para-2023\\\/\"},\"author\":{\"name\":\"Jeanette\",\"@id\":\"https:\\\/\\\/www.eldiario.net\\\/portal\\\/#\\\/schema\\\/person\\\/2c57cf2b7a7ae032e449e4c9b1019eac\"},\"headline\":\"BM estima crecimiento de Bolivia a 3,1% para 2023\",\"datePublished\":\"2023-01-11T08:56:08+00:00\",\"mainEntityOfPage\":{\"@id\":\"https:\\\/\\\/www.eldiario.net\\\/portal\\\/2023\\\/01\\\/11\\\/bm-estima-crecimiento-de-bolivia-a-31-para-2023\\\/\"},\"wordCount\":918,\"publisher\":{\"@id\":\"https:\\\/\\\/www.eldiario.net\\\/portal\\\/#organization\"},\"image\":{\"@id\":\"https:\\\/\\\/www.eldiario.net\\\/portal\\\/2023\\\/01\\\/11\\\/bm-estima-crecimiento-de-bolivia-a-31-para-2023\\\/#primaryimage\"},\"thumbnailUrl\":\"\",\"articleSection\":[\"Econom\u00eda\"],\"inLanguage\":\"es\"},{\"@type\":\"WebPage\",\"@id\":\"https:\\\/\\\/www.eldiario.net\\\/portal\\\/2023\\\/01\\\/11\\\/bm-estima-crecimiento-de-bolivia-a-31-para-2023\\\/\",\"url\":\"https:\\\/\\\/www.eldiario.net\\\/portal\\\/2023\\\/01\\\/11\\\/bm-estima-crecimiento-de-bolivia-a-31-para-2023\\\/\",\"name\":\"BM estima crecimiento de Bolivia a 3,1% para 2023 - El Diario - Bolivia\",\"isPartOf\":{\"@id\":\"https:\\\/\\\/www.eldiario.net\\\/portal\\\/#website\"},\"primaryImageOfPage\":{\"@id\":\"https:\\\/\\\/www.eldiario.net\\\/portal\\\/2023\\\/01\\\/11\\\/bm-estima-crecimiento-de-bolivia-a-31-para-2023\\\/#primaryimage\"},\"image\":{\"@id\":\"https:\\\/\\\/www.eldiario.net\\\/portal\\\/2023\\\/01\\\/11\\\/bm-estima-crecimiento-de-bolivia-a-31-para-2023\\\/#primaryimage\"},\"thumbnailUrl\":\"\",\"datePublished\":\"2023-01-11T08:56:08+00:00\",\"breadcrumb\":{\"@id\":\"https:\\\/\\\/www.eldiario.net\\\/portal\\\/2023\\\/01\\\/11\\\/bm-estima-crecimiento-de-bolivia-a-31-para-2023\\\/#breadcrumb\"},\"inLanguage\":\"es\",\"potentialAction\":[{\"@type\":\"ReadAction\",\"target\":[\"https:\\\/\\\/www.eldiario.net\\\/portal\\\/2023\\\/01\\\/11\\\/bm-estima-crecimiento-de-bolivia-a-31-para-2023\\\/\"]}]},{\"@type\":\"ImageObject\",\"inLanguage\":\"es\",\"@id\":\"https:\\\/\\\/www.eldiario.net\\\/portal\\\/2023\\\/01\\\/11\\\/bm-estima-crecimiento-de-bolivia-a-31-para-2023\\\/#primaryimage\",\"url\":\"\",\"contentUrl\":\"\"},{\"@type\":\"BreadcrumbList\",\"@id\":\"https:\\\/\\\/www.eldiario.net\\\/portal\\\/2023\\\/01\\\/11\\\/bm-estima-crecimiento-de-bolivia-a-31-para-2023\\\/#breadcrumb\",\"itemListElement\":[{\"@type\":\"ListItem\",\"position\":1,\"name\":\"Portada\",\"item\":\"https:\\\/\\\/www.eldiario.net\\\/portal\\\/\"},{\"@type\":\"ListItem\",\"position\":2,\"name\":\"BM estima crecimiento de Bolivia a 3,1% para 2023\"}]},{\"@type\":\"WebSite\",\"@id\":\"https:\\\/\\\/www.eldiario.net\\\/portal\\\/#website\",\"url\":\"https:\\\/\\\/www.eldiario.net\\\/portal\\\/\",\"name\":\"El Diario - Decano de la prensa nacional\",\"description\":\"El Diario - Decano de la prensa nacional\",\"publisher\":{\"@id\":\"https:\\\/\\\/www.eldiario.net\\\/portal\\\/#organization\"},\"potentialAction\":[{\"@type\":\"SearchAction\",\"target\":{\"@type\":\"EntryPoint\",\"urlTemplate\":\"https:\\\/\\\/www.eldiario.net\\\/portal\\\/?s={search_term_string}\"},\"query-input\":{\"@type\":\"PropertyValueSpecification\",\"valueRequired\":true,\"valueName\":\"search_term_string\"}}],\"inLanguage\":\"es\"},{\"@type\":\"Organization\",\"@id\":\"https:\\\/\\\/www.eldiario.net\\\/portal\\\/#organization\",\"name\":\"El Diario - Decano de la prensa nacional\",\"url\":\"https:\\\/\\\/www.eldiario.net\\\/portal\\\/\",\"logo\":{\"@type\":\"ImageObject\",\"inLanguage\":\"es\",\"@id\":\"https:\\\/\\\/www.eldiario.net\\\/portal\\\/#\\\/schema\\\/logo\\\/image\\\/\",\"url\":\"https:\\\/\\\/www.eldiario.net\\\/portal\\\/wp-content\\\/uploads\\\/2023\\\/07\\\/logo_ED.jpg\",\"contentUrl\":\"https:\\\/\\\/www.eldiario.net\\\/portal\\\/wp-content\\\/uploads\\\/2023\\\/07\\\/logo_ED.jpg\",\"width\":272,\"height\":52,\"caption\":\"El Diario - Decano de la prensa nacional\"},\"image\":{\"@id\":\"https:\\\/\\\/www.eldiario.net\\\/portal\\\/#\\\/schema\\\/logo\\\/image\\\/\"},\"sameAs\":[\"https:\\\/\\\/www.facebook.com\\\/eldiario.bolivia\\\/\",\"https:\\\/\\\/x.com\\\/eldiario_net\"]},{\"@type\":\"Person\",\"@id\":\"https:\\\/\\\/www.eldiario.net\\\/portal\\\/#\\\/schema\\\/person\\\/2c57cf2b7a7ae032e449e4c9b1019eac\",\"name\":\"Jeanette\",\"image\":{\"@type\":\"ImageObject\",\"inLanguage\":\"es\",\"@id\":\"https:\\\/\\\/secure.gravatar.com\\\/avatar\\\/3ea2118a5f7dad2b7138b1187a6b7ee55f160b9968b66013c3a3ef39dd7e5798?s=96&d=mm&r=g\",\"url\":\"https:\\\/\\\/secure.gravatar.com\\\/avatar\\\/3ea2118a5f7dad2b7138b1187a6b7ee55f160b9968b66013c3a3ef39dd7e5798?s=96&d=mm&r=g\",\"contentUrl\":\"https:\\\/\\\/secure.gravatar.com\\\/avatar\\\/3ea2118a5f7dad2b7138b1187a6b7ee55f160b9968b66013c3a3ef39dd7e5798?s=96&d=mm&r=g\",\"caption\":\"Jeanette\"},\"sameAs\":[\"https:\\\/\\\/www.eldiario.net\\\/portal\"],\"url\":\"https:\\\/\\\/www.eldiario.net\\\/portal\\\/author\\\/jeanette\\\/\"}]}<\/script>\n<!-- \/ Yoast SEO plugin. -->","yoast_head_json":{"title":"BM estima crecimiento de Bolivia a 3,1% para 2023 - El Diario - Bolivia","robots":{"index":"index","follow":"follow","max-snippet":"max-snippet:-1","max-image-preview":"max-image-preview:large","max-video-preview":"max-video-preview:-1"},"canonical":"https:\/\/www.eldiario.net\/portal\/2023\/01\/11\/bm-estima-crecimiento-de-bolivia-a-31-para-2023\/","og_locale":"es_ES","og_type":"article","og_title":"BM estima crecimiento de Bolivia a 3,1% para 2023 - El Diario - Bolivia","og_description":"De acuerdo a las nuevas proyecciones del Banco Mundial (BM), Bolivia tendr\u00eda una cifra de crecimiento de 3,3% en 2022 y para esta gesti\u00f3n, 2023, sube de 2,9% a 3,1%, para el 2024 baja a 2,7%. El crecimiento mundial se est\u00e1 desacelerando marcadamente debido a la elevada inflaci\u00f3n, el aumento de las tasas de inter\u00e9s, [&hellip;]","og_url":"https:\/\/www.eldiario.net\/portal\/2023\/01\/11\/bm-estima-crecimiento-de-bolivia-a-31-para-2023\/","og_site_name":"El Diario - Bolivia","article_publisher":"https:\/\/www.facebook.com\/eldiario.bolivia\/","article_published_time":"2023-01-11T08:56:08+00:00","author":"Jeanette","twitter_card":"summary_large_image","twitter_creator":"@eldiario_net","twitter_site":"@eldiario_net","twitter_misc":{"Escrito por":"Jeanette","Tiempo de lectura":"5 minutos"},"schema":{"@context":"https:\/\/schema.org","@graph":[{"@type":"Article","@id":"https:\/\/www.eldiario.net\/portal\/2023\/01\/11\/bm-estima-crecimiento-de-bolivia-a-31-para-2023\/#article","isPartOf":{"@id":"https:\/\/www.eldiario.net\/portal\/2023\/01\/11\/bm-estima-crecimiento-de-bolivia-a-31-para-2023\/"},"author":{"name":"Jeanette","@id":"https:\/\/www.eldiario.net\/portal\/#\/schema\/person\/2c57cf2b7a7ae032e449e4c9b1019eac"},"headline":"BM estima crecimiento de Bolivia a 3,1% para 2023","datePublished":"2023-01-11T08:56:08+00:00","mainEntityOfPage":{"@id":"https:\/\/www.eldiario.net\/portal\/2023\/01\/11\/bm-estima-crecimiento-de-bolivia-a-31-para-2023\/"},"wordCount":918,"publisher":{"@id":"https:\/\/www.eldiario.net\/portal\/#organization"},"image":{"@id":"https:\/\/www.eldiario.net\/portal\/2023\/01\/11\/bm-estima-crecimiento-de-bolivia-a-31-para-2023\/#primaryimage"},"thumbnailUrl":"","articleSection":["Econom\u00eda"],"inLanguage":"es"},{"@type":"WebPage","@id":"https:\/\/www.eldiario.net\/portal\/2023\/01\/11\/bm-estima-crecimiento-de-bolivia-a-31-para-2023\/","url":"https:\/\/www.eldiario.net\/portal\/2023\/01\/11\/bm-estima-crecimiento-de-bolivia-a-31-para-2023\/","name":"BM estima crecimiento de Bolivia a 3,1% para 2023 - El Diario - Bolivia","isPartOf":{"@id":"https:\/\/www.eldiario.net\/portal\/#website"},"primaryImageOfPage":{"@id":"https:\/\/www.eldiario.net\/portal\/2023\/01\/11\/bm-estima-crecimiento-de-bolivia-a-31-para-2023\/#primaryimage"},"image":{"@id":"https:\/\/www.eldiario.net\/portal\/2023\/01\/11\/bm-estima-crecimiento-de-bolivia-a-31-para-2023\/#primaryimage"},"thumbnailUrl":"","datePublished":"2023-01-11T08:56:08+00:00","breadcrumb":{"@id":"https:\/\/www.eldiario.net\/portal\/2023\/01\/11\/bm-estima-crecimiento-de-bolivia-a-31-para-2023\/#breadcrumb"},"inLanguage":"es","potentialAction":[{"@type":"ReadAction","target":["https:\/\/www.eldiario.net\/portal\/2023\/01\/11\/bm-estima-crecimiento-de-bolivia-a-31-para-2023\/"]}]},{"@type":"ImageObject","inLanguage":"es","@id":"https:\/\/www.eldiario.net\/portal\/2023\/01\/11\/bm-estima-crecimiento-de-bolivia-a-31-para-2023\/#primaryimage","url":"","contentUrl":""},{"@type":"BreadcrumbList","@id":"https:\/\/www.eldiario.net\/portal\/2023\/01\/11\/bm-estima-crecimiento-de-bolivia-a-31-para-2023\/#breadcrumb","itemListElement":[{"@type":"ListItem","position":1,"name":"Portada","item":"https:\/\/www.eldiario.net\/portal\/"},{"@type":"ListItem","position":2,"name":"BM estima crecimiento de Bolivia a 3,1% para 2023"}]},{"@type":"WebSite","@id":"https:\/\/www.eldiario.net\/portal\/#website","url":"https:\/\/www.eldiario.net\/portal\/","name":"El Diario - Decano de la prensa nacional","description":"El Diario - Decano de la prensa nacional","publisher":{"@id":"https:\/\/www.eldiario.net\/portal\/#organization"},"potentialAction":[{"@type":"SearchAction","target":{"@type":"EntryPoint","urlTemplate":"https:\/\/www.eldiario.net\/portal\/?s={search_term_string}"},"query-input":{"@type":"PropertyValueSpecification","valueRequired":true,"valueName":"search_term_string"}}],"inLanguage":"es"},{"@type":"Organization","@id":"https:\/\/www.eldiario.net\/portal\/#organization","name":"El Diario - Decano de la prensa nacional","url":"https:\/\/www.eldiario.net\/portal\/","logo":{"@type":"ImageObject","inLanguage":"es","@id":"https:\/\/www.eldiario.net\/portal\/#\/schema\/logo\/image\/","url":"https:\/\/www.eldiario.net\/portal\/wp-content\/uploads\/2023\/07\/logo_ED.jpg","contentUrl":"https:\/\/www.eldiario.net\/portal\/wp-content\/uploads\/2023\/07\/logo_ED.jpg","width":272,"height":52,"caption":"El Diario - Decano de la prensa nacional"},"image":{"@id":"https:\/\/www.eldiario.net\/portal\/#\/schema\/logo\/image\/"},"sameAs":["https:\/\/www.facebook.com\/eldiario.bolivia\/","https:\/\/x.com\/eldiario_net"]},{"@type":"Person","@id":"https:\/\/www.eldiario.net\/portal\/#\/schema\/person\/2c57cf2b7a7ae032e449e4c9b1019eac","name":"Jeanette","image":{"@type":"ImageObject","inLanguage":"es","@id":"https:\/\/secure.gravatar.com\/avatar\/3ea2118a5f7dad2b7138b1187a6b7ee55f160b9968b66013c3a3ef39dd7e5798?s=96&d=mm&r=g","url":"https:\/\/secure.gravatar.com\/avatar\/3ea2118a5f7dad2b7138b1187a6b7ee55f160b9968b66013c3a3ef39dd7e5798?s=96&d=mm&r=g","contentUrl":"https:\/\/secure.gravatar.com\/avatar\/3ea2118a5f7dad2b7138b1187a6b7ee55f160b9968b66013c3a3ef39dd7e5798?s=96&d=mm&r=g","caption":"Jeanette"},"sameAs":["https:\/\/www.eldiario.net\/portal"],"url":"https:\/\/www.eldiario.net\/portal\/author\/jeanette\/"}]}},"_links":{"self":[{"href":"https:\/\/www.eldiario.net\/portal\/wp-json\/wp\/v2\/posts\/132078","targetHints":{"allow":["GET"]}}],"collection":[{"href":"https:\/\/www.eldiario.net\/portal\/wp-json\/wp\/v2\/posts"}],"about":[{"href":"https:\/\/www.eldiario.net\/portal\/wp-json\/wp\/v2\/types\/post"}],"author":[{"embeddable":true,"href":"https:\/\/www.eldiario.net\/portal\/wp-json\/wp\/v2\/users\/1"}],"replies":[{"embeddable":true,"href":"https:\/\/www.eldiario.net\/portal\/wp-json\/wp\/v2\/comments?post=132078"}],"version-history":[{"count":0,"href":"https:\/\/www.eldiario.net\/portal\/wp-json\/wp\/v2\/posts\/132078\/revisions"}],"wp:attachment":[{"href":"https:\/\/www.eldiario.net\/portal\/wp-json\/wp\/v2\/media?parent=132078"}],"wp:term":[{"taxonomy":"category","embeddable":true,"href":"https:\/\/www.eldiario.net\/portal\/wp-json\/wp\/v2\/categories?post=132078"},{"taxonomy":"post_tag","embeddable":true,"href":"https:\/\/www.eldiario.net\/portal\/wp-json\/wp\/v2\/tags?post=132078"}],"curies":[{"name":"wp","href":"https:\/\/api.w.org\/{rel}","templated":true}]}}