{"id":13166,"date":"2021-06-27T06:19:19","date_gmt":"2021-06-27T10:19:19","guid":{"rendered":"https:\/\/www.eldiario.net\/portal\/?p=13166"},"modified":"2021-06-27T06:19:19","modified_gmt":"2021-06-27T10:19:19","slug":"discurso-de-choquehuanca-sobre-chiquitania-fomenta-el-odio","status":"publish","type":"post","link":"https:\/\/www.eldiario.net\/portal\/2021\/06\/27\/discurso-de-choquehuanca-sobre-chiquitania-fomenta-el-odio\/","title":{"rendered":"Discurso de Choquehuanca sobre  Chiquitania fomenta el odio"},"content":{"rendered":"<p>La diputada por Comunidad Ciudadana (CC) Luisa Nayar reproch\u00f3 las declaraciones del vicepresidente del Estado, David Choquehuanca C\u00e9spedes, y dijo que se contin\u00faa apelando al odio entre bolivianos para justificar avasallamientos y el incendio de tierras.<br \/>\nMediante su cuenta de Twitter, la parlamentaria de oposici\u00f3n conden\u00f3 que desde el Gobierno se contin\u00fae pregonando discursos de odio que ya han provocado divisi\u00f3n entre ciudadanos.<br \/>\n\u201cEl discurso de David Choquehuanca hoy en nuestra Chiquitania es preocupante, contin\u00faa incentivando el odio entre los bolivianos. No podemos permitir que con argumentos de odio sigan avasallando e incendiando nuestras tierras\u201d, manifest\u00f3 Nayar en redes sociales.<br \/>\nAl respecto, el gobernador del departamento de Santa Cruz, Fernando Camacho, sostuvo que las bases del Movimiento al Socialismo se organizan para defender las tierras de los avasallamientos en el oriente del pa\u00eds.<br \/>\nDenunci\u00f3 que los denominados interculturales, afines al Gobierno, est\u00e1n en posesi\u00f3n de alrededor de 24 millones de hect\u00e1reas de tierras en esta regi\u00f3n del pa\u00eds, lo que representa casi el doble de los terrenos ocupados por el sector privado.<br \/>\n\u201cReaccionando a esto, hoy el vicepresidente Choquehuanca se junta con sus bases masistas para crear una comisi\u00f3n de defensa de los avasallamientos. Hay una realidad que no se puede ocultar: los interculturales y campesinos afines al MAS son due\u00f1os de 24 millones de hect\u00e1reas mientras que el sector empresarial posee solo 13 millones de hect\u00e1reas\u201d, indic\u00f3 la autoridad.<br \/>\nSostuvo que existen normas plenamente vigentes que se\u00f1alan la ruta para dotar de tierras fiscales y de esta forma evitar los avasallamientos que generan destrucci\u00f3n de ecosistemas y atentan contra la biodiversidad de las regiones afectadas.<br \/>\n\u201cHay normas y leyes muy claras para la dotaci\u00f3n de tierras fiscales, hay que seguir esa ruta legal. Los avasallamientos en su mayor\u00eda generan mayores problemas ambientales y destrucci\u00f3n de la biodiversidad\u201d, dijo.<br \/>\nEstos cuestionamientos se generan tras las declaraciones de Choquehuanca durante un encuentro con sectores campesinos en el oriente del pa\u00eds, se\u00f1al\u00f3 que \u201cno es posible que las tierras las agarren unos cuantos\u201d, enfatizando que la distribuci\u00f3n de tierras debe ser m\u00e1s justa y para ello se trabajar\u00e1 en la elaboraci\u00f3n de una Ley Agraria.<\/p>\n<figure id=\"attachment_13168\" aria-describedby=\"caption-attachment-13168\" style=\"width: 300px\" class=\"wp-caption aligncenter\"><a href=\"https:\/\/www.eldiario.net\/portal\/wp-content\/uploads\/2021\/06\/Pol-261.jpg\"><img loading=\"lazy\" decoding=\"async\" class=\"wp-image-13168 size-medium\" src=\"https:\/\/www.eldiario.net\/portal\/wp-content\/uploads\/2021\/06\/Pol-261-300x222.jpg\" alt=\"\" width=\"300\" height=\"222\" \/><\/a><figcaption id=\"caption-attachment-13168\" class=\"wp-caption-text\">Presidente en ejercicio. David Choquehuanca.<\/figcaption><\/figure>\n","protected":false},"excerpt":{"rendered":"<p>La diputada por Comunidad Ciudadana (CC) Luisa Nayar reproch\u00f3 las declaraciones del vicepresidente del Estado, David Choquehuanca C\u00e9spedes, y dijo que se contin\u00faa apelando al odio entre bolivianos para justificar avasallamientos y el incendio de tierras. Mediante su cuenta de Twitter, la parlamentaria de oposici\u00f3n conden\u00f3 que desde el Gobierno se contin\u00fae pregonando discursos de [&hellip;]<\/p>\n","protected":false},"author":1,"featured_media":13167,"comment_status":"closed","ping_status":"closed","sticky":false,"template":"","format":"standard","meta":{"_acf_changed":false,"footnotes":""},"categories":[14],"tags":[],"class_list":["post-13166","post","type-post","status-publish","format-standard","has-post-thumbnail","category-politica"],"acf":{"antetitulo":""},"yoast_head":"<!-- This site is optimized with the Yoast SEO plugin v28.4 - https:\/\/yoast.com\/product\/yoast-seo-wordpress\/ -->\n<title>Discurso de Choquehuanca sobre Chiquitania fomenta el odio - El Diario - Bolivia<\/title>\n<meta name=\"robots\" content=\"index, follow, max-snippet:-1, max-image-preview:large, max-video-preview:-1\" \/>\n<link rel=\"canonical\" href=\"https:\/\/www.eldiario.net\/portal\/2021\/06\/27\/discurso-de-choquehuanca-sobre-chiquitania-fomenta-el-odio\/\" \/>\n<meta property=\"og:locale\" content=\"es_ES\" \/>\n<meta property=\"og:type\" content=\"article\" \/>\n<meta property=\"og:title\" content=\"Discurso de Choquehuanca sobre Chiquitania fomenta el odio - El Diario - Bolivia\" \/>\n<meta property=\"og:description\" content=\"La diputada por Comunidad Ciudadana (CC) Luisa Nayar reproch\u00f3 las declaraciones del vicepresidente del Estado, David Choquehuanca C\u00e9spedes, y dijo que se contin\u00faa apelando al odio entre bolivianos para justificar avasallamientos y el incendio de tierras. Mediante su cuenta de Twitter, la parlamentaria de oposici\u00f3n conden\u00f3 que desde el Gobierno se contin\u00fae pregonando discursos de [&hellip;]\" \/>\n<meta property=\"og:url\" content=\"https:\/\/www.eldiario.net\/portal\/2021\/06\/27\/discurso-de-choquehuanca-sobre-chiquitania-fomenta-el-odio\/\" \/>\n<meta property=\"og:site_name\" content=\"El Diario - Bolivia\" \/>\n<meta property=\"article:publisher\" content=\"https:\/\/www.facebook.com\/eldiario.bolivia\/\" \/>\n<meta property=\"article:published_time\" content=\"2021-06-27T10:19:19+00:00\" \/>\n<meta name=\"author\" content=\"Jeanette\" \/>\n<meta name=\"twitter:card\" content=\"summary_large_image\" \/>\n<meta name=\"twitter:creator\" content=\"@eldiario_net\" \/>\n<meta name=\"twitter:site\" content=\"@eldiario_net\" \/>\n<meta name=\"twitter:label1\" content=\"Escrito por\" \/>\n\t<meta name=\"twitter:data1\" content=\"Jeanette\" \/>\n\t<meta name=\"twitter:label2\" content=\"Tiempo de lectura\" \/>\n\t<meta name=\"twitter:data2\" content=\"2 minutos\" \/>\n<script type=\"application\/ld+json\" class=\"yoast-schema-graph\">{\"@context\":\"https:\\\/\\\/schema.org\",\"@graph\":[{\"@type\":\"Article\",\"@id\":\"https:\\\/\\\/www.eldiario.net\\\/portal\\\/2021\\\/06\\\/27\\\/discurso-de-choquehuanca-sobre-chiquitania-fomenta-el-odio\\\/#article\",\"isPartOf\":{\"@id\":\"https:\\\/\\\/www.eldiario.net\\\/portal\\\/2021\\\/06\\\/27\\\/discurso-de-choquehuanca-sobre-chiquitania-fomenta-el-odio\\\/\"},\"author\":{\"name\":\"Jeanette\",\"@id\":\"https:\\\/\\\/www.eldiario.net\\\/portal\\\/#\\\/schema\\\/person\\\/2c57cf2b7a7ae032e449e4c9b1019eac\"},\"headline\":\"Discurso de Choquehuanca sobre Chiquitania fomenta el odio\",\"datePublished\":\"2021-06-27T10:19:19+00:00\",\"mainEntityOfPage\":{\"@id\":\"https:\\\/\\\/www.eldiario.net\\\/portal\\\/2021\\\/06\\\/27\\\/discurso-de-choquehuanca-sobre-chiquitania-fomenta-el-odio\\\/\"},\"wordCount\":396,\"publisher\":{\"@id\":\"https:\\\/\\\/www.eldiario.net\\\/portal\\\/#organization\"},\"image\":{\"@id\":\"https:\\\/\\\/www.eldiario.net\\\/portal\\\/2021\\\/06\\\/27\\\/discurso-de-choquehuanca-sobre-chiquitania-fomenta-el-odio\\\/#primaryimage\"},\"thumbnailUrl\":\"\",\"articleSection\":[\"Pol\u00edtica\"],\"inLanguage\":\"es\"},{\"@type\":\"WebPage\",\"@id\":\"https:\\\/\\\/www.eldiario.net\\\/portal\\\/2021\\\/06\\\/27\\\/discurso-de-choquehuanca-sobre-chiquitania-fomenta-el-odio\\\/\",\"url\":\"https:\\\/\\\/www.eldiario.net\\\/portal\\\/2021\\\/06\\\/27\\\/discurso-de-choquehuanca-sobre-chiquitania-fomenta-el-odio\\\/\",\"name\":\"Discurso de Choquehuanca sobre Chiquitania fomenta el odio - El Diario - Bolivia\",\"isPartOf\":{\"@id\":\"https:\\\/\\\/www.eldiario.net\\\/portal\\\/#website\"},\"primaryImageOfPage\":{\"@id\":\"https:\\\/\\\/www.eldiario.net\\\/portal\\\/2021\\\/06\\\/27\\\/discurso-de-choquehuanca-sobre-chiquitania-fomenta-el-odio\\\/#primaryimage\"},\"image\":{\"@id\":\"https:\\\/\\\/www.eldiario.net\\\/portal\\\/2021\\\/06\\\/27\\\/discurso-de-choquehuanca-sobre-chiquitania-fomenta-el-odio\\\/#primaryimage\"},\"thumbnailUrl\":\"\",\"datePublished\":\"2021-06-27T10:19:19+00:00\",\"breadcrumb\":{\"@id\":\"https:\\\/\\\/www.eldiario.net\\\/portal\\\/2021\\\/06\\\/27\\\/discurso-de-choquehuanca-sobre-chiquitania-fomenta-el-odio\\\/#breadcrumb\"},\"inLanguage\":\"es\",\"potentialAction\":[{\"@type\":\"ReadAction\",\"target\":[\"https:\\\/\\\/www.eldiario.net\\\/portal\\\/2021\\\/06\\\/27\\\/discurso-de-choquehuanca-sobre-chiquitania-fomenta-el-odio\\\/\"]}]},{\"@type\":\"ImageObject\",\"inLanguage\":\"es\",\"@id\":\"https:\\\/\\\/www.eldiario.net\\\/portal\\\/2021\\\/06\\\/27\\\/discurso-de-choquehuanca-sobre-chiquitania-fomenta-el-odio\\\/#primaryimage\",\"url\":\"\",\"contentUrl\":\"\"},{\"@type\":\"BreadcrumbList\",\"@id\":\"https:\\\/\\\/www.eldiario.net\\\/portal\\\/2021\\\/06\\\/27\\\/discurso-de-choquehuanca-sobre-chiquitania-fomenta-el-odio\\\/#breadcrumb\",\"itemListElement\":[{\"@type\":\"ListItem\",\"position\":1,\"name\":\"Portada\",\"item\":\"https:\\\/\\\/www.eldiario.net\\\/portal\\\/\"},{\"@type\":\"ListItem\",\"position\":2,\"name\":\"Discurso de Choquehuanca sobre Chiquitania fomenta el odio\"}]},{\"@type\":\"WebSite\",\"@id\":\"https:\\\/\\\/www.eldiario.net\\\/portal\\\/#website\",\"url\":\"https:\\\/\\\/www.eldiario.net\\\/portal\\\/\",\"name\":\"El Diario - Decano de la prensa nacional\",\"description\":\"El Diario - Decano de la prensa nacional\",\"publisher\":{\"@id\":\"https:\\\/\\\/www.eldiario.net\\\/portal\\\/#organization\"},\"potentialAction\":[{\"@type\":\"SearchAction\",\"target\":{\"@type\":\"EntryPoint\",\"urlTemplate\":\"https:\\\/\\\/www.eldiario.net\\\/portal\\\/?s={search_term_string}\"},\"query-input\":{\"@type\":\"PropertyValueSpecification\",\"valueRequired\":true,\"valueName\":\"search_term_string\"}}],\"inLanguage\":\"es\"},{\"@type\":\"Organization\",\"@id\":\"https:\\\/\\\/www.eldiario.net\\\/portal\\\/#organization\",\"name\":\"El Diario - Decano de la prensa nacional\",\"url\":\"https:\\\/\\\/www.eldiario.net\\\/portal\\\/\",\"logo\":{\"@type\":\"ImageObject\",\"inLanguage\":\"es\",\"@id\":\"https:\\\/\\\/www.eldiario.net\\\/portal\\\/#\\\/schema\\\/logo\\\/image\\\/\",\"url\":\"https:\\\/\\\/www.eldiario.net\\\/portal\\\/wp-content\\\/uploads\\\/2023\\\/07\\\/logo_ED.jpg\",\"contentUrl\":\"https:\\\/\\\/www.eldiario.net\\\/portal\\\/wp-content\\\/uploads\\\/2023\\\/07\\\/logo_ED.jpg\",\"width\":272,\"height\":52,\"caption\":\"El Diario - Decano de la prensa nacional\"},\"image\":{\"@id\":\"https:\\\/\\\/www.eldiario.net\\\/portal\\\/#\\\/schema\\\/logo\\\/image\\\/\"},\"sameAs\":[\"https:\\\/\\\/www.facebook.com\\\/eldiario.bolivia\\\/\",\"https:\\\/\\\/x.com\\\/eldiario_net\"]},{\"@type\":\"Person\",\"@id\":\"https:\\\/\\\/www.eldiario.net\\\/portal\\\/#\\\/schema\\\/person\\\/2c57cf2b7a7ae032e449e4c9b1019eac\",\"name\":\"Jeanette\",\"image\":{\"@type\":\"ImageObject\",\"inLanguage\":\"es\",\"@id\":\"https:\\\/\\\/secure.gravatar.com\\\/avatar\\\/3ea2118a5f7dad2b7138b1187a6b7ee55f160b9968b66013c3a3ef39dd7e5798?s=96&d=mm&r=g\",\"url\":\"https:\\\/\\\/secure.gravatar.com\\\/avatar\\\/3ea2118a5f7dad2b7138b1187a6b7ee55f160b9968b66013c3a3ef39dd7e5798?s=96&d=mm&r=g\",\"contentUrl\":\"https:\\\/\\\/secure.gravatar.com\\\/avatar\\\/3ea2118a5f7dad2b7138b1187a6b7ee55f160b9968b66013c3a3ef39dd7e5798?s=96&d=mm&r=g\",\"caption\":\"Jeanette\"},\"sameAs\":[\"https:\\\/\\\/www.eldiario.net\\\/portal\"],\"url\":\"https:\\\/\\\/www.eldiario.net\\\/portal\\\/author\\\/jeanette\\\/\"}]}<\/script>\n<!-- \/ Yoast SEO plugin. -->","yoast_head_json":{"title":"Discurso de Choquehuanca sobre Chiquitania fomenta el odio - El Diario - Bolivia","robots":{"index":"index","follow":"follow","max-snippet":"max-snippet:-1","max-image-preview":"max-image-preview:large","max-video-preview":"max-video-preview:-1"},"canonical":"https:\/\/www.eldiario.net\/portal\/2021\/06\/27\/discurso-de-choquehuanca-sobre-chiquitania-fomenta-el-odio\/","og_locale":"es_ES","og_type":"article","og_title":"Discurso de Choquehuanca sobre Chiquitania fomenta el odio - El Diario - Bolivia","og_description":"La diputada por Comunidad Ciudadana (CC) Luisa Nayar reproch\u00f3 las declaraciones del vicepresidente del Estado, David Choquehuanca C\u00e9spedes, y dijo que se contin\u00faa apelando al odio entre bolivianos para justificar avasallamientos y el incendio de tierras. Mediante su cuenta de Twitter, la parlamentaria de oposici\u00f3n conden\u00f3 que desde el Gobierno se contin\u00fae pregonando discursos de [&hellip;]","og_url":"https:\/\/www.eldiario.net\/portal\/2021\/06\/27\/discurso-de-choquehuanca-sobre-chiquitania-fomenta-el-odio\/","og_site_name":"El Diario - Bolivia","article_publisher":"https:\/\/www.facebook.com\/eldiario.bolivia\/","article_published_time":"2021-06-27T10:19:19+00:00","author":"Jeanette","twitter_card":"summary_large_image","twitter_creator":"@eldiario_net","twitter_site":"@eldiario_net","twitter_misc":{"Escrito por":"Jeanette","Tiempo de lectura":"2 minutos"},"schema":{"@context":"https:\/\/schema.org","@graph":[{"@type":"Article","@id":"https:\/\/www.eldiario.net\/portal\/2021\/06\/27\/discurso-de-choquehuanca-sobre-chiquitania-fomenta-el-odio\/#article","isPartOf":{"@id":"https:\/\/www.eldiario.net\/portal\/2021\/06\/27\/discurso-de-choquehuanca-sobre-chiquitania-fomenta-el-odio\/"},"author":{"name":"Jeanette","@id":"https:\/\/www.eldiario.net\/portal\/#\/schema\/person\/2c57cf2b7a7ae032e449e4c9b1019eac"},"headline":"Discurso de Choquehuanca sobre Chiquitania fomenta el odio","datePublished":"2021-06-27T10:19:19+00:00","mainEntityOfPage":{"@id":"https:\/\/www.eldiario.net\/portal\/2021\/06\/27\/discurso-de-choquehuanca-sobre-chiquitania-fomenta-el-odio\/"},"wordCount":396,"publisher":{"@id":"https:\/\/www.eldiario.net\/portal\/#organization"},"image":{"@id":"https:\/\/www.eldiario.net\/portal\/2021\/06\/27\/discurso-de-choquehuanca-sobre-chiquitania-fomenta-el-odio\/#primaryimage"},"thumbnailUrl":"","articleSection":["Pol\u00edtica"],"inLanguage":"es"},{"@type":"WebPage","@id":"https:\/\/www.eldiario.net\/portal\/2021\/06\/27\/discurso-de-choquehuanca-sobre-chiquitania-fomenta-el-odio\/","url":"https:\/\/www.eldiario.net\/portal\/2021\/06\/27\/discurso-de-choquehuanca-sobre-chiquitania-fomenta-el-odio\/","name":"Discurso de Choquehuanca sobre Chiquitania fomenta el odio - El Diario - Bolivia","isPartOf":{"@id":"https:\/\/www.eldiario.net\/portal\/#website"},"primaryImageOfPage":{"@id":"https:\/\/www.eldiario.net\/portal\/2021\/06\/27\/discurso-de-choquehuanca-sobre-chiquitania-fomenta-el-odio\/#primaryimage"},"image":{"@id":"https:\/\/www.eldiario.net\/portal\/2021\/06\/27\/discurso-de-choquehuanca-sobre-chiquitania-fomenta-el-odio\/#primaryimage"},"thumbnailUrl":"","datePublished":"2021-06-27T10:19:19+00:00","breadcrumb":{"@id":"https:\/\/www.eldiario.net\/portal\/2021\/06\/27\/discurso-de-choquehuanca-sobre-chiquitania-fomenta-el-odio\/#breadcrumb"},"inLanguage":"es","potentialAction":[{"@type":"ReadAction","target":["https:\/\/www.eldiario.net\/portal\/2021\/06\/27\/discurso-de-choquehuanca-sobre-chiquitania-fomenta-el-odio\/"]}]},{"@type":"ImageObject","inLanguage":"es","@id":"https:\/\/www.eldiario.net\/portal\/2021\/06\/27\/discurso-de-choquehuanca-sobre-chiquitania-fomenta-el-odio\/#primaryimage","url":"","contentUrl":""},{"@type":"BreadcrumbList","@id":"https:\/\/www.eldiario.net\/portal\/2021\/06\/27\/discurso-de-choquehuanca-sobre-chiquitania-fomenta-el-odio\/#breadcrumb","itemListElement":[{"@type":"ListItem","position":1,"name":"Portada","item":"https:\/\/www.eldiario.net\/portal\/"},{"@type":"ListItem","position":2,"name":"Discurso de Choquehuanca sobre Chiquitania fomenta el odio"}]},{"@type":"WebSite","@id":"https:\/\/www.eldiario.net\/portal\/#website","url":"https:\/\/www.eldiario.net\/portal\/","name":"El Diario - Decano de la prensa nacional","description":"El Diario - Decano de la prensa nacional","publisher":{"@id":"https:\/\/www.eldiario.net\/portal\/#organization"},"potentialAction":[{"@type":"SearchAction","target":{"@type":"EntryPoint","urlTemplate":"https:\/\/www.eldiario.net\/portal\/?s={search_term_string}"},"query-input":{"@type":"PropertyValueSpecification","valueRequired":true,"valueName":"search_term_string"}}],"inLanguage":"es"},{"@type":"Organization","@id":"https:\/\/www.eldiario.net\/portal\/#organization","name":"El Diario - Decano de la prensa nacional","url":"https:\/\/www.eldiario.net\/portal\/","logo":{"@type":"ImageObject","inLanguage":"es","@id":"https:\/\/www.eldiario.net\/portal\/#\/schema\/logo\/image\/","url":"https:\/\/www.eldiario.net\/portal\/wp-content\/uploads\/2023\/07\/logo_ED.jpg","contentUrl":"https:\/\/www.eldiario.net\/portal\/wp-content\/uploads\/2023\/07\/logo_ED.jpg","width":272,"height":52,"caption":"El Diario - Decano de la prensa nacional"},"image":{"@id":"https:\/\/www.eldiario.net\/portal\/#\/schema\/logo\/image\/"},"sameAs":["https:\/\/www.facebook.com\/eldiario.bolivia\/","https:\/\/x.com\/eldiario_net"]},{"@type":"Person","@id":"https:\/\/www.eldiario.net\/portal\/#\/schema\/person\/2c57cf2b7a7ae032e449e4c9b1019eac","name":"Jeanette","image":{"@type":"ImageObject","inLanguage":"es","@id":"https:\/\/secure.gravatar.com\/avatar\/3ea2118a5f7dad2b7138b1187a6b7ee55f160b9968b66013c3a3ef39dd7e5798?s=96&d=mm&r=g","url":"https:\/\/secure.gravatar.com\/avatar\/3ea2118a5f7dad2b7138b1187a6b7ee55f160b9968b66013c3a3ef39dd7e5798?s=96&d=mm&r=g","contentUrl":"https:\/\/secure.gravatar.com\/avatar\/3ea2118a5f7dad2b7138b1187a6b7ee55f160b9968b66013c3a3ef39dd7e5798?s=96&d=mm&r=g","caption":"Jeanette"},"sameAs":["https:\/\/www.eldiario.net\/portal"],"url":"https:\/\/www.eldiario.net\/portal\/author\/jeanette\/"}]}},"_links":{"self":[{"href":"https:\/\/www.eldiario.net\/portal\/wp-json\/wp\/v2\/posts\/13166","targetHints":{"allow":["GET"]}}],"collection":[{"href":"https:\/\/www.eldiario.net\/portal\/wp-json\/wp\/v2\/posts"}],"about":[{"href":"https:\/\/www.eldiario.net\/portal\/wp-json\/wp\/v2\/types\/post"}],"author":[{"embeddable":true,"href":"https:\/\/www.eldiario.net\/portal\/wp-json\/wp\/v2\/users\/1"}],"replies":[{"embeddable":true,"href":"https:\/\/www.eldiario.net\/portal\/wp-json\/wp\/v2\/comments?post=13166"}],"version-history":[{"count":0,"href":"https:\/\/www.eldiario.net\/portal\/wp-json\/wp\/v2\/posts\/13166\/revisions"}],"wp:attachment":[{"href":"https:\/\/www.eldiario.net\/portal\/wp-json\/wp\/v2\/media?parent=13166"}],"wp:term":[{"taxonomy":"category","embeddable":true,"href":"https:\/\/www.eldiario.net\/portal\/wp-json\/wp\/v2\/categories?post=13166"},{"taxonomy":"post_tag","embeddable":true,"href":"https:\/\/www.eldiario.net\/portal\/wp-json\/wp\/v2\/tags?post=13166"}],"curies":[{"name":"wp","href":"https:\/\/api.w.org\/{rel}","templated":true}]}}