{"id":131652,"date":"2023-01-08T05:35:28","date_gmt":"2023-01-08T09:35:28","guid":{"rendered":"https:\/\/www.eldiario.net\/portal\/?p=131652"},"modified":"2023-01-08T05:35:28","modified_gmt":"2023-01-08T09:35:28","slug":"reportan-perdidas-millonarias-en-cuatro-dias-de-paro-en-peru","status":"publish","type":"post","link":"https:\/\/www.eldiario.net\/portal\/2023\/01\/08\/reportan-perdidas-millonarias-en-cuatro-dias-de-paro-en-peru\/","title":{"rendered":"Reportan p\u00e9rdidas millonarias en cuatro d\u00edas de paro en Per\u00fa"},"content":{"rendered":"<p>A un mes de asumir la presidencia de la Rep\u00fablica de Per\u00fa, Dina Boluarte a\u00fan enfrenta diversas protestas a nivel nacional, bloqueos de carreteras y una ola de violencia generalizada en el pa\u00eds.<br \/>\nDistintos gremios y organizaciones sociales exigen la renuncia de la dignataria, la disoluci\u00f3n del Congreso, la liberaci\u00f3n del expresidente Pedro Castillo, recluido por treinta meses tras un autogolpe de Estado frustrado, entre otros reclamos.<br \/>\nAunque hasta el momento no se contabiliza ninguna p\u00e9rdida humana, en comparaci\u00f3n a las protestas de diciembre del 2022 que dejaron 28 fallecidos, desde el cuatro de enero del presente a\u00f1o se vive un paro nacional localizado, principalmente, al sur del pa\u00eds.<\/p>\n<p>&nbsp;<\/p>\n","protected":false},"excerpt":{"rendered":"<p>A un mes de asumir la presidencia de la Rep\u00fablica de Per\u00fa, Dina Boluarte a\u00fan enfrenta diversas protestas a nivel nacional, bloqueos de carreteras y una ola de violencia generalizada en el pa\u00eds. Distintos gremios y organizaciones sociales exigen la renuncia de la dignataria, la disoluci\u00f3n del Congreso, la liberaci\u00f3n del expresidente Pedro Castillo, recluido [&hellip;]<\/p>\n","protected":false},"author":1,"featured_media":131653,"comment_status":"closed","ping_status":"closed","sticky":false,"template":"","format":"standard","meta":{"_acf_changed":false,"footnotes":""},"categories":[15],"tags":[],"class_list":["post-131652","post","type-post","status-publish","format-standard","has-post-thumbnail","category-portada"],"acf":{"antetitulo":""},"yoast_head":"<!-- This site is optimized with the Yoast SEO plugin v28.3 - https:\/\/yoast.com\/product\/yoast-seo-wordpress\/ -->\n<title>Reportan p\u00e9rdidas millonarias en cuatro d\u00edas de paro en Per\u00fa - El Diario - Bolivia<\/title>\n<meta name=\"robots\" content=\"index, follow, max-snippet:-1, max-image-preview:large, max-video-preview:-1\" \/>\n<link rel=\"canonical\" href=\"https:\/\/www.eldiario.net\/portal\/2023\/01\/08\/reportan-perdidas-millonarias-en-cuatro-dias-de-paro-en-peru\/\" \/>\n<meta property=\"og:locale\" content=\"es_ES\" \/>\n<meta property=\"og:type\" content=\"article\" \/>\n<meta property=\"og:title\" content=\"Reportan p\u00e9rdidas millonarias en cuatro d\u00edas de paro en Per\u00fa - El Diario - Bolivia\" \/>\n<meta property=\"og:description\" content=\"A un mes de asumir la presidencia de la Rep\u00fablica de Per\u00fa, Dina Boluarte a\u00fan enfrenta diversas protestas a nivel nacional, bloqueos de carreteras y una ola de violencia generalizada en el pa\u00eds. Distintos gremios y organizaciones sociales exigen la renuncia de la dignataria, la disoluci\u00f3n del Congreso, la liberaci\u00f3n del expresidente Pedro Castillo, recluido [&hellip;]\" \/>\n<meta property=\"og:url\" content=\"https:\/\/www.eldiario.net\/portal\/2023\/01\/08\/reportan-perdidas-millonarias-en-cuatro-dias-de-paro-en-peru\/\" \/>\n<meta property=\"og:site_name\" content=\"El Diario - Bolivia\" \/>\n<meta property=\"article:publisher\" content=\"https:\/\/www.facebook.com\/eldiario.bolivia\/\" \/>\n<meta property=\"article:published_time\" content=\"2023-01-08T09:35:28+00:00\" \/>\n<meta name=\"author\" content=\"Jeanette\" \/>\n<meta name=\"twitter:card\" content=\"summary_large_image\" \/>\n<meta name=\"twitter:creator\" content=\"@eldiario_net\" \/>\n<meta name=\"twitter:site\" content=\"@eldiario_net\" \/>\n<meta name=\"twitter:label1\" content=\"Escrito por\" \/>\n\t<meta name=\"twitter:data1\" content=\"Jeanette\" \/>\n\t<meta name=\"twitter:label2\" content=\"Tiempo de lectura\" \/>\n\t<meta name=\"twitter:data2\" content=\"1 minuto\" \/>\n<script type=\"application\/ld+json\" class=\"yoast-schema-graph\">{\"@context\":\"https:\\\/\\\/schema.org\",\"@graph\":[{\"@type\":\"Article\",\"@id\":\"https:\\\/\\\/www.eldiario.net\\\/portal\\\/2023\\\/01\\\/08\\\/reportan-perdidas-millonarias-en-cuatro-dias-de-paro-en-peru\\\/#article\",\"isPartOf\":{\"@id\":\"https:\\\/\\\/www.eldiario.net\\\/portal\\\/2023\\\/01\\\/08\\\/reportan-perdidas-millonarias-en-cuatro-dias-de-paro-en-peru\\\/\"},\"author\":{\"name\":\"Jeanette\",\"@id\":\"https:\\\/\\\/www.eldiario.net\\\/portal\\\/#\\\/schema\\\/person\\\/f46445640444750d7d753ccd04ae01b7\"},\"headline\":\"Reportan p\u00e9rdidas millonarias en cuatro d\u00edas de paro en Per\u00fa\",\"datePublished\":\"2023-01-08T09:35:28+00:00\",\"mainEntityOfPage\":{\"@id\":\"https:\\\/\\\/www.eldiario.net\\\/portal\\\/2023\\\/01\\\/08\\\/reportan-perdidas-millonarias-en-cuatro-dias-de-paro-en-peru\\\/\"},\"wordCount\":129,\"publisher\":{\"@id\":\"https:\\\/\\\/www.eldiario.net\\\/portal\\\/#organization\"},\"image\":{\"@id\":\"https:\\\/\\\/www.eldiario.net\\\/portal\\\/2023\\\/01\\\/08\\\/reportan-perdidas-millonarias-en-cuatro-dias-de-paro-en-peru\\\/#primaryimage\"},\"thumbnailUrl\":\"\",\"articleSection\":[\"Portada\"],\"inLanguage\":\"es\"},{\"@type\":\"WebPage\",\"@id\":\"https:\\\/\\\/www.eldiario.net\\\/portal\\\/2023\\\/01\\\/08\\\/reportan-perdidas-millonarias-en-cuatro-dias-de-paro-en-peru\\\/\",\"url\":\"https:\\\/\\\/www.eldiario.net\\\/portal\\\/2023\\\/01\\\/08\\\/reportan-perdidas-millonarias-en-cuatro-dias-de-paro-en-peru\\\/\",\"name\":\"Reportan p\u00e9rdidas millonarias en cuatro d\u00edas de paro en Per\u00fa - El Diario - Bolivia\",\"isPartOf\":{\"@id\":\"https:\\\/\\\/www.eldiario.net\\\/portal\\\/#website\"},\"primaryImageOfPage\":{\"@id\":\"https:\\\/\\\/www.eldiario.net\\\/portal\\\/2023\\\/01\\\/08\\\/reportan-perdidas-millonarias-en-cuatro-dias-de-paro-en-peru\\\/#primaryimage\"},\"image\":{\"@id\":\"https:\\\/\\\/www.eldiario.net\\\/portal\\\/2023\\\/01\\\/08\\\/reportan-perdidas-millonarias-en-cuatro-dias-de-paro-en-peru\\\/#primaryimage\"},\"thumbnailUrl\":\"\",\"datePublished\":\"2023-01-08T09:35:28+00:00\",\"breadcrumb\":{\"@id\":\"https:\\\/\\\/www.eldiario.net\\\/portal\\\/2023\\\/01\\\/08\\\/reportan-perdidas-millonarias-en-cuatro-dias-de-paro-en-peru\\\/#breadcrumb\"},\"inLanguage\":\"es\",\"potentialAction\":[{\"@type\":\"ReadAction\",\"target\":[\"https:\\\/\\\/www.eldiario.net\\\/portal\\\/2023\\\/01\\\/08\\\/reportan-perdidas-millonarias-en-cuatro-dias-de-paro-en-peru\\\/\"]}]},{\"@type\":\"ImageObject\",\"inLanguage\":\"es\",\"@id\":\"https:\\\/\\\/www.eldiario.net\\\/portal\\\/2023\\\/01\\\/08\\\/reportan-perdidas-millonarias-en-cuatro-dias-de-paro-en-peru\\\/#primaryimage\",\"url\":\"\",\"contentUrl\":\"\"},{\"@type\":\"BreadcrumbList\",\"@id\":\"https:\\\/\\\/www.eldiario.net\\\/portal\\\/2023\\\/01\\\/08\\\/reportan-perdidas-millonarias-en-cuatro-dias-de-paro-en-peru\\\/#breadcrumb\",\"itemListElement\":[{\"@type\":\"ListItem\",\"position\":1,\"name\":\"Portada\",\"item\":\"https:\\\/\\\/www.eldiario.net\\\/portal\\\/\"},{\"@type\":\"ListItem\",\"position\":2,\"name\":\"Reportan p\u00e9rdidas millonarias en cuatro d\u00edas de paro en Per\u00fa\"}]},{\"@type\":\"WebSite\",\"@id\":\"https:\\\/\\\/www.eldiario.net\\\/portal\\\/#website\",\"url\":\"https:\\\/\\\/www.eldiario.net\\\/portal\\\/\",\"name\":\"El Diario - Decano de la prensa nacional\",\"description\":\"El Diario - Decano de la prensa nacional\",\"publisher\":{\"@id\":\"https:\\\/\\\/www.eldiario.net\\\/portal\\\/#organization\"},\"potentialAction\":[{\"@type\":\"SearchAction\",\"target\":{\"@type\":\"EntryPoint\",\"urlTemplate\":\"https:\\\/\\\/www.eldiario.net\\\/portal\\\/?s={search_term_string}\"},\"query-input\":{\"@type\":\"PropertyValueSpecification\",\"valueRequired\":true,\"valueName\":\"search_term_string\"}}],\"inLanguage\":\"es\"},{\"@type\":\"Organization\",\"@id\":\"https:\\\/\\\/www.eldiario.net\\\/portal\\\/#organization\",\"name\":\"El Diario - Decano de la prensa nacional\",\"url\":\"https:\\\/\\\/www.eldiario.net\\\/portal\\\/\",\"logo\":{\"@type\":\"ImageObject\",\"inLanguage\":\"es\",\"@id\":\"https:\\\/\\\/www.eldiario.net\\\/portal\\\/#\\\/schema\\\/logo\\\/image\\\/\",\"url\":\"https:\\\/\\\/www.eldiario.net\\\/portal\\\/wp-content\\\/uploads\\\/2023\\\/07\\\/logo_ED.jpg\",\"contentUrl\":\"https:\\\/\\\/www.eldiario.net\\\/portal\\\/wp-content\\\/uploads\\\/2023\\\/07\\\/logo_ED.jpg\",\"width\":272,\"height\":52,\"caption\":\"El Diario - Decano de la prensa nacional\"},\"image\":{\"@id\":\"https:\\\/\\\/www.eldiario.net\\\/portal\\\/#\\\/schema\\\/logo\\\/image\\\/\"},\"sameAs\":[\"https:\\\/\\\/www.facebook.com\\\/eldiario.bolivia\\\/\",\"https:\\\/\\\/x.com\\\/eldiario_net\"]},{\"@type\":\"Person\",\"@id\":\"https:\\\/\\\/www.eldiario.net\\\/portal\\\/#\\\/schema\\\/person\\\/f46445640444750d7d753ccd04ae01b7\",\"name\":\"Jeanette\",\"image\":{\"@type\":\"ImageObject\",\"inLanguage\":\"es\",\"@id\":\"https:\\\/\\\/secure.gravatar.com\\\/avatar\\\/3ea2118a5f7dad2b7138b1187a6b7ee55f160b9968b66013c3a3ef39dd7e5798?s=96&d=mm&r=g\",\"url\":\"https:\\\/\\\/secure.gravatar.com\\\/avatar\\\/3ea2118a5f7dad2b7138b1187a6b7ee55f160b9968b66013c3a3ef39dd7e5798?s=96&d=mm&r=g\",\"contentUrl\":\"https:\\\/\\\/secure.gravatar.com\\\/avatar\\\/3ea2118a5f7dad2b7138b1187a6b7ee55f160b9968b66013c3a3ef39dd7e5798?s=96&d=mm&r=g\",\"caption\":\"Jeanette\"},\"sameAs\":[\"https:\\\/\\\/www.eldiario.net\\\/portal\"],\"url\":\"https:\\\/\\\/www.eldiario.net\\\/portal\\\/author\\\/jeanette\\\/\"}]}<\/script>\n<!-- \/ Yoast SEO plugin. -->","yoast_head_json":{"title":"Reportan p\u00e9rdidas millonarias en cuatro d\u00edas de paro en Per\u00fa - El Diario - Bolivia","robots":{"index":"index","follow":"follow","max-snippet":"max-snippet:-1","max-image-preview":"max-image-preview:large","max-video-preview":"max-video-preview:-1"},"canonical":"https:\/\/www.eldiario.net\/portal\/2023\/01\/08\/reportan-perdidas-millonarias-en-cuatro-dias-de-paro-en-peru\/","og_locale":"es_ES","og_type":"article","og_title":"Reportan p\u00e9rdidas millonarias en cuatro d\u00edas de paro en Per\u00fa - El Diario - Bolivia","og_description":"A un mes de asumir la presidencia de la Rep\u00fablica de Per\u00fa, Dina Boluarte a\u00fan enfrenta diversas protestas a nivel nacional, bloqueos de carreteras y una ola de violencia generalizada en el pa\u00eds. Distintos gremios y organizaciones sociales exigen la renuncia de la dignataria, la disoluci\u00f3n del Congreso, la liberaci\u00f3n del expresidente Pedro Castillo, recluido [&hellip;]","og_url":"https:\/\/www.eldiario.net\/portal\/2023\/01\/08\/reportan-perdidas-millonarias-en-cuatro-dias-de-paro-en-peru\/","og_site_name":"El Diario - Bolivia","article_publisher":"https:\/\/www.facebook.com\/eldiario.bolivia\/","article_published_time":"2023-01-08T09:35:28+00:00","author":"Jeanette","twitter_card":"summary_large_image","twitter_creator":"@eldiario_net","twitter_site":"@eldiario_net","twitter_misc":{"Escrito por":"Jeanette","Tiempo de lectura":"1 minuto"},"schema":{"@context":"https:\/\/schema.org","@graph":[{"@type":"Article","@id":"https:\/\/www.eldiario.net\/portal\/2023\/01\/08\/reportan-perdidas-millonarias-en-cuatro-dias-de-paro-en-peru\/#article","isPartOf":{"@id":"https:\/\/www.eldiario.net\/portal\/2023\/01\/08\/reportan-perdidas-millonarias-en-cuatro-dias-de-paro-en-peru\/"},"author":{"name":"Jeanette","@id":"https:\/\/www.eldiario.net\/portal\/#\/schema\/person\/f46445640444750d7d753ccd04ae01b7"},"headline":"Reportan p\u00e9rdidas millonarias en cuatro d\u00edas de paro en Per\u00fa","datePublished":"2023-01-08T09:35:28+00:00","mainEntityOfPage":{"@id":"https:\/\/www.eldiario.net\/portal\/2023\/01\/08\/reportan-perdidas-millonarias-en-cuatro-dias-de-paro-en-peru\/"},"wordCount":129,"publisher":{"@id":"https:\/\/www.eldiario.net\/portal\/#organization"},"image":{"@id":"https:\/\/www.eldiario.net\/portal\/2023\/01\/08\/reportan-perdidas-millonarias-en-cuatro-dias-de-paro-en-peru\/#primaryimage"},"thumbnailUrl":"","articleSection":["Portada"],"inLanguage":"es"},{"@type":"WebPage","@id":"https:\/\/www.eldiario.net\/portal\/2023\/01\/08\/reportan-perdidas-millonarias-en-cuatro-dias-de-paro-en-peru\/","url":"https:\/\/www.eldiario.net\/portal\/2023\/01\/08\/reportan-perdidas-millonarias-en-cuatro-dias-de-paro-en-peru\/","name":"Reportan p\u00e9rdidas millonarias en cuatro d\u00edas de paro en Per\u00fa - El Diario - Bolivia","isPartOf":{"@id":"https:\/\/www.eldiario.net\/portal\/#website"},"primaryImageOfPage":{"@id":"https:\/\/www.eldiario.net\/portal\/2023\/01\/08\/reportan-perdidas-millonarias-en-cuatro-dias-de-paro-en-peru\/#primaryimage"},"image":{"@id":"https:\/\/www.eldiario.net\/portal\/2023\/01\/08\/reportan-perdidas-millonarias-en-cuatro-dias-de-paro-en-peru\/#primaryimage"},"thumbnailUrl":"","datePublished":"2023-01-08T09:35:28+00:00","breadcrumb":{"@id":"https:\/\/www.eldiario.net\/portal\/2023\/01\/08\/reportan-perdidas-millonarias-en-cuatro-dias-de-paro-en-peru\/#breadcrumb"},"inLanguage":"es","potentialAction":[{"@type":"ReadAction","target":["https:\/\/www.eldiario.net\/portal\/2023\/01\/08\/reportan-perdidas-millonarias-en-cuatro-dias-de-paro-en-peru\/"]}]},{"@type":"ImageObject","inLanguage":"es","@id":"https:\/\/www.eldiario.net\/portal\/2023\/01\/08\/reportan-perdidas-millonarias-en-cuatro-dias-de-paro-en-peru\/#primaryimage","url":"","contentUrl":""},{"@type":"BreadcrumbList","@id":"https:\/\/www.eldiario.net\/portal\/2023\/01\/08\/reportan-perdidas-millonarias-en-cuatro-dias-de-paro-en-peru\/#breadcrumb","itemListElement":[{"@type":"ListItem","position":1,"name":"Portada","item":"https:\/\/www.eldiario.net\/portal\/"},{"@type":"ListItem","position":2,"name":"Reportan p\u00e9rdidas millonarias en cuatro d\u00edas de paro en Per\u00fa"}]},{"@type":"WebSite","@id":"https:\/\/www.eldiario.net\/portal\/#website","url":"https:\/\/www.eldiario.net\/portal\/","name":"El Diario - Decano de la prensa nacional","description":"El Diario - Decano de la prensa nacional","publisher":{"@id":"https:\/\/www.eldiario.net\/portal\/#organization"},"potentialAction":[{"@type":"SearchAction","target":{"@type":"EntryPoint","urlTemplate":"https:\/\/www.eldiario.net\/portal\/?s={search_term_string}"},"query-input":{"@type":"PropertyValueSpecification","valueRequired":true,"valueName":"search_term_string"}}],"inLanguage":"es"},{"@type":"Organization","@id":"https:\/\/www.eldiario.net\/portal\/#organization","name":"El Diario - Decano de la prensa nacional","url":"https:\/\/www.eldiario.net\/portal\/","logo":{"@type":"ImageObject","inLanguage":"es","@id":"https:\/\/www.eldiario.net\/portal\/#\/schema\/logo\/image\/","url":"https:\/\/www.eldiario.net\/portal\/wp-content\/uploads\/2023\/07\/logo_ED.jpg","contentUrl":"https:\/\/www.eldiario.net\/portal\/wp-content\/uploads\/2023\/07\/logo_ED.jpg","width":272,"height":52,"caption":"El Diario - Decano de la prensa nacional"},"image":{"@id":"https:\/\/www.eldiario.net\/portal\/#\/schema\/logo\/image\/"},"sameAs":["https:\/\/www.facebook.com\/eldiario.bolivia\/","https:\/\/x.com\/eldiario_net"]},{"@type":"Person","@id":"https:\/\/www.eldiario.net\/portal\/#\/schema\/person\/f46445640444750d7d753ccd04ae01b7","name":"Jeanette","image":{"@type":"ImageObject","inLanguage":"es","@id":"https:\/\/secure.gravatar.com\/avatar\/3ea2118a5f7dad2b7138b1187a6b7ee55f160b9968b66013c3a3ef39dd7e5798?s=96&d=mm&r=g","url":"https:\/\/secure.gravatar.com\/avatar\/3ea2118a5f7dad2b7138b1187a6b7ee55f160b9968b66013c3a3ef39dd7e5798?s=96&d=mm&r=g","contentUrl":"https:\/\/secure.gravatar.com\/avatar\/3ea2118a5f7dad2b7138b1187a6b7ee55f160b9968b66013c3a3ef39dd7e5798?s=96&d=mm&r=g","caption":"Jeanette"},"sameAs":["https:\/\/www.eldiario.net\/portal"],"url":"https:\/\/www.eldiario.net\/portal\/author\/jeanette\/"}]}},"_links":{"self":[{"href":"https:\/\/www.eldiario.net\/portal\/wp-json\/wp\/v2\/posts\/131652","targetHints":{"allow":["GET"]}}],"collection":[{"href":"https:\/\/www.eldiario.net\/portal\/wp-json\/wp\/v2\/posts"}],"about":[{"href":"https:\/\/www.eldiario.net\/portal\/wp-json\/wp\/v2\/types\/post"}],"author":[{"embeddable":true,"href":"https:\/\/www.eldiario.net\/portal\/wp-json\/wp\/v2\/users\/1"}],"replies":[{"embeddable":true,"href":"https:\/\/www.eldiario.net\/portal\/wp-json\/wp\/v2\/comments?post=131652"}],"version-history":[{"count":0,"href":"https:\/\/www.eldiario.net\/portal\/wp-json\/wp\/v2\/posts\/131652\/revisions"}],"wp:attachment":[{"href":"https:\/\/www.eldiario.net\/portal\/wp-json\/wp\/v2\/media?parent=131652"}],"wp:term":[{"taxonomy":"category","embeddable":true,"href":"https:\/\/www.eldiario.net\/portal\/wp-json\/wp\/v2\/categories?post=131652"},{"taxonomy":"post_tag","embeddable":true,"href":"https:\/\/www.eldiario.net\/portal\/wp-json\/wp\/v2\/tags?post=131652"}],"curies":[{"name":"wp","href":"https:\/\/api.w.org\/{rel}","templated":true}]}}