{"id":13163,"date":"2021-06-27T06:17:48","date_gmt":"2021-06-27T10:17:48","guid":{"rendered":"https:\/\/www.eldiario.net\/portal\/?p=13163"},"modified":"2021-06-27T06:17:48","modified_gmt":"2021-06-27T10:17:48","slug":"bolivia-ha-resuelto-legalmente-caso-de-reeleccion-indefinida","status":"publish","type":"post","link":"https:\/\/www.eldiario.net\/portal\/2021\/06\/27\/bolivia-ha-resuelto-legalmente-caso-de-reeleccion-indefinida\/","title":{"rendered":"Bolivia ha resuelto legalmente  caso de reelecci\u00f3n indefinida"},"content":{"rendered":"<p>Ante la expectativa generada por el pr\u00f3ximo fallo de la Corte Interamericana de Derechos Humanos sobre la reelecci\u00f3n indefinida como un derecho humano, el ministro de Justicia, Iv\u00e1n Lima, se\u00f1al\u00f3 que esta problem\u00e1tica es un asunto que legalmente ya est\u00e1 resuelto en el pa\u00eds, pues en las \u00faltimas elecciones se prohibi\u00f3 a varias exautoridades postularse para un tercer mandato.<br \/>\nLa autoridad sostuvo que tras la convocatoria para las elecciones subnacionales por parte de la Asamblea Legislativa qued\u00f3 claro que en el Estado de Bolivia solo se permite una reelecci\u00f3n y no as\u00ed la reelecci\u00f3n indefinida, por lo que un posible fallo de la Corte-IDH llegar\u00eda a destiempo.<br \/>\n\u201cLa Asamblea Legislativa, a tiempo de convocar a elecciones nacionales y municipales, les ha prohibido, al exgobernador Costas y a una serie de alcaldes, como Revilla, que vayan a una tercera reelecci\u00f3n. Es decir, legalmente Bolivia ya ha resuelto el problema. Solamente se permite una reelecci\u00f3n y no as\u00ed una reelecci\u00f3n indefinida. Por lo tanto, la opini\u00f3n consultiva habr\u00eda llegado ya fuera de tiempo. Ya hemos resuelto este tema de la reelecci\u00f3n indefinida en Bolivia. Bolivia, por ley, ha establecido ya que no puede haber reelecci\u00f3n indefinida\u201d, dijo.<br \/>\nSobre el fallo en s\u00ed, Lima se\u00f1al\u00f3 que ser\u00e1 el Tribunal Constitucional Plurinacional el que en \u00faltima instancia defina la forma en que el dictamen de la Corte-IDH sea aplicado en la legislatura boliviana.<br \/>\n\u201cNuestra Constituci\u00f3n le da a nuestro Tribunal Constitucional la calidad de m\u00e1ximo int\u00e9rprete de la Constituci\u00f3n. Por lo tanto, lo m\u00e1s probable es que tenga que ser nuestro Tribunal Constitucional el que determine qu\u00e9 alcance de aplicaci\u00f3n va a tener en el pa\u00eds esta opini\u00f3n, por un principio de soberan\u00eda\u201d, sostuvo Lima en una entrevista con El Deber Radio.<br \/>\nSobre la posibilidad de iniciar procesos a los magistrados del TCP que viabilizaron la candidatura de Morales el 2019, Lima se\u00f1al\u00f3 que los fallos en materia judicial no tienen car\u00e1cter retroactivo.<\/p>\n","protected":false},"excerpt":{"rendered":"<p>Ante la expectativa generada por el pr\u00f3ximo fallo de la Corte Interamericana de Derechos Humanos sobre la reelecci\u00f3n indefinida como un derecho humano, el ministro de Justicia, Iv\u00e1n Lima, se\u00f1al\u00f3 que esta problem\u00e1tica es un asunto que legalmente ya est\u00e1 resuelto en el pa\u00eds, pues en las \u00faltimas elecciones se prohibi\u00f3 a varias exautoridades postularse [&hellip;]<\/p>\n","protected":false},"author":1,"featured_media":13164,"comment_status":"closed","ping_status":"closed","sticky":false,"template":"","format":"standard","meta":{"_acf_changed":false,"footnotes":""},"categories":[14],"tags":[],"class_list":["post-13163","post","type-post","status-publish","format-standard","has-post-thumbnail","category-politica"],"acf":{"antetitulo":""},"yoast_head":"<!-- This site is optimized with the Yoast SEO plugin v28.4 - https:\/\/yoast.com\/product\/yoast-seo-wordpress\/ -->\n<title>Bolivia ha resuelto legalmente caso de reelecci\u00f3n indefinida - El Diario - Bolivia<\/title>\n<meta name=\"robots\" content=\"index, follow, max-snippet:-1, max-image-preview:large, max-video-preview:-1\" \/>\n<link rel=\"canonical\" href=\"https:\/\/www.eldiario.net\/portal\/2021\/06\/27\/bolivia-ha-resuelto-legalmente-caso-de-reeleccion-indefinida\/\" \/>\n<meta property=\"og:locale\" content=\"es_ES\" \/>\n<meta property=\"og:type\" content=\"article\" \/>\n<meta property=\"og:title\" content=\"Bolivia ha resuelto legalmente caso de reelecci\u00f3n indefinida - El Diario - Bolivia\" \/>\n<meta property=\"og:description\" content=\"Ante la expectativa generada por el pr\u00f3ximo fallo de la Corte Interamericana de Derechos Humanos sobre la reelecci\u00f3n indefinida como un derecho humano, el ministro de Justicia, Iv\u00e1n Lima, se\u00f1al\u00f3 que esta problem\u00e1tica es un asunto que legalmente ya est\u00e1 resuelto en el pa\u00eds, pues en las \u00faltimas elecciones se prohibi\u00f3 a varias exautoridades postularse [&hellip;]\" \/>\n<meta property=\"og:url\" content=\"https:\/\/www.eldiario.net\/portal\/2021\/06\/27\/bolivia-ha-resuelto-legalmente-caso-de-reeleccion-indefinida\/\" \/>\n<meta property=\"og:site_name\" content=\"El Diario - Bolivia\" \/>\n<meta property=\"article:publisher\" content=\"https:\/\/www.facebook.com\/eldiario.bolivia\/\" \/>\n<meta property=\"article:published_time\" content=\"2021-06-27T10:17:48+00:00\" \/>\n<meta property=\"og:image\" content=\"https:\/\/www.eldiario.net\/portal\/wp-content\/uploads\/2021\/06\/Pol-262.jpg\" \/>\n\t<meta property=\"og:image:width\" content=\"1\" \/>\n\t<meta property=\"og:image:height\" content=\"1\" \/>\n\t<meta property=\"og:image:type\" content=\"image\/jpeg\" \/>\n<meta name=\"author\" content=\"Jeanette\" \/>\n<meta name=\"twitter:card\" content=\"summary_large_image\" \/>\n<meta name=\"twitter:creator\" content=\"@eldiario_net\" \/>\n<meta name=\"twitter:site\" content=\"@eldiario_net\" \/>\n<meta name=\"twitter:label1\" content=\"Escrito por\" \/>\n\t<meta name=\"twitter:data1\" content=\"Jeanette\" \/>\n\t<meta name=\"twitter:label2\" content=\"Tiempo de lectura\" \/>\n\t<meta name=\"twitter:data2\" content=\"2 minutos\" \/>\n<script type=\"application\/ld+json\" class=\"yoast-schema-graph\">{\"@context\":\"https:\\\/\\\/schema.org\",\"@graph\":[{\"@type\":\"Article\",\"@id\":\"https:\\\/\\\/www.eldiario.net\\\/portal\\\/2021\\\/06\\\/27\\\/bolivia-ha-resuelto-legalmente-caso-de-reeleccion-indefinida\\\/#article\",\"isPartOf\":{\"@id\":\"https:\\\/\\\/www.eldiario.net\\\/portal\\\/2021\\\/06\\\/27\\\/bolivia-ha-resuelto-legalmente-caso-de-reeleccion-indefinida\\\/\"},\"author\":{\"name\":\"Jeanette\",\"@id\":\"https:\\\/\\\/www.eldiario.net\\\/portal\\\/#\\\/schema\\\/person\\\/2c57cf2b7a7ae032e449e4c9b1019eac\"},\"headline\":\"Bolivia ha resuelto legalmente caso de reelecci\u00f3n indefinida\",\"datePublished\":\"2021-06-27T10:17:48+00:00\",\"mainEntityOfPage\":{\"@id\":\"https:\\\/\\\/www.eldiario.net\\\/portal\\\/2021\\\/06\\\/27\\\/bolivia-ha-resuelto-legalmente-caso-de-reeleccion-indefinida\\\/\"},\"wordCount\":355,\"publisher\":{\"@id\":\"https:\\\/\\\/www.eldiario.net\\\/portal\\\/#organization\"},\"image\":{\"@id\":\"https:\\\/\\\/www.eldiario.net\\\/portal\\\/2021\\\/06\\\/27\\\/bolivia-ha-resuelto-legalmente-caso-de-reeleccion-indefinida\\\/#primaryimage\"},\"thumbnailUrl\":\"https:\\\/\\\/www.eldiario.net\\\/portal\\\/wp-content\\\/uploads\\\/2021\\\/06\\\/Pol-262.jpg\",\"articleSection\":[\"Pol\u00edtica\"],\"inLanguage\":\"es\"},{\"@type\":\"WebPage\",\"@id\":\"https:\\\/\\\/www.eldiario.net\\\/portal\\\/2021\\\/06\\\/27\\\/bolivia-ha-resuelto-legalmente-caso-de-reeleccion-indefinida\\\/\",\"url\":\"https:\\\/\\\/www.eldiario.net\\\/portal\\\/2021\\\/06\\\/27\\\/bolivia-ha-resuelto-legalmente-caso-de-reeleccion-indefinida\\\/\",\"name\":\"Bolivia ha resuelto legalmente caso de reelecci\u00f3n indefinida - El Diario - Bolivia\",\"isPartOf\":{\"@id\":\"https:\\\/\\\/www.eldiario.net\\\/portal\\\/#website\"},\"primaryImageOfPage\":{\"@id\":\"https:\\\/\\\/www.eldiario.net\\\/portal\\\/2021\\\/06\\\/27\\\/bolivia-ha-resuelto-legalmente-caso-de-reeleccion-indefinida\\\/#primaryimage\"},\"image\":{\"@id\":\"https:\\\/\\\/www.eldiario.net\\\/portal\\\/2021\\\/06\\\/27\\\/bolivia-ha-resuelto-legalmente-caso-de-reeleccion-indefinida\\\/#primaryimage\"},\"thumbnailUrl\":\"https:\\\/\\\/www.eldiario.net\\\/portal\\\/wp-content\\\/uploads\\\/2021\\\/06\\\/Pol-262.jpg\",\"datePublished\":\"2021-06-27T10:17:48+00:00\",\"breadcrumb\":{\"@id\":\"https:\\\/\\\/www.eldiario.net\\\/portal\\\/2021\\\/06\\\/27\\\/bolivia-ha-resuelto-legalmente-caso-de-reeleccion-indefinida\\\/#breadcrumb\"},\"inLanguage\":\"es\",\"potentialAction\":[{\"@type\":\"ReadAction\",\"target\":[\"https:\\\/\\\/www.eldiario.net\\\/portal\\\/2021\\\/06\\\/27\\\/bolivia-ha-resuelto-legalmente-caso-de-reeleccion-indefinida\\\/\"]}]},{\"@type\":\"ImageObject\",\"inLanguage\":\"es\",\"@id\":\"https:\\\/\\\/www.eldiario.net\\\/portal\\\/2021\\\/06\\\/27\\\/bolivia-ha-resuelto-legalmente-caso-de-reeleccion-indefinida\\\/#primaryimage\",\"url\":\"https:\\\/\\\/www.eldiario.net\\\/portal\\\/wp-content\\\/uploads\\\/2021\\\/06\\\/Pol-262.jpg\",\"contentUrl\":\"https:\\\/\\\/www.eldiario.net\\\/portal\\\/wp-content\\\/uploads\\\/2021\\\/06\\\/Pol-262.jpg\",\"caption\":\"El ministro de Justicia, Iv\u00e1n Lima.\"},{\"@type\":\"BreadcrumbList\",\"@id\":\"https:\\\/\\\/www.eldiario.net\\\/portal\\\/2021\\\/06\\\/27\\\/bolivia-ha-resuelto-legalmente-caso-de-reeleccion-indefinida\\\/#breadcrumb\",\"itemListElement\":[{\"@type\":\"ListItem\",\"position\":1,\"name\":\"Portada\",\"item\":\"https:\\\/\\\/www.eldiario.net\\\/portal\\\/\"},{\"@type\":\"ListItem\",\"position\":2,\"name\":\"Bolivia ha resuelto legalmente caso de reelecci\u00f3n indefinida\"}]},{\"@type\":\"WebSite\",\"@id\":\"https:\\\/\\\/www.eldiario.net\\\/portal\\\/#website\",\"url\":\"https:\\\/\\\/www.eldiario.net\\\/portal\\\/\",\"name\":\"El Diario - Decano de la prensa nacional\",\"description\":\"El Diario - Decano de la prensa nacional\",\"publisher\":{\"@id\":\"https:\\\/\\\/www.eldiario.net\\\/portal\\\/#organization\"},\"potentialAction\":[{\"@type\":\"SearchAction\",\"target\":{\"@type\":\"EntryPoint\",\"urlTemplate\":\"https:\\\/\\\/www.eldiario.net\\\/portal\\\/?s={search_term_string}\"},\"query-input\":{\"@type\":\"PropertyValueSpecification\",\"valueRequired\":true,\"valueName\":\"search_term_string\"}}],\"inLanguage\":\"es\"},{\"@type\":\"Organization\",\"@id\":\"https:\\\/\\\/www.eldiario.net\\\/portal\\\/#organization\",\"name\":\"El Diario - Decano de la prensa nacional\",\"url\":\"https:\\\/\\\/www.eldiario.net\\\/portal\\\/\",\"logo\":{\"@type\":\"ImageObject\",\"inLanguage\":\"es\",\"@id\":\"https:\\\/\\\/www.eldiario.net\\\/portal\\\/#\\\/schema\\\/logo\\\/image\\\/\",\"url\":\"https:\\\/\\\/www.eldiario.net\\\/portal\\\/wp-content\\\/uploads\\\/2023\\\/07\\\/logo_ED.jpg\",\"contentUrl\":\"https:\\\/\\\/www.eldiario.net\\\/portal\\\/wp-content\\\/uploads\\\/2023\\\/07\\\/logo_ED.jpg\",\"width\":272,\"height\":52,\"caption\":\"El Diario - Decano de la prensa nacional\"},\"image\":{\"@id\":\"https:\\\/\\\/www.eldiario.net\\\/portal\\\/#\\\/schema\\\/logo\\\/image\\\/\"},\"sameAs\":[\"https:\\\/\\\/www.facebook.com\\\/eldiario.bolivia\\\/\",\"https:\\\/\\\/x.com\\\/eldiario_net\"]},{\"@type\":\"Person\",\"@id\":\"https:\\\/\\\/www.eldiario.net\\\/portal\\\/#\\\/schema\\\/person\\\/2c57cf2b7a7ae032e449e4c9b1019eac\",\"name\":\"Jeanette\",\"image\":{\"@type\":\"ImageObject\",\"inLanguage\":\"es\",\"@id\":\"https:\\\/\\\/secure.gravatar.com\\\/avatar\\\/3ea2118a5f7dad2b7138b1187a6b7ee55f160b9968b66013c3a3ef39dd7e5798?s=96&d=mm&r=g\",\"url\":\"https:\\\/\\\/secure.gravatar.com\\\/avatar\\\/3ea2118a5f7dad2b7138b1187a6b7ee55f160b9968b66013c3a3ef39dd7e5798?s=96&d=mm&r=g\",\"contentUrl\":\"https:\\\/\\\/secure.gravatar.com\\\/avatar\\\/3ea2118a5f7dad2b7138b1187a6b7ee55f160b9968b66013c3a3ef39dd7e5798?s=96&d=mm&r=g\",\"caption\":\"Jeanette\"},\"sameAs\":[\"https:\\\/\\\/www.eldiario.net\\\/portal\"],\"url\":\"https:\\\/\\\/www.eldiario.net\\\/portal\\\/author\\\/jeanette\\\/\"}]}<\/script>\n<!-- \/ Yoast SEO plugin. -->","yoast_head_json":{"title":"Bolivia ha resuelto legalmente caso de reelecci\u00f3n indefinida - El Diario - Bolivia","robots":{"index":"index","follow":"follow","max-snippet":"max-snippet:-1","max-image-preview":"max-image-preview:large","max-video-preview":"max-video-preview:-1"},"canonical":"https:\/\/www.eldiario.net\/portal\/2021\/06\/27\/bolivia-ha-resuelto-legalmente-caso-de-reeleccion-indefinida\/","og_locale":"es_ES","og_type":"article","og_title":"Bolivia ha resuelto legalmente caso de reelecci\u00f3n indefinida - El Diario - Bolivia","og_description":"Ante la expectativa generada por el pr\u00f3ximo fallo de la Corte Interamericana de Derechos Humanos sobre la reelecci\u00f3n indefinida como un derecho humano, el ministro de Justicia, Iv\u00e1n Lima, se\u00f1al\u00f3 que esta problem\u00e1tica es un asunto que legalmente ya est\u00e1 resuelto en el pa\u00eds, pues en las \u00faltimas elecciones se prohibi\u00f3 a varias exautoridades postularse [&hellip;]","og_url":"https:\/\/www.eldiario.net\/portal\/2021\/06\/27\/bolivia-ha-resuelto-legalmente-caso-de-reeleccion-indefinida\/","og_site_name":"El Diario - Bolivia","article_publisher":"https:\/\/www.facebook.com\/eldiario.bolivia\/","article_published_time":"2021-06-27T10:17:48+00:00","og_image":[{"url":"https:\/\/www.eldiario.net\/portal\/wp-content\/uploads\/2021\/06\/Pol-262.jpg","width":1,"height":1,"type":"image\/jpeg"}],"author":"Jeanette","twitter_card":"summary_large_image","twitter_creator":"@eldiario_net","twitter_site":"@eldiario_net","twitter_misc":{"Escrito por":"Jeanette","Tiempo de lectura":"2 minutos"},"schema":{"@context":"https:\/\/schema.org","@graph":[{"@type":"Article","@id":"https:\/\/www.eldiario.net\/portal\/2021\/06\/27\/bolivia-ha-resuelto-legalmente-caso-de-reeleccion-indefinida\/#article","isPartOf":{"@id":"https:\/\/www.eldiario.net\/portal\/2021\/06\/27\/bolivia-ha-resuelto-legalmente-caso-de-reeleccion-indefinida\/"},"author":{"name":"Jeanette","@id":"https:\/\/www.eldiario.net\/portal\/#\/schema\/person\/2c57cf2b7a7ae032e449e4c9b1019eac"},"headline":"Bolivia ha resuelto legalmente caso de reelecci\u00f3n indefinida","datePublished":"2021-06-27T10:17:48+00:00","mainEntityOfPage":{"@id":"https:\/\/www.eldiario.net\/portal\/2021\/06\/27\/bolivia-ha-resuelto-legalmente-caso-de-reeleccion-indefinida\/"},"wordCount":355,"publisher":{"@id":"https:\/\/www.eldiario.net\/portal\/#organization"},"image":{"@id":"https:\/\/www.eldiario.net\/portal\/2021\/06\/27\/bolivia-ha-resuelto-legalmente-caso-de-reeleccion-indefinida\/#primaryimage"},"thumbnailUrl":"https:\/\/www.eldiario.net\/portal\/wp-content\/uploads\/2021\/06\/Pol-262.jpg","articleSection":["Pol\u00edtica"],"inLanguage":"es"},{"@type":"WebPage","@id":"https:\/\/www.eldiario.net\/portal\/2021\/06\/27\/bolivia-ha-resuelto-legalmente-caso-de-reeleccion-indefinida\/","url":"https:\/\/www.eldiario.net\/portal\/2021\/06\/27\/bolivia-ha-resuelto-legalmente-caso-de-reeleccion-indefinida\/","name":"Bolivia ha resuelto legalmente caso de reelecci\u00f3n indefinida - El Diario - Bolivia","isPartOf":{"@id":"https:\/\/www.eldiario.net\/portal\/#website"},"primaryImageOfPage":{"@id":"https:\/\/www.eldiario.net\/portal\/2021\/06\/27\/bolivia-ha-resuelto-legalmente-caso-de-reeleccion-indefinida\/#primaryimage"},"image":{"@id":"https:\/\/www.eldiario.net\/portal\/2021\/06\/27\/bolivia-ha-resuelto-legalmente-caso-de-reeleccion-indefinida\/#primaryimage"},"thumbnailUrl":"https:\/\/www.eldiario.net\/portal\/wp-content\/uploads\/2021\/06\/Pol-262.jpg","datePublished":"2021-06-27T10:17:48+00:00","breadcrumb":{"@id":"https:\/\/www.eldiario.net\/portal\/2021\/06\/27\/bolivia-ha-resuelto-legalmente-caso-de-reeleccion-indefinida\/#breadcrumb"},"inLanguage":"es","potentialAction":[{"@type":"ReadAction","target":["https:\/\/www.eldiario.net\/portal\/2021\/06\/27\/bolivia-ha-resuelto-legalmente-caso-de-reeleccion-indefinida\/"]}]},{"@type":"ImageObject","inLanguage":"es","@id":"https:\/\/www.eldiario.net\/portal\/2021\/06\/27\/bolivia-ha-resuelto-legalmente-caso-de-reeleccion-indefinida\/#primaryimage","url":"https:\/\/www.eldiario.net\/portal\/wp-content\/uploads\/2021\/06\/Pol-262.jpg","contentUrl":"https:\/\/www.eldiario.net\/portal\/wp-content\/uploads\/2021\/06\/Pol-262.jpg","caption":"El ministro de Justicia, Iv\u00e1n Lima."},{"@type":"BreadcrumbList","@id":"https:\/\/www.eldiario.net\/portal\/2021\/06\/27\/bolivia-ha-resuelto-legalmente-caso-de-reeleccion-indefinida\/#breadcrumb","itemListElement":[{"@type":"ListItem","position":1,"name":"Portada","item":"https:\/\/www.eldiario.net\/portal\/"},{"@type":"ListItem","position":2,"name":"Bolivia ha resuelto legalmente caso de reelecci\u00f3n indefinida"}]},{"@type":"WebSite","@id":"https:\/\/www.eldiario.net\/portal\/#website","url":"https:\/\/www.eldiario.net\/portal\/","name":"El Diario - Decano de la prensa nacional","description":"El Diario - Decano de la prensa nacional","publisher":{"@id":"https:\/\/www.eldiario.net\/portal\/#organization"},"potentialAction":[{"@type":"SearchAction","target":{"@type":"EntryPoint","urlTemplate":"https:\/\/www.eldiario.net\/portal\/?s={search_term_string}"},"query-input":{"@type":"PropertyValueSpecification","valueRequired":true,"valueName":"search_term_string"}}],"inLanguage":"es"},{"@type":"Organization","@id":"https:\/\/www.eldiario.net\/portal\/#organization","name":"El Diario - Decano de la prensa nacional","url":"https:\/\/www.eldiario.net\/portal\/","logo":{"@type":"ImageObject","inLanguage":"es","@id":"https:\/\/www.eldiario.net\/portal\/#\/schema\/logo\/image\/","url":"https:\/\/www.eldiario.net\/portal\/wp-content\/uploads\/2023\/07\/logo_ED.jpg","contentUrl":"https:\/\/www.eldiario.net\/portal\/wp-content\/uploads\/2023\/07\/logo_ED.jpg","width":272,"height":52,"caption":"El Diario - Decano de la prensa nacional"},"image":{"@id":"https:\/\/www.eldiario.net\/portal\/#\/schema\/logo\/image\/"},"sameAs":["https:\/\/www.facebook.com\/eldiario.bolivia\/","https:\/\/x.com\/eldiario_net"]},{"@type":"Person","@id":"https:\/\/www.eldiario.net\/portal\/#\/schema\/person\/2c57cf2b7a7ae032e449e4c9b1019eac","name":"Jeanette","image":{"@type":"ImageObject","inLanguage":"es","@id":"https:\/\/secure.gravatar.com\/avatar\/3ea2118a5f7dad2b7138b1187a6b7ee55f160b9968b66013c3a3ef39dd7e5798?s=96&d=mm&r=g","url":"https:\/\/secure.gravatar.com\/avatar\/3ea2118a5f7dad2b7138b1187a6b7ee55f160b9968b66013c3a3ef39dd7e5798?s=96&d=mm&r=g","contentUrl":"https:\/\/secure.gravatar.com\/avatar\/3ea2118a5f7dad2b7138b1187a6b7ee55f160b9968b66013c3a3ef39dd7e5798?s=96&d=mm&r=g","caption":"Jeanette"},"sameAs":["https:\/\/www.eldiario.net\/portal"],"url":"https:\/\/www.eldiario.net\/portal\/author\/jeanette\/"}]}},"_links":{"self":[{"href":"https:\/\/www.eldiario.net\/portal\/wp-json\/wp\/v2\/posts\/13163","targetHints":{"allow":["GET"]}}],"collection":[{"href":"https:\/\/www.eldiario.net\/portal\/wp-json\/wp\/v2\/posts"}],"about":[{"href":"https:\/\/www.eldiario.net\/portal\/wp-json\/wp\/v2\/types\/post"}],"author":[{"embeddable":true,"href":"https:\/\/www.eldiario.net\/portal\/wp-json\/wp\/v2\/users\/1"}],"replies":[{"embeddable":true,"href":"https:\/\/www.eldiario.net\/portal\/wp-json\/wp\/v2\/comments?post=13163"}],"version-history":[{"count":0,"href":"https:\/\/www.eldiario.net\/portal\/wp-json\/wp\/v2\/posts\/13163\/revisions"}],"wp:featuredmedia":[{"embeddable":true,"href":"https:\/\/www.eldiario.net\/portal\/wp-json\/wp\/v2\/media\/13164"}],"wp:attachment":[{"href":"https:\/\/www.eldiario.net\/portal\/wp-json\/wp\/v2\/media?parent=13163"}],"wp:term":[{"taxonomy":"category","embeddable":true,"href":"https:\/\/www.eldiario.net\/portal\/wp-json\/wp\/v2\/categories?post=13163"},{"taxonomy":"post_tag","embeddable":true,"href":"https:\/\/www.eldiario.net\/portal\/wp-json\/wp\/v2\/tags?post=13163"}],"curies":[{"name":"wp","href":"https:\/\/api.w.org\/{rel}","templated":true}]}}