{"id":13161,"date":"2021-06-27T06:16:53","date_gmt":"2021-06-27T10:16:53","guid":{"rendered":"https:\/\/www.eldiario.net\/portal\/?p=13161"},"modified":"2021-06-27T06:16:53","modified_gmt":"2021-06-27T10:16:53","slug":"exdiputado-quiere-declarar-como-testigo","status":"publish","type":"post","link":"https:\/\/www.eldiario.net\/portal\/2021\/06\/27\/exdiputado-quiere-declarar-como-testigo\/","title":{"rendered":"Exdiputado quiere declarar como testigo"},"content":{"rendered":"<p>El exdiputado Amilcar Barral anunci\u00f3 que con la finalidad de coadyuvar en las investigaciones para esclarecer los hechos tras la crisis post electoral de 2019 y el denominado caso golpe de Estado, solicitar\u00e1 presentar su declaraci\u00f3n ante la Fiscal\u00eda en calidad de testigo. Reiter\u00f3 que luego de las elecciones anuladas se produjo una sucesi\u00f3n constitucional.<br \/>\nMediante una nota dirigida al fiscal asignado al caso del supuesto Golpe de Estado, Omar Mejillones Copana, el exparlamentario pidi\u00f3 que se fije fecha y hora para que pueda prestar declaraciones.<br \/>\nBarral sostuvo que al haber ocupado el cargo de diputado nacional cuenta con suficiente informaci\u00f3n sobre la crisis post electoral de 2019 que deriv\u00f3 en la asunci\u00f3n de Jeanine \u00c1\u00f1ez a la presidencia mediante la sucesi\u00f3n constitucional.<br \/>\n\u201cSe\u00f1or fiscal, me enter\u00e9 por medios de comunicaci\u00f3n que estar\u00eda invitando a exautoridades a presentarse a declarar en el caso denominado golpe de Estado, el mismo que ha cobrado relevancia por evidente involucramiento de todos los bolivianos\u201d, se\u00f1ala parte de la misiva.<br \/>\nAgreg\u00f3 que en su condici\u00f3n de parlamentario form\u00f3 parte de varias comisiones de investigaci\u00f3n, mismas que pueden ser de gran ayuda en las investigaciones para establecer la verdad hist\u00f3rica sobre los hechos que derivaron en la presidencia de \u00c1\u00f1ez.<br \/>\n\u201cHe sido testigo de los hechos en mi condici\u00f3n de exfiscalizador del Estado y, por tanto, he formado parte de varias comisiones de investigaci\u00f3n parlamentaria, por lo tanto, considero que tengo datos que son importantes y relevantes para que se pueda encontrar la verdad material de los hechos\u201d, afirm\u00f3.<br \/>\nEl exparlamentario exigi\u00f3 que se fije hora y fecha para ser citado a ante el Ministerio P\u00fablico para explicar detalles sobre la sucesi\u00f3n constitucional que llev\u00f3 a la presidencia a Jeanine \u00c1\u00f1ez en noviembre de 2019.<\/p>\n","protected":false},"excerpt":{"rendered":"<p>El exdiputado Amilcar Barral anunci\u00f3 que con la finalidad de coadyuvar en las investigaciones para esclarecer los hechos tras la crisis post electoral de 2019 y el denominado caso golpe de Estado, solicitar\u00e1 presentar su declaraci\u00f3n ante la Fiscal\u00eda en calidad de testigo. Reiter\u00f3 que luego de las elecciones anuladas se produjo una sucesi\u00f3n constitucional. [&hellip;]<\/p>\n","protected":false},"author":1,"featured_media":0,"comment_status":"closed","ping_status":"closed","sticky":false,"template":"","format":"standard","meta":{"_acf_changed":false,"footnotes":""},"categories":[14],"tags":[],"class_list":["post-13161","post","type-post","status-publish","format-standard","category-politica"],"acf":{"antetitulo":""},"yoast_head":"<!-- This site is optimized with the Yoast SEO plugin v28.4 - https:\/\/yoast.com\/product\/yoast-seo-wordpress\/ -->\n<title>Exdiputado quiere declarar como testigo - El Diario - Bolivia<\/title>\n<meta name=\"robots\" content=\"index, follow, max-snippet:-1, max-image-preview:large, max-video-preview:-1\" \/>\n<link rel=\"canonical\" href=\"https:\/\/www.eldiario.net\/portal\/2021\/06\/27\/exdiputado-quiere-declarar-como-testigo\/\" \/>\n<meta property=\"og:locale\" content=\"es_ES\" \/>\n<meta property=\"og:type\" content=\"article\" \/>\n<meta property=\"og:title\" content=\"Exdiputado quiere declarar como testigo - El Diario - Bolivia\" \/>\n<meta property=\"og:description\" content=\"El exdiputado Amilcar Barral anunci\u00f3 que con la finalidad de coadyuvar en las investigaciones para esclarecer los hechos tras la crisis post electoral de 2019 y el denominado caso golpe de Estado, solicitar\u00e1 presentar su declaraci\u00f3n ante la Fiscal\u00eda en calidad de testigo. Reiter\u00f3 que luego de las elecciones anuladas se produjo una sucesi\u00f3n constitucional. [&hellip;]\" \/>\n<meta property=\"og:url\" content=\"https:\/\/www.eldiario.net\/portal\/2021\/06\/27\/exdiputado-quiere-declarar-como-testigo\/\" \/>\n<meta property=\"og:site_name\" content=\"El Diario - Bolivia\" \/>\n<meta property=\"article:publisher\" content=\"https:\/\/www.facebook.com\/eldiario.bolivia\/\" \/>\n<meta property=\"article:published_time\" content=\"2021-06-27T10:16:53+00:00\" \/>\n<meta name=\"author\" content=\"Jeanette\" \/>\n<meta name=\"twitter:card\" content=\"summary_large_image\" \/>\n<meta name=\"twitter:creator\" content=\"@eldiario_net\" \/>\n<meta name=\"twitter:site\" content=\"@eldiario_net\" \/>\n<meta name=\"twitter:label1\" content=\"Escrito por\" \/>\n\t<meta name=\"twitter:data1\" content=\"Jeanette\" \/>\n\t<meta name=\"twitter:label2\" content=\"Tiempo de lectura\" \/>\n\t<meta name=\"twitter:data2\" content=\"2 minutos\" \/>\n<script type=\"application\/ld+json\" class=\"yoast-schema-graph\">{\"@context\":\"https:\\\/\\\/schema.org\",\"@graph\":[{\"@type\":\"Article\",\"@id\":\"https:\\\/\\\/www.eldiario.net\\\/portal\\\/2021\\\/06\\\/27\\\/exdiputado-quiere-declarar-como-testigo\\\/#article\",\"isPartOf\":{\"@id\":\"https:\\\/\\\/www.eldiario.net\\\/portal\\\/2021\\\/06\\\/27\\\/exdiputado-quiere-declarar-como-testigo\\\/\"},\"author\":{\"name\":\"Jeanette\",\"@id\":\"https:\\\/\\\/www.eldiario.net\\\/portal\\\/#\\\/schema\\\/person\\\/2c57cf2b7a7ae032e449e4c9b1019eac\"},\"headline\":\"Exdiputado quiere declarar como testigo\",\"datePublished\":\"2021-06-27T10:16:53+00:00\",\"mainEntityOfPage\":{\"@id\":\"https:\\\/\\\/www.eldiario.net\\\/portal\\\/2021\\\/06\\\/27\\\/exdiputado-quiere-declarar-como-testigo\\\/\"},\"wordCount\":308,\"publisher\":{\"@id\":\"https:\\\/\\\/www.eldiario.net\\\/portal\\\/#organization\"},\"articleSection\":[\"Pol\u00edtica\"],\"inLanguage\":\"es\"},{\"@type\":\"WebPage\",\"@id\":\"https:\\\/\\\/www.eldiario.net\\\/portal\\\/2021\\\/06\\\/27\\\/exdiputado-quiere-declarar-como-testigo\\\/\",\"url\":\"https:\\\/\\\/www.eldiario.net\\\/portal\\\/2021\\\/06\\\/27\\\/exdiputado-quiere-declarar-como-testigo\\\/\",\"name\":\"Exdiputado quiere declarar como testigo - El Diario - Bolivia\",\"isPartOf\":{\"@id\":\"https:\\\/\\\/www.eldiario.net\\\/portal\\\/#website\"},\"datePublished\":\"2021-06-27T10:16:53+00:00\",\"breadcrumb\":{\"@id\":\"https:\\\/\\\/www.eldiario.net\\\/portal\\\/2021\\\/06\\\/27\\\/exdiputado-quiere-declarar-como-testigo\\\/#breadcrumb\"},\"inLanguage\":\"es\",\"potentialAction\":[{\"@type\":\"ReadAction\",\"target\":[\"https:\\\/\\\/www.eldiario.net\\\/portal\\\/2021\\\/06\\\/27\\\/exdiputado-quiere-declarar-como-testigo\\\/\"]}]},{\"@type\":\"BreadcrumbList\",\"@id\":\"https:\\\/\\\/www.eldiario.net\\\/portal\\\/2021\\\/06\\\/27\\\/exdiputado-quiere-declarar-como-testigo\\\/#breadcrumb\",\"itemListElement\":[{\"@type\":\"ListItem\",\"position\":1,\"name\":\"Portada\",\"item\":\"https:\\\/\\\/www.eldiario.net\\\/portal\\\/\"},{\"@type\":\"ListItem\",\"position\":2,\"name\":\"Exdiputado quiere declarar como testigo\"}]},{\"@type\":\"WebSite\",\"@id\":\"https:\\\/\\\/www.eldiario.net\\\/portal\\\/#website\",\"url\":\"https:\\\/\\\/www.eldiario.net\\\/portal\\\/\",\"name\":\"El Diario - Decano de la prensa nacional\",\"description\":\"El Diario - Decano de la prensa nacional\",\"publisher\":{\"@id\":\"https:\\\/\\\/www.eldiario.net\\\/portal\\\/#organization\"},\"potentialAction\":[{\"@type\":\"SearchAction\",\"target\":{\"@type\":\"EntryPoint\",\"urlTemplate\":\"https:\\\/\\\/www.eldiario.net\\\/portal\\\/?s={search_term_string}\"},\"query-input\":{\"@type\":\"PropertyValueSpecification\",\"valueRequired\":true,\"valueName\":\"search_term_string\"}}],\"inLanguage\":\"es\"},{\"@type\":\"Organization\",\"@id\":\"https:\\\/\\\/www.eldiario.net\\\/portal\\\/#organization\",\"name\":\"El Diario - Decano de la prensa nacional\",\"url\":\"https:\\\/\\\/www.eldiario.net\\\/portal\\\/\",\"logo\":{\"@type\":\"ImageObject\",\"inLanguage\":\"es\",\"@id\":\"https:\\\/\\\/www.eldiario.net\\\/portal\\\/#\\\/schema\\\/logo\\\/image\\\/\",\"url\":\"https:\\\/\\\/www.eldiario.net\\\/portal\\\/wp-content\\\/uploads\\\/2023\\\/07\\\/logo_ED.jpg\",\"contentUrl\":\"https:\\\/\\\/www.eldiario.net\\\/portal\\\/wp-content\\\/uploads\\\/2023\\\/07\\\/logo_ED.jpg\",\"width\":272,\"height\":52,\"caption\":\"El Diario - Decano de la prensa nacional\"},\"image\":{\"@id\":\"https:\\\/\\\/www.eldiario.net\\\/portal\\\/#\\\/schema\\\/logo\\\/image\\\/\"},\"sameAs\":[\"https:\\\/\\\/www.facebook.com\\\/eldiario.bolivia\\\/\",\"https:\\\/\\\/x.com\\\/eldiario_net\"]},{\"@type\":\"Person\",\"@id\":\"https:\\\/\\\/www.eldiario.net\\\/portal\\\/#\\\/schema\\\/person\\\/2c57cf2b7a7ae032e449e4c9b1019eac\",\"name\":\"Jeanette\",\"image\":{\"@type\":\"ImageObject\",\"inLanguage\":\"es\",\"@id\":\"https:\\\/\\\/secure.gravatar.com\\\/avatar\\\/3ea2118a5f7dad2b7138b1187a6b7ee55f160b9968b66013c3a3ef39dd7e5798?s=96&d=mm&r=g\",\"url\":\"https:\\\/\\\/secure.gravatar.com\\\/avatar\\\/3ea2118a5f7dad2b7138b1187a6b7ee55f160b9968b66013c3a3ef39dd7e5798?s=96&d=mm&r=g\",\"contentUrl\":\"https:\\\/\\\/secure.gravatar.com\\\/avatar\\\/3ea2118a5f7dad2b7138b1187a6b7ee55f160b9968b66013c3a3ef39dd7e5798?s=96&d=mm&r=g\",\"caption\":\"Jeanette\"},\"sameAs\":[\"https:\\\/\\\/www.eldiario.net\\\/portal\"],\"url\":\"https:\\\/\\\/www.eldiario.net\\\/portal\\\/author\\\/jeanette\\\/\"}]}<\/script>\n<!-- \/ Yoast SEO plugin. -->","yoast_head_json":{"title":"Exdiputado quiere declarar como testigo - El Diario - Bolivia","robots":{"index":"index","follow":"follow","max-snippet":"max-snippet:-1","max-image-preview":"max-image-preview:large","max-video-preview":"max-video-preview:-1"},"canonical":"https:\/\/www.eldiario.net\/portal\/2021\/06\/27\/exdiputado-quiere-declarar-como-testigo\/","og_locale":"es_ES","og_type":"article","og_title":"Exdiputado quiere declarar como testigo - El Diario - Bolivia","og_description":"El exdiputado Amilcar Barral anunci\u00f3 que con la finalidad de coadyuvar en las investigaciones para esclarecer los hechos tras la crisis post electoral de 2019 y el denominado caso golpe de Estado, solicitar\u00e1 presentar su declaraci\u00f3n ante la Fiscal\u00eda en calidad de testigo. Reiter\u00f3 que luego de las elecciones anuladas se produjo una sucesi\u00f3n constitucional. [&hellip;]","og_url":"https:\/\/www.eldiario.net\/portal\/2021\/06\/27\/exdiputado-quiere-declarar-como-testigo\/","og_site_name":"El Diario - Bolivia","article_publisher":"https:\/\/www.facebook.com\/eldiario.bolivia\/","article_published_time":"2021-06-27T10:16:53+00:00","author":"Jeanette","twitter_card":"summary_large_image","twitter_creator":"@eldiario_net","twitter_site":"@eldiario_net","twitter_misc":{"Escrito por":"Jeanette","Tiempo de lectura":"2 minutos"},"schema":{"@context":"https:\/\/schema.org","@graph":[{"@type":"Article","@id":"https:\/\/www.eldiario.net\/portal\/2021\/06\/27\/exdiputado-quiere-declarar-como-testigo\/#article","isPartOf":{"@id":"https:\/\/www.eldiario.net\/portal\/2021\/06\/27\/exdiputado-quiere-declarar-como-testigo\/"},"author":{"name":"Jeanette","@id":"https:\/\/www.eldiario.net\/portal\/#\/schema\/person\/2c57cf2b7a7ae032e449e4c9b1019eac"},"headline":"Exdiputado quiere declarar como testigo","datePublished":"2021-06-27T10:16:53+00:00","mainEntityOfPage":{"@id":"https:\/\/www.eldiario.net\/portal\/2021\/06\/27\/exdiputado-quiere-declarar-como-testigo\/"},"wordCount":308,"publisher":{"@id":"https:\/\/www.eldiario.net\/portal\/#organization"},"articleSection":["Pol\u00edtica"],"inLanguage":"es"},{"@type":"WebPage","@id":"https:\/\/www.eldiario.net\/portal\/2021\/06\/27\/exdiputado-quiere-declarar-como-testigo\/","url":"https:\/\/www.eldiario.net\/portal\/2021\/06\/27\/exdiputado-quiere-declarar-como-testigo\/","name":"Exdiputado quiere declarar como testigo - El Diario - Bolivia","isPartOf":{"@id":"https:\/\/www.eldiario.net\/portal\/#website"},"datePublished":"2021-06-27T10:16:53+00:00","breadcrumb":{"@id":"https:\/\/www.eldiario.net\/portal\/2021\/06\/27\/exdiputado-quiere-declarar-como-testigo\/#breadcrumb"},"inLanguage":"es","potentialAction":[{"@type":"ReadAction","target":["https:\/\/www.eldiario.net\/portal\/2021\/06\/27\/exdiputado-quiere-declarar-como-testigo\/"]}]},{"@type":"BreadcrumbList","@id":"https:\/\/www.eldiario.net\/portal\/2021\/06\/27\/exdiputado-quiere-declarar-como-testigo\/#breadcrumb","itemListElement":[{"@type":"ListItem","position":1,"name":"Portada","item":"https:\/\/www.eldiario.net\/portal\/"},{"@type":"ListItem","position":2,"name":"Exdiputado quiere declarar como testigo"}]},{"@type":"WebSite","@id":"https:\/\/www.eldiario.net\/portal\/#website","url":"https:\/\/www.eldiario.net\/portal\/","name":"El Diario - Decano de la prensa nacional","description":"El Diario - Decano de la prensa nacional","publisher":{"@id":"https:\/\/www.eldiario.net\/portal\/#organization"},"potentialAction":[{"@type":"SearchAction","target":{"@type":"EntryPoint","urlTemplate":"https:\/\/www.eldiario.net\/portal\/?s={search_term_string}"},"query-input":{"@type":"PropertyValueSpecification","valueRequired":true,"valueName":"search_term_string"}}],"inLanguage":"es"},{"@type":"Organization","@id":"https:\/\/www.eldiario.net\/portal\/#organization","name":"El Diario - Decano de la prensa nacional","url":"https:\/\/www.eldiario.net\/portal\/","logo":{"@type":"ImageObject","inLanguage":"es","@id":"https:\/\/www.eldiario.net\/portal\/#\/schema\/logo\/image\/","url":"https:\/\/www.eldiario.net\/portal\/wp-content\/uploads\/2023\/07\/logo_ED.jpg","contentUrl":"https:\/\/www.eldiario.net\/portal\/wp-content\/uploads\/2023\/07\/logo_ED.jpg","width":272,"height":52,"caption":"El Diario - Decano de la prensa nacional"},"image":{"@id":"https:\/\/www.eldiario.net\/portal\/#\/schema\/logo\/image\/"},"sameAs":["https:\/\/www.facebook.com\/eldiario.bolivia\/","https:\/\/x.com\/eldiario_net"]},{"@type":"Person","@id":"https:\/\/www.eldiario.net\/portal\/#\/schema\/person\/2c57cf2b7a7ae032e449e4c9b1019eac","name":"Jeanette","image":{"@type":"ImageObject","inLanguage":"es","@id":"https:\/\/secure.gravatar.com\/avatar\/3ea2118a5f7dad2b7138b1187a6b7ee55f160b9968b66013c3a3ef39dd7e5798?s=96&d=mm&r=g","url":"https:\/\/secure.gravatar.com\/avatar\/3ea2118a5f7dad2b7138b1187a6b7ee55f160b9968b66013c3a3ef39dd7e5798?s=96&d=mm&r=g","contentUrl":"https:\/\/secure.gravatar.com\/avatar\/3ea2118a5f7dad2b7138b1187a6b7ee55f160b9968b66013c3a3ef39dd7e5798?s=96&d=mm&r=g","caption":"Jeanette"},"sameAs":["https:\/\/www.eldiario.net\/portal"],"url":"https:\/\/www.eldiario.net\/portal\/author\/jeanette\/"}]}},"_links":{"self":[{"href":"https:\/\/www.eldiario.net\/portal\/wp-json\/wp\/v2\/posts\/13161","targetHints":{"allow":["GET"]}}],"collection":[{"href":"https:\/\/www.eldiario.net\/portal\/wp-json\/wp\/v2\/posts"}],"about":[{"href":"https:\/\/www.eldiario.net\/portal\/wp-json\/wp\/v2\/types\/post"}],"author":[{"embeddable":true,"href":"https:\/\/www.eldiario.net\/portal\/wp-json\/wp\/v2\/users\/1"}],"replies":[{"embeddable":true,"href":"https:\/\/www.eldiario.net\/portal\/wp-json\/wp\/v2\/comments?post=13161"}],"version-history":[{"count":0,"href":"https:\/\/www.eldiario.net\/portal\/wp-json\/wp\/v2\/posts\/13161\/revisions"}],"wp:attachment":[{"href":"https:\/\/www.eldiario.net\/portal\/wp-json\/wp\/v2\/media?parent=13161"}],"wp:term":[{"taxonomy":"category","embeddable":true,"href":"https:\/\/www.eldiario.net\/portal\/wp-json\/wp\/v2\/categories?post=13161"},{"taxonomy":"post_tag","embeddable":true,"href":"https:\/\/www.eldiario.net\/portal\/wp-json\/wp\/v2\/tags?post=13161"}],"curies":[{"name":"wp","href":"https:\/\/api.w.org\/{rel}","templated":true}]}}