{"id":13158,"date":"2021-06-27T06:16:12","date_gmt":"2021-06-27T10:16:12","guid":{"rendered":"https:\/\/www.eldiario.net\/portal\/?p=13158"},"modified":"2021-06-27T06:16:12","modified_gmt":"2021-06-27T10:16:12","slug":"longaric-nego-que-se-haya-ocultado-nota-del-papa-francisco-el-2020","status":"publish","type":"post","link":"https:\/\/www.eldiario.net\/portal\/2021\/06\/27\/longaric-nego-que-se-haya-ocultado-nota-del-papa-francisco-el-2020\/","title":{"rendered":"Longaric neg\u00f3 que se haya ocultado  nota del papa Francisco el 2020"},"content":{"rendered":"<p>Luego que hacerse p\u00fablico un documento en el que se se\u00f1ala que el papa Francisco pidi\u00f3 al gobierno transitorio conceder salvoconductos para exautoridades asiladas en la Embajada de M\u00e9xico el 2020 sin obtener una respuesta favorable, la exministra de Relaciones Exteriores Karen Longaric neg\u00f3 que se haya \u201cocultado\u201d esta documentaci\u00f3n y cuestion\u00f3 que en esa ocasi\u00f3n el Vaticano haya tomado una posici\u00f3n en un asunto interno del pa\u00eds.<br \/>\nLa exautoridad sostuvo que durante su gesti\u00f3n, en ning\u00fan momento se ocult\u00f3 documentaci\u00f3n o notas de la Santa Sede en la que el Sumo Pont\u00edfice sugiri\u00f3 emitir salvoconductos en favor de exautoridades del gobierno de Morales.<br \/>\nManifest\u00f3 que a su debido momento, la nota en la que el Santo Padre expres\u00f3 su deseo de que profundizar el proceso de pacificaci\u00f3n fue respondida como se debe, mediante una confirmaci\u00f3n de recibido.<br \/>\n\u201cEsa palabra tan inapropiada, ha ocultado, yo no ten\u00eda por qu\u00e9 ocultar de nadie una nota que se le dio respuesta acusando de recibido como correspond\u00eda\u201d, manifest\u00f3 la exministra de Relaciones Exteriores del Estado.<br \/>\nSobre el contenido de la nota remitida en 2020, la exautoridad se\u00f1al\u00f3 que le caus\u00f3 extra\u00f1eza que desde el Vaticano se haya emitido una posici\u00f3n con respecto a un asunto de car\u00e1cter interno cuando la Santa Sede debe mantenerse neutral en estos aspectos, seg\u00fan indican tratados.<br \/>\n\u201cHe extra\u00f1ado la opini\u00f3n del nuncio apost\u00f3lico sobre este tema porque el tratado de Letr\u00e1n establece que el Vaticano debe ser neutral a todos los conflictos internos e internacionales\u201d manifest\u00f3 Longaric en declaraciones a Radio Compa\u00f1era.<br \/>\nD\u00edas atr\u00e1s, un documento hecho p\u00fablico por radio Fides se\u00f1al\u00f3 que durante un saludo protocolar en el Vaticano el a\u00f1o 2020, el papa Francisco le manifest\u00f3 al embajador de Bolivia una sugerencia en la que planteaba la posibilidad de extender los respectivos salvoconductos para las exautoridades que permanec\u00edan en la embajada mexicana en La Paz sin poder salir al exterior del pa\u00eds como forma de profundizar el proceso de pacificaci\u00f3n. Solicitud que no fue atendida por las entonces autoridades nacionales.<\/p>\n","protected":false},"excerpt":{"rendered":"<p>Luego que hacerse p\u00fablico un documento en el que se se\u00f1ala que el papa Francisco pidi\u00f3 al gobierno transitorio conceder salvoconductos para exautoridades asiladas en la Embajada de M\u00e9xico el 2020 sin obtener una respuesta favorable, la exministra de Relaciones Exteriores Karen Longaric neg\u00f3 que se haya \u201cocultado\u201d esta documentaci\u00f3n y cuestion\u00f3 que en esa [&hellip;]<\/p>\n","protected":false},"author":1,"featured_media":13159,"comment_status":"closed","ping_status":"closed","sticky":false,"template":"","format":"standard","meta":{"_acf_changed":false,"footnotes":""},"categories":[14],"tags":[],"class_list":["post-13158","post","type-post","status-publish","format-standard","has-post-thumbnail","category-politica"],"acf":{"antetitulo":""},"yoast_head":"<!-- This site is optimized with the Yoast SEO plugin v28.4 - https:\/\/yoast.com\/product\/yoast-seo-wordpress\/ -->\n<title>Longaric neg\u00f3 que se haya ocultado nota del papa Francisco el 2020 - El Diario - Bolivia<\/title>\n<meta name=\"robots\" content=\"index, follow, max-snippet:-1, max-image-preview:large, max-video-preview:-1\" \/>\n<link rel=\"canonical\" href=\"https:\/\/www.eldiario.net\/portal\/2021\/06\/27\/longaric-nego-que-se-haya-ocultado-nota-del-papa-francisco-el-2020\/\" \/>\n<meta property=\"og:locale\" content=\"es_ES\" \/>\n<meta property=\"og:type\" content=\"article\" \/>\n<meta property=\"og:title\" content=\"Longaric neg\u00f3 que se haya ocultado nota del papa Francisco el 2020 - El Diario - Bolivia\" \/>\n<meta property=\"og:description\" content=\"Luego que hacerse p\u00fablico un documento en el que se se\u00f1ala que el papa Francisco pidi\u00f3 al gobierno transitorio conceder salvoconductos para exautoridades asiladas en la Embajada de M\u00e9xico el 2020 sin obtener una respuesta favorable, la exministra de Relaciones Exteriores Karen Longaric neg\u00f3 que se haya \u201cocultado\u201d esta documentaci\u00f3n y cuestion\u00f3 que en esa [&hellip;]\" \/>\n<meta property=\"og:url\" content=\"https:\/\/www.eldiario.net\/portal\/2021\/06\/27\/longaric-nego-que-se-haya-ocultado-nota-del-papa-francisco-el-2020\/\" \/>\n<meta property=\"og:site_name\" content=\"El Diario - Bolivia\" \/>\n<meta property=\"article:publisher\" content=\"https:\/\/www.facebook.com\/eldiario.bolivia\/\" \/>\n<meta property=\"article:published_time\" content=\"2021-06-27T10:16:12+00:00\" \/>\n<meta name=\"author\" content=\"Jeanette\" \/>\n<meta name=\"twitter:card\" content=\"summary_large_image\" \/>\n<meta name=\"twitter:creator\" content=\"@eldiario_net\" \/>\n<meta name=\"twitter:site\" content=\"@eldiario_net\" \/>\n<meta name=\"twitter:label1\" content=\"Escrito por\" \/>\n\t<meta name=\"twitter:data1\" content=\"Jeanette\" \/>\n\t<meta name=\"twitter:label2\" content=\"Tiempo de lectura\" \/>\n\t<meta name=\"twitter:data2\" content=\"2 minutos\" \/>\n<script type=\"application\/ld+json\" class=\"yoast-schema-graph\">{\"@context\":\"https:\\\/\\\/schema.org\",\"@graph\":[{\"@type\":\"Article\",\"@id\":\"https:\\\/\\\/www.eldiario.net\\\/portal\\\/2021\\\/06\\\/27\\\/longaric-nego-que-se-haya-ocultado-nota-del-papa-francisco-el-2020\\\/#article\",\"isPartOf\":{\"@id\":\"https:\\\/\\\/www.eldiario.net\\\/portal\\\/2021\\\/06\\\/27\\\/longaric-nego-que-se-haya-ocultado-nota-del-papa-francisco-el-2020\\\/\"},\"author\":{\"name\":\"Jeanette\",\"@id\":\"https:\\\/\\\/www.eldiario.net\\\/portal\\\/#\\\/schema\\\/person\\\/2c57cf2b7a7ae032e449e4c9b1019eac\"},\"headline\":\"Longaric neg\u00f3 que se haya ocultado nota del papa Francisco el 2020\",\"datePublished\":\"2021-06-27T10:16:12+00:00\",\"mainEntityOfPage\":{\"@id\":\"https:\\\/\\\/www.eldiario.net\\\/portal\\\/2021\\\/06\\\/27\\\/longaric-nego-que-se-haya-ocultado-nota-del-papa-francisco-el-2020\\\/\"},\"wordCount\":375,\"publisher\":{\"@id\":\"https:\\\/\\\/www.eldiario.net\\\/portal\\\/#organization\"},\"image\":{\"@id\":\"https:\\\/\\\/www.eldiario.net\\\/portal\\\/2021\\\/06\\\/27\\\/longaric-nego-que-se-haya-ocultado-nota-del-papa-francisco-el-2020\\\/#primaryimage\"},\"thumbnailUrl\":\"\",\"articleSection\":[\"Pol\u00edtica\"],\"inLanguage\":\"es\"},{\"@type\":\"WebPage\",\"@id\":\"https:\\\/\\\/www.eldiario.net\\\/portal\\\/2021\\\/06\\\/27\\\/longaric-nego-que-se-haya-ocultado-nota-del-papa-francisco-el-2020\\\/\",\"url\":\"https:\\\/\\\/www.eldiario.net\\\/portal\\\/2021\\\/06\\\/27\\\/longaric-nego-que-se-haya-ocultado-nota-del-papa-francisco-el-2020\\\/\",\"name\":\"Longaric neg\u00f3 que se haya ocultado nota del papa Francisco el 2020 - El Diario - Bolivia\",\"isPartOf\":{\"@id\":\"https:\\\/\\\/www.eldiario.net\\\/portal\\\/#website\"},\"primaryImageOfPage\":{\"@id\":\"https:\\\/\\\/www.eldiario.net\\\/portal\\\/2021\\\/06\\\/27\\\/longaric-nego-que-se-haya-ocultado-nota-del-papa-francisco-el-2020\\\/#primaryimage\"},\"image\":{\"@id\":\"https:\\\/\\\/www.eldiario.net\\\/portal\\\/2021\\\/06\\\/27\\\/longaric-nego-que-se-haya-ocultado-nota-del-papa-francisco-el-2020\\\/#primaryimage\"},\"thumbnailUrl\":\"\",\"datePublished\":\"2021-06-27T10:16:12+00:00\",\"breadcrumb\":{\"@id\":\"https:\\\/\\\/www.eldiario.net\\\/portal\\\/2021\\\/06\\\/27\\\/longaric-nego-que-se-haya-ocultado-nota-del-papa-francisco-el-2020\\\/#breadcrumb\"},\"inLanguage\":\"es\",\"potentialAction\":[{\"@type\":\"ReadAction\",\"target\":[\"https:\\\/\\\/www.eldiario.net\\\/portal\\\/2021\\\/06\\\/27\\\/longaric-nego-que-se-haya-ocultado-nota-del-papa-francisco-el-2020\\\/\"]}]},{\"@type\":\"ImageObject\",\"inLanguage\":\"es\",\"@id\":\"https:\\\/\\\/www.eldiario.net\\\/portal\\\/2021\\\/06\\\/27\\\/longaric-nego-que-se-haya-ocultado-nota-del-papa-francisco-el-2020\\\/#primaryimage\",\"url\":\"\",\"contentUrl\":\"\"},{\"@type\":\"BreadcrumbList\",\"@id\":\"https:\\\/\\\/www.eldiario.net\\\/portal\\\/2021\\\/06\\\/27\\\/longaric-nego-que-se-haya-ocultado-nota-del-papa-francisco-el-2020\\\/#breadcrumb\",\"itemListElement\":[{\"@type\":\"ListItem\",\"position\":1,\"name\":\"Portada\",\"item\":\"https:\\\/\\\/www.eldiario.net\\\/portal\\\/\"},{\"@type\":\"ListItem\",\"position\":2,\"name\":\"Longaric neg\u00f3 que se haya ocultado nota del papa Francisco el 2020\"}]},{\"@type\":\"WebSite\",\"@id\":\"https:\\\/\\\/www.eldiario.net\\\/portal\\\/#website\",\"url\":\"https:\\\/\\\/www.eldiario.net\\\/portal\\\/\",\"name\":\"El Diario - Decano de la prensa nacional\",\"description\":\"El Diario - Decano de la prensa nacional\",\"publisher\":{\"@id\":\"https:\\\/\\\/www.eldiario.net\\\/portal\\\/#organization\"},\"potentialAction\":[{\"@type\":\"SearchAction\",\"target\":{\"@type\":\"EntryPoint\",\"urlTemplate\":\"https:\\\/\\\/www.eldiario.net\\\/portal\\\/?s={search_term_string}\"},\"query-input\":{\"@type\":\"PropertyValueSpecification\",\"valueRequired\":true,\"valueName\":\"search_term_string\"}}],\"inLanguage\":\"es\"},{\"@type\":\"Organization\",\"@id\":\"https:\\\/\\\/www.eldiario.net\\\/portal\\\/#organization\",\"name\":\"El Diario - Decano de la prensa nacional\",\"url\":\"https:\\\/\\\/www.eldiario.net\\\/portal\\\/\",\"logo\":{\"@type\":\"ImageObject\",\"inLanguage\":\"es\",\"@id\":\"https:\\\/\\\/www.eldiario.net\\\/portal\\\/#\\\/schema\\\/logo\\\/image\\\/\",\"url\":\"https:\\\/\\\/www.eldiario.net\\\/portal\\\/wp-content\\\/uploads\\\/2023\\\/07\\\/logo_ED.jpg\",\"contentUrl\":\"https:\\\/\\\/www.eldiario.net\\\/portal\\\/wp-content\\\/uploads\\\/2023\\\/07\\\/logo_ED.jpg\",\"width\":272,\"height\":52,\"caption\":\"El Diario - Decano de la prensa nacional\"},\"image\":{\"@id\":\"https:\\\/\\\/www.eldiario.net\\\/portal\\\/#\\\/schema\\\/logo\\\/image\\\/\"},\"sameAs\":[\"https:\\\/\\\/www.facebook.com\\\/eldiario.bolivia\\\/\",\"https:\\\/\\\/x.com\\\/eldiario_net\"]},{\"@type\":\"Person\",\"@id\":\"https:\\\/\\\/www.eldiario.net\\\/portal\\\/#\\\/schema\\\/person\\\/2c57cf2b7a7ae032e449e4c9b1019eac\",\"name\":\"Jeanette\",\"image\":{\"@type\":\"ImageObject\",\"inLanguage\":\"es\",\"@id\":\"https:\\\/\\\/secure.gravatar.com\\\/avatar\\\/3ea2118a5f7dad2b7138b1187a6b7ee55f160b9968b66013c3a3ef39dd7e5798?s=96&d=mm&r=g\",\"url\":\"https:\\\/\\\/secure.gravatar.com\\\/avatar\\\/3ea2118a5f7dad2b7138b1187a6b7ee55f160b9968b66013c3a3ef39dd7e5798?s=96&d=mm&r=g\",\"contentUrl\":\"https:\\\/\\\/secure.gravatar.com\\\/avatar\\\/3ea2118a5f7dad2b7138b1187a6b7ee55f160b9968b66013c3a3ef39dd7e5798?s=96&d=mm&r=g\",\"caption\":\"Jeanette\"},\"sameAs\":[\"https:\\\/\\\/www.eldiario.net\\\/portal\"],\"url\":\"https:\\\/\\\/www.eldiario.net\\\/portal\\\/author\\\/jeanette\\\/\"}]}<\/script>\n<!-- \/ Yoast SEO plugin. -->","yoast_head_json":{"title":"Longaric neg\u00f3 que se haya ocultado nota del papa Francisco el 2020 - El Diario - Bolivia","robots":{"index":"index","follow":"follow","max-snippet":"max-snippet:-1","max-image-preview":"max-image-preview:large","max-video-preview":"max-video-preview:-1"},"canonical":"https:\/\/www.eldiario.net\/portal\/2021\/06\/27\/longaric-nego-que-se-haya-ocultado-nota-del-papa-francisco-el-2020\/","og_locale":"es_ES","og_type":"article","og_title":"Longaric neg\u00f3 que se haya ocultado nota del papa Francisco el 2020 - El Diario - Bolivia","og_description":"Luego que hacerse p\u00fablico un documento en el que se se\u00f1ala que el papa Francisco pidi\u00f3 al gobierno transitorio conceder salvoconductos para exautoridades asiladas en la Embajada de M\u00e9xico el 2020 sin obtener una respuesta favorable, la exministra de Relaciones Exteriores Karen Longaric neg\u00f3 que se haya \u201cocultado\u201d esta documentaci\u00f3n y cuestion\u00f3 que en esa [&hellip;]","og_url":"https:\/\/www.eldiario.net\/portal\/2021\/06\/27\/longaric-nego-que-se-haya-ocultado-nota-del-papa-francisco-el-2020\/","og_site_name":"El Diario - Bolivia","article_publisher":"https:\/\/www.facebook.com\/eldiario.bolivia\/","article_published_time":"2021-06-27T10:16:12+00:00","author":"Jeanette","twitter_card":"summary_large_image","twitter_creator":"@eldiario_net","twitter_site":"@eldiario_net","twitter_misc":{"Escrito por":"Jeanette","Tiempo de lectura":"2 minutos"},"schema":{"@context":"https:\/\/schema.org","@graph":[{"@type":"Article","@id":"https:\/\/www.eldiario.net\/portal\/2021\/06\/27\/longaric-nego-que-se-haya-ocultado-nota-del-papa-francisco-el-2020\/#article","isPartOf":{"@id":"https:\/\/www.eldiario.net\/portal\/2021\/06\/27\/longaric-nego-que-se-haya-ocultado-nota-del-papa-francisco-el-2020\/"},"author":{"name":"Jeanette","@id":"https:\/\/www.eldiario.net\/portal\/#\/schema\/person\/2c57cf2b7a7ae032e449e4c9b1019eac"},"headline":"Longaric neg\u00f3 que se haya ocultado nota del papa Francisco el 2020","datePublished":"2021-06-27T10:16:12+00:00","mainEntityOfPage":{"@id":"https:\/\/www.eldiario.net\/portal\/2021\/06\/27\/longaric-nego-que-se-haya-ocultado-nota-del-papa-francisco-el-2020\/"},"wordCount":375,"publisher":{"@id":"https:\/\/www.eldiario.net\/portal\/#organization"},"image":{"@id":"https:\/\/www.eldiario.net\/portal\/2021\/06\/27\/longaric-nego-que-se-haya-ocultado-nota-del-papa-francisco-el-2020\/#primaryimage"},"thumbnailUrl":"","articleSection":["Pol\u00edtica"],"inLanguage":"es"},{"@type":"WebPage","@id":"https:\/\/www.eldiario.net\/portal\/2021\/06\/27\/longaric-nego-que-se-haya-ocultado-nota-del-papa-francisco-el-2020\/","url":"https:\/\/www.eldiario.net\/portal\/2021\/06\/27\/longaric-nego-que-se-haya-ocultado-nota-del-papa-francisco-el-2020\/","name":"Longaric neg\u00f3 que se haya ocultado nota del papa Francisco el 2020 - El Diario - Bolivia","isPartOf":{"@id":"https:\/\/www.eldiario.net\/portal\/#website"},"primaryImageOfPage":{"@id":"https:\/\/www.eldiario.net\/portal\/2021\/06\/27\/longaric-nego-que-se-haya-ocultado-nota-del-papa-francisco-el-2020\/#primaryimage"},"image":{"@id":"https:\/\/www.eldiario.net\/portal\/2021\/06\/27\/longaric-nego-que-se-haya-ocultado-nota-del-papa-francisco-el-2020\/#primaryimage"},"thumbnailUrl":"","datePublished":"2021-06-27T10:16:12+00:00","breadcrumb":{"@id":"https:\/\/www.eldiario.net\/portal\/2021\/06\/27\/longaric-nego-que-se-haya-ocultado-nota-del-papa-francisco-el-2020\/#breadcrumb"},"inLanguage":"es","potentialAction":[{"@type":"ReadAction","target":["https:\/\/www.eldiario.net\/portal\/2021\/06\/27\/longaric-nego-que-se-haya-ocultado-nota-del-papa-francisco-el-2020\/"]}]},{"@type":"ImageObject","inLanguage":"es","@id":"https:\/\/www.eldiario.net\/portal\/2021\/06\/27\/longaric-nego-que-se-haya-ocultado-nota-del-papa-francisco-el-2020\/#primaryimage","url":"","contentUrl":""},{"@type":"BreadcrumbList","@id":"https:\/\/www.eldiario.net\/portal\/2021\/06\/27\/longaric-nego-que-se-haya-ocultado-nota-del-papa-francisco-el-2020\/#breadcrumb","itemListElement":[{"@type":"ListItem","position":1,"name":"Portada","item":"https:\/\/www.eldiario.net\/portal\/"},{"@type":"ListItem","position":2,"name":"Longaric neg\u00f3 que se haya ocultado nota del papa Francisco el 2020"}]},{"@type":"WebSite","@id":"https:\/\/www.eldiario.net\/portal\/#website","url":"https:\/\/www.eldiario.net\/portal\/","name":"El Diario - Decano de la prensa nacional","description":"El Diario - Decano de la prensa nacional","publisher":{"@id":"https:\/\/www.eldiario.net\/portal\/#organization"},"potentialAction":[{"@type":"SearchAction","target":{"@type":"EntryPoint","urlTemplate":"https:\/\/www.eldiario.net\/portal\/?s={search_term_string}"},"query-input":{"@type":"PropertyValueSpecification","valueRequired":true,"valueName":"search_term_string"}}],"inLanguage":"es"},{"@type":"Organization","@id":"https:\/\/www.eldiario.net\/portal\/#organization","name":"El Diario - Decano de la prensa nacional","url":"https:\/\/www.eldiario.net\/portal\/","logo":{"@type":"ImageObject","inLanguage":"es","@id":"https:\/\/www.eldiario.net\/portal\/#\/schema\/logo\/image\/","url":"https:\/\/www.eldiario.net\/portal\/wp-content\/uploads\/2023\/07\/logo_ED.jpg","contentUrl":"https:\/\/www.eldiario.net\/portal\/wp-content\/uploads\/2023\/07\/logo_ED.jpg","width":272,"height":52,"caption":"El Diario - Decano de la prensa nacional"},"image":{"@id":"https:\/\/www.eldiario.net\/portal\/#\/schema\/logo\/image\/"},"sameAs":["https:\/\/www.facebook.com\/eldiario.bolivia\/","https:\/\/x.com\/eldiario_net"]},{"@type":"Person","@id":"https:\/\/www.eldiario.net\/portal\/#\/schema\/person\/2c57cf2b7a7ae032e449e4c9b1019eac","name":"Jeanette","image":{"@type":"ImageObject","inLanguage":"es","@id":"https:\/\/secure.gravatar.com\/avatar\/3ea2118a5f7dad2b7138b1187a6b7ee55f160b9968b66013c3a3ef39dd7e5798?s=96&d=mm&r=g","url":"https:\/\/secure.gravatar.com\/avatar\/3ea2118a5f7dad2b7138b1187a6b7ee55f160b9968b66013c3a3ef39dd7e5798?s=96&d=mm&r=g","contentUrl":"https:\/\/secure.gravatar.com\/avatar\/3ea2118a5f7dad2b7138b1187a6b7ee55f160b9968b66013c3a3ef39dd7e5798?s=96&d=mm&r=g","caption":"Jeanette"},"sameAs":["https:\/\/www.eldiario.net\/portal"],"url":"https:\/\/www.eldiario.net\/portal\/author\/jeanette\/"}]}},"_links":{"self":[{"href":"https:\/\/www.eldiario.net\/portal\/wp-json\/wp\/v2\/posts\/13158","targetHints":{"allow":["GET"]}}],"collection":[{"href":"https:\/\/www.eldiario.net\/portal\/wp-json\/wp\/v2\/posts"}],"about":[{"href":"https:\/\/www.eldiario.net\/portal\/wp-json\/wp\/v2\/types\/post"}],"author":[{"embeddable":true,"href":"https:\/\/www.eldiario.net\/portal\/wp-json\/wp\/v2\/users\/1"}],"replies":[{"embeddable":true,"href":"https:\/\/www.eldiario.net\/portal\/wp-json\/wp\/v2\/comments?post=13158"}],"version-history":[{"count":0,"href":"https:\/\/www.eldiario.net\/portal\/wp-json\/wp\/v2\/posts\/13158\/revisions"}],"wp:attachment":[{"href":"https:\/\/www.eldiario.net\/portal\/wp-json\/wp\/v2\/media?parent=13158"}],"wp:term":[{"taxonomy":"category","embeddable":true,"href":"https:\/\/www.eldiario.net\/portal\/wp-json\/wp\/v2\/categories?post=13158"},{"taxonomy":"post_tag","embeddable":true,"href":"https:\/\/www.eldiario.net\/portal\/wp-json\/wp\/v2\/tags?post=13158"}],"curies":[{"name":"wp","href":"https:\/\/api.w.org\/{rel}","templated":true}]}}