{"id":13156,"date":"2021-06-27T06:15:08","date_gmt":"2021-06-27T10:15:08","guid":{"rendered":"https:\/\/www.eldiario.net\/portal\/?p=13156"},"modified":"2021-06-27T06:15:08","modified_gmt":"2021-06-27T10:15:08","slug":"oep-y-sereci-capacitaron-personal-en-gestion-documental-y-archivos","status":"publish","type":"post","link":"https:\/\/www.eldiario.net\/portal\/2021\/06\/27\/oep-y-sereci-capacitaron-personal-en-gestion-documental-y-archivos\/","title":{"rendered":"OEP y Serec\u00ed capacitaron personal  en gesti\u00f3n documental y archivos"},"content":{"rendered":"<p>Con la finalidad de efectivizar las capacidades de su personal, el \u00d3rgano Electoral Plurinacional (OEP) dispuso que distintas Direcciones Departamentales del Serec\u00ed deleguen a servidores p\u00fablicos para que reciban capacitaci\u00f3n, al igual que personeros de la Direcci\u00f3n Nacional de esa entidad, personal de Secretar\u00eda de C\u00e1mara del Tribunal Supremo Electoral (TSE) y del Servicio Intercultural de Fortalecimiento Democr\u00e1tico (Sifde).<br \/>\nEl curso fue dictado por personal del Archivo y Biblioteca Nacionales de Bolivia (ABNB), dependiente de la Fundaci\u00f3n Cultural del Banco Central de Bolivia (FC-BCB), entre el martes 22 y el viernes 25 de junio. Gesti\u00f3n realizada por el Serec\u00ed Chuquisaca para obtener capacitaci\u00f3n t\u00e9cnica, mejoramiento de las habilidades y conocimientos del personal de archivos y otras \u00e1reas.<br \/>\nEl curso fue centrado en ejes tem\u00e1ticos que hacen referencia a las \u00e1reas de archiv\u00edstica, gesti\u00f3n documental, digitalizaci\u00f3n y uso del sistema de descripci\u00f3n archiv\u00edstica.<br \/>\nLa actividad de capacitaci\u00f3n se realiz\u00f3 en modalidad virtual, en el marco del programa de Asistencia T\u00e9cnica Permanente, que desarrolla cada a\u00f1o el ABNB, que brinda asesoramiento t\u00e9cnico dirigido a un desempe\u00f1o eficiente del manejo de documentos de archivo en todas las instituciones del pa\u00eds.<br \/>\nEl Serec\u00ed, que depende del TSE, se encarga de organizar, certificar y administrar el registro de las personas naturales, en cuanto a nombres y apellidos, su estado civil, filiaci\u00f3n, nacimiento, hechos vitales y defunci\u00f3n; adem\u00e1s, administra el padr\u00f3n electoral, es decir, la base de datos de los votantes para el ejercicio de los derechos civiles y pol\u00edticos.<br \/>\nEn ese marco, el personal de esta instituci\u00f3n recibe capacitaci\u00f3n constante en distintas \u00e1reas, como la que se brind\u00f3 en esta oportunidad.<\/p>\n","protected":false},"excerpt":{"rendered":"<p>Con la finalidad de efectivizar las capacidades de su personal, el \u00d3rgano Electoral Plurinacional (OEP) dispuso que distintas Direcciones Departamentales del Serec\u00ed deleguen a servidores p\u00fablicos para que reciban capacitaci\u00f3n, al igual que personeros de la Direcci\u00f3n Nacional de esa entidad, personal de Secretar\u00eda de C\u00e1mara del Tribunal Supremo Electoral (TSE) y del Servicio Intercultural [&hellip;]<\/p>\n","protected":false},"author":1,"featured_media":0,"comment_status":"closed","ping_status":"closed","sticky":false,"template":"","format":"standard","meta":{"_acf_changed":false,"footnotes":""},"categories":[14],"tags":[],"class_list":["post-13156","post","type-post","status-publish","format-standard","category-politica"],"acf":{"antetitulo":""},"yoast_head":"<!-- This site is optimized with the Yoast SEO plugin v28.4 - https:\/\/yoast.com\/product\/yoast-seo-wordpress\/ -->\n<title>OEP y Serec\u00ed capacitaron personal en gesti\u00f3n documental y archivos - El Diario - Bolivia<\/title>\n<meta name=\"robots\" content=\"index, follow, max-snippet:-1, max-image-preview:large, max-video-preview:-1\" \/>\n<link rel=\"canonical\" href=\"https:\/\/www.eldiario.net\/portal\/2021\/06\/27\/oep-y-sereci-capacitaron-personal-en-gestion-documental-y-archivos\/\" \/>\n<meta property=\"og:locale\" content=\"es_ES\" \/>\n<meta property=\"og:type\" content=\"article\" \/>\n<meta property=\"og:title\" content=\"OEP y Serec\u00ed capacitaron personal en gesti\u00f3n documental y archivos - El Diario - Bolivia\" \/>\n<meta property=\"og:description\" content=\"Con la finalidad de efectivizar las capacidades de su personal, el \u00d3rgano Electoral Plurinacional (OEP) dispuso que distintas Direcciones Departamentales del Serec\u00ed deleguen a servidores p\u00fablicos para que reciban capacitaci\u00f3n, al igual que personeros de la Direcci\u00f3n Nacional de esa entidad, personal de Secretar\u00eda de C\u00e1mara del Tribunal Supremo Electoral (TSE) y del Servicio Intercultural [&hellip;]\" \/>\n<meta property=\"og:url\" content=\"https:\/\/www.eldiario.net\/portal\/2021\/06\/27\/oep-y-sereci-capacitaron-personal-en-gestion-documental-y-archivos\/\" \/>\n<meta property=\"og:site_name\" content=\"El Diario - Bolivia\" \/>\n<meta property=\"article:publisher\" content=\"https:\/\/www.facebook.com\/eldiario.bolivia\/\" \/>\n<meta property=\"article:published_time\" content=\"2021-06-27T10:15:08+00:00\" \/>\n<meta name=\"author\" content=\"Jeanette\" \/>\n<meta name=\"twitter:card\" content=\"summary_large_image\" \/>\n<meta name=\"twitter:creator\" content=\"@eldiario_net\" \/>\n<meta name=\"twitter:site\" content=\"@eldiario_net\" \/>\n<meta name=\"twitter:label1\" content=\"Escrito por\" \/>\n\t<meta name=\"twitter:data1\" content=\"Jeanette\" \/>\n\t<meta name=\"twitter:label2\" content=\"Tiempo de lectura\" \/>\n\t<meta name=\"twitter:data2\" content=\"2 minutos\" \/>\n<script type=\"application\/ld+json\" class=\"yoast-schema-graph\">{\"@context\":\"https:\\\/\\\/schema.org\",\"@graph\":[{\"@type\":\"Article\",\"@id\":\"https:\\\/\\\/www.eldiario.net\\\/portal\\\/2021\\\/06\\\/27\\\/oep-y-sereci-capacitaron-personal-en-gestion-documental-y-archivos\\\/#article\",\"isPartOf\":{\"@id\":\"https:\\\/\\\/www.eldiario.net\\\/portal\\\/2021\\\/06\\\/27\\\/oep-y-sereci-capacitaron-personal-en-gestion-documental-y-archivos\\\/\"},\"author\":{\"name\":\"Jeanette\",\"@id\":\"https:\\\/\\\/www.eldiario.net\\\/portal\\\/#\\\/schema\\\/person\\\/2c57cf2b7a7ae032e449e4c9b1019eac\"},\"headline\":\"OEP y Serec\u00ed capacitaron personal en gesti\u00f3n documental y archivos\",\"datePublished\":\"2021-06-27T10:15:08+00:00\",\"mainEntityOfPage\":{\"@id\":\"https:\\\/\\\/www.eldiario.net\\\/portal\\\/2021\\\/06\\\/27\\\/oep-y-sereci-capacitaron-personal-en-gestion-documental-y-archivos\\\/\"},\"wordCount\":304,\"publisher\":{\"@id\":\"https:\\\/\\\/www.eldiario.net\\\/portal\\\/#organization\"},\"articleSection\":[\"Pol\u00edtica\"],\"inLanguage\":\"es\"},{\"@type\":\"WebPage\",\"@id\":\"https:\\\/\\\/www.eldiario.net\\\/portal\\\/2021\\\/06\\\/27\\\/oep-y-sereci-capacitaron-personal-en-gestion-documental-y-archivos\\\/\",\"url\":\"https:\\\/\\\/www.eldiario.net\\\/portal\\\/2021\\\/06\\\/27\\\/oep-y-sereci-capacitaron-personal-en-gestion-documental-y-archivos\\\/\",\"name\":\"OEP y Serec\u00ed capacitaron personal en gesti\u00f3n documental y archivos - El Diario - Bolivia\",\"isPartOf\":{\"@id\":\"https:\\\/\\\/www.eldiario.net\\\/portal\\\/#website\"},\"datePublished\":\"2021-06-27T10:15:08+00:00\",\"breadcrumb\":{\"@id\":\"https:\\\/\\\/www.eldiario.net\\\/portal\\\/2021\\\/06\\\/27\\\/oep-y-sereci-capacitaron-personal-en-gestion-documental-y-archivos\\\/#breadcrumb\"},\"inLanguage\":\"es\",\"potentialAction\":[{\"@type\":\"ReadAction\",\"target\":[\"https:\\\/\\\/www.eldiario.net\\\/portal\\\/2021\\\/06\\\/27\\\/oep-y-sereci-capacitaron-personal-en-gestion-documental-y-archivos\\\/\"]}]},{\"@type\":\"BreadcrumbList\",\"@id\":\"https:\\\/\\\/www.eldiario.net\\\/portal\\\/2021\\\/06\\\/27\\\/oep-y-sereci-capacitaron-personal-en-gestion-documental-y-archivos\\\/#breadcrumb\",\"itemListElement\":[{\"@type\":\"ListItem\",\"position\":1,\"name\":\"Portada\",\"item\":\"https:\\\/\\\/www.eldiario.net\\\/portal\\\/\"},{\"@type\":\"ListItem\",\"position\":2,\"name\":\"OEP y Serec\u00ed capacitaron personal en gesti\u00f3n documental y archivos\"}]},{\"@type\":\"WebSite\",\"@id\":\"https:\\\/\\\/www.eldiario.net\\\/portal\\\/#website\",\"url\":\"https:\\\/\\\/www.eldiario.net\\\/portal\\\/\",\"name\":\"El Diario - Decano de la prensa nacional\",\"description\":\"El Diario - Decano de la prensa nacional\",\"publisher\":{\"@id\":\"https:\\\/\\\/www.eldiario.net\\\/portal\\\/#organization\"},\"potentialAction\":[{\"@type\":\"SearchAction\",\"target\":{\"@type\":\"EntryPoint\",\"urlTemplate\":\"https:\\\/\\\/www.eldiario.net\\\/portal\\\/?s={search_term_string}\"},\"query-input\":{\"@type\":\"PropertyValueSpecification\",\"valueRequired\":true,\"valueName\":\"search_term_string\"}}],\"inLanguage\":\"es\"},{\"@type\":\"Organization\",\"@id\":\"https:\\\/\\\/www.eldiario.net\\\/portal\\\/#organization\",\"name\":\"El Diario - Decano de la prensa nacional\",\"url\":\"https:\\\/\\\/www.eldiario.net\\\/portal\\\/\",\"logo\":{\"@type\":\"ImageObject\",\"inLanguage\":\"es\",\"@id\":\"https:\\\/\\\/www.eldiario.net\\\/portal\\\/#\\\/schema\\\/logo\\\/image\\\/\",\"url\":\"https:\\\/\\\/www.eldiario.net\\\/portal\\\/wp-content\\\/uploads\\\/2023\\\/07\\\/logo_ED.jpg\",\"contentUrl\":\"https:\\\/\\\/www.eldiario.net\\\/portal\\\/wp-content\\\/uploads\\\/2023\\\/07\\\/logo_ED.jpg\",\"width\":272,\"height\":52,\"caption\":\"El Diario - Decano de la prensa nacional\"},\"image\":{\"@id\":\"https:\\\/\\\/www.eldiario.net\\\/portal\\\/#\\\/schema\\\/logo\\\/image\\\/\"},\"sameAs\":[\"https:\\\/\\\/www.facebook.com\\\/eldiario.bolivia\\\/\",\"https:\\\/\\\/x.com\\\/eldiario_net\"]},{\"@type\":\"Person\",\"@id\":\"https:\\\/\\\/www.eldiario.net\\\/portal\\\/#\\\/schema\\\/person\\\/2c57cf2b7a7ae032e449e4c9b1019eac\",\"name\":\"Jeanette\",\"image\":{\"@type\":\"ImageObject\",\"inLanguage\":\"es\",\"@id\":\"https:\\\/\\\/secure.gravatar.com\\\/avatar\\\/3ea2118a5f7dad2b7138b1187a6b7ee55f160b9968b66013c3a3ef39dd7e5798?s=96&d=mm&r=g\",\"url\":\"https:\\\/\\\/secure.gravatar.com\\\/avatar\\\/3ea2118a5f7dad2b7138b1187a6b7ee55f160b9968b66013c3a3ef39dd7e5798?s=96&d=mm&r=g\",\"contentUrl\":\"https:\\\/\\\/secure.gravatar.com\\\/avatar\\\/3ea2118a5f7dad2b7138b1187a6b7ee55f160b9968b66013c3a3ef39dd7e5798?s=96&d=mm&r=g\",\"caption\":\"Jeanette\"},\"sameAs\":[\"https:\\\/\\\/www.eldiario.net\\\/portal\"],\"url\":\"https:\\\/\\\/www.eldiario.net\\\/portal\\\/author\\\/jeanette\\\/\"}]}<\/script>\n<!-- \/ Yoast SEO plugin. -->","yoast_head_json":{"title":"OEP y Serec\u00ed capacitaron personal en gesti\u00f3n documental y archivos - El Diario - Bolivia","robots":{"index":"index","follow":"follow","max-snippet":"max-snippet:-1","max-image-preview":"max-image-preview:large","max-video-preview":"max-video-preview:-1"},"canonical":"https:\/\/www.eldiario.net\/portal\/2021\/06\/27\/oep-y-sereci-capacitaron-personal-en-gestion-documental-y-archivos\/","og_locale":"es_ES","og_type":"article","og_title":"OEP y Serec\u00ed capacitaron personal en gesti\u00f3n documental y archivos - El Diario - Bolivia","og_description":"Con la finalidad de efectivizar las capacidades de su personal, el \u00d3rgano Electoral Plurinacional (OEP) dispuso que distintas Direcciones Departamentales del Serec\u00ed deleguen a servidores p\u00fablicos para que reciban capacitaci\u00f3n, al igual que personeros de la Direcci\u00f3n Nacional de esa entidad, personal de Secretar\u00eda de C\u00e1mara del Tribunal Supremo Electoral (TSE) y del Servicio Intercultural [&hellip;]","og_url":"https:\/\/www.eldiario.net\/portal\/2021\/06\/27\/oep-y-sereci-capacitaron-personal-en-gestion-documental-y-archivos\/","og_site_name":"El Diario - Bolivia","article_publisher":"https:\/\/www.facebook.com\/eldiario.bolivia\/","article_published_time":"2021-06-27T10:15:08+00:00","author":"Jeanette","twitter_card":"summary_large_image","twitter_creator":"@eldiario_net","twitter_site":"@eldiario_net","twitter_misc":{"Escrito por":"Jeanette","Tiempo de lectura":"2 minutos"},"schema":{"@context":"https:\/\/schema.org","@graph":[{"@type":"Article","@id":"https:\/\/www.eldiario.net\/portal\/2021\/06\/27\/oep-y-sereci-capacitaron-personal-en-gestion-documental-y-archivos\/#article","isPartOf":{"@id":"https:\/\/www.eldiario.net\/portal\/2021\/06\/27\/oep-y-sereci-capacitaron-personal-en-gestion-documental-y-archivos\/"},"author":{"name":"Jeanette","@id":"https:\/\/www.eldiario.net\/portal\/#\/schema\/person\/2c57cf2b7a7ae032e449e4c9b1019eac"},"headline":"OEP y Serec\u00ed capacitaron personal en gesti\u00f3n documental y archivos","datePublished":"2021-06-27T10:15:08+00:00","mainEntityOfPage":{"@id":"https:\/\/www.eldiario.net\/portal\/2021\/06\/27\/oep-y-sereci-capacitaron-personal-en-gestion-documental-y-archivos\/"},"wordCount":304,"publisher":{"@id":"https:\/\/www.eldiario.net\/portal\/#organization"},"articleSection":["Pol\u00edtica"],"inLanguage":"es"},{"@type":"WebPage","@id":"https:\/\/www.eldiario.net\/portal\/2021\/06\/27\/oep-y-sereci-capacitaron-personal-en-gestion-documental-y-archivos\/","url":"https:\/\/www.eldiario.net\/portal\/2021\/06\/27\/oep-y-sereci-capacitaron-personal-en-gestion-documental-y-archivos\/","name":"OEP y Serec\u00ed capacitaron personal en gesti\u00f3n documental y archivos - El Diario - Bolivia","isPartOf":{"@id":"https:\/\/www.eldiario.net\/portal\/#website"},"datePublished":"2021-06-27T10:15:08+00:00","breadcrumb":{"@id":"https:\/\/www.eldiario.net\/portal\/2021\/06\/27\/oep-y-sereci-capacitaron-personal-en-gestion-documental-y-archivos\/#breadcrumb"},"inLanguage":"es","potentialAction":[{"@type":"ReadAction","target":["https:\/\/www.eldiario.net\/portal\/2021\/06\/27\/oep-y-sereci-capacitaron-personal-en-gestion-documental-y-archivos\/"]}]},{"@type":"BreadcrumbList","@id":"https:\/\/www.eldiario.net\/portal\/2021\/06\/27\/oep-y-sereci-capacitaron-personal-en-gestion-documental-y-archivos\/#breadcrumb","itemListElement":[{"@type":"ListItem","position":1,"name":"Portada","item":"https:\/\/www.eldiario.net\/portal\/"},{"@type":"ListItem","position":2,"name":"OEP y Serec\u00ed capacitaron personal en gesti\u00f3n documental y archivos"}]},{"@type":"WebSite","@id":"https:\/\/www.eldiario.net\/portal\/#website","url":"https:\/\/www.eldiario.net\/portal\/","name":"El Diario - Decano de la prensa nacional","description":"El Diario - Decano de la prensa nacional","publisher":{"@id":"https:\/\/www.eldiario.net\/portal\/#organization"},"potentialAction":[{"@type":"SearchAction","target":{"@type":"EntryPoint","urlTemplate":"https:\/\/www.eldiario.net\/portal\/?s={search_term_string}"},"query-input":{"@type":"PropertyValueSpecification","valueRequired":true,"valueName":"search_term_string"}}],"inLanguage":"es"},{"@type":"Organization","@id":"https:\/\/www.eldiario.net\/portal\/#organization","name":"El Diario - Decano de la prensa nacional","url":"https:\/\/www.eldiario.net\/portal\/","logo":{"@type":"ImageObject","inLanguage":"es","@id":"https:\/\/www.eldiario.net\/portal\/#\/schema\/logo\/image\/","url":"https:\/\/www.eldiario.net\/portal\/wp-content\/uploads\/2023\/07\/logo_ED.jpg","contentUrl":"https:\/\/www.eldiario.net\/portal\/wp-content\/uploads\/2023\/07\/logo_ED.jpg","width":272,"height":52,"caption":"El Diario - Decano de la prensa nacional"},"image":{"@id":"https:\/\/www.eldiario.net\/portal\/#\/schema\/logo\/image\/"},"sameAs":["https:\/\/www.facebook.com\/eldiario.bolivia\/","https:\/\/x.com\/eldiario_net"]},{"@type":"Person","@id":"https:\/\/www.eldiario.net\/portal\/#\/schema\/person\/2c57cf2b7a7ae032e449e4c9b1019eac","name":"Jeanette","image":{"@type":"ImageObject","inLanguage":"es","@id":"https:\/\/secure.gravatar.com\/avatar\/3ea2118a5f7dad2b7138b1187a6b7ee55f160b9968b66013c3a3ef39dd7e5798?s=96&d=mm&r=g","url":"https:\/\/secure.gravatar.com\/avatar\/3ea2118a5f7dad2b7138b1187a6b7ee55f160b9968b66013c3a3ef39dd7e5798?s=96&d=mm&r=g","contentUrl":"https:\/\/secure.gravatar.com\/avatar\/3ea2118a5f7dad2b7138b1187a6b7ee55f160b9968b66013c3a3ef39dd7e5798?s=96&d=mm&r=g","caption":"Jeanette"},"sameAs":["https:\/\/www.eldiario.net\/portal"],"url":"https:\/\/www.eldiario.net\/portal\/author\/jeanette\/"}]}},"_links":{"self":[{"href":"https:\/\/www.eldiario.net\/portal\/wp-json\/wp\/v2\/posts\/13156","targetHints":{"allow":["GET"]}}],"collection":[{"href":"https:\/\/www.eldiario.net\/portal\/wp-json\/wp\/v2\/posts"}],"about":[{"href":"https:\/\/www.eldiario.net\/portal\/wp-json\/wp\/v2\/types\/post"}],"author":[{"embeddable":true,"href":"https:\/\/www.eldiario.net\/portal\/wp-json\/wp\/v2\/users\/1"}],"replies":[{"embeddable":true,"href":"https:\/\/www.eldiario.net\/portal\/wp-json\/wp\/v2\/comments?post=13156"}],"version-history":[{"count":0,"href":"https:\/\/www.eldiario.net\/portal\/wp-json\/wp\/v2\/posts\/13156\/revisions"}],"wp:attachment":[{"href":"https:\/\/www.eldiario.net\/portal\/wp-json\/wp\/v2\/media?parent=13156"}],"wp:term":[{"taxonomy":"category","embeddable":true,"href":"https:\/\/www.eldiario.net\/portal\/wp-json\/wp\/v2\/categories?post=13156"},{"taxonomy":"post_tag","embeddable":true,"href":"https:\/\/www.eldiario.net\/portal\/wp-json\/wp\/v2\/tags?post=13156"}],"curies":[{"name":"wp","href":"https:\/\/api.w.org\/{rel}","templated":true}]}}