{"id":13153,"date":"2021-06-27T06:14:18","date_gmt":"2021-06-27T10:14:18","guid":{"rendered":"https:\/\/www.eldiario.net\/portal\/?p=13153"},"modified":"2021-06-27T06:14:18","modified_gmt":"2021-06-27T10:14:18","slug":"sargentos-de-la-armada-fueron-capacitados-para-policia-militar","status":"publish","type":"post","link":"https:\/\/www.eldiario.net\/portal\/2021\/06\/27\/sargentos-de-la-armada-fueron-capacitados-para-policia-militar\/","title":{"rendered":"Sargentos de la Armada fueron  capacitados para Polic\u00eda Militar"},"content":{"rendered":"<p class=\"v1MsoNormal\">Casi medio centenar de efectivos\u00a0navales con grado de sargentos de la Promoci\u00f3n 2020 de la Armada Boliviana, recibieron instrucci\u00f3n de Polic\u00eda Militar Naval durante ocho semanas continuas. Este adiestramiento te\u00f3rico y pr\u00e1ctico fue concluido satisfactoriamente con una Demostraci\u00f3n de Eficiencia Combativa para que personal de esta unidad aplique y demuestre lo aprendido en este per\u00edodo de instrucci\u00f3n.<\/p>\n<p class=\"v1MsoNormal\">Este curso de especializaci\u00f3n, se desarroll\u00f3 en el Batall\u00f3n de Polic\u00eda Militar Naval No. 2 \u201cCarcaje\u201d dependiente del \u00c1rea Naval No. 1 \u201cCochabamba\u201d de la Armada Boliviana, en la regi\u00f3n del Valle Alto de Cochabamba, donde 49 Alumnos Sargentos; 12 Damas y 37 Varones, hoy se encuentren en la capacidad de realizar tareas dentro de las Unidades Militares en cuanto a seguridad f\u00edsica, control de tr\u00e1nsito, defensa personal, adiestramiento de canes k9, patrullaje y operaciones antidisturbios, entre otros.<\/p>\n<p class=\"v1MsoNormal\">El capit\u00e1n de nav\u00edo Cimar Carlos Vides Jurado Comandante del \u00c1rea Naval No. 1 \u201cCochabamba\u201d, expres\u00f3; \u201cLos cursantes recibieron capacitaci\u00f3n te\u00f3rica y pr\u00e1ctica sobre procedimientos de Polic\u00eda Militar, que les permitir\u00e1 cumplir ciertas misiones espec\u00edficas que derivan de los amplios conceptos de \u2018Disciplina, Ley y Orden\u2019, y responder con eficiencia a todas las tareas encomendadas, permitiendo un desempe\u00f1o eficaz para actuar dentro del marco que establece las actuales leyes y normativas\u201d.<\/p>\n<p class=\"v1MsoNormal\">En tanto, el capit\u00e1n de corbeta Nilton Wilfredo Lagrava Yanarico Comandante del Batall\u00f3n de la Polic\u00eda Militar Naval No. 2 \u201cCarcaje\u201d, se\u00f1al\u00f3 que; \u201cEl empleo de la Polic\u00eda Militar Naval, como parte del instrumento operativo cumple tareas como; resguardo y protecci\u00f3n de los servicios p\u00fablicos esenciales del Estado, Defensa Civil en lo que refiere al apoyo a desastres naturales y ayuda humanitaria, acci\u00f3n c\u00edvica en cuanto al apoyo a campa\u00f1as de salud y la mantenci\u00f3n del orden p\u00fablico, adem\u00e1s de tener permanentemente personal capacitado para su empleo en forma oportuna y a requerimiento de la superioridad\u201d.<\/p>\n<p class=\"v1MsoNormal\">Asimismo, enfatiz\u00f3 que; \u201cEsta promoci\u00f3n, emple\u00f3 para su adiestramiento el Equipo Antimotin dise\u00f1ado y confeccionado por la Unidad de Investigaci\u00f3n Tecnol\u00f3gica de la Armada Boliviana, con material de \u00faltima tecnolog\u00eda, para desarrollar operaciones antidisturbios, brindando versatilidad, defensa de puntos vitales del cuerpo y alta resistencia para proteger la integridad f\u00edsica del Polic\u00eda Militar Naval boliviano durante las operaciones de antidisturbios civiles\u201d.<\/p>\n<p class=\"v1MsoNormal\">En la ceremonia de clausura de curso, se realiz\u00f3 la Exposici\u00f3n Demostrativa del Equipo Antidisturbios de la Unidad de Investigaci\u00f3n Tecnol\u00f3gica de la Armada Boliviana, el Descubrimiento del Monumento al Polic\u00eda Militar Naval, Inauguraci\u00f3n y Apertura de las avenidas asfaltadas: Orden y Disciplina.<\/p>\n","protected":false},"excerpt":{"rendered":"<p>Casi medio centenar de efectivos\u00a0navales con grado de sargentos de la Promoci\u00f3n 2020 de la Armada Boliviana, recibieron instrucci\u00f3n de Polic\u00eda Militar Naval durante ocho semanas continuas. Este adiestramiento te\u00f3rico y pr\u00e1ctico fue concluido satisfactoriamente con una Demostraci\u00f3n de Eficiencia Combativa para que personal de esta unidad aplique y demuestre lo aprendido en este per\u00edodo [&hellip;]<\/p>\n","protected":false},"author":1,"featured_media":13154,"comment_status":"closed","ping_status":"closed","sticky":false,"template":"","format":"standard","meta":{"_acf_changed":false,"footnotes":""},"categories":[39],"tags":[],"class_list":["post-13153","post","type-post","status-publish","format-standard","has-post-thumbnail","category-sociedad"],"acf":{"antetitulo":""},"yoast_head":"<!-- This site is optimized with the Yoast SEO plugin v28.4 - https:\/\/yoast.com\/product\/yoast-seo-wordpress\/ -->\n<title>Sargentos de la Armada fueron capacitados para Polic\u00eda Militar - El Diario - Bolivia<\/title>\n<meta name=\"robots\" content=\"index, follow, max-snippet:-1, max-image-preview:large, max-video-preview:-1\" \/>\n<link rel=\"canonical\" href=\"https:\/\/www.eldiario.net\/portal\/2021\/06\/27\/sargentos-de-la-armada-fueron-capacitados-para-policia-militar\/\" \/>\n<meta property=\"og:locale\" content=\"es_ES\" \/>\n<meta property=\"og:type\" content=\"article\" \/>\n<meta property=\"og:title\" content=\"Sargentos de la Armada fueron capacitados para Polic\u00eda Militar - El Diario - Bolivia\" \/>\n<meta property=\"og:description\" content=\"Casi medio centenar de efectivos\u00a0navales con grado de sargentos de la Promoci\u00f3n 2020 de la Armada Boliviana, recibieron instrucci\u00f3n de Polic\u00eda Militar Naval durante ocho semanas continuas. Este adiestramiento te\u00f3rico y pr\u00e1ctico fue concluido satisfactoriamente con una Demostraci\u00f3n de Eficiencia Combativa para que personal de esta unidad aplique y demuestre lo aprendido en este per\u00edodo [&hellip;]\" \/>\n<meta property=\"og:url\" content=\"https:\/\/www.eldiario.net\/portal\/2021\/06\/27\/sargentos-de-la-armada-fueron-capacitados-para-policia-militar\/\" \/>\n<meta property=\"og:site_name\" content=\"El Diario - Bolivia\" \/>\n<meta property=\"article:publisher\" content=\"https:\/\/www.facebook.com\/eldiario.bolivia\/\" \/>\n<meta property=\"article:published_time\" content=\"2021-06-27T10:14:18+00:00\" \/>\n<meta name=\"author\" content=\"Jeanette\" \/>\n<meta name=\"twitter:card\" content=\"summary_large_image\" \/>\n<meta name=\"twitter:creator\" content=\"@eldiario_net\" \/>\n<meta name=\"twitter:site\" content=\"@eldiario_net\" \/>\n<meta name=\"twitter:label1\" content=\"Escrito por\" \/>\n\t<meta name=\"twitter:data1\" content=\"Jeanette\" \/>\n\t<meta name=\"twitter:label2\" content=\"Tiempo de lectura\" \/>\n\t<meta name=\"twitter:data2\" content=\"2 minutos\" \/>\n<script type=\"application\/ld+json\" class=\"yoast-schema-graph\">{\"@context\":\"https:\\\/\\\/schema.org\",\"@graph\":[{\"@type\":\"Article\",\"@id\":\"https:\\\/\\\/www.eldiario.net\\\/portal\\\/2021\\\/06\\\/27\\\/sargentos-de-la-armada-fueron-capacitados-para-policia-militar\\\/#article\",\"isPartOf\":{\"@id\":\"https:\\\/\\\/www.eldiario.net\\\/portal\\\/2021\\\/06\\\/27\\\/sargentos-de-la-armada-fueron-capacitados-para-policia-militar\\\/\"},\"author\":{\"name\":\"Jeanette\",\"@id\":\"https:\\\/\\\/www.eldiario.net\\\/portal\\\/#\\\/schema\\\/person\\\/2c57cf2b7a7ae032e449e4c9b1019eac\"},\"headline\":\"Sargentos de la Armada fueron capacitados para Polic\u00eda Militar\",\"datePublished\":\"2021-06-27T10:14:18+00:00\",\"mainEntityOfPage\":{\"@id\":\"https:\\\/\\\/www.eldiario.net\\\/portal\\\/2021\\\/06\\\/27\\\/sargentos-de-la-armada-fueron-capacitados-para-policia-militar\\\/\"},\"wordCount\":456,\"publisher\":{\"@id\":\"https:\\\/\\\/www.eldiario.net\\\/portal\\\/#organization\"},\"image\":{\"@id\":\"https:\\\/\\\/www.eldiario.net\\\/portal\\\/2021\\\/06\\\/27\\\/sargentos-de-la-armada-fueron-capacitados-para-policia-militar\\\/#primaryimage\"},\"thumbnailUrl\":\"\",\"articleSection\":[\"Sociedad - Seguridad\"],\"inLanguage\":\"es\"},{\"@type\":\"WebPage\",\"@id\":\"https:\\\/\\\/www.eldiario.net\\\/portal\\\/2021\\\/06\\\/27\\\/sargentos-de-la-armada-fueron-capacitados-para-policia-militar\\\/\",\"url\":\"https:\\\/\\\/www.eldiario.net\\\/portal\\\/2021\\\/06\\\/27\\\/sargentos-de-la-armada-fueron-capacitados-para-policia-militar\\\/\",\"name\":\"Sargentos de la Armada fueron capacitados para Polic\u00eda Militar - El Diario - Bolivia\",\"isPartOf\":{\"@id\":\"https:\\\/\\\/www.eldiario.net\\\/portal\\\/#website\"},\"primaryImageOfPage\":{\"@id\":\"https:\\\/\\\/www.eldiario.net\\\/portal\\\/2021\\\/06\\\/27\\\/sargentos-de-la-armada-fueron-capacitados-para-policia-militar\\\/#primaryimage\"},\"image\":{\"@id\":\"https:\\\/\\\/www.eldiario.net\\\/portal\\\/2021\\\/06\\\/27\\\/sargentos-de-la-armada-fueron-capacitados-para-policia-militar\\\/#primaryimage\"},\"thumbnailUrl\":\"\",\"datePublished\":\"2021-06-27T10:14:18+00:00\",\"breadcrumb\":{\"@id\":\"https:\\\/\\\/www.eldiario.net\\\/portal\\\/2021\\\/06\\\/27\\\/sargentos-de-la-armada-fueron-capacitados-para-policia-militar\\\/#breadcrumb\"},\"inLanguage\":\"es\",\"potentialAction\":[{\"@type\":\"ReadAction\",\"target\":[\"https:\\\/\\\/www.eldiario.net\\\/portal\\\/2021\\\/06\\\/27\\\/sargentos-de-la-armada-fueron-capacitados-para-policia-militar\\\/\"]}]},{\"@type\":\"ImageObject\",\"inLanguage\":\"es\",\"@id\":\"https:\\\/\\\/www.eldiario.net\\\/portal\\\/2021\\\/06\\\/27\\\/sargentos-de-la-armada-fueron-capacitados-para-policia-militar\\\/#primaryimage\",\"url\":\"\",\"contentUrl\":\"\"},{\"@type\":\"BreadcrumbList\",\"@id\":\"https:\\\/\\\/www.eldiario.net\\\/portal\\\/2021\\\/06\\\/27\\\/sargentos-de-la-armada-fueron-capacitados-para-policia-militar\\\/#breadcrumb\",\"itemListElement\":[{\"@type\":\"ListItem\",\"position\":1,\"name\":\"Portada\",\"item\":\"https:\\\/\\\/www.eldiario.net\\\/portal\\\/\"},{\"@type\":\"ListItem\",\"position\":2,\"name\":\"Sargentos de la Armada fueron capacitados para Polic\u00eda Militar\"}]},{\"@type\":\"WebSite\",\"@id\":\"https:\\\/\\\/www.eldiario.net\\\/portal\\\/#website\",\"url\":\"https:\\\/\\\/www.eldiario.net\\\/portal\\\/\",\"name\":\"El Diario - Decano de la prensa nacional\",\"description\":\"El Diario - Decano de la prensa nacional\",\"publisher\":{\"@id\":\"https:\\\/\\\/www.eldiario.net\\\/portal\\\/#organization\"},\"potentialAction\":[{\"@type\":\"SearchAction\",\"target\":{\"@type\":\"EntryPoint\",\"urlTemplate\":\"https:\\\/\\\/www.eldiario.net\\\/portal\\\/?s={search_term_string}\"},\"query-input\":{\"@type\":\"PropertyValueSpecification\",\"valueRequired\":true,\"valueName\":\"search_term_string\"}}],\"inLanguage\":\"es\"},{\"@type\":\"Organization\",\"@id\":\"https:\\\/\\\/www.eldiario.net\\\/portal\\\/#organization\",\"name\":\"El Diario - Decano de la prensa nacional\",\"url\":\"https:\\\/\\\/www.eldiario.net\\\/portal\\\/\",\"logo\":{\"@type\":\"ImageObject\",\"inLanguage\":\"es\",\"@id\":\"https:\\\/\\\/www.eldiario.net\\\/portal\\\/#\\\/schema\\\/logo\\\/image\\\/\",\"url\":\"https:\\\/\\\/www.eldiario.net\\\/portal\\\/wp-content\\\/uploads\\\/2023\\\/07\\\/logo_ED.jpg\",\"contentUrl\":\"https:\\\/\\\/www.eldiario.net\\\/portal\\\/wp-content\\\/uploads\\\/2023\\\/07\\\/logo_ED.jpg\",\"width\":272,\"height\":52,\"caption\":\"El Diario - Decano de la prensa nacional\"},\"image\":{\"@id\":\"https:\\\/\\\/www.eldiario.net\\\/portal\\\/#\\\/schema\\\/logo\\\/image\\\/\"},\"sameAs\":[\"https:\\\/\\\/www.facebook.com\\\/eldiario.bolivia\\\/\",\"https:\\\/\\\/x.com\\\/eldiario_net\"]},{\"@type\":\"Person\",\"@id\":\"https:\\\/\\\/www.eldiario.net\\\/portal\\\/#\\\/schema\\\/person\\\/2c57cf2b7a7ae032e449e4c9b1019eac\",\"name\":\"Jeanette\",\"image\":{\"@type\":\"ImageObject\",\"inLanguage\":\"es\",\"@id\":\"https:\\\/\\\/secure.gravatar.com\\\/avatar\\\/3ea2118a5f7dad2b7138b1187a6b7ee55f160b9968b66013c3a3ef39dd7e5798?s=96&d=mm&r=g\",\"url\":\"https:\\\/\\\/secure.gravatar.com\\\/avatar\\\/3ea2118a5f7dad2b7138b1187a6b7ee55f160b9968b66013c3a3ef39dd7e5798?s=96&d=mm&r=g\",\"contentUrl\":\"https:\\\/\\\/secure.gravatar.com\\\/avatar\\\/3ea2118a5f7dad2b7138b1187a6b7ee55f160b9968b66013c3a3ef39dd7e5798?s=96&d=mm&r=g\",\"caption\":\"Jeanette\"},\"sameAs\":[\"https:\\\/\\\/www.eldiario.net\\\/portal\"],\"url\":\"https:\\\/\\\/www.eldiario.net\\\/portal\\\/author\\\/jeanette\\\/\"}]}<\/script>\n<!-- \/ Yoast SEO plugin. -->","yoast_head_json":{"title":"Sargentos de la Armada fueron capacitados para Polic\u00eda Militar - El Diario - Bolivia","robots":{"index":"index","follow":"follow","max-snippet":"max-snippet:-1","max-image-preview":"max-image-preview:large","max-video-preview":"max-video-preview:-1"},"canonical":"https:\/\/www.eldiario.net\/portal\/2021\/06\/27\/sargentos-de-la-armada-fueron-capacitados-para-policia-militar\/","og_locale":"es_ES","og_type":"article","og_title":"Sargentos de la Armada fueron capacitados para Polic\u00eda Militar - El Diario - Bolivia","og_description":"Casi medio centenar de efectivos\u00a0navales con grado de sargentos de la Promoci\u00f3n 2020 de la Armada Boliviana, recibieron instrucci\u00f3n de Polic\u00eda Militar Naval durante ocho semanas continuas. Este adiestramiento te\u00f3rico y pr\u00e1ctico fue concluido satisfactoriamente con una Demostraci\u00f3n de Eficiencia Combativa para que personal de esta unidad aplique y demuestre lo aprendido en este per\u00edodo [&hellip;]","og_url":"https:\/\/www.eldiario.net\/portal\/2021\/06\/27\/sargentos-de-la-armada-fueron-capacitados-para-policia-militar\/","og_site_name":"El Diario - Bolivia","article_publisher":"https:\/\/www.facebook.com\/eldiario.bolivia\/","article_published_time":"2021-06-27T10:14:18+00:00","author":"Jeanette","twitter_card":"summary_large_image","twitter_creator":"@eldiario_net","twitter_site":"@eldiario_net","twitter_misc":{"Escrito por":"Jeanette","Tiempo de lectura":"2 minutos"},"schema":{"@context":"https:\/\/schema.org","@graph":[{"@type":"Article","@id":"https:\/\/www.eldiario.net\/portal\/2021\/06\/27\/sargentos-de-la-armada-fueron-capacitados-para-policia-militar\/#article","isPartOf":{"@id":"https:\/\/www.eldiario.net\/portal\/2021\/06\/27\/sargentos-de-la-armada-fueron-capacitados-para-policia-militar\/"},"author":{"name":"Jeanette","@id":"https:\/\/www.eldiario.net\/portal\/#\/schema\/person\/2c57cf2b7a7ae032e449e4c9b1019eac"},"headline":"Sargentos de la Armada fueron capacitados para Polic\u00eda Militar","datePublished":"2021-06-27T10:14:18+00:00","mainEntityOfPage":{"@id":"https:\/\/www.eldiario.net\/portal\/2021\/06\/27\/sargentos-de-la-armada-fueron-capacitados-para-policia-militar\/"},"wordCount":456,"publisher":{"@id":"https:\/\/www.eldiario.net\/portal\/#organization"},"image":{"@id":"https:\/\/www.eldiario.net\/portal\/2021\/06\/27\/sargentos-de-la-armada-fueron-capacitados-para-policia-militar\/#primaryimage"},"thumbnailUrl":"","articleSection":["Sociedad - Seguridad"],"inLanguage":"es"},{"@type":"WebPage","@id":"https:\/\/www.eldiario.net\/portal\/2021\/06\/27\/sargentos-de-la-armada-fueron-capacitados-para-policia-militar\/","url":"https:\/\/www.eldiario.net\/portal\/2021\/06\/27\/sargentos-de-la-armada-fueron-capacitados-para-policia-militar\/","name":"Sargentos de la Armada fueron capacitados para Polic\u00eda Militar - El Diario - Bolivia","isPartOf":{"@id":"https:\/\/www.eldiario.net\/portal\/#website"},"primaryImageOfPage":{"@id":"https:\/\/www.eldiario.net\/portal\/2021\/06\/27\/sargentos-de-la-armada-fueron-capacitados-para-policia-militar\/#primaryimage"},"image":{"@id":"https:\/\/www.eldiario.net\/portal\/2021\/06\/27\/sargentos-de-la-armada-fueron-capacitados-para-policia-militar\/#primaryimage"},"thumbnailUrl":"","datePublished":"2021-06-27T10:14:18+00:00","breadcrumb":{"@id":"https:\/\/www.eldiario.net\/portal\/2021\/06\/27\/sargentos-de-la-armada-fueron-capacitados-para-policia-militar\/#breadcrumb"},"inLanguage":"es","potentialAction":[{"@type":"ReadAction","target":["https:\/\/www.eldiario.net\/portal\/2021\/06\/27\/sargentos-de-la-armada-fueron-capacitados-para-policia-militar\/"]}]},{"@type":"ImageObject","inLanguage":"es","@id":"https:\/\/www.eldiario.net\/portal\/2021\/06\/27\/sargentos-de-la-armada-fueron-capacitados-para-policia-militar\/#primaryimage","url":"","contentUrl":""},{"@type":"BreadcrumbList","@id":"https:\/\/www.eldiario.net\/portal\/2021\/06\/27\/sargentos-de-la-armada-fueron-capacitados-para-policia-militar\/#breadcrumb","itemListElement":[{"@type":"ListItem","position":1,"name":"Portada","item":"https:\/\/www.eldiario.net\/portal\/"},{"@type":"ListItem","position":2,"name":"Sargentos de la Armada fueron capacitados para Polic\u00eda Militar"}]},{"@type":"WebSite","@id":"https:\/\/www.eldiario.net\/portal\/#website","url":"https:\/\/www.eldiario.net\/portal\/","name":"El Diario - Decano de la prensa nacional","description":"El Diario - Decano de la prensa nacional","publisher":{"@id":"https:\/\/www.eldiario.net\/portal\/#organization"},"potentialAction":[{"@type":"SearchAction","target":{"@type":"EntryPoint","urlTemplate":"https:\/\/www.eldiario.net\/portal\/?s={search_term_string}"},"query-input":{"@type":"PropertyValueSpecification","valueRequired":true,"valueName":"search_term_string"}}],"inLanguage":"es"},{"@type":"Organization","@id":"https:\/\/www.eldiario.net\/portal\/#organization","name":"El Diario - Decano de la prensa nacional","url":"https:\/\/www.eldiario.net\/portal\/","logo":{"@type":"ImageObject","inLanguage":"es","@id":"https:\/\/www.eldiario.net\/portal\/#\/schema\/logo\/image\/","url":"https:\/\/www.eldiario.net\/portal\/wp-content\/uploads\/2023\/07\/logo_ED.jpg","contentUrl":"https:\/\/www.eldiario.net\/portal\/wp-content\/uploads\/2023\/07\/logo_ED.jpg","width":272,"height":52,"caption":"El Diario - Decano de la prensa nacional"},"image":{"@id":"https:\/\/www.eldiario.net\/portal\/#\/schema\/logo\/image\/"},"sameAs":["https:\/\/www.facebook.com\/eldiario.bolivia\/","https:\/\/x.com\/eldiario_net"]},{"@type":"Person","@id":"https:\/\/www.eldiario.net\/portal\/#\/schema\/person\/2c57cf2b7a7ae032e449e4c9b1019eac","name":"Jeanette","image":{"@type":"ImageObject","inLanguage":"es","@id":"https:\/\/secure.gravatar.com\/avatar\/3ea2118a5f7dad2b7138b1187a6b7ee55f160b9968b66013c3a3ef39dd7e5798?s=96&d=mm&r=g","url":"https:\/\/secure.gravatar.com\/avatar\/3ea2118a5f7dad2b7138b1187a6b7ee55f160b9968b66013c3a3ef39dd7e5798?s=96&d=mm&r=g","contentUrl":"https:\/\/secure.gravatar.com\/avatar\/3ea2118a5f7dad2b7138b1187a6b7ee55f160b9968b66013c3a3ef39dd7e5798?s=96&d=mm&r=g","caption":"Jeanette"},"sameAs":["https:\/\/www.eldiario.net\/portal"],"url":"https:\/\/www.eldiario.net\/portal\/author\/jeanette\/"}]}},"_links":{"self":[{"href":"https:\/\/www.eldiario.net\/portal\/wp-json\/wp\/v2\/posts\/13153","targetHints":{"allow":["GET"]}}],"collection":[{"href":"https:\/\/www.eldiario.net\/portal\/wp-json\/wp\/v2\/posts"}],"about":[{"href":"https:\/\/www.eldiario.net\/portal\/wp-json\/wp\/v2\/types\/post"}],"author":[{"embeddable":true,"href":"https:\/\/www.eldiario.net\/portal\/wp-json\/wp\/v2\/users\/1"}],"replies":[{"embeddable":true,"href":"https:\/\/www.eldiario.net\/portal\/wp-json\/wp\/v2\/comments?post=13153"}],"version-history":[{"count":0,"href":"https:\/\/www.eldiario.net\/portal\/wp-json\/wp\/v2\/posts\/13153\/revisions"}],"wp:attachment":[{"href":"https:\/\/www.eldiario.net\/portal\/wp-json\/wp\/v2\/media?parent=13153"}],"wp:term":[{"taxonomy":"category","embeddable":true,"href":"https:\/\/www.eldiario.net\/portal\/wp-json\/wp\/v2\/categories?post=13153"},{"taxonomy":"post_tag","embeddable":true,"href":"https:\/\/www.eldiario.net\/portal\/wp-json\/wp\/v2\/tags?post=13153"}],"curies":[{"name":"wp","href":"https:\/\/api.w.org\/{rel}","templated":true}]}}