{"id":131369,"date":"2023-01-07T06:06:49","date_gmt":"2023-01-07T10:06:49","guid":{"rendered":"https:\/\/www.eldiario.net\/portal\/?p=131369"},"modified":"2023-01-07T06:06:49","modified_gmt":"2023-01-07T10:06:49","slug":"las-rin-vuelven-a-bajar-en-un-monto-menor-a-us-4-000-millones","status":"publish","type":"post","link":"https:\/\/www.eldiario.net\/portal\/2023\/01\/07\/las-rin-vuelven-a-bajar-en-un-monto-menor-a-us-4-000-millones\/","title":{"rendered":"Las RIN vuelven a bajar en un  monto menor a $us 4.000 millones"},"content":{"rendered":"<p>El valor de las Reservas Internacionales Netas (RIN) del Banco Central de Bolivia (BCB) baj\u00f3 a 3.868 millones de d\u00f3lares al 4 de enero de la presente gesti\u00f3n, apenas el 19% son divisas, el resto depende del oro que est\u00e1 a merced de las cotizaciones en el mercado internacional, seg\u00fan el presidente del Colegio de Economistas de Tarija, Fernando Romero.<br \/>\nEn diciembre, el Ente Emisor mencion\u00f3 que la ca\u00edda de la cotizaci\u00f3n internacional del oro, como resultado del permanente incremento en la tasa de pol\u00edtica para contener la inflaci\u00f3n efectuada por la FED y otros bancos de econom\u00edas avanzadas, repercutieron en una p\u00e9rdida de las RIN en diversos pa\u00edses y Bolivia no fue ajena a la coyuntura.<br \/>\nEse efecto provoc\u00f3 una disminuci\u00f3n de 400 millones de d\u00f3lares por la valoraci\u00f3n de las reservas valuadas en oro entre marzo y octubre de la presente gesti\u00f3n, se\u00f1alaba el BCB<br \/>\nAdicionalmente, el conflicto b\u00e9lico entre Ucrania y Rusia se tradujo en un aumento de los precios de combustibles a escala mundial. Este aspecto determin\u00f3 el incremento en el monto pagado por la importaci\u00f3n de carburantes, en aproximadamente 1.400 millones de d\u00f3lares respecto a 2021, ejerciendo presiones sobre el componente de divisas en las RIN, publicaba la agencia estatal.<br \/>\nA pesar de que los economistas y empresarios alertan que la disminuci\u00f3n de las reservas podr\u00eda empujar al gobierno a devaluar la moneda boliviana, ante la falta de divisas, el gobierno asegur\u00f3 ayer que no modificar\u00e1 el tipo de cambio.<br \/>\nSubida<br \/>\nEn diciembre, el BCB informaba que las Reservas Internacionales Netas se mantienen en niveles estables y dan certidumbre en un contexto mundial \u201cadverso\u201d.<br \/>\n\u201cA pesar de la adversa situaci\u00f3n mundial, las Reservas Internacionales en Bolivia han logrado mantenerse en niveles estables, ya que al 20 de diciembre de 2022 alcanzan los 4.000 millones de d\u00f3lares, se\u00f1al\u00f3 el Ente Emisor.<br \/>\nSeg\u00fan ese reporte institucional y publicado por ABI, el monto supera los par\u00e1metros referenciales para la administraci\u00f3n de RIN determinados por organismos internacionales y cubre m\u00e1s de tres meses de importaciones de bienes y servicios, y m\u00e1s de dos veces el servicio de la deuda externa de corto plazo.<br \/>\nEl BCB continuar\u00e1 desarrollando medidas para robustecer las Reservas Internacionales, como por ejemplo el tratamiento y puesta en vigencia del \u201cProyecto de Ley para la Compra de Oro\u201d, que se encuentra en la Asamblea Legislativa Plurinacional (ALP), entre otras, se\u00f1ala la agencia estatal.<\/p>\n","protected":false},"excerpt":{"rendered":"<p>El valor de las Reservas Internacionales Netas (RIN) del Banco Central de Bolivia (BCB) baj\u00f3 a 3.868 millones de d\u00f3lares al 4 de enero de la presente gesti\u00f3n, apenas el 19% son divisas, el resto depende del oro que est\u00e1 a merced de las cotizaciones en el mercado internacional, seg\u00fan el presidente del Colegio de [&hellip;]<\/p>\n","protected":false},"author":1,"featured_media":131370,"comment_status":"closed","ping_status":"closed","sticky":false,"template":"","format":"standard","meta":{"_acf_changed":false,"footnotes":""},"categories":[7],"tags":[],"class_list":["post-131369","post","type-post","status-publish","format-standard","has-post-thumbnail","category-economia"],"acf":{"antetitulo":""},"yoast_head":"<!-- This site is optimized with the Yoast SEO plugin v28.4 - https:\/\/yoast.com\/product\/yoast-seo-wordpress\/ -->\n<title>Las RIN vuelven a bajar en un monto menor a $us 4.000 millones - El Diario - Bolivia<\/title>\n<meta name=\"robots\" content=\"index, follow, max-snippet:-1, max-image-preview:large, max-video-preview:-1\" \/>\n<link rel=\"canonical\" href=\"https:\/\/www.eldiario.net\/portal\/2023\/01\/07\/las-rin-vuelven-a-bajar-en-un-monto-menor-a-us-4-000-millones\/\" \/>\n<meta property=\"og:locale\" content=\"es_ES\" \/>\n<meta property=\"og:type\" content=\"article\" \/>\n<meta property=\"og:title\" content=\"Las RIN vuelven a bajar en un monto menor a $us 4.000 millones - El Diario - Bolivia\" \/>\n<meta property=\"og:description\" content=\"El valor de las Reservas Internacionales Netas (RIN) del Banco Central de Bolivia (BCB) baj\u00f3 a 3.868 millones de d\u00f3lares al 4 de enero de la presente gesti\u00f3n, apenas el 19% son divisas, el resto depende del oro que est\u00e1 a merced de las cotizaciones en el mercado internacional, seg\u00fan el presidente del Colegio de [&hellip;]\" \/>\n<meta property=\"og:url\" content=\"https:\/\/www.eldiario.net\/portal\/2023\/01\/07\/las-rin-vuelven-a-bajar-en-un-monto-menor-a-us-4-000-millones\/\" \/>\n<meta property=\"og:site_name\" content=\"El Diario - Bolivia\" \/>\n<meta property=\"article:publisher\" content=\"https:\/\/www.facebook.com\/eldiario.bolivia\/\" \/>\n<meta property=\"article:published_time\" content=\"2023-01-07T10:06:49+00:00\" \/>\n<meta name=\"author\" content=\"Jeanette\" \/>\n<meta name=\"twitter:card\" content=\"summary_large_image\" \/>\n<meta name=\"twitter:creator\" content=\"@eldiario_net\" \/>\n<meta name=\"twitter:site\" content=\"@eldiario_net\" \/>\n<meta name=\"twitter:label1\" content=\"Escrito por\" \/>\n\t<meta name=\"twitter:data1\" content=\"Jeanette\" \/>\n\t<meta name=\"twitter:label2\" content=\"Tiempo de lectura\" \/>\n\t<meta name=\"twitter:data2\" content=\"2 minutos\" \/>\n<script type=\"application\/ld+json\" class=\"yoast-schema-graph\">{\"@context\":\"https:\\\/\\\/schema.org\",\"@graph\":[{\"@type\":\"Article\",\"@id\":\"https:\\\/\\\/www.eldiario.net\\\/portal\\\/2023\\\/01\\\/07\\\/las-rin-vuelven-a-bajar-en-un-monto-menor-a-us-4-000-millones\\\/#article\",\"isPartOf\":{\"@id\":\"https:\\\/\\\/www.eldiario.net\\\/portal\\\/2023\\\/01\\\/07\\\/las-rin-vuelven-a-bajar-en-un-monto-menor-a-us-4-000-millones\\\/\"},\"author\":{\"name\":\"Jeanette\",\"@id\":\"https:\\\/\\\/www.eldiario.net\\\/portal\\\/#\\\/schema\\\/person\\\/2c57cf2b7a7ae032e449e4c9b1019eac\"},\"headline\":\"Las RIN vuelven a bajar en un monto menor a $us 4.000 millones\",\"datePublished\":\"2023-01-07T10:06:49+00:00\",\"mainEntityOfPage\":{\"@id\":\"https:\\\/\\\/www.eldiario.net\\\/portal\\\/2023\\\/01\\\/07\\\/las-rin-vuelven-a-bajar-en-un-monto-menor-a-us-4-000-millones\\\/\"},\"wordCount\":429,\"publisher\":{\"@id\":\"https:\\\/\\\/www.eldiario.net\\\/portal\\\/#organization\"},\"image\":{\"@id\":\"https:\\\/\\\/www.eldiario.net\\\/portal\\\/2023\\\/01\\\/07\\\/las-rin-vuelven-a-bajar-en-un-monto-menor-a-us-4-000-millones\\\/#primaryimage\"},\"thumbnailUrl\":\"\",\"articleSection\":[\"Econom\u00eda\"],\"inLanguage\":\"es\"},{\"@type\":\"WebPage\",\"@id\":\"https:\\\/\\\/www.eldiario.net\\\/portal\\\/2023\\\/01\\\/07\\\/las-rin-vuelven-a-bajar-en-un-monto-menor-a-us-4-000-millones\\\/\",\"url\":\"https:\\\/\\\/www.eldiario.net\\\/portal\\\/2023\\\/01\\\/07\\\/las-rin-vuelven-a-bajar-en-un-monto-menor-a-us-4-000-millones\\\/\",\"name\":\"Las RIN vuelven a bajar en un monto menor a $us 4.000 millones - El Diario - Bolivia\",\"isPartOf\":{\"@id\":\"https:\\\/\\\/www.eldiario.net\\\/portal\\\/#website\"},\"primaryImageOfPage\":{\"@id\":\"https:\\\/\\\/www.eldiario.net\\\/portal\\\/2023\\\/01\\\/07\\\/las-rin-vuelven-a-bajar-en-un-monto-menor-a-us-4-000-millones\\\/#primaryimage\"},\"image\":{\"@id\":\"https:\\\/\\\/www.eldiario.net\\\/portal\\\/2023\\\/01\\\/07\\\/las-rin-vuelven-a-bajar-en-un-monto-menor-a-us-4-000-millones\\\/#primaryimage\"},\"thumbnailUrl\":\"\",\"datePublished\":\"2023-01-07T10:06:49+00:00\",\"breadcrumb\":{\"@id\":\"https:\\\/\\\/www.eldiario.net\\\/portal\\\/2023\\\/01\\\/07\\\/las-rin-vuelven-a-bajar-en-un-monto-menor-a-us-4-000-millones\\\/#breadcrumb\"},\"inLanguage\":\"es\",\"potentialAction\":[{\"@type\":\"ReadAction\",\"target\":[\"https:\\\/\\\/www.eldiario.net\\\/portal\\\/2023\\\/01\\\/07\\\/las-rin-vuelven-a-bajar-en-un-monto-menor-a-us-4-000-millones\\\/\"]}]},{\"@type\":\"ImageObject\",\"inLanguage\":\"es\",\"@id\":\"https:\\\/\\\/www.eldiario.net\\\/portal\\\/2023\\\/01\\\/07\\\/las-rin-vuelven-a-bajar-en-un-monto-menor-a-us-4-000-millones\\\/#primaryimage\",\"url\":\"\",\"contentUrl\":\"\"},{\"@type\":\"BreadcrumbList\",\"@id\":\"https:\\\/\\\/www.eldiario.net\\\/portal\\\/2023\\\/01\\\/07\\\/las-rin-vuelven-a-bajar-en-un-monto-menor-a-us-4-000-millones\\\/#breadcrumb\",\"itemListElement\":[{\"@type\":\"ListItem\",\"position\":1,\"name\":\"Portada\",\"item\":\"https:\\\/\\\/www.eldiario.net\\\/portal\\\/\"},{\"@type\":\"ListItem\",\"position\":2,\"name\":\"Las RIN vuelven a bajar en un monto menor a $us 4.000 millones\"}]},{\"@type\":\"WebSite\",\"@id\":\"https:\\\/\\\/www.eldiario.net\\\/portal\\\/#website\",\"url\":\"https:\\\/\\\/www.eldiario.net\\\/portal\\\/\",\"name\":\"El Diario - Decano de la prensa nacional\",\"description\":\"El Diario - Decano de la prensa nacional\",\"publisher\":{\"@id\":\"https:\\\/\\\/www.eldiario.net\\\/portal\\\/#organization\"},\"potentialAction\":[{\"@type\":\"SearchAction\",\"target\":{\"@type\":\"EntryPoint\",\"urlTemplate\":\"https:\\\/\\\/www.eldiario.net\\\/portal\\\/?s={search_term_string}\"},\"query-input\":{\"@type\":\"PropertyValueSpecification\",\"valueRequired\":true,\"valueName\":\"search_term_string\"}}],\"inLanguage\":\"es\"},{\"@type\":\"Organization\",\"@id\":\"https:\\\/\\\/www.eldiario.net\\\/portal\\\/#organization\",\"name\":\"El Diario - Decano de la prensa nacional\",\"url\":\"https:\\\/\\\/www.eldiario.net\\\/portal\\\/\",\"logo\":{\"@type\":\"ImageObject\",\"inLanguage\":\"es\",\"@id\":\"https:\\\/\\\/www.eldiario.net\\\/portal\\\/#\\\/schema\\\/logo\\\/image\\\/\",\"url\":\"https:\\\/\\\/www.eldiario.net\\\/portal\\\/wp-content\\\/uploads\\\/2023\\\/07\\\/logo_ED.jpg\",\"contentUrl\":\"https:\\\/\\\/www.eldiario.net\\\/portal\\\/wp-content\\\/uploads\\\/2023\\\/07\\\/logo_ED.jpg\",\"width\":272,\"height\":52,\"caption\":\"El Diario - Decano de la prensa nacional\"},\"image\":{\"@id\":\"https:\\\/\\\/www.eldiario.net\\\/portal\\\/#\\\/schema\\\/logo\\\/image\\\/\"},\"sameAs\":[\"https:\\\/\\\/www.facebook.com\\\/eldiario.bolivia\\\/\",\"https:\\\/\\\/x.com\\\/eldiario_net\"]},{\"@type\":\"Person\",\"@id\":\"https:\\\/\\\/www.eldiario.net\\\/portal\\\/#\\\/schema\\\/person\\\/2c57cf2b7a7ae032e449e4c9b1019eac\",\"name\":\"Jeanette\",\"image\":{\"@type\":\"ImageObject\",\"inLanguage\":\"es\",\"@id\":\"https:\\\/\\\/secure.gravatar.com\\\/avatar\\\/3ea2118a5f7dad2b7138b1187a6b7ee55f160b9968b66013c3a3ef39dd7e5798?s=96&d=mm&r=g\",\"url\":\"https:\\\/\\\/secure.gravatar.com\\\/avatar\\\/3ea2118a5f7dad2b7138b1187a6b7ee55f160b9968b66013c3a3ef39dd7e5798?s=96&d=mm&r=g\",\"contentUrl\":\"https:\\\/\\\/secure.gravatar.com\\\/avatar\\\/3ea2118a5f7dad2b7138b1187a6b7ee55f160b9968b66013c3a3ef39dd7e5798?s=96&d=mm&r=g\",\"caption\":\"Jeanette\"},\"sameAs\":[\"https:\\\/\\\/www.eldiario.net\\\/portal\"],\"url\":\"https:\\\/\\\/www.eldiario.net\\\/portal\\\/author\\\/jeanette\\\/\"}]}<\/script>\n<!-- \/ Yoast SEO plugin. -->","yoast_head_json":{"title":"Las RIN vuelven a bajar en un monto menor a $us 4.000 millones - El Diario - Bolivia","robots":{"index":"index","follow":"follow","max-snippet":"max-snippet:-1","max-image-preview":"max-image-preview:large","max-video-preview":"max-video-preview:-1"},"canonical":"https:\/\/www.eldiario.net\/portal\/2023\/01\/07\/las-rin-vuelven-a-bajar-en-un-monto-menor-a-us-4-000-millones\/","og_locale":"es_ES","og_type":"article","og_title":"Las RIN vuelven a bajar en un monto menor a $us 4.000 millones - El Diario - Bolivia","og_description":"El valor de las Reservas Internacionales Netas (RIN) del Banco Central de Bolivia (BCB) baj\u00f3 a 3.868 millones de d\u00f3lares al 4 de enero de la presente gesti\u00f3n, apenas el 19% son divisas, el resto depende del oro que est\u00e1 a merced de las cotizaciones en el mercado internacional, seg\u00fan el presidente del Colegio de [&hellip;]","og_url":"https:\/\/www.eldiario.net\/portal\/2023\/01\/07\/las-rin-vuelven-a-bajar-en-un-monto-menor-a-us-4-000-millones\/","og_site_name":"El Diario - Bolivia","article_publisher":"https:\/\/www.facebook.com\/eldiario.bolivia\/","article_published_time":"2023-01-07T10:06:49+00:00","author":"Jeanette","twitter_card":"summary_large_image","twitter_creator":"@eldiario_net","twitter_site":"@eldiario_net","twitter_misc":{"Escrito por":"Jeanette","Tiempo de lectura":"2 minutos"},"schema":{"@context":"https:\/\/schema.org","@graph":[{"@type":"Article","@id":"https:\/\/www.eldiario.net\/portal\/2023\/01\/07\/las-rin-vuelven-a-bajar-en-un-monto-menor-a-us-4-000-millones\/#article","isPartOf":{"@id":"https:\/\/www.eldiario.net\/portal\/2023\/01\/07\/las-rin-vuelven-a-bajar-en-un-monto-menor-a-us-4-000-millones\/"},"author":{"name":"Jeanette","@id":"https:\/\/www.eldiario.net\/portal\/#\/schema\/person\/2c57cf2b7a7ae032e449e4c9b1019eac"},"headline":"Las RIN vuelven a bajar en un monto menor a $us 4.000 millones","datePublished":"2023-01-07T10:06:49+00:00","mainEntityOfPage":{"@id":"https:\/\/www.eldiario.net\/portal\/2023\/01\/07\/las-rin-vuelven-a-bajar-en-un-monto-menor-a-us-4-000-millones\/"},"wordCount":429,"publisher":{"@id":"https:\/\/www.eldiario.net\/portal\/#organization"},"image":{"@id":"https:\/\/www.eldiario.net\/portal\/2023\/01\/07\/las-rin-vuelven-a-bajar-en-un-monto-menor-a-us-4-000-millones\/#primaryimage"},"thumbnailUrl":"","articleSection":["Econom\u00eda"],"inLanguage":"es"},{"@type":"WebPage","@id":"https:\/\/www.eldiario.net\/portal\/2023\/01\/07\/las-rin-vuelven-a-bajar-en-un-monto-menor-a-us-4-000-millones\/","url":"https:\/\/www.eldiario.net\/portal\/2023\/01\/07\/las-rin-vuelven-a-bajar-en-un-monto-menor-a-us-4-000-millones\/","name":"Las RIN vuelven a bajar en un monto menor a $us 4.000 millones - El Diario - Bolivia","isPartOf":{"@id":"https:\/\/www.eldiario.net\/portal\/#website"},"primaryImageOfPage":{"@id":"https:\/\/www.eldiario.net\/portal\/2023\/01\/07\/las-rin-vuelven-a-bajar-en-un-monto-menor-a-us-4-000-millones\/#primaryimage"},"image":{"@id":"https:\/\/www.eldiario.net\/portal\/2023\/01\/07\/las-rin-vuelven-a-bajar-en-un-monto-menor-a-us-4-000-millones\/#primaryimage"},"thumbnailUrl":"","datePublished":"2023-01-07T10:06:49+00:00","breadcrumb":{"@id":"https:\/\/www.eldiario.net\/portal\/2023\/01\/07\/las-rin-vuelven-a-bajar-en-un-monto-menor-a-us-4-000-millones\/#breadcrumb"},"inLanguage":"es","potentialAction":[{"@type":"ReadAction","target":["https:\/\/www.eldiario.net\/portal\/2023\/01\/07\/las-rin-vuelven-a-bajar-en-un-monto-menor-a-us-4-000-millones\/"]}]},{"@type":"ImageObject","inLanguage":"es","@id":"https:\/\/www.eldiario.net\/portal\/2023\/01\/07\/las-rin-vuelven-a-bajar-en-un-monto-menor-a-us-4-000-millones\/#primaryimage","url":"","contentUrl":""},{"@type":"BreadcrumbList","@id":"https:\/\/www.eldiario.net\/portal\/2023\/01\/07\/las-rin-vuelven-a-bajar-en-un-monto-menor-a-us-4-000-millones\/#breadcrumb","itemListElement":[{"@type":"ListItem","position":1,"name":"Portada","item":"https:\/\/www.eldiario.net\/portal\/"},{"@type":"ListItem","position":2,"name":"Las RIN vuelven a bajar en un monto menor a $us 4.000 millones"}]},{"@type":"WebSite","@id":"https:\/\/www.eldiario.net\/portal\/#website","url":"https:\/\/www.eldiario.net\/portal\/","name":"El Diario - Decano de la prensa nacional","description":"El Diario - Decano de la prensa nacional","publisher":{"@id":"https:\/\/www.eldiario.net\/portal\/#organization"},"potentialAction":[{"@type":"SearchAction","target":{"@type":"EntryPoint","urlTemplate":"https:\/\/www.eldiario.net\/portal\/?s={search_term_string}"},"query-input":{"@type":"PropertyValueSpecification","valueRequired":true,"valueName":"search_term_string"}}],"inLanguage":"es"},{"@type":"Organization","@id":"https:\/\/www.eldiario.net\/portal\/#organization","name":"El Diario - Decano de la prensa nacional","url":"https:\/\/www.eldiario.net\/portal\/","logo":{"@type":"ImageObject","inLanguage":"es","@id":"https:\/\/www.eldiario.net\/portal\/#\/schema\/logo\/image\/","url":"https:\/\/www.eldiario.net\/portal\/wp-content\/uploads\/2023\/07\/logo_ED.jpg","contentUrl":"https:\/\/www.eldiario.net\/portal\/wp-content\/uploads\/2023\/07\/logo_ED.jpg","width":272,"height":52,"caption":"El Diario - Decano de la prensa nacional"},"image":{"@id":"https:\/\/www.eldiario.net\/portal\/#\/schema\/logo\/image\/"},"sameAs":["https:\/\/www.facebook.com\/eldiario.bolivia\/","https:\/\/x.com\/eldiario_net"]},{"@type":"Person","@id":"https:\/\/www.eldiario.net\/portal\/#\/schema\/person\/2c57cf2b7a7ae032e449e4c9b1019eac","name":"Jeanette","image":{"@type":"ImageObject","inLanguage":"es","@id":"https:\/\/secure.gravatar.com\/avatar\/3ea2118a5f7dad2b7138b1187a6b7ee55f160b9968b66013c3a3ef39dd7e5798?s=96&d=mm&r=g","url":"https:\/\/secure.gravatar.com\/avatar\/3ea2118a5f7dad2b7138b1187a6b7ee55f160b9968b66013c3a3ef39dd7e5798?s=96&d=mm&r=g","contentUrl":"https:\/\/secure.gravatar.com\/avatar\/3ea2118a5f7dad2b7138b1187a6b7ee55f160b9968b66013c3a3ef39dd7e5798?s=96&d=mm&r=g","caption":"Jeanette"},"sameAs":["https:\/\/www.eldiario.net\/portal"],"url":"https:\/\/www.eldiario.net\/portal\/author\/jeanette\/"}]}},"_links":{"self":[{"href":"https:\/\/www.eldiario.net\/portal\/wp-json\/wp\/v2\/posts\/131369","targetHints":{"allow":["GET"]}}],"collection":[{"href":"https:\/\/www.eldiario.net\/portal\/wp-json\/wp\/v2\/posts"}],"about":[{"href":"https:\/\/www.eldiario.net\/portal\/wp-json\/wp\/v2\/types\/post"}],"author":[{"embeddable":true,"href":"https:\/\/www.eldiario.net\/portal\/wp-json\/wp\/v2\/users\/1"}],"replies":[{"embeddable":true,"href":"https:\/\/www.eldiario.net\/portal\/wp-json\/wp\/v2\/comments?post=131369"}],"version-history":[{"count":0,"href":"https:\/\/www.eldiario.net\/portal\/wp-json\/wp\/v2\/posts\/131369\/revisions"}],"wp:attachment":[{"href":"https:\/\/www.eldiario.net\/portal\/wp-json\/wp\/v2\/media?parent=131369"}],"wp:term":[{"taxonomy":"category","embeddable":true,"href":"https:\/\/www.eldiario.net\/portal\/wp-json\/wp\/v2\/categories?post=131369"},{"taxonomy":"post_tag","embeddable":true,"href":"https:\/\/www.eldiario.net\/portal\/wp-json\/wp\/v2\/tags?post=131369"}],"curies":[{"name":"wp","href":"https:\/\/api.w.org\/{rel}","templated":true}]}}