{"id":131068,"date":"2023-01-05T06:30:50","date_gmt":"2023-01-05T10:30:50","guid":{"rendered":"https:\/\/www.eldiario.net\/portal\/?p=131068"},"modified":"2023-01-05T06:30:50","modified_gmt":"2023-01-05T10:30:50","slug":"gobierno-de-arce-tuvo-precio-alto-del-gas-pero-no-aprovecho","status":"publish","type":"post","link":"https:\/\/www.eldiario.net\/portal\/2023\/01\/05\/gobierno-de-arce-tuvo-precio-alto-del-gas-pero-no-aprovecho\/","title":{"rendered":"Gobierno de Arce tuvo precio  alto del gas; pero no aprovech\u00f3"},"content":{"rendered":"<p>El gobierno de Luis Arce tuvo el segundo \u201cboom\u201d de precios m\u00e1s altos del gas en la historia en Bolivia, comparable s\u00f3lo con los primeros a\u00f1os de la gesti\u00f3n de Evo Morales. Hasta octubre del 2022 el precio de cada tn de gas (la medida que usa el INE) lleg\u00f3 a 453 d\u00f3lares, pero no aprovech\u00f3 esta coyuntura por la ca\u00edda de la producci\u00f3n en los megacampos.<\/p>\n<p>\u201cSi miramos los precios de las exportaciones de gas, L. Arce tuvo el segundo boom de precios m\u00e1s alto de la historia en #Bolivia, comparable s\u00f3lo con los primeros a\u00f1os del gobierno de Evo Morales. Hasta oct\/22 el precio de cada tn. de gas (la medida que usa el INE) lleg\u00f3 a 453 $us\u201d, escribi\u00f3 en su twitter el economista y ex director del Banco Central de Bolivia (BCB), Gabriel Espinoza.<\/p>\n<p>El precio del crudo en 2022 estuvo en promedio en 80 d\u00f3lares el barril, y en algunos mees subi\u00f3 m\u00e1s de 100 d\u00f3lares, lo que favoreci\u00f3 al valor del gas natural que vende Bolivia a Brasil y Argentina, cuyo pa\u00eds pag\u00f3 alrededor de 20 d\u00f3lares el mill\u00f3n de BTU.<\/p>\n<p>Bolivia tom\u00f3 la decisi\u00f3n de aprovechar el mayor valor del gas y enviar m\u00e1s gas a la Argentina en desmedro de Brasil, y las autoridades del sector de hidrocarburos la calificaron de una jugada inteligente.<\/p>\n<p><strong>PRODUCCI\u00d3N <\/strong><\/p>\n<p>En 2013 y 2014 el precio del crudo oscil\u00f3 entre 90 a m\u00e1s de 100 d\u00f3lares el barril, lo que favoreci\u00f3 al pa\u00eds con el valor del gas que se enviaba a los mercados vecinos, y las recaudaciones llegaron a m\u00e1s de 6.000 millones de d\u00f3lares, a comparaci\u00f3n de 2022, que cay\u00f3 casi en un 50%, debido a que la facturaci\u00f3n apenas logr\u00f3 pasar los 3.000 millones.<\/p>\n<p>La situaci\u00f3n de acuerdo a economistas y entendidos en la materia, se debe a que la producci\u00f3n de gas cay\u00f3 y no se envi\u00f3 la misma cantidad de los a\u00f1os del boom del precio del crudo en los a\u00f1os de mayor auge econ\u00f3mico en la gesti\u00f3n de Morales.<\/p>\n<p>En 2013 la producci\u00f3n de gas alcanz\u00f3 a 62 millones de metros c\u00fabicos d\u00eda (MMmcd), y los a\u00f1os posteriores empez\u00f3 el declive, y bajar hasta los 42 MMmcd en 2022, y ni qu\u00e9 decir de las reservas, que cada est\u00e1n menos, pues se desconoce el dato, debido a que no es prioridad para las autoridades del sector de hidrocarburos.<\/p>\n","protected":false},"excerpt":{"rendered":"<p>El gobierno de Luis Arce tuvo el segundo \u201cboom\u201d de precios m\u00e1s altos del gas en la historia en Bolivia, comparable s\u00f3lo con los primeros a\u00f1os de la gesti\u00f3n de Evo Morales. Hasta octubre del 2022 el precio de cada tn de gas (la medida que usa el INE) lleg\u00f3 a 453 d\u00f3lares, pero no [&hellip;]<\/p>\n","protected":false},"author":1,"featured_media":131069,"comment_status":"closed","ping_status":"closed","sticky":false,"template":"","format":"standard","meta":{"_acf_changed":false,"footnotes":""},"categories":[7],"tags":[],"class_list":["post-131068","post","type-post","status-publish","format-standard","has-post-thumbnail","category-economia"],"acf":{"antetitulo":""},"yoast_head":"<!-- This site is optimized with the Yoast SEO plugin v28.4 - https:\/\/yoast.com\/product\/yoast-seo-wordpress\/ -->\n<title>Gobierno de Arce tuvo precio alto del gas; pero no aprovech\u00f3 - El Diario - Bolivia<\/title>\n<meta name=\"robots\" content=\"index, follow, max-snippet:-1, max-image-preview:large, max-video-preview:-1\" \/>\n<link rel=\"canonical\" href=\"https:\/\/www.eldiario.net\/portal\/2023\/01\/05\/gobierno-de-arce-tuvo-precio-alto-del-gas-pero-no-aprovecho\/\" \/>\n<meta property=\"og:locale\" content=\"es_ES\" \/>\n<meta property=\"og:type\" content=\"article\" \/>\n<meta property=\"og:title\" content=\"Gobierno de Arce tuvo precio alto del gas; pero no aprovech\u00f3 - El Diario - Bolivia\" \/>\n<meta property=\"og:description\" content=\"El gobierno de Luis Arce tuvo el segundo \u201cboom\u201d de precios m\u00e1s altos del gas en la historia en Bolivia, comparable s\u00f3lo con los primeros a\u00f1os de la gesti\u00f3n de Evo Morales. Hasta octubre del 2022 el precio de cada tn de gas (la medida que usa el INE) lleg\u00f3 a 453 d\u00f3lares, pero no [&hellip;]\" \/>\n<meta property=\"og:url\" content=\"https:\/\/www.eldiario.net\/portal\/2023\/01\/05\/gobierno-de-arce-tuvo-precio-alto-del-gas-pero-no-aprovecho\/\" \/>\n<meta property=\"og:site_name\" content=\"El Diario - Bolivia\" \/>\n<meta property=\"article:publisher\" content=\"https:\/\/www.facebook.com\/eldiario.bolivia\/\" \/>\n<meta property=\"article:published_time\" content=\"2023-01-05T10:30:50+00:00\" \/>\n<meta name=\"author\" content=\"Jeanette\" \/>\n<meta name=\"twitter:card\" content=\"summary_large_image\" \/>\n<meta name=\"twitter:creator\" content=\"@eldiario_net\" \/>\n<meta name=\"twitter:site\" content=\"@eldiario_net\" \/>\n<meta name=\"twitter:label1\" content=\"Escrito por\" \/>\n\t<meta name=\"twitter:data1\" content=\"Jeanette\" \/>\n\t<meta name=\"twitter:label2\" content=\"Tiempo de lectura\" \/>\n\t<meta name=\"twitter:data2\" content=\"2 minutos\" \/>\n<script type=\"application\/ld+json\" class=\"yoast-schema-graph\">{\"@context\":\"https:\\\/\\\/schema.org\",\"@graph\":[{\"@type\":\"Article\",\"@id\":\"https:\\\/\\\/www.eldiario.net\\\/portal\\\/2023\\\/01\\\/05\\\/gobierno-de-arce-tuvo-precio-alto-del-gas-pero-no-aprovecho\\\/#article\",\"isPartOf\":{\"@id\":\"https:\\\/\\\/www.eldiario.net\\\/portal\\\/2023\\\/01\\\/05\\\/gobierno-de-arce-tuvo-precio-alto-del-gas-pero-no-aprovecho\\\/\"},\"author\":{\"name\":\"Jeanette\",\"@id\":\"https:\\\/\\\/www.eldiario.net\\\/portal\\\/#\\\/schema\\\/person\\\/2c57cf2b7a7ae032e449e4c9b1019eac\"},\"headline\":\"Gobierno de Arce tuvo precio alto del gas; pero no aprovech\u00f3\",\"datePublished\":\"2023-01-05T10:30:50+00:00\",\"mainEntityOfPage\":{\"@id\":\"https:\\\/\\\/www.eldiario.net\\\/portal\\\/2023\\\/01\\\/05\\\/gobierno-de-arce-tuvo-precio-alto-del-gas-pero-no-aprovecho\\\/\"},\"wordCount\":426,\"publisher\":{\"@id\":\"https:\\\/\\\/www.eldiario.net\\\/portal\\\/#organization\"},\"image\":{\"@id\":\"https:\\\/\\\/www.eldiario.net\\\/portal\\\/2023\\\/01\\\/05\\\/gobierno-de-arce-tuvo-precio-alto-del-gas-pero-no-aprovecho\\\/#primaryimage\"},\"thumbnailUrl\":\"\",\"articleSection\":[\"Econom\u00eda\"],\"inLanguage\":\"es\"},{\"@type\":\"WebPage\",\"@id\":\"https:\\\/\\\/www.eldiario.net\\\/portal\\\/2023\\\/01\\\/05\\\/gobierno-de-arce-tuvo-precio-alto-del-gas-pero-no-aprovecho\\\/\",\"url\":\"https:\\\/\\\/www.eldiario.net\\\/portal\\\/2023\\\/01\\\/05\\\/gobierno-de-arce-tuvo-precio-alto-del-gas-pero-no-aprovecho\\\/\",\"name\":\"Gobierno de Arce tuvo precio alto del gas; pero no aprovech\u00f3 - El Diario - Bolivia\",\"isPartOf\":{\"@id\":\"https:\\\/\\\/www.eldiario.net\\\/portal\\\/#website\"},\"primaryImageOfPage\":{\"@id\":\"https:\\\/\\\/www.eldiario.net\\\/portal\\\/2023\\\/01\\\/05\\\/gobierno-de-arce-tuvo-precio-alto-del-gas-pero-no-aprovecho\\\/#primaryimage\"},\"image\":{\"@id\":\"https:\\\/\\\/www.eldiario.net\\\/portal\\\/2023\\\/01\\\/05\\\/gobierno-de-arce-tuvo-precio-alto-del-gas-pero-no-aprovecho\\\/#primaryimage\"},\"thumbnailUrl\":\"\",\"datePublished\":\"2023-01-05T10:30:50+00:00\",\"breadcrumb\":{\"@id\":\"https:\\\/\\\/www.eldiario.net\\\/portal\\\/2023\\\/01\\\/05\\\/gobierno-de-arce-tuvo-precio-alto-del-gas-pero-no-aprovecho\\\/#breadcrumb\"},\"inLanguage\":\"es\",\"potentialAction\":[{\"@type\":\"ReadAction\",\"target\":[\"https:\\\/\\\/www.eldiario.net\\\/portal\\\/2023\\\/01\\\/05\\\/gobierno-de-arce-tuvo-precio-alto-del-gas-pero-no-aprovecho\\\/\"]}]},{\"@type\":\"ImageObject\",\"inLanguage\":\"es\",\"@id\":\"https:\\\/\\\/www.eldiario.net\\\/portal\\\/2023\\\/01\\\/05\\\/gobierno-de-arce-tuvo-precio-alto-del-gas-pero-no-aprovecho\\\/#primaryimage\",\"url\":\"\",\"contentUrl\":\"\"},{\"@type\":\"BreadcrumbList\",\"@id\":\"https:\\\/\\\/www.eldiario.net\\\/portal\\\/2023\\\/01\\\/05\\\/gobierno-de-arce-tuvo-precio-alto-del-gas-pero-no-aprovecho\\\/#breadcrumb\",\"itemListElement\":[{\"@type\":\"ListItem\",\"position\":1,\"name\":\"Portada\",\"item\":\"https:\\\/\\\/www.eldiario.net\\\/portal\\\/\"},{\"@type\":\"ListItem\",\"position\":2,\"name\":\"Gobierno de Arce tuvo precio alto del gas; pero no aprovech\u00f3\"}]},{\"@type\":\"WebSite\",\"@id\":\"https:\\\/\\\/www.eldiario.net\\\/portal\\\/#website\",\"url\":\"https:\\\/\\\/www.eldiario.net\\\/portal\\\/\",\"name\":\"El Diario - Decano de la prensa nacional\",\"description\":\"El Diario - Decano de la prensa nacional\",\"publisher\":{\"@id\":\"https:\\\/\\\/www.eldiario.net\\\/portal\\\/#organization\"},\"potentialAction\":[{\"@type\":\"SearchAction\",\"target\":{\"@type\":\"EntryPoint\",\"urlTemplate\":\"https:\\\/\\\/www.eldiario.net\\\/portal\\\/?s={search_term_string}\"},\"query-input\":{\"@type\":\"PropertyValueSpecification\",\"valueRequired\":true,\"valueName\":\"search_term_string\"}}],\"inLanguage\":\"es\"},{\"@type\":\"Organization\",\"@id\":\"https:\\\/\\\/www.eldiario.net\\\/portal\\\/#organization\",\"name\":\"El Diario - Decano de la prensa nacional\",\"url\":\"https:\\\/\\\/www.eldiario.net\\\/portal\\\/\",\"logo\":{\"@type\":\"ImageObject\",\"inLanguage\":\"es\",\"@id\":\"https:\\\/\\\/www.eldiario.net\\\/portal\\\/#\\\/schema\\\/logo\\\/image\\\/\",\"url\":\"https:\\\/\\\/www.eldiario.net\\\/portal\\\/wp-content\\\/uploads\\\/2023\\\/07\\\/logo_ED.jpg\",\"contentUrl\":\"https:\\\/\\\/www.eldiario.net\\\/portal\\\/wp-content\\\/uploads\\\/2023\\\/07\\\/logo_ED.jpg\",\"width\":272,\"height\":52,\"caption\":\"El Diario - Decano de la prensa nacional\"},\"image\":{\"@id\":\"https:\\\/\\\/www.eldiario.net\\\/portal\\\/#\\\/schema\\\/logo\\\/image\\\/\"},\"sameAs\":[\"https:\\\/\\\/www.facebook.com\\\/eldiario.bolivia\\\/\",\"https:\\\/\\\/x.com\\\/eldiario_net\"]},{\"@type\":\"Person\",\"@id\":\"https:\\\/\\\/www.eldiario.net\\\/portal\\\/#\\\/schema\\\/person\\\/2c57cf2b7a7ae032e449e4c9b1019eac\",\"name\":\"Jeanette\",\"image\":{\"@type\":\"ImageObject\",\"inLanguage\":\"es\",\"@id\":\"https:\\\/\\\/secure.gravatar.com\\\/avatar\\\/3ea2118a5f7dad2b7138b1187a6b7ee55f160b9968b66013c3a3ef39dd7e5798?s=96&d=mm&r=g\",\"url\":\"https:\\\/\\\/secure.gravatar.com\\\/avatar\\\/3ea2118a5f7dad2b7138b1187a6b7ee55f160b9968b66013c3a3ef39dd7e5798?s=96&d=mm&r=g\",\"contentUrl\":\"https:\\\/\\\/secure.gravatar.com\\\/avatar\\\/3ea2118a5f7dad2b7138b1187a6b7ee55f160b9968b66013c3a3ef39dd7e5798?s=96&d=mm&r=g\",\"caption\":\"Jeanette\"},\"sameAs\":[\"https:\\\/\\\/www.eldiario.net\\\/portal\"],\"url\":\"https:\\\/\\\/www.eldiario.net\\\/portal\\\/author\\\/jeanette\\\/\"}]}<\/script>\n<!-- \/ Yoast SEO plugin. -->","yoast_head_json":{"title":"Gobierno de Arce tuvo precio alto del gas; pero no aprovech\u00f3 - El Diario - Bolivia","robots":{"index":"index","follow":"follow","max-snippet":"max-snippet:-1","max-image-preview":"max-image-preview:large","max-video-preview":"max-video-preview:-1"},"canonical":"https:\/\/www.eldiario.net\/portal\/2023\/01\/05\/gobierno-de-arce-tuvo-precio-alto-del-gas-pero-no-aprovecho\/","og_locale":"es_ES","og_type":"article","og_title":"Gobierno de Arce tuvo precio alto del gas; pero no aprovech\u00f3 - El Diario - Bolivia","og_description":"El gobierno de Luis Arce tuvo el segundo \u201cboom\u201d de precios m\u00e1s altos del gas en la historia en Bolivia, comparable s\u00f3lo con los primeros a\u00f1os de la gesti\u00f3n de Evo Morales. Hasta octubre del 2022 el precio de cada tn de gas (la medida que usa el INE) lleg\u00f3 a 453 d\u00f3lares, pero no [&hellip;]","og_url":"https:\/\/www.eldiario.net\/portal\/2023\/01\/05\/gobierno-de-arce-tuvo-precio-alto-del-gas-pero-no-aprovecho\/","og_site_name":"El Diario - Bolivia","article_publisher":"https:\/\/www.facebook.com\/eldiario.bolivia\/","article_published_time":"2023-01-05T10:30:50+00:00","author":"Jeanette","twitter_card":"summary_large_image","twitter_creator":"@eldiario_net","twitter_site":"@eldiario_net","twitter_misc":{"Escrito por":"Jeanette","Tiempo de lectura":"2 minutos"},"schema":{"@context":"https:\/\/schema.org","@graph":[{"@type":"Article","@id":"https:\/\/www.eldiario.net\/portal\/2023\/01\/05\/gobierno-de-arce-tuvo-precio-alto-del-gas-pero-no-aprovecho\/#article","isPartOf":{"@id":"https:\/\/www.eldiario.net\/portal\/2023\/01\/05\/gobierno-de-arce-tuvo-precio-alto-del-gas-pero-no-aprovecho\/"},"author":{"name":"Jeanette","@id":"https:\/\/www.eldiario.net\/portal\/#\/schema\/person\/2c57cf2b7a7ae032e449e4c9b1019eac"},"headline":"Gobierno de Arce tuvo precio alto del gas; pero no aprovech\u00f3","datePublished":"2023-01-05T10:30:50+00:00","mainEntityOfPage":{"@id":"https:\/\/www.eldiario.net\/portal\/2023\/01\/05\/gobierno-de-arce-tuvo-precio-alto-del-gas-pero-no-aprovecho\/"},"wordCount":426,"publisher":{"@id":"https:\/\/www.eldiario.net\/portal\/#organization"},"image":{"@id":"https:\/\/www.eldiario.net\/portal\/2023\/01\/05\/gobierno-de-arce-tuvo-precio-alto-del-gas-pero-no-aprovecho\/#primaryimage"},"thumbnailUrl":"","articleSection":["Econom\u00eda"],"inLanguage":"es"},{"@type":"WebPage","@id":"https:\/\/www.eldiario.net\/portal\/2023\/01\/05\/gobierno-de-arce-tuvo-precio-alto-del-gas-pero-no-aprovecho\/","url":"https:\/\/www.eldiario.net\/portal\/2023\/01\/05\/gobierno-de-arce-tuvo-precio-alto-del-gas-pero-no-aprovecho\/","name":"Gobierno de Arce tuvo precio alto del gas; pero no aprovech\u00f3 - El Diario - Bolivia","isPartOf":{"@id":"https:\/\/www.eldiario.net\/portal\/#website"},"primaryImageOfPage":{"@id":"https:\/\/www.eldiario.net\/portal\/2023\/01\/05\/gobierno-de-arce-tuvo-precio-alto-del-gas-pero-no-aprovecho\/#primaryimage"},"image":{"@id":"https:\/\/www.eldiario.net\/portal\/2023\/01\/05\/gobierno-de-arce-tuvo-precio-alto-del-gas-pero-no-aprovecho\/#primaryimage"},"thumbnailUrl":"","datePublished":"2023-01-05T10:30:50+00:00","breadcrumb":{"@id":"https:\/\/www.eldiario.net\/portal\/2023\/01\/05\/gobierno-de-arce-tuvo-precio-alto-del-gas-pero-no-aprovecho\/#breadcrumb"},"inLanguage":"es","potentialAction":[{"@type":"ReadAction","target":["https:\/\/www.eldiario.net\/portal\/2023\/01\/05\/gobierno-de-arce-tuvo-precio-alto-del-gas-pero-no-aprovecho\/"]}]},{"@type":"ImageObject","inLanguage":"es","@id":"https:\/\/www.eldiario.net\/portal\/2023\/01\/05\/gobierno-de-arce-tuvo-precio-alto-del-gas-pero-no-aprovecho\/#primaryimage","url":"","contentUrl":""},{"@type":"BreadcrumbList","@id":"https:\/\/www.eldiario.net\/portal\/2023\/01\/05\/gobierno-de-arce-tuvo-precio-alto-del-gas-pero-no-aprovecho\/#breadcrumb","itemListElement":[{"@type":"ListItem","position":1,"name":"Portada","item":"https:\/\/www.eldiario.net\/portal\/"},{"@type":"ListItem","position":2,"name":"Gobierno de Arce tuvo precio alto del gas; pero no aprovech\u00f3"}]},{"@type":"WebSite","@id":"https:\/\/www.eldiario.net\/portal\/#website","url":"https:\/\/www.eldiario.net\/portal\/","name":"El Diario - Decano de la prensa nacional","description":"El Diario - Decano de la prensa nacional","publisher":{"@id":"https:\/\/www.eldiario.net\/portal\/#organization"},"potentialAction":[{"@type":"SearchAction","target":{"@type":"EntryPoint","urlTemplate":"https:\/\/www.eldiario.net\/portal\/?s={search_term_string}"},"query-input":{"@type":"PropertyValueSpecification","valueRequired":true,"valueName":"search_term_string"}}],"inLanguage":"es"},{"@type":"Organization","@id":"https:\/\/www.eldiario.net\/portal\/#organization","name":"El Diario - Decano de la prensa nacional","url":"https:\/\/www.eldiario.net\/portal\/","logo":{"@type":"ImageObject","inLanguage":"es","@id":"https:\/\/www.eldiario.net\/portal\/#\/schema\/logo\/image\/","url":"https:\/\/www.eldiario.net\/portal\/wp-content\/uploads\/2023\/07\/logo_ED.jpg","contentUrl":"https:\/\/www.eldiario.net\/portal\/wp-content\/uploads\/2023\/07\/logo_ED.jpg","width":272,"height":52,"caption":"El Diario - Decano de la prensa nacional"},"image":{"@id":"https:\/\/www.eldiario.net\/portal\/#\/schema\/logo\/image\/"},"sameAs":["https:\/\/www.facebook.com\/eldiario.bolivia\/","https:\/\/x.com\/eldiario_net"]},{"@type":"Person","@id":"https:\/\/www.eldiario.net\/portal\/#\/schema\/person\/2c57cf2b7a7ae032e449e4c9b1019eac","name":"Jeanette","image":{"@type":"ImageObject","inLanguage":"es","@id":"https:\/\/secure.gravatar.com\/avatar\/3ea2118a5f7dad2b7138b1187a6b7ee55f160b9968b66013c3a3ef39dd7e5798?s=96&d=mm&r=g","url":"https:\/\/secure.gravatar.com\/avatar\/3ea2118a5f7dad2b7138b1187a6b7ee55f160b9968b66013c3a3ef39dd7e5798?s=96&d=mm&r=g","contentUrl":"https:\/\/secure.gravatar.com\/avatar\/3ea2118a5f7dad2b7138b1187a6b7ee55f160b9968b66013c3a3ef39dd7e5798?s=96&d=mm&r=g","caption":"Jeanette"},"sameAs":["https:\/\/www.eldiario.net\/portal"],"url":"https:\/\/www.eldiario.net\/portal\/author\/jeanette\/"}]}},"_links":{"self":[{"href":"https:\/\/www.eldiario.net\/portal\/wp-json\/wp\/v2\/posts\/131068","targetHints":{"allow":["GET"]}}],"collection":[{"href":"https:\/\/www.eldiario.net\/portal\/wp-json\/wp\/v2\/posts"}],"about":[{"href":"https:\/\/www.eldiario.net\/portal\/wp-json\/wp\/v2\/types\/post"}],"author":[{"embeddable":true,"href":"https:\/\/www.eldiario.net\/portal\/wp-json\/wp\/v2\/users\/1"}],"replies":[{"embeddable":true,"href":"https:\/\/www.eldiario.net\/portal\/wp-json\/wp\/v2\/comments?post=131068"}],"version-history":[{"count":0,"href":"https:\/\/www.eldiario.net\/portal\/wp-json\/wp\/v2\/posts\/131068\/revisions"}],"wp:attachment":[{"href":"https:\/\/www.eldiario.net\/portal\/wp-json\/wp\/v2\/media?parent=131068"}],"wp:term":[{"taxonomy":"category","embeddable":true,"href":"https:\/\/www.eldiario.net\/portal\/wp-json\/wp\/v2\/categories?post=131068"},{"taxonomy":"post_tag","embeddable":true,"href":"https:\/\/www.eldiario.net\/portal\/wp-json\/wp\/v2\/tags?post=131068"}],"curies":[{"name":"wp","href":"https:\/\/api.w.org\/{rel}","templated":true}]}}