{"id":130845,"date":"2023-01-04T06:07:29","date_gmt":"2023-01-04T10:07:29","guid":{"rendered":"https:\/\/www.eldiario.net\/portal\/?p=130845"},"modified":"2023-01-04T06:07:29","modified_gmt":"2023-01-04T10:07:29","slug":"venta-de-carbonato-de-litio-primara-mas-que-la-fabricacion-de-baterias","status":"publish","type":"post","link":"https:\/\/www.eldiario.net\/portal\/2023\/01\/04\/venta-de-carbonato-de-litio-primara-mas-que-la-fabricacion-de-baterias\/","title":{"rendered":"Venta de carbonato de litio primar\u00e1  m\u00e1s que la fabricaci\u00f3n de bater\u00edas"},"content":{"rendered":"<p>A pesar de que la industrializaci\u00f3n del litio data de hace 10 a\u00f1os en pa\u00edses vecinos, Bolivia ingresar\u00e1 reci\u00e9n a la elaboraci\u00f3n de carbonato de litio de manera masiva, pero expertos se\u00f1alan que debido a esto la fabricaci\u00f3n de bater\u00edas quedar\u00e1 rezagada.<br \/>\nEl Salar de Uyuni, est\u00e1 ubicado en el departamento de Potos\u00ed, por lo tanto, es la principal regi\u00f3n con el mayor yacimiento de litio, que seg\u00fan c\u00e1lculos internacionales posee alrededor de 21 millones de toneladas.<br \/>\nEl analista de la Fundaci\u00f3n Jubileo, H\u00e9ctor C\u00f3rdova, en principio advierte problemas por la dependencia que tiene la producci\u00f3n de litio en manos del Ministerio de Hidrocarburos, la segunda observaci\u00f3n es que ya no se habla de la fabricaci\u00f3n de bater\u00edas en el pa\u00eds y m\u00e1s bien s\u00f3lo apuntan a la producci\u00f3n masiva de carbonato de litio para exportarlo como materia prima.<br \/>\nEn opini\u00f3n de C\u00f3rdova, el presidente Luis Arce al parecer ha descartado el proyecto anterior, que hablaba de la fabricaci\u00f3n de bater\u00edas en el pa\u00eds, mientras propicia la producci\u00f3n masiva de materia prima, carbonato de litio, para exportar.<br \/>\nLa convocatoria a empresas internacionales se\u00f1ala otras especificaciones tales como la aplicaci\u00f3n de tecnolog\u00eda para la Extracci\u00f3n Directa del Litio (EDL) s\u00f3lo se muestra que el gobierno busca producir masivamente materia prima.<br \/>\n\u00abYa no se habla de otras fases\u00bb, observa que la mirada corta de las autoridades apunta a aprovechar los precios elevados del carbonato de litio en el mercado internacional, lo cual llevar\u00eda a comprometer el futuro del pa\u00eds y de las regiones.<br \/>\nEntretanto, un reportaje de los medios informativos alemanes, adelant\u00f3 que los precios altos del litio tendr\u00e1n una duraci\u00f3n de dos a\u00f1os, y luego ir\u00e1 bajando, debido a que la oferta aumentar\u00e1, adem\u00e1s que en el mercado aparecen otros reemplazantes, como el hidr\u00f3geno.<br \/>\nC\u00f3rdova espera que los precios altos se mantengan en las siguientes gestiones, pero se muestra poco optimista por la cantidad de empresas y pa\u00edses que descubren el litio, y la oferta superar\u00eda a la demanda, empujando el precio hacia abajo.<br \/>\nEstim\u00f3 que s\u00ed se mantuvieran las cotizaciones altas y se producir\u00eda 80 mil toneladas de carbonato de litio, como est\u00e1 proyectado, el pa\u00eds recibir\u00eda alrededor de 500 millones de d\u00f3lares de utilidades cada a\u00f1o.<br \/>\nComo se recordar\u00e1 el valor de la tonelada de litio borde\u00f3 entre 60 mil a 70 d\u00f3lares la tonelada en el mercado internacional, ante la demanda de la materia prima para la fabricaci\u00f3n de autos el\u00e9ctricos.<br \/>\nEn 2019, la protesta social provoc\u00f3 que se anulara el contrato con la empresa alemana ACI Systems (Acisa), que apuntaba a la industrializaci\u00f3n del litio en la regi\u00f3n de Potos\u00ed.<br \/>\nC\u00f3rdova sostiene que la venta de carbonato de litio no es lo que se quiere, pues si llega a la fase de industrializaci\u00f3n se podr\u00eda multiplicar por 10 los 500 millones de d\u00f3lares por la venta de materia prima.<br \/>\nAdem\u00e1s que generar\u00eda m\u00e1s empleos, as\u00ed como mayores utilidades para el pa\u00eds, pero si se quiere alcanzar ese objetivo se deber\u00eda empezar ya, con la capacitaci\u00f3n de personal, en alianza con las universidades.<br \/>\nTambi\u00e9n se deber\u00eda formar alianzas con las empresas privadas para la producci\u00f3n de bater\u00edas en el pa\u00eds, ya que el pa\u00eds no produce todos los insumos que requiere la fabricaci\u00f3n de este producto; no hay industria b\u00e1sica, lamenta.<br \/>\nEl proyecto de industrializaci\u00f3n al parecer qued\u00f3 postergado, y por ello las organizaciones sociales del Potos\u00ed ya presentaron una propuesta para aumentar las regal\u00edas de los recursos naturales no renovables, como el litio, debido a que desconf\u00edan del Gobierno.<\/p>\n<p>Pa\u00edses<br \/>\nChile toma la delantera en la exportaci\u00f3n de carbonato de litio, en la regi\u00f3n sudamericana, Argentina ya empez\u00f3 a tomar acciones para avanzar en la exportaci\u00f3n de materia prima, y Per\u00fa no se queda atr\u00e1s, pues hay inter\u00e9s de empresas chinas en invertir en el vecino pa\u00eds e ingresar en la carrera de la venta del insumo para las bater\u00edas.<br \/>\nMientras tanto, en Bolivia, las autoridades vienen anunciando la entrega de la planta de carbonato de litio, asimismo, se espera la conclusi\u00f3n en 2022 para arrancar en el segundo semestre de la presente gesti\u00f3n.<br \/>\nEn una publicaci\u00f3n de julio de 2022 de la agencia estatal ABI, el viceministro de Altas Tecnolog\u00edas Energ\u00e9ticas, \u00c1lvaro Arn\u00e9z, inform\u00f3 que a partir del 2023 empezar\u00e1 a operar la Planta Industrial de Carbonato de Litio cuya construcci\u00f3n se encuentra con un avance f\u00edsico del 84%.<br \/>\nEn esa fecha, indic\u00f3 que se cuenta con una producci\u00f3n piloto, pero con la puesta en marcha de la Planta Industrial, Bolivia ser\u00e1 un referente como pa\u00eds exportador dentro de un ranking que provee litio a nivel global.<\/p>\n","protected":false},"excerpt":{"rendered":"<p>A pesar de que la industrializaci\u00f3n del litio data de hace 10 a\u00f1os en pa\u00edses vecinos, Bolivia ingresar\u00e1 reci\u00e9n a la elaboraci\u00f3n de carbonato de litio de manera masiva, pero expertos se\u00f1alan que debido a esto la fabricaci\u00f3n de bater\u00edas quedar\u00e1 rezagada. El Salar de Uyuni, est\u00e1 ubicado en el departamento de Potos\u00ed, por lo [&hellip;]<\/p>\n","protected":false},"author":1,"featured_media":130846,"comment_status":"closed","ping_status":"closed","sticky":false,"template":"","format":"standard","meta":{"_acf_changed":false,"footnotes":""},"categories":[7],"tags":[],"class_list":["post-130845","post","type-post","status-publish","format-standard","has-post-thumbnail","category-economia"],"acf":{"antetitulo":""},"yoast_head":"<!-- This site is optimized with the Yoast SEO plugin v28.4 - https:\/\/yoast.com\/product\/yoast-seo-wordpress\/ -->\n<title>Venta de carbonato de litio primar\u00e1 m\u00e1s que la fabricaci\u00f3n de bater\u00edas - El Diario - Bolivia<\/title>\n<meta name=\"robots\" content=\"index, follow, max-snippet:-1, max-image-preview:large, max-video-preview:-1\" \/>\n<link rel=\"canonical\" href=\"https:\/\/www.eldiario.net\/portal\/2023\/01\/04\/venta-de-carbonato-de-litio-primara-mas-que-la-fabricacion-de-baterias\/\" \/>\n<meta property=\"og:locale\" content=\"es_ES\" \/>\n<meta property=\"og:type\" content=\"article\" \/>\n<meta property=\"og:title\" content=\"Venta de carbonato de litio primar\u00e1 m\u00e1s que la fabricaci\u00f3n de bater\u00edas - El Diario - Bolivia\" \/>\n<meta property=\"og:description\" content=\"A pesar de que la industrializaci\u00f3n del litio data de hace 10 a\u00f1os en pa\u00edses vecinos, Bolivia ingresar\u00e1 reci\u00e9n a la elaboraci\u00f3n de carbonato de litio de manera masiva, pero expertos se\u00f1alan que debido a esto la fabricaci\u00f3n de bater\u00edas quedar\u00e1 rezagada. El Salar de Uyuni, est\u00e1 ubicado en el departamento de Potos\u00ed, por lo [&hellip;]\" \/>\n<meta property=\"og:url\" content=\"https:\/\/www.eldiario.net\/portal\/2023\/01\/04\/venta-de-carbonato-de-litio-primara-mas-que-la-fabricacion-de-baterias\/\" \/>\n<meta property=\"og:site_name\" content=\"El Diario - Bolivia\" \/>\n<meta property=\"article:publisher\" content=\"https:\/\/www.facebook.com\/eldiario.bolivia\/\" \/>\n<meta property=\"article:published_time\" content=\"2023-01-04T10:07:29+00:00\" \/>\n<meta name=\"author\" content=\"Jeanette\" \/>\n<meta name=\"twitter:card\" content=\"summary_large_image\" \/>\n<meta name=\"twitter:creator\" content=\"@eldiario_net\" \/>\n<meta name=\"twitter:site\" content=\"@eldiario_net\" \/>\n<meta name=\"twitter:label1\" content=\"Escrito por\" \/>\n\t<meta name=\"twitter:data1\" content=\"Jeanette\" \/>\n\t<meta name=\"twitter:label2\" content=\"Tiempo de lectura\" \/>\n\t<meta name=\"twitter:data2\" content=\"4 minutos\" \/>\n<script type=\"application\/ld+json\" class=\"yoast-schema-graph\">{\"@context\":\"https:\\\/\\\/schema.org\",\"@graph\":[{\"@type\":\"Article\",\"@id\":\"https:\\\/\\\/www.eldiario.net\\\/portal\\\/2023\\\/01\\\/04\\\/venta-de-carbonato-de-litio-primara-mas-que-la-fabricacion-de-baterias\\\/#article\",\"isPartOf\":{\"@id\":\"https:\\\/\\\/www.eldiario.net\\\/portal\\\/2023\\\/01\\\/04\\\/venta-de-carbonato-de-litio-primara-mas-que-la-fabricacion-de-baterias\\\/\"},\"author\":{\"name\":\"Jeanette\",\"@id\":\"https:\\\/\\\/www.eldiario.net\\\/portal\\\/#\\\/schema\\\/person\\\/2c57cf2b7a7ae032e449e4c9b1019eac\"},\"headline\":\"Venta de carbonato de litio primar\u00e1 m\u00e1s que la fabricaci\u00f3n de bater\u00edas\",\"datePublished\":\"2023-01-04T10:07:29+00:00\",\"mainEntityOfPage\":{\"@id\":\"https:\\\/\\\/www.eldiario.net\\\/portal\\\/2023\\\/01\\\/04\\\/venta-de-carbonato-de-litio-primara-mas-que-la-fabricacion-de-baterias\\\/\"},\"wordCount\":855,\"publisher\":{\"@id\":\"https:\\\/\\\/www.eldiario.net\\\/portal\\\/#organization\"},\"image\":{\"@id\":\"https:\\\/\\\/www.eldiario.net\\\/portal\\\/2023\\\/01\\\/04\\\/venta-de-carbonato-de-litio-primara-mas-que-la-fabricacion-de-baterias\\\/#primaryimage\"},\"thumbnailUrl\":\"\",\"articleSection\":[\"Econom\u00eda\"],\"inLanguage\":\"es\"},{\"@type\":\"WebPage\",\"@id\":\"https:\\\/\\\/www.eldiario.net\\\/portal\\\/2023\\\/01\\\/04\\\/venta-de-carbonato-de-litio-primara-mas-que-la-fabricacion-de-baterias\\\/\",\"url\":\"https:\\\/\\\/www.eldiario.net\\\/portal\\\/2023\\\/01\\\/04\\\/venta-de-carbonato-de-litio-primara-mas-que-la-fabricacion-de-baterias\\\/\",\"name\":\"Venta de carbonato de litio primar\u00e1 m\u00e1s que la fabricaci\u00f3n de bater\u00edas - El Diario - Bolivia\",\"isPartOf\":{\"@id\":\"https:\\\/\\\/www.eldiario.net\\\/portal\\\/#website\"},\"primaryImageOfPage\":{\"@id\":\"https:\\\/\\\/www.eldiario.net\\\/portal\\\/2023\\\/01\\\/04\\\/venta-de-carbonato-de-litio-primara-mas-que-la-fabricacion-de-baterias\\\/#primaryimage\"},\"image\":{\"@id\":\"https:\\\/\\\/www.eldiario.net\\\/portal\\\/2023\\\/01\\\/04\\\/venta-de-carbonato-de-litio-primara-mas-que-la-fabricacion-de-baterias\\\/#primaryimage\"},\"thumbnailUrl\":\"\",\"datePublished\":\"2023-01-04T10:07:29+00:00\",\"breadcrumb\":{\"@id\":\"https:\\\/\\\/www.eldiario.net\\\/portal\\\/2023\\\/01\\\/04\\\/venta-de-carbonato-de-litio-primara-mas-que-la-fabricacion-de-baterias\\\/#breadcrumb\"},\"inLanguage\":\"es\",\"potentialAction\":[{\"@type\":\"ReadAction\",\"target\":[\"https:\\\/\\\/www.eldiario.net\\\/portal\\\/2023\\\/01\\\/04\\\/venta-de-carbonato-de-litio-primara-mas-que-la-fabricacion-de-baterias\\\/\"]}]},{\"@type\":\"ImageObject\",\"inLanguage\":\"es\",\"@id\":\"https:\\\/\\\/www.eldiario.net\\\/portal\\\/2023\\\/01\\\/04\\\/venta-de-carbonato-de-litio-primara-mas-que-la-fabricacion-de-baterias\\\/#primaryimage\",\"url\":\"\",\"contentUrl\":\"\"},{\"@type\":\"BreadcrumbList\",\"@id\":\"https:\\\/\\\/www.eldiario.net\\\/portal\\\/2023\\\/01\\\/04\\\/venta-de-carbonato-de-litio-primara-mas-que-la-fabricacion-de-baterias\\\/#breadcrumb\",\"itemListElement\":[{\"@type\":\"ListItem\",\"position\":1,\"name\":\"Portada\",\"item\":\"https:\\\/\\\/www.eldiario.net\\\/portal\\\/\"},{\"@type\":\"ListItem\",\"position\":2,\"name\":\"Venta de carbonato de litio primar\u00e1 m\u00e1s que la fabricaci\u00f3n de bater\u00edas\"}]},{\"@type\":\"WebSite\",\"@id\":\"https:\\\/\\\/www.eldiario.net\\\/portal\\\/#website\",\"url\":\"https:\\\/\\\/www.eldiario.net\\\/portal\\\/\",\"name\":\"El Diario - Decano de la prensa nacional\",\"description\":\"El Diario - Decano de la prensa nacional\",\"publisher\":{\"@id\":\"https:\\\/\\\/www.eldiario.net\\\/portal\\\/#organization\"},\"potentialAction\":[{\"@type\":\"SearchAction\",\"target\":{\"@type\":\"EntryPoint\",\"urlTemplate\":\"https:\\\/\\\/www.eldiario.net\\\/portal\\\/?s={search_term_string}\"},\"query-input\":{\"@type\":\"PropertyValueSpecification\",\"valueRequired\":true,\"valueName\":\"search_term_string\"}}],\"inLanguage\":\"es\"},{\"@type\":\"Organization\",\"@id\":\"https:\\\/\\\/www.eldiario.net\\\/portal\\\/#organization\",\"name\":\"El Diario - Decano de la prensa nacional\",\"url\":\"https:\\\/\\\/www.eldiario.net\\\/portal\\\/\",\"logo\":{\"@type\":\"ImageObject\",\"inLanguage\":\"es\",\"@id\":\"https:\\\/\\\/www.eldiario.net\\\/portal\\\/#\\\/schema\\\/logo\\\/image\\\/\",\"url\":\"https:\\\/\\\/www.eldiario.net\\\/portal\\\/wp-content\\\/uploads\\\/2023\\\/07\\\/logo_ED.jpg\",\"contentUrl\":\"https:\\\/\\\/www.eldiario.net\\\/portal\\\/wp-content\\\/uploads\\\/2023\\\/07\\\/logo_ED.jpg\",\"width\":272,\"height\":52,\"caption\":\"El Diario - Decano de la prensa nacional\"},\"image\":{\"@id\":\"https:\\\/\\\/www.eldiario.net\\\/portal\\\/#\\\/schema\\\/logo\\\/image\\\/\"},\"sameAs\":[\"https:\\\/\\\/www.facebook.com\\\/eldiario.bolivia\\\/\",\"https:\\\/\\\/x.com\\\/eldiario_net\"]},{\"@type\":\"Person\",\"@id\":\"https:\\\/\\\/www.eldiario.net\\\/portal\\\/#\\\/schema\\\/person\\\/2c57cf2b7a7ae032e449e4c9b1019eac\",\"name\":\"Jeanette\",\"image\":{\"@type\":\"ImageObject\",\"inLanguage\":\"es\",\"@id\":\"https:\\\/\\\/secure.gravatar.com\\\/avatar\\\/3ea2118a5f7dad2b7138b1187a6b7ee55f160b9968b66013c3a3ef39dd7e5798?s=96&d=mm&r=g\",\"url\":\"https:\\\/\\\/secure.gravatar.com\\\/avatar\\\/3ea2118a5f7dad2b7138b1187a6b7ee55f160b9968b66013c3a3ef39dd7e5798?s=96&d=mm&r=g\",\"contentUrl\":\"https:\\\/\\\/secure.gravatar.com\\\/avatar\\\/3ea2118a5f7dad2b7138b1187a6b7ee55f160b9968b66013c3a3ef39dd7e5798?s=96&d=mm&r=g\",\"caption\":\"Jeanette\"},\"sameAs\":[\"https:\\\/\\\/www.eldiario.net\\\/portal\"],\"url\":\"https:\\\/\\\/www.eldiario.net\\\/portal\\\/author\\\/jeanette\\\/\"}]}<\/script>\n<!-- \/ Yoast SEO plugin. -->","yoast_head_json":{"title":"Venta de carbonato de litio primar\u00e1 m\u00e1s que la fabricaci\u00f3n de bater\u00edas - El Diario - Bolivia","robots":{"index":"index","follow":"follow","max-snippet":"max-snippet:-1","max-image-preview":"max-image-preview:large","max-video-preview":"max-video-preview:-1"},"canonical":"https:\/\/www.eldiario.net\/portal\/2023\/01\/04\/venta-de-carbonato-de-litio-primara-mas-que-la-fabricacion-de-baterias\/","og_locale":"es_ES","og_type":"article","og_title":"Venta de carbonato de litio primar\u00e1 m\u00e1s que la fabricaci\u00f3n de bater\u00edas - El Diario - Bolivia","og_description":"A pesar de que la industrializaci\u00f3n del litio data de hace 10 a\u00f1os en pa\u00edses vecinos, Bolivia ingresar\u00e1 reci\u00e9n a la elaboraci\u00f3n de carbonato de litio de manera masiva, pero expertos se\u00f1alan que debido a esto la fabricaci\u00f3n de bater\u00edas quedar\u00e1 rezagada. El Salar de Uyuni, est\u00e1 ubicado en el departamento de Potos\u00ed, por lo [&hellip;]","og_url":"https:\/\/www.eldiario.net\/portal\/2023\/01\/04\/venta-de-carbonato-de-litio-primara-mas-que-la-fabricacion-de-baterias\/","og_site_name":"El Diario - Bolivia","article_publisher":"https:\/\/www.facebook.com\/eldiario.bolivia\/","article_published_time":"2023-01-04T10:07:29+00:00","author":"Jeanette","twitter_card":"summary_large_image","twitter_creator":"@eldiario_net","twitter_site":"@eldiario_net","twitter_misc":{"Escrito por":"Jeanette","Tiempo de lectura":"4 minutos"},"schema":{"@context":"https:\/\/schema.org","@graph":[{"@type":"Article","@id":"https:\/\/www.eldiario.net\/portal\/2023\/01\/04\/venta-de-carbonato-de-litio-primara-mas-que-la-fabricacion-de-baterias\/#article","isPartOf":{"@id":"https:\/\/www.eldiario.net\/portal\/2023\/01\/04\/venta-de-carbonato-de-litio-primara-mas-que-la-fabricacion-de-baterias\/"},"author":{"name":"Jeanette","@id":"https:\/\/www.eldiario.net\/portal\/#\/schema\/person\/2c57cf2b7a7ae032e449e4c9b1019eac"},"headline":"Venta de carbonato de litio primar\u00e1 m\u00e1s que la fabricaci\u00f3n de bater\u00edas","datePublished":"2023-01-04T10:07:29+00:00","mainEntityOfPage":{"@id":"https:\/\/www.eldiario.net\/portal\/2023\/01\/04\/venta-de-carbonato-de-litio-primara-mas-que-la-fabricacion-de-baterias\/"},"wordCount":855,"publisher":{"@id":"https:\/\/www.eldiario.net\/portal\/#organization"},"image":{"@id":"https:\/\/www.eldiario.net\/portal\/2023\/01\/04\/venta-de-carbonato-de-litio-primara-mas-que-la-fabricacion-de-baterias\/#primaryimage"},"thumbnailUrl":"","articleSection":["Econom\u00eda"],"inLanguage":"es"},{"@type":"WebPage","@id":"https:\/\/www.eldiario.net\/portal\/2023\/01\/04\/venta-de-carbonato-de-litio-primara-mas-que-la-fabricacion-de-baterias\/","url":"https:\/\/www.eldiario.net\/portal\/2023\/01\/04\/venta-de-carbonato-de-litio-primara-mas-que-la-fabricacion-de-baterias\/","name":"Venta de carbonato de litio primar\u00e1 m\u00e1s que la fabricaci\u00f3n de bater\u00edas - El Diario - Bolivia","isPartOf":{"@id":"https:\/\/www.eldiario.net\/portal\/#website"},"primaryImageOfPage":{"@id":"https:\/\/www.eldiario.net\/portal\/2023\/01\/04\/venta-de-carbonato-de-litio-primara-mas-que-la-fabricacion-de-baterias\/#primaryimage"},"image":{"@id":"https:\/\/www.eldiario.net\/portal\/2023\/01\/04\/venta-de-carbonato-de-litio-primara-mas-que-la-fabricacion-de-baterias\/#primaryimage"},"thumbnailUrl":"","datePublished":"2023-01-04T10:07:29+00:00","breadcrumb":{"@id":"https:\/\/www.eldiario.net\/portal\/2023\/01\/04\/venta-de-carbonato-de-litio-primara-mas-que-la-fabricacion-de-baterias\/#breadcrumb"},"inLanguage":"es","potentialAction":[{"@type":"ReadAction","target":["https:\/\/www.eldiario.net\/portal\/2023\/01\/04\/venta-de-carbonato-de-litio-primara-mas-que-la-fabricacion-de-baterias\/"]}]},{"@type":"ImageObject","inLanguage":"es","@id":"https:\/\/www.eldiario.net\/portal\/2023\/01\/04\/venta-de-carbonato-de-litio-primara-mas-que-la-fabricacion-de-baterias\/#primaryimage","url":"","contentUrl":""},{"@type":"BreadcrumbList","@id":"https:\/\/www.eldiario.net\/portal\/2023\/01\/04\/venta-de-carbonato-de-litio-primara-mas-que-la-fabricacion-de-baterias\/#breadcrumb","itemListElement":[{"@type":"ListItem","position":1,"name":"Portada","item":"https:\/\/www.eldiario.net\/portal\/"},{"@type":"ListItem","position":2,"name":"Venta de carbonato de litio primar\u00e1 m\u00e1s que la fabricaci\u00f3n de bater\u00edas"}]},{"@type":"WebSite","@id":"https:\/\/www.eldiario.net\/portal\/#website","url":"https:\/\/www.eldiario.net\/portal\/","name":"El Diario - Decano de la prensa nacional","description":"El Diario - Decano de la prensa nacional","publisher":{"@id":"https:\/\/www.eldiario.net\/portal\/#organization"},"potentialAction":[{"@type":"SearchAction","target":{"@type":"EntryPoint","urlTemplate":"https:\/\/www.eldiario.net\/portal\/?s={search_term_string}"},"query-input":{"@type":"PropertyValueSpecification","valueRequired":true,"valueName":"search_term_string"}}],"inLanguage":"es"},{"@type":"Organization","@id":"https:\/\/www.eldiario.net\/portal\/#organization","name":"El Diario - Decano de la prensa nacional","url":"https:\/\/www.eldiario.net\/portal\/","logo":{"@type":"ImageObject","inLanguage":"es","@id":"https:\/\/www.eldiario.net\/portal\/#\/schema\/logo\/image\/","url":"https:\/\/www.eldiario.net\/portal\/wp-content\/uploads\/2023\/07\/logo_ED.jpg","contentUrl":"https:\/\/www.eldiario.net\/portal\/wp-content\/uploads\/2023\/07\/logo_ED.jpg","width":272,"height":52,"caption":"El Diario - Decano de la prensa nacional"},"image":{"@id":"https:\/\/www.eldiario.net\/portal\/#\/schema\/logo\/image\/"},"sameAs":["https:\/\/www.facebook.com\/eldiario.bolivia\/","https:\/\/x.com\/eldiario_net"]},{"@type":"Person","@id":"https:\/\/www.eldiario.net\/portal\/#\/schema\/person\/2c57cf2b7a7ae032e449e4c9b1019eac","name":"Jeanette","image":{"@type":"ImageObject","inLanguage":"es","@id":"https:\/\/secure.gravatar.com\/avatar\/3ea2118a5f7dad2b7138b1187a6b7ee55f160b9968b66013c3a3ef39dd7e5798?s=96&d=mm&r=g","url":"https:\/\/secure.gravatar.com\/avatar\/3ea2118a5f7dad2b7138b1187a6b7ee55f160b9968b66013c3a3ef39dd7e5798?s=96&d=mm&r=g","contentUrl":"https:\/\/secure.gravatar.com\/avatar\/3ea2118a5f7dad2b7138b1187a6b7ee55f160b9968b66013c3a3ef39dd7e5798?s=96&d=mm&r=g","caption":"Jeanette"},"sameAs":["https:\/\/www.eldiario.net\/portal"],"url":"https:\/\/www.eldiario.net\/portal\/author\/jeanette\/"}]}},"_links":{"self":[{"href":"https:\/\/www.eldiario.net\/portal\/wp-json\/wp\/v2\/posts\/130845","targetHints":{"allow":["GET"]}}],"collection":[{"href":"https:\/\/www.eldiario.net\/portal\/wp-json\/wp\/v2\/posts"}],"about":[{"href":"https:\/\/www.eldiario.net\/portal\/wp-json\/wp\/v2\/types\/post"}],"author":[{"embeddable":true,"href":"https:\/\/www.eldiario.net\/portal\/wp-json\/wp\/v2\/users\/1"}],"replies":[{"embeddable":true,"href":"https:\/\/www.eldiario.net\/portal\/wp-json\/wp\/v2\/comments?post=130845"}],"version-history":[{"count":0,"href":"https:\/\/www.eldiario.net\/portal\/wp-json\/wp\/v2\/posts\/130845\/revisions"}],"wp:attachment":[{"href":"https:\/\/www.eldiario.net\/portal\/wp-json\/wp\/v2\/media?parent=130845"}],"wp:term":[{"taxonomy":"category","embeddable":true,"href":"https:\/\/www.eldiario.net\/portal\/wp-json\/wp\/v2\/categories?post=130845"},{"taxonomy":"post_tag","embeddable":true,"href":"https:\/\/www.eldiario.net\/portal\/wp-json\/wp\/v2\/tags?post=130845"}],"curies":[{"name":"wp","href":"https:\/\/api.w.org\/{rel}","templated":true}]}}