{"id":12958,"date":"2021-06-26T05:49:53","date_gmt":"2021-06-26T09:49:53","guid":{"rendered":"https:\/\/www.eldiario.net\/portal\/?p=12958"},"modified":"2021-06-26T05:49:53","modified_gmt":"2021-06-26T09:49:53","slug":"ordenan-anotacion-de-bienes-de-murillo-y-lopez","status":"publish","type":"post","link":"https:\/\/www.eldiario.net\/portal\/2021\/06\/26\/ordenan-anotacion-de-bienes-de-murillo-y-lopez\/","title":{"rendered":"Ordenan anotaci\u00f3n de bienes de Murillo y L\u00f3pez"},"content":{"rendered":"<p>La justicia determin\u00f3 declarar en rebeld\u00eda a los exministros Arturo Murillo y Luis Fernando L\u00f3pez, dentro del proceso que se realiza por las irregularidades en la adquisici\u00f3n de gases lacrim\u00f3genos durante el gobierno transitorio de Jeanine \u00c1\u00f1ez.<br \/>\nLa jueza Claudia Castro, que orden\u00f3 la anotaci\u00f3n de bienes de ambas exautoridades, afirm\u00f3 que se cumpli\u00f3 con la notificaci\u00f3n y en la audiencia cautelar, programada para las 10.00 horas de ayer, se hizo presente el abogado representante de L\u00f3pez, pero tambi\u00e9n se aclar\u00f3 que el mismo era defensor de Murillo, por lo cual se determin\u00f3 seguir adelante con la audiencia.<br \/>\nExplic\u00f3 que la rebeld\u00eda se determin\u00f3 a solicitud de diferentes carteras de Estado, Procuradur\u00eda y Ministerio P\u00fablico, tomando en cuenta que los imputados estaban ausentes en la audiencia y no se hab\u00eda justificado su inasistencia.<br \/>\nMurillo se encuentra actualmente detenido en Estados Unidos, acusado de lavado de dinero proveniente de la corrupci\u00f3n en la compra de los gases lacrim\u00f3genos, entretanto, L\u00f3pez est\u00e1 en Brasil, seg\u00fan autoridades bolivianas.<\/p>\n","protected":false},"excerpt":{"rendered":"<p>La justicia determin\u00f3 declarar en rebeld\u00eda a los exministros Arturo Murillo y Luis Fernando L\u00f3pez, dentro del proceso que se realiza por las irregularidades en la adquisici\u00f3n de gases lacrim\u00f3genos durante el gobierno transitorio de Jeanine \u00c1\u00f1ez. La jueza Claudia Castro, que orden\u00f3 la anotaci\u00f3n de bienes de ambas exautoridades, afirm\u00f3 que se cumpli\u00f3 con [&hellip;]<\/p>\n","protected":false},"author":1,"featured_media":12959,"comment_status":"closed","ping_status":"closed","sticky":false,"template":"","format":"standard","meta":{"_acf_changed":false,"footnotes":""},"categories":[15],"tags":[],"class_list":["post-12958","post","type-post","status-publish","format-standard","has-post-thumbnail","category-portada"],"acf":{"antetitulo":""},"yoast_head":"<!-- This site is optimized with the Yoast SEO plugin v28.4 - https:\/\/yoast.com\/product\/yoast-seo-wordpress\/ -->\n<title>Ordenan anotaci\u00f3n de bienes de Murillo y L\u00f3pez - El Diario - Bolivia<\/title>\n<meta name=\"robots\" content=\"index, follow, max-snippet:-1, max-image-preview:large, max-video-preview:-1\" \/>\n<link rel=\"canonical\" href=\"https:\/\/www.eldiario.net\/portal\/2021\/06\/26\/ordenan-anotacion-de-bienes-de-murillo-y-lopez\/\" \/>\n<meta property=\"og:locale\" content=\"es_ES\" \/>\n<meta property=\"og:type\" content=\"article\" \/>\n<meta property=\"og:title\" content=\"Ordenan anotaci\u00f3n de bienes de Murillo y L\u00f3pez - El Diario - Bolivia\" \/>\n<meta property=\"og:description\" content=\"La justicia determin\u00f3 declarar en rebeld\u00eda a los exministros Arturo Murillo y Luis Fernando L\u00f3pez, dentro del proceso que se realiza por las irregularidades en la adquisici\u00f3n de gases lacrim\u00f3genos durante el gobierno transitorio de Jeanine \u00c1\u00f1ez. La jueza Claudia Castro, que orden\u00f3 la anotaci\u00f3n de bienes de ambas exautoridades, afirm\u00f3 que se cumpli\u00f3 con [&hellip;]\" \/>\n<meta property=\"og:url\" content=\"https:\/\/www.eldiario.net\/portal\/2021\/06\/26\/ordenan-anotacion-de-bienes-de-murillo-y-lopez\/\" \/>\n<meta property=\"og:site_name\" content=\"El Diario - Bolivia\" \/>\n<meta property=\"article:publisher\" content=\"https:\/\/www.facebook.com\/eldiario.bolivia\/\" \/>\n<meta property=\"article:published_time\" content=\"2021-06-26T09:49:53+00:00\" \/>\n<meta name=\"author\" content=\"Jeanette\" \/>\n<meta name=\"twitter:card\" content=\"summary_large_image\" \/>\n<meta name=\"twitter:creator\" content=\"@eldiario_net\" \/>\n<meta name=\"twitter:site\" content=\"@eldiario_net\" \/>\n<meta name=\"twitter:label1\" content=\"Escrito por\" \/>\n\t<meta name=\"twitter:data1\" content=\"Jeanette\" \/>\n\t<meta name=\"twitter:label2\" content=\"Tiempo de lectura\" \/>\n\t<meta name=\"twitter:data2\" content=\"1 minuto\" \/>\n<script type=\"application\/ld+json\" class=\"yoast-schema-graph\">{\"@context\":\"https:\\\/\\\/schema.org\",\"@graph\":[{\"@type\":\"Article\",\"@id\":\"https:\\\/\\\/www.eldiario.net\\\/portal\\\/2021\\\/06\\\/26\\\/ordenan-anotacion-de-bienes-de-murillo-y-lopez\\\/#article\",\"isPartOf\":{\"@id\":\"https:\\\/\\\/www.eldiario.net\\\/portal\\\/2021\\\/06\\\/26\\\/ordenan-anotacion-de-bienes-de-murillo-y-lopez\\\/\"},\"author\":{\"name\":\"Jeanette\",\"@id\":\"https:\\\/\\\/www.eldiario.net\\\/portal\\\/#\\\/schema\\\/person\\\/2c57cf2b7a7ae032e449e4c9b1019eac\"},\"headline\":\"Ordenan anotaci\u00f3n de bienes de Murillo y L\u00f3pez\",\"datePublished\":\"2021-06-26T09:49:53+00:00\",\"mainEntityOfPage\":{\"@id\":\"https:\\\/\\\/www.eldiario.net\\\/portal\\\/2021\\\/06\\\/26\\\/ordenan-anotacion-de-bienes-de-murillo-y-lopez\\\/\"},\"wordCount\":190,\"publisher\":{\"@id\":\"https:\\\/\\\/www.eldiario.net\\\/portal\\\/#organization\"},\"image\":{\"@id\":\"https:\\\/\\\/www.eldiario.net\\\/portal\\\/2021\\\/06\\\/26\\\/ordenan-anotacion-de-bienes-de-murillo-y-lopez\\\/#primaryimage\"},\"thumbnailUrl\":\"\",\"articleSection\":[\"Portada\"],\"inLanguage\":\"es\"},{\"@type\":\"WebPage\",\"@id\":\"https:\\\/\\\/www.eldiario.net\\\/portal\\\/2021\\\/06\\\/26\\\/ordenan-anotacion-de-bienes-de-murillo-y-lopez\\\/\",\"url\":\"https:\\\/\\\/www.eldiario.net\\\/portal\\\/2021\\\/06\\\/26\\\/ordenan-anotacion-de-bienes-de-murillo-y-lopez\\\/\",\"name\":\"Ordenan anotaci\u00f3n de bienes de Murillo y L\u00f3pez - El Diario - Bolivia\",\"isPartOf\":{\"@id\":\"https:\\\/\\\/www.eldiario.net\\\/portal\\\/#website\"},\"primaryImageOfPage\":{\"@id\":\"https:\\\/\\\/www.eldiario.net\\\/portal\\\/2021\\\/06\\\/26\\\/ordenan-anotacion-de-bienes-de-murillo-y-lopez\\\/#primaryimage\"},\"image\":{\"@id\":\"https:\\\/\\\/www.eldiario.net\\\/portal\\\/2021\\\/06\\\/26\\\/ordenan-anotacion-de-bienes-de-murillo-y-lopez\\\/#primaryimage\"},\"thumbnailUrl\":\"\",\"datePublished\":\"2021-06-26T09:49:53+00:00\",\"breadcrumb\":{\"@id\":\"https:\\\/\\\/www.eldiario.net\\\/portal\\\/2021\\\/06\\\/26\\\/ordenan-anotacion-de-bienes-de-murillo-y-lopez\\\/#breadcrumb\"},\"inLanguage\":\"es\",\"potentialAction\":[{\"@type\":\"ReadAction\",\"target\":[\"https:\\\/\\\/www.eldiario.net\\\/portal\\\/2021\\\/06\\\/26\\\/ordenan-anotacion-de-bienes-de-murillo-y-lopez\\\/\"]}]},{\"@type\":\"ImageObject\",\"inLanguage\":\"es\",\"@id\":\"https:\\\/\\\/www.eldiario.net\\\/portal\\\/2021\\\/06\\\/26\\\/ordenan-anotacion-de-bienes-de-murillo-y-lopez\\\/#primaryimage\",\"url\":\"\",\"contentUrl\":\"\"},{\"@type\":\"BreadcrumbList\",\"@id\":\"https:\\\/\\\/www.eldiario.net\\\/portal\\\/2021\\\/06\\\/26\\\/ordenan-anotacion-de-bienes-de-murillo-y-lopez\\\/#breadcrumb\",\"itemListElement\":[{\"@type\":\"ListItem\",\"position\":1,\"name\":\"Portada\",\"item\":\"https:\\\/\\\/www.eldiario.net\\\/portal\\\/\"},{\"@type\":\"ListItem\",\"position\":2,\"name\":\"Ordenan anotaci\u00f3n de bienes de Murillo y L\u00f3pez\"}]},{\"@type\":\"WebSite\",\"@id\":\"https:\\\/\\\/www.eldiario.net\\\/portal\\\/#website\",\"url\":\"https:\\\/\\\/www.eldiario.net\\\/portal\\\/\",\"name\":\"El Diario - Decano de la prensa nacional\",\"description\":\"El Diario - Decano de la prensa nacional\",\"publisher\":{\"@id\":\"https:\\\/\\\/www.eldiario.net\\\/portal\\\/#organization\"},\"potentialAction\":[{\"@type\":\"SearchAction\",\"target\":{\"@type\":\"EntryPoint\",\"urlTemplate\":\"https:\\\/\\\/www.eldiario.net\\\/portal\\\/?s={search_term_string}\"},\"query-input\":{\"@type\":\"PropertyValueSpecification\",\"valueRequired\":true,\"valueName\":\"search_term_string\"}}],\"inLanguage\":\"es\"},{\"@type\":\"Organization\",\"@id\":\"https:\\\/\\\/www.eldiario.net\\\/portal\\\/#organization\",\"name\":\"El Diario - Decano de la prensa nacional\",\"url\":\"https:\\\/\\\/www.eldiario.net\\\/portal\\\/\",\"logo\":{\"@type\":\"ImageObject\",\"inLanguage\":\"es\",\"@id\":\"https:\\\/\\\/www.eldiario.net\\\/portal\\\/#\\\/schema\\\/logo\\\/image\\\/\",\"url\":\"https:\\\/\\\/www.eldiario.net\\\/portal\\\/wp-content\\\/uploads\\\/2023\\\/07\\\/logo_ED.jpg\",\"contentUrl\":\"https:\\\/\\\/www.eldiario.net\\\/portal\\\/wp-content\\\/uploads\\\/2023\\\/07\\\/logo_ED.jpg\",\"width\":272,\"height\":52,\"caption\":\"El Diario - Decano de la prensa nacional\"},\"image\":{\"@id\":\"https:\\\/\\\/www.eldiario.net\\\/portal\\\/#\\\/schema\\\/logo\\\/image\\\/\"},\"sameAs\":[\"https:\\\/\\\/www.facebook.com\\\/eldiario.bolivia\\\/\",\"https:\\\/\\\/x.com\\\/eldiario_net\"]},{\"@type\":\"Person\",\"@id\":\"https:\\\/\\\/www.eldiario.net\\\/portal\\\/#\\\/schema\\\/person\\\/2c57cf2b7a7ae032e449e4c9b1019eac\",\"name\":\"Jeanette\",\"image\":{\"@type\":\"ImageObject\",\"inLanguage\":\"es\",\"@id\":\"https:\\\/\\\/secure.gravatar.com\\\/avatar\\\/3ea2118a5f7dad2b7138b1187a6b7ee55f160b9968b66013c3a3ef39dd7e5798?s=96&d=mm&r=g\",\"url\":\"https:\\\/\\\/secure.gravatar.com\\\/avatar\\\/3ea2118a5f7dad2b7138b1187a6b7ee55f160b9968b66013c3a3ef39dd7e5798?s=96&d=mm&r=g\",\"contentUrl\":\"https:\\\/\\\/secure.gravatar.com\\\/avatar\\\/3ea2118a5f7dad2b7138b1187a6b7ee55f160b9968b66013c3a3ef39dd7e5798?s=96&d=mm&r=g\",\"caption\":\"Jeanette\"},\"sameAs\":[\"https:\\\/\\\/www.eldiario.net\\\/portal\"],\"url\":\"https:\\\/\\\/www.eldiario.net\\\/portal\\\/author\\\/jeanette\\\/\"}]}<\/script>\n<!-- \/ Yoast SEO plugin. -->","yoast_head_json":{"title":"Ordenan anotaci\u00f3n de bienes de Murillo y L\u00f3pez - El Diario - Bolivia","robots":{"index":"index","follow":"follow","max-snippet":"max-snippet:-1","max-image-preview":"max-image-preview:large","max-video-preview":"max-video-preview:-1"},"canonical":"https:\/\/www.eldiario.net\/portal\/2021\/06\/26\/ordenan-anotacion-de-bienes-de-murillo-y-lopez\/","og_locale":"es_ES","og_type":"article","og_title":"Ordenan anotaci\u00f3n de bienes de Murillo y L\u00f3pez - El Diario - Bolivia","og_description":"La justicia determin\u00f3 declarar en rebeld\u00eda a los exministros Arturo Murillo y Luis Fernando L\u00f3pez, dentro del proceso que se realiza por las irregularidades en la adquisici\u00f3n de gases lacrim\u00f3genos durante el gobierno transitorio de Jeanine \u00c1\u00f1ez. La jueza Claudia Castro, que orden\u00f3 la anotaci\u00f3n de bienes de ambas exautoridades, afirm\u00f3 que se cumpli\u00f3 con [&hellip;]","og_url":"https:\/\/www.eldiario.net\/portal\/2021\/06\/26\/ordenan-anotacion-de-bienes-de-murillo-y-lopez\/","og_site_name":"El Diario - Bolivia","article_publisher":"https:\/\/www.facebook.com\/eldiario.bolivia\/","article_published_time":"2021-06-26T09:49:53+00:00","author":"Jeanette","twitter_card":"summary_large_image","twitter_creator":"@eldiario_net","twitter_site":"@eldiario_net","twitter_misc":{"Escrito por":"Jeanette","Tiempo de lectura":"1 minuto"},"schema":{"@context":"https:\/\/schema.org","@graph":[{"@type":"Article","@id":"https:\/\/www.eldiario.net\/portal\/2021\/06\/26\/ordenan-anotacion-de-bienes-de-murillo-y-lopez\/#article","isPartOf":{"@id":"https:\/\/www.eldiario.net\/portal\/2021\/06\/26\/ordenan-anotacion-de-bienes-de-murillo-y-lopez\/"},"author":{"name":"Jeanette","@id":"https:\/\/www.eldiario.net\/portal\/#\/schema\/person\/2c57cf2b7a7ae032e449e4c9b1019eac"},"headline":"Ordenan anotaci\u00f3n de bienes de Murillo y L\u00f3pez","datePublished":"2021-06-26T09:49:53+00:00","mainEntityOfPage":{"@id":"https:\/\/www.eldiario.net\/portal\/2021\/06\/26\/ordenan-anotacion-de-bienes-de-murillo-y-lopez\/"},"wordCount":190,"publisher":{"@id":"https:\/\/www.eldiario.net\/portal\/#organization"},"image":{"@id":"https:\/\/www.eldiario.net\/portal\/2021\/06\/26\/ordenan-anotacion-de-bienes-de-murillo-y-lopez\/#primaryimage"},"thumbnailUrl":"","articleSection":["Portada"],"inLanguage":"es"},{"@type":"WebPage","@id":"https:\/\/www.eldiario.net\/portal\/2021\/06\/26\/ordenan-anotacion-de-bienes-de-murillo-y-lopez\/","url":"https:\/\/www.eldiario.net\/portal\/2021\/06\/26\/ordenan-anotacion-de-bienes-de-murillo-y-lopez\/","name":"Ordenan anotaci\u00f3n de bienes de Murillo y L\u00f3pez - El Diario - Bolivia","isPartOf":{"@id":"https:\/\/www.eldiario.net\/portal\/#website"},"primaryImageOfPage":{"@id":"https:\/\/www.eldiario.net\/portal\/2021\/06\/26\/ordenan-anotacion-de-bienes-de-murillo-y-lopez\/#primaryimage"},"image":{"@id":"https:\/\/www.eldiario.net\/portal\/2021\/06\/26\/ordenan-anotacion-de-bienes-de-murillo-y-lopez\/#primaryimage"},"thumbnailUrl":"","datePublished":"2021-06-26T09:49:53+00:00","breadcrumb":{"@id":"https:\/\/www.eldiario.net\/portal\/2021\/06\/26\/ordenan-anotacion-de-bienes-de-murillo-y-lopez\/#breadcrumb"},"inLanguage":"es","potentialAction":[{"@type":"ReadAction","target":["https:\/\/www.eldiario.net\/portal\/2021\/06\/26\/ordenan-anotacion-de-bienes-de-murillo-y-lopez\/"]}]},{"@type":"ImageObject","inLanguage":"es","@id":"https:\/\/www.eldiario.net\/portal\/2021\/06\/26\/ordenan-anotacion-de-bienes-de-murillo-y-lopez\/#primaryimage","url":"","contentUrl":""},{"@type":"BreadcrumbList","@id":"https:\/\/www.eldiario.net\/portal\/2021\/06\/26\/ordenan-anotacion-de-bienes-de-murillo-y-lopez\/#breadcrumb","itemListElement":[{"@type":"ListItem","position":1,"name":"Portada","item":"https:\/\/www.eldiario.net\/portal\/"},{"@type":"ListItem","position":2,"name":"Ordenan anotaci\u00f3n de bienes de Murillo y L\u00f3pez"}]},{"@type":"WebSite","@id":"https:\/\/www.eldiario.net\/portal\/#website","url":"https:\/\/www.eldiario.net\/portal\/","name":"El Diario - Decano de la prensa nacional","description":"El Diario - Decano de la prensa nacional","publisher":{"@id":"https:\/\/www.eldiario.net\/portal\/#organization"},"potentialAction":[{"@type":"SearchAction","target":{"@type":"EntryPoint","urlTemplate":"https:\/\/www.eldiario.net\/portal\/?s={search_term_string}"},"query-input":{"@type":"PropertyValueSpecification","valueRequired":true,"valueName":"search_term_string"}}],"inLanguage":"es"},{"@type":"Organization","@id":"https:\/\/www.eldiario.net\/portal\/#organization","name":"El Diario - Decano de la prensa nacional","url":"https:\/\/www.eldiario.net\/portal\/","logo":{"@type":"ImageObject","inLanguage":"es","@id":"https:\/\/www.eldiario.net\/portal\/#\/schema\/logo\/image\/","url":"https:\/\/www.eldiario.net\/portal\/wp-content\/uploads\/2023\/07\/logo_ED.jpg","contentUrl":"https:\/\/www.eldiario.net\/portal\/wp-content\/uploads\/2023\/07\/logo_ED.jpg","width":272,"height":52,"caption":"El Diario - Decano de la prensa nacional"},"image":{"@id":"https:\/\/www.eldiario.net\/portal\/#\/schema\/logo\/image\/"},"sameAs":["https:\/\/www.facebook.com\/eldiario.bolivia\/","https:\/\/x.com\/eldiario_net"]},{"@type":"Person","@id":"https:\/\/www.eldiario.net\/portal\/#\/schema\/person\/2c57cf2b7a7ae032e449e4c9b1019eac","name":"Jeanette","image":{"@type":"ImageObject","inLanguage":"es","@id":"https:\/\/secure.gravatar.com\/avatar\/3ea2118a5f7dad2b7138b1187a6b7ee55f160b9968b66013c3a3ef39dd7e5798?s=96&d=mm&r=g","url":"https:\/\/secure.gravatar.com\/avatar\/3ea2118a5f7dad2b7138b1187a6b7ee55f160b9968b66013c3a3ef39dd7e5798?s=96&d=mm&r=g","contentUrl":"https:\/\/secure.gravatar.com\/avatar\/3ea2118a5f7dad2b7138b1187a6b7ee55f160b9968b66013c3a3ef39dd7e5798?s=96&d=mm&r=g","caption":"Jeanette"},"sameAs":["https:\/\/www.eldiario.net\/portal"],"url":"https:\/\/www.eldiario.net\/portal\/author\/jeanette\/"}]}},"_links":{"self":[{"href":"https:\/\/www.eldiario.net\/portal\/wp-json\/wp\/v2\/posts\/12958","targetHints":{"allow":["GET"]}}],"collection":[{"href":"https:\/\/www.eldiario.net\/portal\/wp-json\/wp\/v2\/posts"}],"about":[{"href":"https:\/\/www.eldiario.net\/portal\/wp-json\/wp\/v2\/types\/post"}],"author":[{"embeddable":true,"href":"https:\/\/www.eldiario.net\/portal\/wp-json\/wp\/v2\/users\/1"}],"replies":[{"embeddable":true,"href":"https:\/\/www.eldiario.net\/portal\/wp-json\/wp\/v2\/comments?post=12958"}],"version-history":[{"count":0,"href":"https:\/\/www.eldiario.net\/portal\/wp-json\/wp\/v2\/posts\/12958\/revisions"}],"wp:attachment":[{"href":"https:\/\/www.eldiario.net\/portal\/wp-json\/wp\/v2\/media?parent=12958"}],"wp:term":[{"taxonomy":"category","embeddable":true,"href":"https:\/\/www.eldiario.net\/portal\/wp-json\/wp\/v2\/categories?post=12958"},{"taxonomy":"post_tag","embeddable":true,"href":"https:\/\/www.eldiario.net\/portal\/wp-json\/wp\/v2\/tags?post=12958"}],"curies":[{"name":"wp","href":"https:\/\/api.w.org\/{rel}","templated":true}]}}