{"id":12955,"date":"2021-06-26T05:49:00","date_gmt":"2021-06-26T09:49:00","guid":{"rendered":"https:\/\/www.eldiario.net\/portal\/?p=12955"},"modified":"2021-06-26T05:49:00","modified_gmt":"2021-06-26T09:49:00","slug":"fallecio-marcos-ferrufino-victima-del-coronavirus","status":"publish","type":"post","link":"https:\/\/www.eldiario.net\/portal\/2021\/06\/26\/fallecio-marcos-ferrufino-victima-del-coronavirus\/","title":{"rendered":"Falleci\u00f3 Marcos Ferrufino, v\u00edctima del coronavirus"},"content":{"rendered":"<p>El destacado jugador y director t\u00e9cnico de f\u00fatbol, Marcos Ferrufino, falleci\u00f3 la tarde de ayer a los 58 a\u00f1os, a ra\u00edz de complicaciones en su sistema respiratorio debido al coronavirus, confirmaron allegados y familiares del exfutbolista.<br \/>\nMarcos Rodolfo Ferrufino Est\u00e9vez, naci\u00f3 el 25 de abril de 1963 en Oruro, fue zaguero central en equipos importantes del pa\u00eds como Bol\u00edvar, San Jos\u00e9 y The Strongest, adem\u00e1s de haber vestido la casaca de la Selecci\u00f3n Boliviana. Como jugador fue campe\u00f3n cinco veces, en Bol\u00edvar (1985, 1987, 1988, 1991 y 1992) el equipo con el que se consagr\u00f3 y brill\u00f3 en el profesionalismo del balompi\u00e9 nacional.<br \/>\nEn su trayectoria como director t\u00e9cnico, dirigi\u00f3 a varios equipos de primera divisi\u00f3n llegando a ser campe\u00f3n en 2007 con San Jos\u00e9, equipo que expres\u00f3 sus condolencias en redes sociales con el siguiente mensaje: \u201cHasta pronto Fierro Dios te reciba en su santo reino\u201d. (Innovapress)<\/p>\n","protected":false},"excerpt":{"rendered":"<p>El destacado jugador y director t\u00e9cnico de f\u00fatbol, Marcos Ferrufino, falleci\u00f3 la tarde de ayer a los 58 a\u00f1os, a ra\u00edz de complicaciones en su sistema respiratorio debido al coronavirus, confirmaron allegados y familiares del exfutbolista. Marcos Rodolfo Ferrufino Est\u00e9vez, naci\u00f3 el 25 de abril de 1963 en Oruro, fue zaguero central en equipos importantes [&hellip;]<\/p>\n","protected":false},"author":1,"featured_media":12956,"comment_status":"closed","ping_status":"closed","sticky":false,"template":"","format":"standard","meta":{"_acf_changed":false,"footnotes":""},"categories":[15],"tags":[],"class_list":["post-12955","post","type-post","status-publish","format-standard","has-post-thumbnail","category-portada"],"acf":{"antetitulo":""},"yoast_head":"<!-- This site is optimized with the Yoast SEO plugin v28.4 - https:\/\/yoast.com\/product\/yoast-seo-wordpress\/ -->\n<title>Falleci\u00f3 Marcos Ferrufino, v\u00edctima del coronavirus - El Diario - Bolivia<\/title>\n<meta name=\"robots\" content=\"index, follow, max-snippet:-1, max-image-preview:large, max-video-preview:-1\" \/>\n<link rel=\"canonical\" href=\"https:\/\/www.eldiario.net\/portal\/2021\/06\/26\/fallecio-marcos-ferrufino-victima-del-coronavirus\/\" \/>\n<meta property=\"og:locale\" content=\"es_ES\" \/>\n<meta property=\"og:type\" content=\"article\" \/>\n<meta property=\"og:title\" content=\"Falleci\u00f3 Marcos Ferrufino, v\u00edctima del coronavirus - El Diario - Bolivia\" \/>\n<meta property=\"og:description\" content=\"El destacado jugador y director t\u00e9cnico de f\u00fatbol, Marcos Ferrufino, falleci\u00f3 la tarde de ayer a los 58 a\u00f1os, a ra\u00edz de complicaciones en su sistema respiratorio debido al coronavirus, confirmaron allegados y familiares del exfutbolista. Marcos Rodolfo Ferrufino Est\u00e9vez, naci\u00f3 el 25 de abril de 1963 en Oruro, fue zaguero central en equipos importantes [&hellip;]\" \/>\n<meta property=\"og:url\" content=\"https:\/\/www.eldiario.net\/portal\/2021\/06\/26\/fallecio-marcos-ferrufino-victima-del-coronavirus\/\" \/>\n<meta property=\"og:site_name\" content=\"El Diario - Bolivia\" \/>\n<meta property=\"article:publisher\" content=\"https:\/\/www.facebook.com\/eldiario.bolivia\/\" \/>\n<meta property=\"article:published_time\" content=\"2021-06-26T09:49:00+00:00\" \/>\n<meta name=\"author\" content=\"Jeanette\" \/>\n<meta name=\"twitter:card\" content=\"summary_large_image\" \/>\n<meta name=\"twitter:creator\" content=\"@eldiario_net\" \/>\n<meta name=\"twitter:site\" content=\"@eldiario_net\" \/>\n<meta name=\"twitter:label1\" content=\"Escrito por\" \/>\n\t<meta name=\"twitter:data1\" content=\"Jeanette\" \/>\n\t<meta name=\"twitter:label2\" content=\"Tiempo de lectura\" \/>\n\t<meta name=\"twitter:data2\" content=\"1 minuto\" \/>\n<script type=\"application\/ld+json\" class=\"yoast-schema-graph\">{\"@context\":\"https:\\\/\\\/schema.org\",\"@graph\":[{\"@type\":\"Article\",\"@id\":\"https:\\\/\\\/www.eldiario.net\\\/portal\\\/2021\\\/06\\\/26\\\/fallecio-marcos-ferrufino-victima-del-coronavirus\\\/#article\",\"isPartOf\":{\"@id\":\"https:\\\/\\\/www.eldiario.net\\\/portal\\\/2021\\\/06\\\/26\\\/fallecio-marcos-ferrufino-victima-del-coronavirus\\\/\"},\"author\":{\"name\":\"Jeanette\",\"@id\":\"https:\\\/\\\/www.eldiario.net\\\/portal\\\/#\\\/schema\\\/person\\\/2c57cf2b7a7ae032e449e4c9b1019eac\"},\"headline\":\"Falleci\u00f3 Marcos Ferrufino, v\u00edctima del coronavirus\",\"datePublished\":\"2021-06-26T09:49:00+00:00\",\"mainEntityOfPage\":{\"@id\":\"https:\\\/\\\/www.eldiario.net\\\/portal\\\/2021\\\/06\\\/26\\\/fallecio-marcos-ferrufino-victima-del-coronavirus\\\/\"},\"wordCount\":160,\"publisher\":{\"@id\":\"https:\\\/\\\/www.eldiario.net\\\/portal\\\/#organization\"},\"image\":{\"@id\":\"https:\\\/\\\/www.eldiario.net\\\/portal\\\/2021\\\/06\\\/26\\\/fallecio-marcos-ferrufino-victima-del-coronavirus\\\/#primaryimage\"},\"thumbnailUrl\":\"\",\"articleSection\":[\"Portada\"],\"inLanguage\":\"es\"},{\"@type\":\"WebPage\",\"@id\":\"https:\\\/\\\/www.eldiario.net\\\/portal\\\/2021\\\/06\\\/26\\\/fallecio-marcos-ferrufino-victima-del-coronavirus\\\/\",\"url\":\"https:\\\/\\\/www.eldiario.net\\\/portal\\\/2021\\\/06\\\/26\\\/fallecio-marcos-ferrufino-victima-del-coronavirus\\\/\",\"name\":\"Falleci\u00f3 Marcos Ferrufino, v\u00edctima del coronavirus - El Diario - Bolivia\",\"isPartOf\":{\"@id\":\"https:\\\/\\\/www.eldiario.net\\\/portal\\\/#website\"},\"primaryImageOfPage\":{\"@id\":\"https:\\\/\\\/www.eldiario.net\\\/portal\\\/2021\\\/06\\\/26\\\/fallecio-marcos-ferrufino-victima-del-coronavirus\\\/#primaryimage\"},\"image\":{\"@id\":\"https:\\\/\\\/www.eldiario.net\\\/portal\\\/2021\\\/06\\\/26\\\/fallecio-marcos-ferrufino-victima-del-coronavirus\\\/#primaryimage\"},\"thumbnailUrl\":\"\",\"datePublished\":\"2021-06-26T09:49:00+00:00\",\"breadcrumb\":{\"@id\":\"https:\\\/\\\/www.eldiario.net\\\/portal\\\/2021\\\/06\\\/26\\\/fallecio-marcos-ferrufino-victima-del-coronavirus\\\/#breadcrumb\"},\"inLanguage\":\"es\",\"potentialAction\":[{\"@type\":\"ReadAction\",\"target\":[\"https:\\\/\\\/www.eldiario.net\\\/portal\\\/2021\\\/06\\\/26\\\/fallecio-marcos-ferrufino-victima-del-coronavirus\\\/\"]}]},{\"@type\":\"ImageObject\",\"inLanguage\":\"es\",\"@id\":\"https:\\\/\\\/www.eldiario.net\\\/portal\\\/2021\\\/06\\\/26\\\/fallecio-marcos-ferrufino-victima-del-coronavirus\\\/#primaryimage\",\"url\":\"\",\"contentUrl\":\"\"},{\"@type\":\"BreadcrumbList\",\"@id\":\"https:\\\/\\\/www.eldiario.net\\\/portal\\\/2021\\\/06\\\/26\\\/fallecio-marcos-ferrufino-victima-del-coronavirus\\\/#breadcrumb\",\"itemListElement\":[{\"@type\":\"ListItem\",\"position\":1,\"name\":\"Portada\",\"item\":\"https:\\\/\\\/www.eldiario.net\\\/portal\\\/\"},{\"@type\":\"ListItem\",\"position\":2,\"name\":\"Falleci\u00f3 Marcos Ferrufino, v\u00edctima del coronavirus\"}]},{\"@type\":\"WebSite\",\"@id\":\"https:\\\/\\\/www.eldiario.net\\\/portal\\\/#website\",\"url\":\"https:\\\/\\\/www.eldiario.net\\\/portal\\\/\",\"name\":\"El Diario - Decano de la prensa nacional\",\"description\":\"El Diario - Decano de la prensa nacional\",\"publisher\":{\"@id\":\"https:\\\/\\\/www.eldiario.net\\\/portal\\\/#organization\"},\"potentialAction\":[{\"@type\":\"SearchAction\",\"target\":{\"@type\":\"EntryPoint\",\"urlTemplate\":\"https:\\\/\\\/www.eldiario.net\\\/portal\\\/?s={search_term_string}\"},\"query-input\":{\"@type\":\"PropertyValueSpecification\",\"valueRequired\":true,\"valueName\":\"search_term_string\"}}],\"inLanguage\":\"es\"},{\"@type\":\"Organization\",\"@id\":\"https:\\\/\\\/www.eldiario.net\\\/portal\\\/#organization\",\"name\":\"El Diario - Decano de la prensa nacional\",\"url\":\"https:\\\/\\\/www.eldiario.net\\\/portal\\\/\",\"logo\":{\"@type\":\"ImageObject\",\"inLanguage\":\"es\",\"@id\":\"https:\\\/\\\/www.eldiario.net\\\/portal\\\/#\\\/schema\\\/logo\\\/image\\\/\",\"url\":\"https:\\\/\\\/www.eldiario.net\\\/portal\\\/wp-content\\\/uploads\\\/2023\\\/07\\\/logo_ED.jpg\",\"contentUrl\":\"https:\\\/\\\/www.eldiario.net\\\/portal\\\/wp-content\\\/uploads\\\/2023\\\/07\\\/logo_ED.jpg\",\"width\":272,\"height\":52,\"caption\":\"El Diario - Decano de la prensa nacional\"},\"image\":{\"@id\":\"https:\\\/\\\/www.eldiario.net\\\/portal\\\/#\\\/schema\\\/logo\\\/image\\\/\"},\"sameAs\":[\"https:\\\/\\\/www.facebook.com\\\/eldiario.bolivia\\\/\",\"https:\\\/\\\/x.com\\\/eldiario_net\"]},{\"@type\":\"Person\",\"@id\":\"https:\\\/\\\/www.eldiario.net\\\/portal\\\/#\\\/schema\\\/person\\\/2c57cf2b7a7ae032e449e4c9b1019eac\",\"name\":\"Jeanette\",\"image\":{\"@type\":\"ImageObject\",\"inLanguage\":\"es\",\"@id\":\"https:\\\/\\\/secure.gravatar.com\\\/avatar\\\/3ea2118a5f7dad2b7138b1187a6b7ee55f160b9968b66013c3a3ef39dd7e5798?s=96&d=mm&r=g\",\"url\":\"https:\\\/\\\/secure.gravatar.com\\\/avatar\\\/3ea2118a5f7dad2b7138b1187a6b7ee55f160b9968b66013c3a3ef39dd7e5798?s=96&d=mm&r=g\",\"contentUrl\":\"https:\\\/\\\/secure.gravatar.com\\\/avatar\\\/3ea2118a5f7dad2b7138b1187a6b7ee55f160b9968b66013c3a3ef39dd7e5798?s=96&d=mm&r=g\",\"caption\":\"Jeanette\"},\"sameAs\":[\"https:\\\/\\\/www.eldiario.net\\\/portal\"],\"url\":\"https:\\\/\\\/www.eldiario.net\\\/portal\\\/author\\\/jeanette\\\/\"}]}<\/script>\n<!-- \/ Yoast SEO plugin. -->","yoast_head_json":{"title":"Falleci\u00f3 Marcos Ferrufino, v\u00edctima del coronavirus - El Diario - Bolivia","robots":{"index":"index","follow":"follow","max-snippet":"max-snippet:-1","max-image-preview":"max-image-preview:large","max-video-preview":"max-video-preview:-1"},"canonical":"https:\/\/www.eldiario.net\/portal\/2021\/06\/26\/fallecio-marcos-ferrufino-victima-del-coronavirus\/","og_locale":"es_ES","og_type":"article","og_title":"Falleci\u00f3 Marcos Ferrufino, v\u00edctima del coronavirus - El Diario - Bolivia","og_description":"El destacado jugador y director t\u00e9cnico de f\u00fatbol, Marcos Ferrufino, falleci\u00f3 la tarde de ayer a los 58 a\u00f1os, a ra\u00edz de complicaciones en su sistema respiratorio debido al coronavirus, confirmaron allegados y familiares del exfutbolista. Marcos Rodolfo Ferrufino Est\u00e9vez, naci\u00f3 el 25 de abril de 1963 en Oruro, fue zaguero central en equipos importantes [&hellip;]","og_url":"https:\/\/www.eldiario.net\/portal\/2021\/06\/26\/fallecio-marcos-ferrufino-victima-del-coronavirus\/","og_site_name":"El Diario - Bolivia","article_publisher":"https:\/\/www.facebook.com\/eldiario.bolivia\/","article_published_time":"2021-06-26T09:49:00+00:00","author":"Jeanette","twitter_card":"summary_large_image","twitter_creator":"@eldiario_net","twitter_site":"@eldiario_net","twitter_misc":{"Escrito por":"Jeanette","Tiempo de lectura":"1 minuto"},"schema":{"@context":"https:\/\/schema.org","@graph":[{"@type":"Article","@id":"https:\/\/www.eldiario.net\/portal\/2021\/06\/26\/fallecio-marcos-ferrufino-victima-del-coronavirus\/#article","isPartOf":{"@id":"https:\/\/www.eldiario.net\/portal\/2021\/06\/26\/fallecio-marcos-ferrufino-victima-del-coronavirus\/"},"author":{"name":"Jeanette","@id":"https:\/\/www.eldiario.net\/portal\/#\/schema\/person\/2c57cf2b7a7ae032e449e4c9b1019eac"},"headline":"Falleci\u00f3 Marcos Ferrufino, v\u00edctima del coronavirus","datePublished":"2021-06-26T09:49:00+00:00","mainEntityOfPage":{"@id":"https:\/\/www.eldiario.net\/portal\/2021\/06\/26\/fallecio-marcos-ferrufino-victima-del-coronavirus\/"},"wordCount":160,"publisher":{"@id":"https:\/\/www.eldiario.net\/portal\/#organization"},"image":{"@id":"https:\/\/www.eldiario.net\/portal\/2021\/06\/26\/fallecio-marcos-ferrufino-victima-del-coronavirus\/#primaryimage"},"thumbnailUrl":"","articleSection":["Portada"],"inLanguage":"es"},{"@type":"WebPage","@id":"https:\/\/www.eldiario.net\/portal\/2021\/06\/26\/fallecio-marcos-ferrufino-victima-del-coronavirus\/","url":"https:\/\/www.eldiario.net\/portal\/2021\/06\/26\/fallecio-marcos-ferrufino-victima-del-coronavirus\/","name":"Falleci\u00f3 Marcos Ferrufino, v\u00edctima del coronavirus - El Diario - Bolivia","isPartOf":{"@id":"https:\/\/www.eldiario.net\/portal\/#website"},"primaryImageOfPage":{"@id":"https:\/\/www.eldiario.net\/portal\/2021\/06\/26\/fallecio-marcos-ferrufino-victima-del-coronavirus\/#primaryimage"},"image":{"@id":"https:\/\/www.eldiario.net\/portal\/2021\/06\/26\/fallecio-marcos-ferrufino-victima-del-coronavirus\/#primaryimage"},"thumbnailUrl":"","datePublished":"2021-06-26T09:49:00+00:00","breadcrumb":{"@id":"https:\/\/www.eldiario.net\/portal\/2021\/06\/26\/fallecio-marcos-ferrufino-victima-del-coronavirus\/#breadcrumb"},"inLanguage":"es","potentialAction":[{"@type":"ReadAction","target":["https:\/\/www.eldiario.net\/portal\/2021\/06\/26\/fallecio-marcos-ferrufino-victima-del-coronavirus\/"]}]},{"@type":"ImageObject","inLanguage":"es","@id":"https:\/\/www.eldiario.net\/portal\/2021\/06\/26\/fallecio-marcos-ferrufino-victima-del-coronavirus\/#primaryimage","url":"","contentUrl":""},{"@type":"BreadcrumbList","@id":"https:\/\/www.eldiario.net\/portal\/2021\/06\/26\/fallecio-marcos-ferrufino-victima-del-coronavirus\/#breadcrumb","itemListElement":[{"@type":"ListItem","position":1,"name":"Portada","item":"https:\/\/www.eldiario.net\/portal\/"},{"@type":"ListItem","position":2,"name":"Falleci\u00f3 Marcos Ferrufino, v\u00edctima del coronavirus"}]},{"@type":"WebSite","@id":"https:\/\/www.eldiario.net\/portal\/#website","url":"https:\/\/www.eldiario.net\/portal\/","name":"El Diario - Decano de la prensa nacional","description":"El Diario - Decano de la prensa nacional","publisher":{"@id":"https:\/\/www.eldiario.net\/portal\/#organization"},"potentialAction":[{"@type":"SearchAction","target":{"@type":"EntryPoint","urlTemplate":"https:\/\/www.eldiario.net\/portal\/?s={search_term_string}"},"query-input":{"@type":"PropertyValueSpecification","valueRequired":true,"valueName":"search_term_string"}}],"inLanguage":"es"},{"@type":"Organization","@id":"https:\/\/www.eldiario.net\/portal\/#organization","name":"El Diario - Decano de la prensa nacional","url":"https:\/\/www.eldiario.net\/portal\/","logo":{"@type":"ImageObject","inLanguage":"es","@id":"https:\/\/www.eldiario.net\/portal\/#\/schema\/logo\/image\/","url":"https:\/\/www.eldiario.net\/portal\/wp-content\/uploads\/2023\/07\/logo_ED.jpg","contentUrl":"https:\/\/www.eldiario.net\/portal\/wp-content\/uploads\/2023\/07\/logo_ED.jpg","width":272,"height":52,"caption":"El Diario - Decano de la prensa nacional"},"image":{"@id":"https:\/\/www.eldiario.net\/portal\/#\/schema\/logo\/image\/"},"sameAs":["https:\/\/www.facebook.com\/eldiario.bolivia\/","https:\/\/x.com\/eldiario_net"]},{"@type":"Person","@id":"https:\/\/www.eldiario.net\/portal\/#\/schema\/person\/2c57cf2b7a7ae032e449e4c9b1019eac","name":"Jeanette","image":{"@type":"ImageObject","inLanguage":"es","@id":"https:\/\/secure.gravatar.com\/avatar\/3ea2118a5f7dad2b7138b1187a6b7ee55f160b9968b66013c3a3ef39dd7e5798?s=96&d=mm&r=g","url":"https:\/\/secure.gravatar.com\/avatar\/3ea2118a5f7dad2b7138b1187a6b7ee55f160b9968b66013c3a3ef39dd7e5798?s=96&d=mm&r=g","contentUrl":"https:\/\/secure.gravatar.com\/avatar\/3ea2118a5f7dad2b7138b1187a6b7ee55f160b9968b66013c3a3ef39dd7e5798?s=96&d=mm&r=g","caption":"Jeanette"},"sameAs":["https:\/\/www.eldiario.net\/portal"],"url":"https:\/\/www.eldiario.net\/portal\/author\/jeanette\/"}]}},"_links":{"self":[{"href":"https:\/\/www.eldiario.net\/portal\/wp-json\/wp\/v2\/posts\/12955","targetHints":{"allow":["GET"]}}],"collection":[{"href":"https:\/\/www.eldiario.net\/portal\/wp-json\/wp\/v2\/posts"}],"about":[{"href":"https:\/\/www.eldiario.net\/portal\/wp-json\/wp\/v2\/types\/post"}],"author":[{"embeddable":true,"href":"https:\/\/www.eldiario.net\/portal\/wp-json\/wp\/v2\/users\/1"}],"replies":[{"embeddable":true,"href":"https:\/\/www.eldiario.net\/portal\/wp-json\/wp\/v2\/comments?post=12955"}],"version-history":[{"count":0,"href":"https:\/\/www.eldiario.net\/portal\/wp-json\/wp\/v2\/posts\/12955\/revisions"}],"wp:attachment":[{"href":"https:\/\/www.eldiario.net\/portal\/wp-json\/wp\/v2\/media?parent=12955"}],"wp:term":[{"taxonomy":"category","embeddable":true,"href":"https:\/\/www.eldiario.net\/portal\/wp-json\/wp\/v2\/categories?post=12955"},{"taxonomy":"post_tag","embeddable":true,"href":"https:\/\/www.eldiario.net\/portal\/wp-json\/wp\/v2\/tags?post=12955"}],"curies":[{"name":"wp","href":"https:\/\/api.w.org\/{rel}","templated":true}]}}