{"id":128184,"date":"2022-12-17T06:34:54","date_gmt":"2022-12-17T10:34:54","guid":{"rendered":"https:\/\/www.eldiario.net\/portal\/?p=128184"},"modified":"2022-12-17T06:34:54","modified_gmt":"2022-12-17T10:34:54","slug":"un-policia-y-un-colombiano-mueren-en-operativo-antidroga","status":"publish","type":"post","link":"https:\/\/www.eldiario.net\/portal\/2022\/12\/17\/un-policia-y-un-colombiano-mueren-en-operativo-antidroga\/","title":{"rendered":"Un polic\u00eda y un colombiano  mueren en operativo antidroga"},"content":{"rendered":"<p>El sargento de la Polic\u00eda, Walter Huayra Yujra, muri\u00f3 ayer durante una emboscada en el Parque Noel Kempff Mercado, ubicado al norte del departamento de Santa Cruz, donde se realizaba labores de interdicci\u00f3n al narcotr\u00e1fico. En medio de los enfrentamientos, un ciudadano colombiano tambi\u00e9n perdi\u00f3 la vida.<br \/>\nEl hecho ocurri\u00f3 cerca de las 10:00 horas cuando las personas que portaban armas de fuego dispararon contra los uniformados de la lucha antidrogas quienes utilizaron sus armas reglamentarias, inform\u00f3 el ministro de Gobierno, Eduardo del Castillo, en sus redes sociales.<br \/>\n\u201cComo resultado del enfrentamiento qued\u00f3 herido el sargento Huayra y falleci\u00f3 un ciudadano colombiano\u201d, confirm\u00f3 la autoridad de Estado.<br \/>\nEl grupo de 10 efectivos antidrogas se infiltr\u00f3 desde el 13 de diciembre en ese sector para realizar labores de interdicci\u00f3n al narcotr\u00e1fico, patrullaje y rastrillaje, sin embargo, tres d\u00edas despu\u00e9s fueron emboscados.<br \/>\nTras el ataque, el sargento Huayra se encontraba herido y fue evacuado a un centro de salud, sin embargo, perdi\u00f3 la vida en el camino, a\u00f1adi\u00f3 Del Castillo. (Santa Cruz, Erbol).<\/p>\n","protected":false},"excerpt":{"rendered":"<p>El sargento de la Polic\u00eda, Walter Huayra Yujra, muri\u00f3 ayer durante una emboscada en el Parque Noel Kempff Mercado, ubicado al norte del departamento de Santa Cruz, donde se realizaba labores de interdicci\u00f3n al narcotr\u00e1fico. En medio de los enfrentamientos, un ciudadano colombiano tambi\u00e9n perdi\u00f3 la vida. El hecho ocurri\u00f3 cerca de las 10:00 horas [&hellip;]<\/p>\n","protected":false},"author":1,"featured_media":128185,"comment_status":"closed","ping_status":"closed","sticky":false,"template":"","format":"standard","meta":{"_acf_changed":false,"footnotes":""},"categories":[15],"tags":[],"class_list":["post-128184","post","type-post","status-publish","format-standard","has-post-thumbnail","category-portada"],"acf":{"antetitulo":""},"yoast_head":"<!-- This site is optimized with the Yoast SEO plugin v28.4 - https:\/\/yoast.com\/product\/yoast-seo-wordpress\/ -->\n<title>Un polic\u00eda y un colombiano mueren en operativo antidroga - El Diario - Bolivia<\/title>\n<meta name=\"robots\" content=\"index, follow, max-snippet:-1, max-image-preview:large, max-video-preview:-1\" \/>\n<link rel=\"canonical\" href=\"https:\/\/www.eldiario.net\/portal\/2022\/12\/17\/un-policia-y-un-colombiano-mueren-en-operativo-antidroga\/\" \/>\n<meta property=\"og:locale\" content=\"es_ES\" \/>\n<meta property=\"og:type\" content=\"article\" \/>\n<meta property=\"og:title\" content=\"Un polic\u00eda y un colombiano mueren en operativo antidroga - El Diario - Bolivia\" \/>\n<meta property=\"og:description\" content=\"El sargento de la Polic\u00eda, Walter Huayra Yujra, muri\u00f3 ayer durante una emboscada en el Parque Noel Kempff Mercado, ubicado al norte del departamento de Santa Cruz, donde se realizaba labores de interdicci\u00f3n al narcotr\u00e1fico. En medio de los enfrentamientos, un ciudadano colombiano tambi\u00e9n perdi\u00f3 la vida. El hecho ocurri\u00f3 cerca de las 10:00 horas [&hellip;]\" \/>\n<meta property=\"og:url\" content=\"https:\/\/www.eldiario.net\/portal\/2022\/12\/17\/un-policia-y-un-colombiano-mueren-en-operativo-antidroga\/\" \/>\n<meta property=\"og:site_name\" content=\"El Diario - Bolivia\" \/>\n<meta property=\"article:publisher\" content=\"https:\/\/www.facebook.com\/eldiario.bolivia\/\" \/>\n<meta property=\"article:published_time\" content=\"2022-12-17T10:34:54+00:00\" \/>\n<meta property=\"og:image\" content=\"https:\/\/www.eldiario.net\/portal\/wp-content\/uploads\/2022\/12\/P-3-2.jpg\" \/>\n\t<meta property=\"og:image:width\" content=\"1024\" \/>\n\t<meta property=\"og:image:height\" content=\"512\" \/>\n\t<meta property=\"og:image:type\" content=\"image\/jpeg\" \/>\n<meta name=\"author\" content=\"Jeanette\" \/>\n<meta name=\"twitter:card\" content=\"summary_large_image\" \/>\n<meta name=\"twitter:creator\" content=\"@eldiario_net\" \/>\n<meta name=\"twitter:site\" content=\"@eldiario_net\" \/>\n<meta name=\"twitter:label1\" content=\"Escrito por\" \/>\n\t<meta name=\"twitter:data1\" content=\"Jeanette\" \/>\n\t<meta name=\"twitter:label2\" content=\"Tiempo de lectura\" \/>\n\t<meta name=\"twitter:data2\" content=\"1 minuto\" \/>\n<script type=\"application\/ld+json\" class=\"yoast-schema-graph\">{\"@context\":\"https:\\\/\\\/schema.org\",\"@graph\":[{\"@type\":\"Article\",\"@id\":\"https:\\\/\\\/www.eldiario.net\\\/portal\\\/2022\\\/12\\\/17\\\/un-policia-y-un-colombiano-mueren-en-operativo-antidroga\\\/#article\",\"isPartOf\":{\"@id\":\"https:\\\/\\\/www.eldiario.net\\\/portal\\\/2022\\\/12\\\/17\\\/un-policia-y-un-colombiano-mueren-en-operativo-antidroga\\\/\"},\"author\":{\"name\":\"Jeanette\",\"@id\":\"https:\\\/\\\/www.eldiario.net\\\/portal\\\/#\\\/schema\\\/person\\\/f46445640444750d7d753ccd04ae01b7\"},\"headline\":\"Un polic\u00eda y un colombiano mueren en operativo antidroga\",\"datePublished\":\"2022-12-17T10:34:54+00:00\",\"mainEntityOfPage\":{\"@id\":\"https:\\\/\\\/www.eldiario.net\\\/portal\\\/2022\\\/12\\\/17\\\/un-policia-y-un-colombiano-mueren-en-operativo-antidroga\\\/\"},\"wordCount\":187,\"publisher\":{\"@id\":\"https:\\\/\\\/www.eldiario.net\\\/portal\\\/#organization\"},\"image\":{\"@id\":\"https:\\\/\\\/www.eldiario.net\\\/portal\\\/2022\\\/12\\\/17\\\/un-policia-y-un-colombiano-mueren-en-operativo-antidroga\\\/#primaryimage\"},\"thumbnailUrl\":\"https:\\\/\\\/www.eldiario.net\\\/portal\\\/wp-content\\\/uploads\\\/2022\\\/12\\\/P-3-2.jpg\",\"articleSection\":[\"Portada\"],\"inLanguage\":\"es\"},{\"@type\":\"WebPage\",\"@id\":\"https:\\\/\\\/www.eldiario.net\\\/portal\\\/2022\\\/12\\\/17\\\/un-policia-y-un-colombiano-mueren-en-operativo-antidroga\\\/\",\"url\":\"https:\\\/\\\/www.eldiario.net\\\/portal\\\/2022\\\/12\\\/17\\\/un-policia-y-un-colombiano-mueren-en-operativo-antidroga\\\/\",\"name\":\"Un polic\u00eda y un colombiano mueren en operativo antidroga - El Diario - Bolivia\",\"isPartOf\":{\"@id\":\"https:\\\/\\\/www.eldiario.net\\\/portal\\\/#website\"},\"primaryImageOfPage\":{\"@id\":\"https:\\\/\\\/www.eldiario.net\\\/portal\\\/2022\\\/12\\\/17\\\/un-policia-y-un-colombiano-mueren-en-operativo-antidroga\\\/#primaryimage\"},\"image\":{\"@id\":\"https:\\\/\\\/www.eldiario.net\\\/portal\\\/2022\\\/12\\\/17\\\/un-policia-y-un-colombiano-mueren-en-operativo-antidroga\\\/#primaryimage\"},\"thumbnailUrl\":\"https:\\\/\\\/www.eldiario.net\\\/portal\\\/wp-content\\\/uploads\\\/2022\\\/12\\\/P-3-2.jpg\",\"datePublished\":\"2022-12-17T10:34:54+00:00\",\"breadcrumb\":{\"@id\":\"https:\\\/\\\/www.eldiario.net\\\/portal\\\/2022\\\/12\\\/17\\\/un-policia-y-un-colombiano-mueren-en-operativo-antidroga\\\/#breadcrumb\"},\"inLanguage\":\"es\",\"potentialAction\":[{\"@type\":\"ReadAction\",\"target\":[\"https:\\\/\\\/www.eldiario.net\\\/portal\\\/2022\\\/12\\\/17\\\/un-policia-y-un-colombiano-mueren-en-operativo-antidroga\\\/\"]}]},{\"@type\":\"ImageObject\",\"inLanguage\":\"es\",\"@id\":\"https:\\\/\\\/www.eldiario.net\\\/portal\\\/2022\\\/12\\\/17\\\/un-policia-y-un-colombiano-mueren-en-operativo-antidroga\\\/#primaryimage\",\"url\":\"https:\\\/\\\/www.eldiario.net\\\/portal\\\/wp-content\\\/uploads\\\/2022\\\/12\\\/P-3-2.jpg\",\"contentUrl\":\"https:\\\/\\\/www.eldiario.net\\\/portal\\\/wp-content\\\/uploads\\\/2022\\\/12\\\/P-3-2.jpg\",\"width\":1024,\"height\":512,\"caption\":\"Un operativo en el Parque Noel Kempff Mercado.\"},{\"@type\":\"BreadcrumbList\",\"@id\":\"https:\\\/\\\/www.eldiario.net\\\/portal\\\/2022\\\/12\\\/17\\\/un-policia-y-un-colombiano-mueren-en-operativo-antidroga\\\/#breadcrumb\",\"itemListElement\":[{\"@type\":\"ListItem\",\"position\":1,\"name\":\"Portada\",\"item\":\"https:\\\/\\\/www.eldiario.net\\\/portal\\\/\"},{\"@type\":\"ListItem\",\"position\":2,\"name\":\"Un polic\u00eda y un colombiano mueren en operativo antidroga\"}]},{\"@type\":\"WebSite\",\"@id\":\"https:\\\/\\\/www.eldiario.net\\\/portal\\\/#website\",\"url\":\"https:\\\/\\\/www.eldiario.net\\\/portal\\\/\",\"name\":\"El Diario - Decano de la prensa nacional\",\"description\":\"El Diario - Decano de la prensa nacional\",\"publisher\":{\"@id\":\"https:\\\/\\\/www.eldiario.net\\\/portal\\\/#organization\"},\"potentialAction\":[{\"@type\":\"SearchAction\",\"target\":{\"@type\":\"EntryPoint\",\"urlTemplate\":\"https:\\\/\\\/www.eldiario.net\\\/portal\\\/?s={search_term_string}\"},\"query-input\":{\"@type\":\"PropertyValueSpecification\",\"valueRequired\":true,\"valueName\":\"search_term_string\"}}],\"inLanguage\":\"es\"},{\"@type\":\"Organization\",\"@id\":\"https:\\\/\\\/www.eldiario.net\\\/portal\\\/#organization\",\"name\":\"El Diario - Decano de la prensa nacional\",\"url\":\"https:\\\/\\\/www.eldiario.net\\\/portal\\\/\",\"logo\":{\"@type\":\"ImageObject\",\"inLanguage\":\"es\",\"@id\":\"https:\\\/\\\/www.eldiario.net\\\/portal\\\/#\\\/schema\\\/logo\\\/image\\\/\",\"url\":\"https:\\\/\\\/www.eldiario.net\\\/portal\\\/wp-content\\\/uploads\\\/2023\\\/07\\\/logo_ED.jpg\",\"contentUrl\":\"https:\\\/\\\/www.eldiario.net\\\/portal\\\/wp-content\\\/uploads\\\/2023\\\/07\\\/logo_ED.jpg\",\"width\":272,\"height\":52,\"caption\":\"El Diario - Decano de la prensa nacional\"},\"image\":{\"@id\":\"https:\\\/\\\/www.eldiario.net\\\/portal\\\/#\\\/schema\\\/logo\\\/image\\\/\"},\"sameAs\":[\"https:\\\/\\\/www.facebook.com\\\/eldiario.bolivia\\\/\",\"https:\\\/\\\/x.com\\\/eldiario_net\"]},{\"@type\":\"Person\",\"@id\":\"https:\\\/\\\/www.eldiario.net\\\/portal\\\/#\\\/schema\\\/person\\\/f46445640444750d7d753ccd04ae01b7\",\"name\":\"Jeanette\",\"image\":{\"@type\":\"ImageObject\",\"inLanguage\":\"es\",\"@id\":\"https:\\\/\\\/secure.gravatar.com\\\/avatar\\\/3ea2118a5f7dad2b7138b1187a6b7ee55f160b9968b66013c3a3ef39dd7e5798?s=96&d=mm&r=g\",\"url\":\"https:\\\/\\\/secure.gravatar.com\\\/avatar\\\/3ea2118a5f7dad2b7138b1187a6b7ee55f160b9968b66013c3a3ef39dd7e5798?s=96&d=mm&r=g\",\"contentUrl\":\"https:\\\/\\\/secure.gravatar.com\\\/avatar\\\/3ea2118a5f7dad2b7138b1187a6b7ee55f160b9968b66013c3a3ef39dd7e5798?s=96&d=mm&r=g\",\"caption\":\"Jeanette\"},\"sameAs\":[\"https:\\\/\\\/www.eldiario.net\\\/portal\"],\"url\":\"https:\\\/\\\/www.eldiario.net\\\/portal\\\/author\\\/jeanette\\\/\"}]}<\/script>\n<!-- \/ Yoast SEO plugin. -->","yoast_head_json":{"title":"Un polic\u00eda y un colombiano mueren en operativo antidroga - El Diario - Bolivia","robots":{"index":"index","follow":"follow","max-snippet":"max-snippet:-1","max-image-preview":"max-image-preview:large","max-video-preview":"max-video-preview:-1"},"canonical":"https:\/\/www.eldiario.net\/portal\/2022\/12\/17\/un-policia-y-un-colombiano-mueren-en-operativo-antidroga\/","og_locale":"es_ES","og_type":"article","og_title":"Un polic\u00eda y un colombiano mueren en operativo antidroga - El Diario - Bolivia","og_description":"El sargento de la Polic\u00eda, Walter Huayra Yujra, muri\u00f3 ayer durante una emboscada en el Parque Noel Kempff Mercado, ubicado al norte del departamento de Santa Cruz, donde se realizaba labores de interdicci\u00f3n al narcotr\u00e1fico. En medio de los enfrentamientos, un ciudadano colombiano tambi\u00e9n perdi\u00f3 la vida. El hecho ocurri\u00f3 cerca de las 10:00 horas [&hellip;]","og_url":"https:\/\/www.eldiario.net\/portal\/2022\/12\/17\/un-policia-y-un-colombiano-mueren-en-operativo-antidroga\/","og_site_name":"El Diario - Bolivia","article_publisher":"https:\/\/www.facebook.com\/eldiario.bolivia\/","article_published_time":"2022-12-17T10:34:54+00:00","og_image":[{"width":1024,"height":512,"url":"https:\/\/www.eldiario.net\/portal\/wp-content\/uploads\/2022\/12\/P-3-2.jpg","type":"image\/jpeg"}],"author":"Jeanette","twitter_card":"summary_large_image","twitter_creator":"@eldiario_net","twitter_site":"@eldiario_net","twitter_misc":{"Escrito por":"Jeanette","Tiempo de lectura":"1 minuto"},"schema":{"@context":"https:\/\/schema.org","@graph":[{"@type":"Article","@id":"https:\/\/www.eldiario.net\/portal\/2022\/12\/17\/un-policia-y-un-colombiano-mueren-en-operativo-antidroga\/#article","isPartOf":{"@id":"https:\/\/www.eldiario.net\/portal\/2022\/12\/17\/un-policia-y-un-colombiano-mueren-en-operativo-antidroga\/"},"author":{"name":"Jeanette","@id":"https:\/\/www.eldiario.net\/portal\/#\/schema\/person\/f46445640444750d7d753ccd04ae01b7"},"headline":"Un polic\u00eda y un colombiano mueren en operativo antidroga","datePublished":"2022-12-17T10:34:54+00:00","mainEntityOfPage":{"@id":"https:\/\/www.eldiario.net\/portal\/2022\/12\/17\/un-policia-y-un-colombiano-mueren-en-operativo-antidroga\/"},"wordCount":187,"publisher":{"@id":"https:\/\/www.eldiario.net\/portal\/#organization"},"image":{"@id":"https:\/\/www.eldiario.net\/portal\/2022\/12\/17\/un-policia-y-un-colombiano-mueren-en-operativo-antidroga\/#primaryimage"},"thumbnailUrl":"https:\/\/www.eldiario.net\/portal\/wp-content\/uploads\/2022\/12\/P-3-2.jpg","articleSection":["Portada"],"inLanguage":"es"},{"@type":"WebPage","@id":"https:\/\/www.eldiario.net\/portal\/2022\/12\/17\/un-policia-y-un-colombiano-mueren-en-operativo-antidroga\/","url":"https:\/\/www.eldiario.net\/portal\/2022\/12\/17\/un-policia-y-un-colombiano-mueren-en-operativo-antidroga\/","name":"Un polic\u00eda y un colombiano mueren en operativo antidroga - El Diario - Bolivia","isPartOf":{"@id":"https:\/\/www.eldiario.net\/portal\/#website"},"primaryImageOfPage":{"@id":"https:\/\/www.eldiario.net\/portal\/2022\/12\/17\/un-policia-y-un-colombiano-mueren-en-operativo-antidroga\/#primaryimage"},"image":{"@id":"https:\/\/www.eldiario.net\/portal\/2022\/12\/17\/un-policia-y-un-colombiano-mueren-en-operativo-antidroga\/#primaryimage"},"thumbnailUrl":"https:\/\/www.eldiario.net\/portal\/wp-content\/uploads\/2022\/12\/P-3-2.jpg","datePublished":"2022-12-17T10:34:54+00:00","breadcrumb":{"@id":"https:\/\/www.eldiario.net\/portal\/2022\/12\/17\/un-policia-y-un-colombiano-mueren-en-operativo-antidroga\/#breadcrumb"},"inLanguage":"es","potentialAction":[{"@type":"ReadAction","target":["https:\/\/www.eldiario.net\/portal\/2022\/12\/17\/un-policia-y-un-colombiano-mueren-en-operativo-antidroga\/"]}]},{"@type":"ImageObject","inLanguage":"es","@id":"https:\/\/www.eldiario.net\/portal\/2022\/12\/17\/un-policia-y-un-colombiano-mueren-en-operativo-antidroga\/#primaryimage","url":"https:\/\/www.eldiario.net\/portal\/wp-content\/uploads\/2022\/12\/P-3-2.jpg","contentUrl":"https:\/\/www.eldiario.net\/portal\/wp-content\/uploads\/2022\/12\/P-3-2.jpg","width":1024,"height":512,"caption":"Un operativo en el Parque Noel Kempff Mercado."},{"@type":"BreadcrumbList","@id":"https:\/\/www.eldiario.net\/portal\/2022\/12\/17\/un-policia-y-un-colombiano-mueren-en-operativo-antidroga\/#breadcrumb","itemListElement":[{"@type":"ListItem","position":1,"name":"Portada","item":"https:\/\/www.eldiario.net\/portal\/"},{"@type":"ListItem","position":2,"name":"Un polic\u00eda y un colombiano mueren en operativo antidroga"}]},{"@type":"WebSite","@id":"https:\/\/www.eldiario.net\/portal\/#website","url":"https:\/\/www.eldiario.net\/portal\/","name":"El Diario - Decano de la prensa nacional","description":"El Diario - Decano de la prensa nacional","publisher":{"@id":"https:\/\/www.eldiario.net\/portal\/#organization"},"potentialAction":[{"@type":"SearchAction","target":{"@type":"EntryPoint","urlTemplate":"https:\/\/www.eldiario.net\/portal\/?s={search_term_string}"},"query-input":{"@type":"PropertyValueSpecification","valueRequired":true,"valueName":"search_term_string"}}],"inLanguage":"es"},{"@type":"Organization","@id":"https:\/\/www.eldiario.net\/portal\/#organization","name":"El Diario - Decano de la prensa nacional","url":"https:\/\/www.eldiario.net\/portal\/","logo":{"@type":"ImageObject","inLanguage":"es","@id":"https:\/\/www.eldiario.net\/portal\/#\/schema\/logo\/image\/","url":"https:\/\/www.eldiario.net\/portal\/wp-content\/uploads\/2023\/07\/logo_ED.jpg","contentUrl":"https:\/\/www.eldiario.net\/portal\/wp-content\/uploads\/2023\/07\/logo_ED.jpg","width":272,"height":52,"caption":"El Diario - Decano de la prensa nacional"},"image":{"@id":"https:\/\/www.eldiario.net\/portal\/#\/schema\/logo\/image\/"},"sameAs":["https:\/\/www.facebook.com\/eldiario.bolivia\/","https:\/\/x.com\/eldiario_net"]},{"@type":"Person","@id":"https:\/\/www.eldiario.net\/portal\/#\/schema\/person\/f46445640444750d7d753ccd04ae01b7","name":"Jeanette","image":{"@type":"ImageObject","inLanguage":"es","@id":"https:\/\/secure.gravatar.com\/avatar\/3ea2118a5f7dad2b7138b1187a6b7ee55f160b9968b66013c3a3ef39dd7e5798?s=96&d=mm&r=g","url":"https:\/\/secure.gravatar.com\/avatar\/3ea2118a5f7dad2b7138b1187a6b7ee55f160b9968b66013c3a3ef39dd7e5798?s=96&d=mm&r=g","contentUrl":"https:\/\/secure.gravatar.com\/avatar\/3ea2118a5f7dad2b7138b1187a6b7ee55f160b9968b66013c3a3ef39dd7e5798?s=96&d=mm&r=g","caption":"Jeanette"},"sameAs":["https:\/\/www.eldiario.net\/portal"],"url":"https:\/\/www.eldiario.net\/portal\/author\/jeanette\/"}]}},"_links":{"self":[{"href":"https:\/\/www.eldiario.net\/portal\/wp-json\/wp\/v2\/posts\/128184","targetHints":{"allow":["GET"]}}],"collection":[{"href":"https:\/\/www.eldiario.net\/portal\/wp-json\/wp\/v2\/posts"}],"about":[{"href":"https:\/\/www.eldiario.net\/portal\/wp-json\/wp\/v2\/types\/post"}],"author":[{"embeddable":true,"href":"https:\/\/www.eldiario.net\/portal\/wp-json\/wp\/v2\/users\/1"}],"replies":[{"embeddable":true,"href":"https:\/\/www.eldiario.net\/portal\/wp-json\/wp\/v2\/comments?post=128184"}],"version-history":[{"count":0,"href":"https:\/\/www.eldiario.net\/portal\/wp-json\/wp\/v2\/posts\/128184\/revisions"}],"wp:featuredmedia":[{"embeddable":true,"href":"https:\/\/www.eldiario.net\/portal\/wp-json\/wp\/v2\/media\/128185"}],"wp:attachment":[{"href":"https:\/\/www.eldiario.net\/portal\/wp-json\/wp\/v2\/media?parent=128184"}],"wp:term":[{"taxonomy":"category","embeddable":true,"href":"https:\/\/www.eldiario.net\/portal\/wp-json\/wp\/v2\/categories?post=128184"},{"taxonomy":"post_tag","embeddable":true,"href":"https:\/\/www.eldiario.net\/portal\/wp-json\/wp\/v2\/tags?post=128184"}],"curies":[{"name":"wp","href":"https:\/\/api.w.org\/{rel}","templated":true}]}}