{"id":128179,"date":"2022-12-17T06:33:16","date_gmt":"2022-12-17T10:33:16","guid":{"rendered":"https:\/\/www.eldiario.net\/portal\/?p=128179"},"modified":"2022-12-17T06:33:16","modified_gmt":"2022-12-17T10:33:16","slug":"mundial-de-futbol-aumentara-en-tamano-y-duracion-en-2026","status":"publish","type":"post","link":"https:\/\/www.eldiario.net\/portal\/2022\/12\/17\/mundial-de-futbol-aumentara-en-tamano-y-duracion-en-2026\/","title":{"rendered":"Mundial de F\u00fatbol aumentar\u00e1  en tama\u00f1o y duraci\u00f3n en 2026"},"content":{"rendered":"<p>Una vez que la Copa Mundial m\u00e1s compacta de la historia llegue a su punto culminante el domingo en Catar, el testigo pasar\u00e1 a Estados Unidos, M\u00e9xico y Canad\u00e1, coanfitriones en 2026, en lo que ser\u00e1 un espect\u00e1culo futbol\u00edstico mundial a lo grande, con m\u00e1s partidos y viajes.<br \/>\nTras la controvertida adjudicaci\u00f3n de la organizaci\u00f3n de 2022 a Catar, un pa\u00eds m\u00e1s peque\u00f1o que el estado de Connecticut, la FIFA, organismo rector del f\u00fatbol, va por todas en 2026, aumentando el n\u00famero de equipos de 32 a 48, con partidos en tres naciones y otros tantos husos horarios.<br \/>\nLa \u00faltima vez que M\u00e9xico (1986) y Estados Unidos (1994) organizaron un Mundial hab\u00eda 24 equipos. Pero en el pr\u00f3ximo campeonato, con 16 ciudades en Estados Unidos, Canad\u00e1 y M\u00e9xico, la log\u00edstica ser\u00e1 alucinante, incluso antes de a\u00f1adir las 48 bases de entrenamiento de los equipos.<br \/>\nEl torneo de 2026 volver\u00e1 a su tradicional per\u00edodo estival, despu\u00e9s de disputarse en noviembre y diciembre en Catar para evitar las abrasadoras temperaturas de junio y julio. La mayor parte de la competici\u00f3n se disputar\u00e1 en Estados Unidos, donde 11 ciudades, de Nueva York a Los \u00c1ngeles, albergar\u00e1n 60 de los 80 partidos, incluidos los cuartos de final, las semifinales y la final.(Toronto. Reuters)<\/p>\n","protected":false},"excerpt":{"rendered":"<p>Una vez que la Copa Mundial m\u00e1s compacta de la historia llegue a su punto culminante el domingo en Catar, el testigo pasar\u00e1 a Estados Unidos, M\u00e9xico y Canad\u00e1, coanfitriones en 2026, en lo que ser\u00e1 un espect\u00e1culo futbol\u00edstico mundial a lo grande, con m\u00e1s partidos y viajes. Tras la controvertida adjudicaci\u00f3n de la organizaci\u00f3n [&hellip;]<\/p>\n","protected":false},"author":1,"featured_media":128180,"comment_status":"closed","ping_status":"closed","sticky":false,"template":"","format":"standard","meta":{"_acf_changed":false,"footnotes":""},"categories":[15],"tags":[],"class_list":["post-128179","post","type-post","status-publish","format-standard","has-post-thumbnail","category-portada"],"acf":{"antetitulo":""},"yoast_head":"<!-- This site is optimized with the Yoast SEO plugin v28.4 - https:\/\/yoast.com\/product\/yoast-seo-wordpress\/ -->\n<title>Mundial de F\u00fatbol aumentar\u00e1 en tama\u00f1o y duraci\u00f3n en 2026 - El Diario - Bolivia<\/title>\n<meta name=\"robots\" content=\"index, follow, max-snippet:-1, max-image-preview:large, max-video-preview:-1\" \/>\n<link rel=\"canonical\" href=\"https:\/\/www.eldiario.net\/portal\/2022\/12\/17\/mundial-de-futbol-aumentara-en-tamano-y-duracion-en-2026\/\" \/>\n<meta property=\"og:locale\" content=\"es_ES\" \/>\n<meta property=\"og:type\" content=\"article\" \/>\n<meta property=\"og:title\" content=\"Mundial de F\u00fatbol aumentar\u00e1 en tama\u00f1o y duraci\u00f3n en 2026 - El Diario - Bolivia\" \/>\n<meta property=\"og:description\" content=\"Una vez que la Copa Mundial m\u00e1s compacta de la historia llegue a su punto culminante el domingo en Catar, el testigo pasar\u00e1 a Estados Unidos, M\u00e9xico y Canad\u00e1, coanfitriones en 2026, en lo que ser\u00e1 un espect\u00e1culo futbol\u00edstico mundial a lo grande, con m\u00e1s partidos y viajes. Tras la controvertida adjudicaci\u00f3n de la organizaci\u00f3n [&hellip;]\" \/>\n<meta property=\"og:url\" content=\"https:\/\/www.eldiario.net\/portal\/2022\/12\/17\/mundial-de-futbol-aumentara-en-tamano-y-duracion-en-2026\/\" \/>\n<meta property=\"og:site_name\" content=\"El Diario - Bolivia\" \/>\n<meta property=\"article:publisher\" content=\"https:\/\/www.facebook.com\/eldiario.bolivia\/\" \/>\n<meta property=\"article:published_time\" content=\"2022-12-17T10:33:16+00:00\" \/>\n<meta property=\"og:image\" content=\"https:\/\/www.eldiario.net\/portal\/wp-content\/uploads\/2022\/12\/P-5-2-scaled-1.jpg\" \/>\n\t<meta property=\"og:image:width\" content=\"2560\" \/>\n\t<meta property=\"og:image:height\" content=\"1707\" \/>\n\t<meta property=\"og:image:type\" content=\"image\/jpeg\" \/>\n<meta name=\"author\" content=\"Jeanette\" \/>\n<meta name=\"twitter:card\" content=\"summary_large_image\" \/>\n<meta name=\"twitter:creator\" content=\"@eldiario_net\" \/>\n<meta name=\"twitter:site\" content=\"@eldiario_net\" \/>\n<meta name=\"twitter:label1\" content=\"Escrito por\" \/>\n\t<meta name=\"twitter:data1\" content=\"Jeanette\" \/>\n\t<meta name=\"twitter:label2\" content=\"Tiempo de lectura\" \/>\n\t<meta name=\"twitter:data2\" content=\"1 minuto\" \/>\n<script type=\"application\/ld+json\" class=\"yoast-schema-graph\">{\"@context\":\"https:\\\/\\\/schema.org\",\"@graph\":[{\"@type\":\"Article\",\"@id\":\"https:\\\/\\\/www.eldiario.net\\\/portal\\\/2022\\\/12\\\/17\\\/mundial-de-futbol-aumentara-en-tamano-y-duracion-en-2026\\\/#article\",\"isPartOf\":{\"@id\":\"https:\\\/\\\/www.eldiario.net\\\/portal\\\/2022\\\/12\\\/17\\\/mundial-de-futbol-aumentara-en-tamano-y-duracion-en-2026\\\/\"},\"author\":{\"name\":\"Jeanette\",\"@id\":\"https:\\\/\\\/www.eldiario.net\\\/portal\\\/#\\\/schema\\\/person\\\/f46445640444750d7d753ccd04ae01b7\"},\"headline\":\"Mundial de F\u00fatbol aumentar\u00e1 en tama\u00f1o y duraci\u00f3n en 2026\",\"datePublished\":\"2022-12-17T10:33:16+00:00\",\"mainEntityOfPage\":{\"@id\":\"https:\\\/\\\/www.eldiario.net\\\/portal\\\/2022\\\/12\\\/17\\\/mundial-de-futbol-aumentara-en-tamano-y-duracion-en-2026\\\/\"},\"wordCount\":230,\"publisher\":{\"@id\":\"https:\\\/\\\/www.eldiario.net\\\/portal\\\/#organization\"},\"image\":{\"@id\":\"https:\\\/\\\/www.eldiario.net\\\/portal\\\/2022\\\/12\\\/17\\\/mundial-de-futbol-aumentara-en-tamano-y-duracion-en-2026\\\/#primaryimage\"},\"thumbnailUrl\":\"https:\\\/\\\/www.eldiario.net\\\/portal\\\/wp-content\\\/uploads\\\/2022\\\/12\\\/P-5-2-scaled-1.jpg\",\"articleSection\":[\"Portada\"],\"inLanguage\":\"es\"},{\"@type\":\"WebPage\",\"@id\":\"https:\\\/\\\/www.eldiario.net\\\/portal\\\/2022\\\/12\\\/17\\\/mundial-de-futbol-aumentara-en-tamano-y-duracion-en-2026\\\/\",\"url\":\"https:\\\/\\\/www.eldiario.net\\\/portal\\\/2022\\\/12\\\/17\\\/mundial-de-futbol-aumentara-en-tamano-y-duracion-en-2026\\\/\",\"name\":\"Mundial de F\u00fatbol aumentar\u00e1 en tama\u00f1o y duraci\u00f3n en 2026 - El Diario - Bolivia\",\"isPartOf\":{\"@id\":\"https:\\\/\\\/www.eldiario.net\\\/portal\\\/#website\"},\"primaryImageOfPage\":{\"@id\":\"https:\\\/\\\/www.eldiario.net\\\/portal\\\/2022\\\/12\\\/17\\\/mundial-de-futbol-aumentara-en-tamano-y-duracion-en-2026\\\/#primaryimage\"},\"image\":{\"@id\":\"https:\\\/\\\/www.eldiario.net\\\/portal\\\/2022\\\/12\\\/17\\\/mundial-de-futbol-aumentara-en-tamano-y-duracion-en-2026\\\/#primaryimage\"},\"thumbnailUrl\":\"https:\\\/\\\/www.eldiario.net\\\/portal\\\/wp-content\\\/uploads\\\/2022\\\/12\\\/P-5-2-scaled-1.jpg\",\"datePublished\":\"2022-12-17T10:33:16+00:00\",\"breadcrumb\":{\"@id\":\"https:\\\/\\\/www.eldiario.net\\\/portal\\\/2022\\\/12\\\/17\\\/mundial-de-futbol-aumentara-en-tamano-y-duracion-en-2026\\\/#breadcrumb\"},\"inLanguage\":\"es\",\"potentialAction\":[{\"@type\":\"ReadAction\",\"target\":[\"https:\\\/\\\/www.eldiario.net\\\/portal\\\/2022\\\/12\\\/17\\\/mundial-de-futbol-aumentara-en-tamano-y-duracion-en-2026\\\/\"]}]},{\"@type\":\"ImageObject\",\"inLanguage\":\"es\",\"@id\":\"https:\\\/\\\/www.eldiario.net\\\/portal\\\/2022\\\/12\\\/17\\\/mundial-de-futbol-aumentara-en-tamano-y-duracion-en-2026\\\/#primaryimage\",\"url\":\"https:\\\/\\\/www.eldiario.net\\\/portal\\\/wp-content\\\/uploads\\\/2022\\\/12\\\/P-5-2-scaled-1.jpg\",\"contentUrl\":\"https:\\\/\\\/www.eldiario.net\\\/portal\\\/wp-content\\\/uploads\\\/2022\\\/12\\\/P-5-2-scaled-1.jpg\",\"width\":2560,\"height\":1707,\"caption\":\"Trofeo Oficial de la Copa Mundial de la FIFA antes de una conferencia de prensa en Nueva York.\"},{\"@type\":\"BreadcrumbList\",\"@id\":\"https:\\\/\\\/www.eldiario.net\\\/portal\\\/2022\\\/12\\\/17\\\/mundial-de-futbol-aumentara-en-tamano-y-duracion-en-2026\\\/#breadcrumb\",\"itemListElement\":[{\"@type\":\"ListItem\",\"position\":1,\"name\":\"Portada\",\"item\":\"https:\\\/\\\/www.eldiario.net\\\/portal\\\/\"},{\"@type\":\"ListItem\",\"position\":2,\"name\":\"Mundial de F\u00fatbol aumentar\u00e1 en tama\u00f1o y duraci\u00f3n en 2026\"}]},{\"@type\":\"WebSite\",\"@id\":\"https:\\\/\\\/www.eldiario.net\\\/portal\\\/#website\",\"url\":\"https:\\\/\\\/www.eldiario.net\\\/portal\\\/\",\"name\":\"El Diario - Decano de la prensa nacional\",\"description\":\"El Diario - Decano de la prensa nacional\",\"publisher\":{\"@id\":\"https:\\\/\\\/www.eldiario.net\\\/portal\\\/#organization\"},\"potentialAction\":[{\"@type\":\"SearchAction\",\"target\":{\"@type\":\"EntryPoint\",\"urlTemplate\":\"https:\\\/\\\/www.eldiario.net\\\/portal\\\/?s={search_term_string}\"},\"query-input\":{\"@type\":\"PropertyValueSpecification\",\"valueRequired\":true,\"valueName\":\"search_term_string\"}}],\"inLanguage\":\"es\"},{\"@type\":\"Organization\",\"@id\":\"https:\\\/\\\/www.eldiario.net\\\/portal\\\/#organization\",\"name\":\"El Diario - Decano de la prensa nacional\",\"url\":\"https:\\\/\\\/www.eldiario.net\\\/portal\\\/\",\"logo\":{\"@type\":\"ImageObject\",\"inLanguage\":\"es\",\"@id\":\"https:\\\/\\\/www.eldiario.net\\\/portal\\\/#\\\/schema\\\/logo\\\/image\\\/\",\"url\":\"https:\\\/\\\/www.eldiario.net\\\/portal\\\/wp-content\\\/uploads\\\/2023\\\/07\\\/logo_ED.jpg\",\"contentUrl\":\"https:\\\/\\\/www.eldiario.net\\\/portal\\\/wp-content\\\/uploads\\\/2023\\\/07\\\/logo_ED.jpg\",\"width\":272,\"height\":52,\"caption\":\"El Diario - Decano de la prensa nacional\"},\"image\":{\"@id\":\"https:\\\/\\\/www.eldiario.net\\\/portal\\\/#\\\/schema\\\/logo\\\/image\\\/\"},\"sameAs\":[\"https:\\\/\\\/www.facebook.com\\\/eldiario.bolivia\\\/\",\"https:\\\/\\\/x.com\\\/eldiario_net\"]},{\"@type\":\"Person\",\"@id\":\"https:\\\/\\\/www.eldiario.net\\\/portal\\\/#\\\/schema\\\/person\\\/f46445640444750d7d753ccd04ae01b7\",\"name\":\"Jeanette\",\"image\":{\"@type\":\"ImageObject\",\"inLanguage\":\"es\",\"@id\":\"https:\\\/\\\/secure.gravatar.com\\\/avatar\\\/3ea2118a5f7dad2b7138b1187a6b7ee55f160b9968b66013c3a3ef39dd7e5798?s=96&d=mm&r=g\",\"url\":\"https:\\\/\\\/secure.gravatar.com\\\/avatar\\\/3ea2118a5f7dad2b7138b1187a6b7ee55f160b9968b66013c3a3ef39dd7e5798?s=96&d=mm&r=g\",\"contentUrl\":\"https:\\\/\\\/secure.gravatar.com\\\/avatar\\\/3ea2118a5f7dad2b7138b1187a6b7ee55f160b9968b66013c3a3ef39dd7e5798?s=96&d=mm&r=g\",\"caption\":\"Jeanette\"},\"sameAs\":[\"https:\\\/\\\/www.eldiario.net\\\/portal\"],\"url\":\"https:\\\/\\\/www.eldiario.net\\\/portal\\\/author\\\/jeanette\\\/\"}]}<\/script>\n<!-- \/ Yoast SEO plugin. -->","yoast_head_json":{"title":"Mundial de F\u00fatbol aumentar\u00e1 en tama\u00f1o y duraci\u00f3n en 2026 - El Diario - Bolivia","robots":{"index":"index","follow":"follow","max-snippet":"max-snippet:-1","max-image-preview":"max-image-preview:large","max-video-preview":"max-video-preview:-1"},"canonical":"https:\/\/www.eldiario.net\/portal\/2022\/12\/17\/mundial-de-futbol-aumentara-en-tamano-y-duracion-en-2026\/","og_locale":"es_ES","og_type":"article","og_title":"Mundial de F\u00fatbol aumentar\u00e1 en tama\u00f1o y duraci\u00f3n en 2026 - El Diario - Bolivia","og_description":"Una vez que la Copa Mundial m\u00e1s compacta de la historia llegue a su punto culminante el domingo en Catar, el testigo pasar\u00e1 a Estados Unidos, M\u00e9xico y Canad\u00e1, coanfitriones en 2026, en lo que ser\u00e1 un espect\u00e1culo futbol\u00edstico mundial a lo grande, con m\u00e1s partidos y viajes. Tras la controvertida adjudicaci\u00f3n de la organizaci\u00f3n [&hellip;]","og_url":"https:\/\/www.eldiario.net\/portal\/2022\/12\/17\/mundial-de-futbol-aumentara-en-tamano-y-duracion-en-2026\/","og_site_name":"El Diario - Bolivia","article_publisher":"https:\/\/www.facebook.com\/eldiario.bolivia\/","article_published_time":"2022-12-17T10:33:16+00:00","og_image":[{"width":2560,"height":1707,"url":"https:\/\/www.eldiario.net\/portal\/wp-content\/uploads\/2022\/12\/P-5-2-scaled-1.jpg","type":"image\/jpeg"}],"author":"Jeanette","twitter_card":"summary_large_image","twitter_creator":"@eldiario_net","twitter_site":"@eldiario_net","twitter_misc":{"Escrito por":"Jeanette","Tiempo de lectura":"1 minuto"},"schema":{"@context":"https:\/\/schema.org","@graph":[{"@type":"Article","@id":"https:\/\/www.eldiario.net\/portal\/2022\/12\/17\/mundial-de-futbol-aumentara-en-tamano-y-duracion-en-2026\/#article","isPartOf":{"@id":"https:\/\/www.eldiario.net\/portal\/2022\/12\/17\/mundial-de-futbol-aumentara-en-tamano-y-duracion-en-2026\/"},"author":{"name":"Jeanette","@id":"https:\/\/www.eldiario.net\/portal\/#\/schema\/person\/f46445640444750d7d753ccd04ae01b7"},"headline":"Mundial de F\u00fatbol aumentar\u00e1 en tama\u00f1o y duraci\u00f3n en 2026","datePublished":"2022-12-17T10:33:16+00:00","mainEntityOfPage":{"@id":"https:\/\/www.eldiario.net\/portal\/2022\/12\/17\/mundial-de-futbol-aumentara-en-tamano-y-duracion-en-2026\/"},"wordCount":230,"publisher":{"@id":"https:\/\/www.eldiario.net\/portal\/#organization"},"image":{"@id":"https:\/\/www.eldiario.net\/portal\/2022\/12\/17\/mundial-de-futbol-aumentara-en-tamano-y-duracion-en-2026\/#primaryimage"},"thumbnailUrl":"https:\/\/www.eldiario.net\/portal\/wp-content\/uploads\/2022\/12\/P-5-2-scaled-1.jpg","articleSection":["Portada"],"inLanguage":"es"},{"@type":"WebPage","@id":"https:\/\/www.eldiario.net\/portal\/2022\/12\/17\/mundial-de-futbol-aumentara-en-tamano-y-duracion-en-2026\/","url":"https:\/\/www.eldiario.net\/portal\/2022\/12\/17\/mundial-de-futbol-aumentara-en-tamano-y-duracion-en-2026\/","name":"Mundial de F\u00fatbol aumentar\u00e1 en tama\u00f1o y duraci\u00f3n en 2026 - El Diario - Bolivia","isPartOf":{"@id":"https:\/\/www.eldiario.net\/portal\/#website"},"primaryImageOfPage":{"@id":"https:\/\/www.eldiario.net\/portal\/2022\/12\/17\/mundial-de-futbol-aumentara-en-tamano-y-duracion-en-2026\/#primaryimage"},"image":{"@id":"https:\/\/www.eldiario.net\/portal\/2022\/12\/17\/mundial-de-futbol-aumentara-en-tamano-y-duracion-en-2026\/#primaryimage"},"thumbnailUrl":"https:\/\/www.eldiario.net\/portal\/wp-content\/uploads\/2022\/12\/P-5-2-scaled-1.jpg","datePublished":"2022-12-17T10:33:16+00:00","breadcrumb":{"@id":"https:\/\/www.eldiario.net\/portal\/2022\/12\/17\/mundial-de-futbol-aumentara-en-tamano-y-duracion-en-2026\/#breadcrumb"},"inLanguage":"es","potentialAction":[{"@type":"ReadAction","target":["https:\/\/www.eldiario.net\/portal\/2022\/12\/17\/mundial-de-futbol-aumentara-en-tamano-y-duracion-en-2026\/"]}]},{"@type":"ImageObject","inLanguage":"es","@id":"https:\/\/www.eldiario.net\/portal\/2022\/12\/17\/mundial-de-futbol-aumentara-en-tamano-y-duracion-en-2026\/#primaryimage","url":"https:\/\/www.eldiario.net\/portal\/wp-content\/uploads\/2022\/12\/P-5-2-scaled-1.jpg","contentUrl":"https:\/\/www.eldiario.net\/portal\/wp-content\/uploads\/2022\/12\/P-5-2-scaled-1.jpg","width":2560,"height":1707,"caption":"Trofeo Oficial de la Copa Mundial de la FIFA antes de una conferencia de prensa en Nueva York."},{"@type":"BreadcrumbList","@id":"https:\/\/www.eldiario.net\/portal\/2022\/12\/17\/mundial-de-futbol-aumentara-en-tamano-y-duracion-en-2026\/#breadcrumb","itemListElement":[{"@type":"ListItem","position":1,"name":"Portada","item":"https:\/\/www.eldiario.net\/portal\/"},{"@type":"ListItem","position":2,"name":"Mundial de F\u00fatbol aumentar\u00e1 en tama\u00f1o y duraci\u00f3n en 2026"}]},{"@type":"WebSite","@id":"https:\/\/www.eldiario.net\/portal\/#website","url":"https:\/\/www.eldiario.net\/portal\/","name":"El Diario - Decano de la prensa nacional","description":"El Diario - Decano de la prensa nacional","publisher":{"@id":"https:\/\/www.eldiario.net\/portal\/#organization"},"potentialAction":[{"@type":"SearchAction","target":{"@type":"EntryPoint","urlTemplate":"https:\/\/www.eldiario.net\/portal\/?s={search_term_string}"},"query-input":{"@type":"PropertyValueSpecification","valueRequired":true,"valueName":"search_term_string"}}],"inLanguage":"es"},{"@type":"Organization","@id":"https:\/\/www.eldiario.net\/portal\/#organization","name":"El Diario - Decano de la prensa nacional","url":"https:\/\/www.eldiario.net\/portal\/","logo":{"@type":"ImageObject","inLanguage":"es","@id":"https:\/\/www.eldiario.net\/portal\/#\/schema\/logo\/image\/","url":"https:\/\/www.eldiario.net\/portal\/wp-content\/uploads\/2023\/07\/logo_ED.jpg","contentUrl":"https:\/\/www.eldiario.net\/portal\/wp-content\/uploads\/2023\/07\/logo_ED.jpg","width":272,"height":52,"caption":"El Diario - Decano de la prensa nacional"},"image":{"@id":"https:\/\/www.eldiario.net\/portal\/#\/schema\/logo\/image\/"},"sameAs":["https:\/\/www.facebook.com\/eldiario.bolivia\/","https:\/\/x.com\/eldiario_net"]},{"@type":"Person","@id":"https:\/\/www.eldiario.net\/portal\/#\/schema\/person\/f46445640444750d7d753ccd04ae01b7","name":"Jeanette","image":{"@type":"ImageObject","inLanguage":"es","@id":"https:\/\/secure.gravatar.com\/avatar\/3ea2118a5f7dad2b7138b1187a6b7ee55f160b9968b66013c3a3ef39dd7e5798?s=96&d=mm&r=g","url":"https:\/\/secure.gravatar.com\/avatar\/3ea2118a5f7dad2b7138b1187a6b7ee55f160b9968b66013c3a3ef39dd7e5798?s=96&d=mm&r=g","contentUrl":"https:\/\/secure.gravatar.com\/avatar\/3ea2118a5f7dad2b7138b1187a6b7ee55f160b9968b66013c3a3ef39dd7e5798?s=96&d=mm&r=g","caption":"Jeanette"},"sameAs":["https:\/\/www.eldiario.net\/portal"],"url":"https:\/\/www.eldiario.net\/portal\/author\/jeanette\/"}]}},"_links":{"self":[{"href":"https:\/\/www.eldiario.net\/portal\/wp-json\/wp\/v2\/posts\/128179","targetHints":{"allow":["GET"]}}],"collection":[{"href":"https:\/\/www.eldiario.net\/portal\/wp-json\/wp\/v2\/posts"}],"about":[{"href":"https:\/\/www.eldiario.net\/portal\/wp-json\/wp\/v2\/types\/post"}],"author":[{"embeddable":true,"href":"https:\/\/www.eldiario.net\/portal\/wp-json\/wp\/v2\/users\/1"}],"replies":[{"embeddable":true,"href":"https:\/\/www.eldiario.net\/portal\/wp-json\/wp\/v2\/comments?post=128179"}],"version-history":[{"count":0,"href":"https:\/\/www.eldiario.net\/portal\/wp-json\/wp\/v2\/posts\/128179\/revisions"}],"wp:featuredmedia":[{"embeddable":true,"href":"https:\/\/www.eldiario.net\/portal\/wp-json\/wp\/v2\/media\/128180"}],"wp:attachment":[{"href":"https:\/\/www.eldiario.net\/portal\/wp-json\/wp\/v2\/media?parent=128179"}],"wp:term":[{"taxonomy":"category","embeddable":true,"href":"https:\/\/www.eldiario.net\/portal\/wp-json\/wp\/v2\/categories?post=128179"},{"taxonomy":"post_tag","embeddable":true,"href":"https:\/\/www.eldiario.net\/portal\/wp-json\/wp\/v2\/tags?post=128179"}],"curies":[{"name":"wp","href":"https:\/\/api.w.org\/{rel}","templated":true}]}}