{"id":128173,"date":"2022-12-17T06:29:06","date_gmt":"2022-12-17T10:29:06","guid":{"rendered":"https:\/\/www.eldiario.net\/portal\/?p=128173"},"modified":"2022-12-17T06:29:06","modified_gmt":"2022-12-17T10:29:06","slug":"crecimiento-de-bolivia-no-pasa-del-4-y-el-2023-caera-a-29","status":"publish","type":"post","link":"https:\/\/www.eldiario.net\/portal\/2022\/12\/17\/crecimiento-de-bolivia-no-pasa-del-4-y-el-2023-caera-a-29\/","title":{"rendered":"Crecimiento de Bolivia no pasa  del 4% y el 2023 caer\u00e1 a 2,9%"},"content":{"rendered":"<p>La econom\u00eda boliviana presenta un contexto de desaceleraci\u00f3n a partir de la presente gesti\u00f3n, luego de un rebote estad\u00edstico registrado en 2021 con una tasa de 6,1% y ahora la proyecci\u00f3n realizada por el Gobierno de 5,1% est\u00e1 lejos. Los organismos internacionales estiman una cifra menor, mientras que la Comisi\u00f3n Econ\u00f3mica para Am\u00e9rica Latina y el Caribe (Cepal) se\u00f1ala que el pa\u00eds terminar\u00e1 con 3,5% en 2022 y para el 2023 baja a 2,9%.<br \/>\nMientras tanto, el Ministerio de Econom\u00eda y Finanzas P\u00fablicas se\u00f1ala que en un contexto internacional de ca\u00edda de la actividad econ\u00f3mica, en los ingresos y el poder adquisitivo de las familias, la Cepal estima que Bolivia crecer\u00e1 el 2,9% en 2023.<br \/>\nEl pa\u00eds se posiciona como la tercera econom\u00eda de mayor crecimiento y muy por encima del promedio de la regi\u00f3n, situada en 1,0%, asegura la entidad estatal.<br \/>\nSolo Venezuela, con 5%, y Paraguay, 4%, se estiman con mayor crecimiento. Cierran el bloque de pa\u00edses con mayor crecimiento del promedio Uruguay (2,9%), Per\u00fa (2,2%), Ecuador (2,0%) y Colombia (1,5%), se\u00f1ala el informe de la Cepal<br \/>\nEntre tanto, Argentina tiene una proyecci\u00f3n de 1,0%, Brasil de 0,9% y Chile entrar\u00eda en recesi\u00f3n con -1,1% de contracci\u00f3n, agrega.<br \/>\nLas estimaciones de crecimiento de la econom\u00eda nacional, realizada por organismos internacionales, bajan a menos de 4% y para el 2023 a menos de 3%, a pesar del optimismo de las autoridades nacionales de crecer para 2022 a 5,15 y el pr\u00f3ximo a\u00f1o a 4,8%.<br \/>\nAn\u00e1lisis<br \/>\nDe acuerdo al \u00faltimo informe del Fondo Monetario Internacional (FMI), Bolivia tiene proyectado un crecimiento econ\u00f3mico del 3,8% y 3,2% para el 2022 y 2023 respectivamente, mucho menor al proyectado por el PGE 2022 y 2023 de un 5,10% y 4,86%.<br \/>\nRecientemente la Cepal igualmente public\u00f3 las perspectivas para las econom\u00edas de Latinoam\u00e9rica y el Caribe, donde Bolivia prev\u00e9 tener un crecimiento econ\u00f3mico del 3,5%, y apenas del 2,9% para el 2023 seg\u00fan estimaciones de este organismo, lo cual t\u00e9cnicamente indica que entraremos en un nuevo proceso de recesi\u00f3n econ\u00f3mica en t\u00e9rminos del crecimiento de nuestro PIB, se\u00f1ala el presidente del Colegio de Economistas de Tarija, Fernando Romero.<br \/>\n\u201cEntonces esto ha evidenciado el por qu\u00e9 el gobierno nacional, en el PGE 2023, ha modificado su pol\u00edtica econ\u00f3mica y ha reajustado, relativamente, el presupuesto nacional, aunque no as\u00ed en t\u00e9rminos de menores gastos, al menos no como se esperaba; con metas de crecimiento econ\u00f3mico menores respecto al 2021 (6,1%), una tasa de inflaci\u00f3n mayor (3,57%) y un d\u00e9ficit fiscal reducido al -7,49% del PIB, pero gracias a una contracci\u00f3n de la inversi\u00f3n p\u00fablica del 20% respecto al 2022, lo cual es muestra una clara necesidad de reducir gasto p\u00fablico\u00bb, se\u00f1al\u00f3.<br \/>\nDijo que el Gobierno tom\u00f3 el camino corto, pese a que el actual modelo econ\u00f3mico se basa en el gasto e inversi\u00f3n p\u00fablica, por el ello al reducir este \u00faltimo, y no el gasto en sueldos y salarios, se provocar\u00e1 un decrecimiento econ\u00f3mico.<br \/>\nEconomistas, como Ernesto Bernal, Gabriel Espinoza y Dar\u00edo Monasterio, ya estimaban que la proyecci\u00f3n del Gobierno estaba lejos de cumplirse, pues el modelo econ\u00f3mico ya cumpli\u00f3 su ciclo.<br \/>\nEntretanto, el consumo de las familias cambi\u00f3 y la reducida inversi\u00f3n p\u00fablica redujeron las expectativas de crecimiento, por ello Romero indica que la sostenibilidad de la demanda interna basada en el gasto de las familias y empresas en el pa\u00eds, es importante, as\u00ed como la inversi\u00f3n p\u00fablica.<br \/>\nInforme<br \/>\nEn su informe anual Balance Preliminar de las Econom\u00edas de Am\u00e9rica Latina y el Caribe, la CEPAL proyecta que el crecimiento regional del pr\u00f3ximo a\u00f1o ser\u00e1 una tercera parte de la tasa esperada para 2022.<br \/>\nEn un contexto de incertidumbres externas y restricciones internas, los pa\u00edses de Am\u00e9rica Latina y el Caribe crecer\u00e1n un 3,7% en 2022, poco m\u00e1s de la mitad de la tasa del 6,7% registrada en 2021. Se estima que en 2023 se profundice la desaceleraci\u00f3n del crecimiento econ\u00f3mico y se alcance una tasa del 1,3%.<br \/>\nDe acuerdo con el Balance Preliminar de las Econom\u00edas de Am\u00e9rica Latina y el Caribe 2022, dado a conocer por el Secretario Ejecutivo de la Comisi\u00f3n Econ\u00f3mica para Am\u00e9rica Latina y el Caribe (CEPAL), Jos\u00e9 Manuel Salazar-Xirinachs, las respuestas de pol\u00edtica monetaria adoptadas a nivel mundial en 2022, en un contexto de aumento en la inflaci\u00f3n global, han provocado incrementos en la volatilidad financiera y en los niveles de aversi\u00f3n al riesgo y, por tanto, han inducido menores flujos de capital hacia econom\u00edas emergentes, incluyendo las econom\u00edas de la regi\u00f3n.<br \/>\nPero la reducci\u00f3n que se espera en la inflaci\u00f3n global para el 2023 tender\u00e1 a moderar los incrementos de las tasas de pol\u00edtica monetaria de los principales bancos centrales, a\u00f1ade el organismo.<br \/>\nSeg\u00fan el documento, luego del dinamismo mostrado en el primer semestre de 2022, la actividad econ\u00f3mica de la regi\u00f3n se ha desacelerado, reflejando, por una parte, el agotamiento del efecto rebote en la recuperaci\u00f3n de 2021 y, por otra, los efectos de las pol\u00edticas monetarias restrictivas, mayores limitaciones del gasto fiscal, menores niveles de consumo e inversi\u00f3n y el deterioro del contexto externo.<br \/>\nEl informe destaca que el proceso de recuperaci\u00f3n de los mercados laborales que se ha experimentado en el primer semestre de 2022 no ha permitido eliminar las tradicionales brechas entre hombres y mujeres que exhiben indicadores como la tasa de participaci\u00f3n laboral y la tasa de desocupaci\u00f3n. Durante el 2022, se han observado tanto un aumento de la informalidad y como una ca\u00edda en los salarios reales.<\/p>\n<p><a href=\"https:\/\/www.eldiario.net\/portal\/wp-content\/uploads\/2022\/12\/creci.jpg\"><img loading=\"lazy\" decoding=\"async\" class=\"aligncenter size-full wp-image-128174\" src=\"https:\/\/www.eldiario.net\/portal\/wp-content\/uploads\/2022\/12\/creci.jpg\" alt=\"\" width=\"2148\" height=\"1488\" \/><\/a><\/p>\n","protected":false},"excerpt":{"rendered":"<p>La econom\u00eda boliviana presenta un contexto de desaceleraci\u00f3n a partir de la presente gesti\u00f3n, luego de un rebote estad\u00edstico registrado en 2021 con una tasa de 6,1% y ahora la proyecci\u00f3n realizada por el Gobierno de 5,1% est\u00e1 lejos. Los organismos internacionales estiman una cifra menor, mientras que la Comisi\u00f3n Econ\u00f3mica para Am\u00e9rica Latina y [&hellip;]<\/p>\n","protected":false},"author":1,"featured_media":128174,"comment_status":"closed","ping_status":"closed","sticky":false,"template":"","format":"standard","meta":{"_acf_changed":false,"footnotes":""},"categories":[7],"tags":[],"class_list":["post-128173","post","type-post","status-publish","format-standard","has-post-thumbnail","category-economia"],"acf":{"antetitulo":""},"yoast_head":"<!-- This site is optimized with the Yoast SEO plugin v28.4 - https:\/\/yoast.com\/product\/yoast-seo-wordpress\/ -->\n<title>Crecimiento de Bolivia no pasa del 4% y el 2023 caer\u00e1 a 2,9% - El Diario - Bolivia<\/title>\n<meta name=\"robots\" content=\"index, follow, max-snippet:-1, max-image-preview:large, max-video-preview:-1\" \/>\n<link rel=\"canonical\" href=\"https:\/\/www.eldiario.net\/portal\/2022\/12\/17\/crecimiento-de-bolivia-no-pasa-del-4-y-el-2023-caera-a-29\/\" \/>\n<meta property=\"og:locale\" content=\"es_ES\" \/>\n<meta property=\"og:type\" content=\"article\" \/>\n<meta property=\"og:title\" content=\"Crecimiento de Bolivia no pasa del 4% y el 2023 caer\u00e1 a 2,9% - El Diario - Bolivia\" \/>\n<meta property=\"og:description\" content=\"La econom\u00eda boliviana presenta un contexto de desaceleraci\u00f3n a partir de la presente gesti\u00f3n, luego de un rebote estad\u00edstico registrado en 2021 con una tasa de 6,1% y ahora la proyecci\u00f3n realizada por el Gobierno de 5,1% est\u00e1 lejos. Los organismos internacionales estiman una cifra menor, mientras que la Comisi\u00f3n Econ\u00f3mica para Am\u00e9rica Latina y [&hellip;]\" \/>\n<meta property=\"og:url\" content=\"https:\/\/www.eldiario.net\/portal\/2022\/12\/17\/crecimiento-de-bolivia-no-pasa-del-4-y-el-2023-caera-a-29\/\" \/>\n<meta property=\"og:site_name\" content=\"El Diario - Bolivia\" \/>\n<meta property=\"article:publisher\" content=\"https:\/\/www.facebook.com\/eldiario.bolivia\/\" \/>\n<meta property=\"article:published_time\" content=\"2022-12-17T10:29:06+00:00\" \/>\n<meta name=\"author\" content=\"Jeanette\" \/>\n<meta name=\"twitter:card\" content=\"summary_large_image\" \/>\n<meta name=\"twitter:creator\" content=\"@eldiario_net\" \/>\n<meta name=\"twitter:site\" content=\"@eldiario_net\" \/>\n<meta name=\"twitter:label1\" content=\"Escrito por\" \/>\n\t<meta name=\"twitter:data1\" content=\"Jeanette\" \/>\n\t<meta name=\"twitter:label2\" content=\"Tiempo de lectura\" \/>\n\t<meta name=\"twitter:data2\" content=\"5 minutos\" \/>\n<script type=\"application\/ld+json\" class=\"yoast-schema-graph\">{\"@context\":\"https:\\\/\\\/schema.org\",\"@graph\":[{\"@type\":\"Article\",\"@id\":\"https:\\\/\\\/www.eldiario.net\\\/portal\\\/2022\\\/12\\\/17\\\/crecimiento-de-bolivia-no-pasa-del-4-y-el-2023-caera-a-29\\\/#article\",\"isPartOf\":{\"@id\":\"https:\\\/\\\/www.eldiario.net\\\/portal\\\/2022\\\/12\\\/17\\\/crecimiento-de-bolivia-no-pasa-del-4-y-el-2023-caera-a-29\\\/\"},\"author\":{\"name\":\"Jeanette\",\"@id\":\"https:\\\/\\\/www.eldiario.net\\\/portal\\\/#\\\/schema\\\/person\\\/f46445640444750d7d753ccd04ae01b7\"},\"headline\":\"Crecimiento de Bolivia no pasa del 4% y el 2023 caer\u00e1 a 2,9%\",\"datePublished\":\"2022-12-17T10:29:06+00:00\",\"mainEntityOfPage\":{\"@id\":\"https:\\\/\\\/www.eldiario.net\\\/portal\\\/2022\\\/12\\\/17\\\/crecimiento-de-bolivia-no-pasa-del-4-y-el-2023-caera-a-29\\\/\"},\"wordCount\":956,\"publisher\":{\"@id\":\"https:\\\/\\\/www.eldiario.net\\\/portal\\\/#organization\"},\"image\":{\"@id\":\"https:\\\/\\\/www.eldiario.net\\\/portal\\\/2022\\\/12\\\/17\\\/crecimiento-de-bolivia-no-pasa-del-4-y-el-2023-caera-a-29\\\/#primaryimage\"},\"thumbnailUrl\":\"\",\"articleSection\":[\"Econom\u00eda\"],\"inLanguage\":\"es\"},{\"@type\":\"WebPage\",\"@id\":\"https:\\\/\\\/www.eldiario.net\\\/portal\\\/2022\\\/12\\\/17\\\/crecimiento-de-bolivia-no-pasa-del-4-y-el-2023-caera-a-29\\\/\",\"url\":\"https:\\\/\\\/www.eldiario.net\\\/portal\\\/2022\\\/12\\\/17\\\/crecimiento-de-bolivia-no-pasa-del-4-y-el-2023-caera-a-29\\\/\",\"name\":\"Crecimiento de Bolivia no pasa del 4% y el 2023 caer\u00e1 a 2,9% - El Diario - Bolivia\",\"isPartOf\":{\"@id\":\"https:\\\/\\\/www.eldiario.net\\\/portal\\\/#website\"},\"primaryImageOfPage\":{\"@id\":\"https:\\\/\\\/www.eldiario.net\\\/portal\\\/2022\\\/12\\\/17\\\/crecimiento-de-bolivia-no-pasa-del-4-y-el-2023-caera-a-29\\\/#primaryimage\"},\"image\":{\"@id\":\"https:\\\/\\\/www.eldiario.net\\\/portal\\\/2022\\\/12\\\/17\\\/crecimiento-de-bolivia-no-pasa-del-4-y-el-2023-caera-a-29\\\/#primaryimage\"},\"thumbnailUrl\":\"\",\"datePublished\":\"2022-12-17T10:29:06+00:00\",\"breadcrumb\":{\"@id\":\"https:\\\/\\\/www.eldiario.net\\\/portal\\\/2022\\\/12\\\/17\\\/crecimiento-de-bolivia-no-pasa-del-4-y-el-2023-caera-a-29\\\/#breadcrumb\"},\"inLanguage\":\"es\",\"potentialAction\":[{\"@type\":\"ReadAction\",\"target\":[\"https:\\\/\\\/www.eldiario.net\\\/portal\\\/2022\\\/12\\\/17\\\/crecimiento-de-bolivia-no-pasa-del-4-y-el-2023-caera-a-29\\\/\"]}]},{\"@type\":\"ImageObject\",\"inLanguage\":\"es\",\"@id\":\"https:\\\/\\\/www.eldiario.net\\\/portal\\\/2022\\\/12\\\/17\\\/crecimiento-de-bolivia-no-pasa-del-4-y-el-2023-caera-a-29\\\/#primaryimage\",\"url\":\"\",\"contentUrl\":\"\"},{\"@type\":\"BreadcrumbList\",\"@id\":\"https:\\\/\\\/www.eldiario.net\\\/portal\\\/2022\\\/12\\\/17\\\/crecimiento-de-bolivia-no-pasa-del-4-y-el-2023-caera-a-29\\\/#breadcrumb\",\"itemListElement\":[{\"@type\":\"ListItem\",\"position\":1,\"name\":\"Portada\",\"item\":\"https:\\\/\\\/www.eldiario.net\\\/portal\\\/\"},{\"@type\":\"ListItem\",\"position\":2,\"name\":\"Crecimiento de Bolivia no pasa del 4% y el 2023 caer\u00e1 a 2,9%\"}]},{\"@type\":\"WebSite\",\"@id\":\"https:\\\/\\\/www.eldiario.net\\\/portal\\\/#website\",\"url\":\"https:\\\/\\\/www.eldiario.net\\\/portal\\\/\",\"name\":\"El Diario - Decano de la prensa nacional\",\"description\":\"El Diario - Decano de la prensa nacional\",\"publisher\":{\"@id\":\"https:\\\/\\\/www.eldiario.net\\\/portal\\\/#organization\"},\"potentialAction\":[{\"@type\":\"SearchAction\",\"target\":{\"@type\":\"EntryPoint\",\"urlTemplate\":\"https:\\\/\\\/www.eldiario.net\\\/portal\\\/?s={search_term_string}\"},\"query-input\":{\"@type\":\"PropertyValueSpecification\",\"valueRequired\":true,\"valueName\":\"search_term_string\"}}],\"inLanguage\":\"es\"},{\"@type\":\"Organization\",\"@id\":\"https:\\\/\\\/www.eldiario.net\\\/portal\\\/#organization\",\"name\":\"El Diario - Decano de la prensa nacional\",\"url\":\"https:\\\/\\\/www.eldiario.net\\\/portal\\\/\",\"logo\":{\"@type\":\"ImageObject\",\"inLanguage\":\"es\",\"@id\":\"https:\\\/\\\/www.eldiario.net\\\/portal\\\/#\\\/schema\\\/logo\\\/image\\\/\",\"url\":\"https:\\\/\\\/www.eldiario.net\\\/portal\\\/wp-content\\\/uploads\\\/2023\\\/07\\\/logo_ED.jpg\",\"contentUrl\":\"https:\\\/\\\/www.eldiario.net\\\/portal\\\/wp-content\\\/uploads\\\/2023\\\/07\\\/logo_ED.jpg\",\"width\":272,\"height\":52,\"caption\":\"El Diario - Decano de la prensa nacional\"},\"image\":{\"@id\":\"https:\\\/\\\/www.eldiario.net\\\/portal\\\/#\\\/schema\\\/logo\\\/image\\\/\"},\"sameAs\":[\"https:\\\/\\\/www.facebook.com\\\/eldiario.bolivia\\\/\",\"https:\\\/\\\/x.com\\\/eldiario_net\"]},{\"@type\":\"Person\",\"@id\":\"https:\\\/\\\/www.eldiario.net\\\/portal\\\/#\\\/schema\\\/person\\\/f46445640444750d7d753ccd04ae01b7\",\"name\":\"Jeanette\",\"image\":{\"@type\":\"ImageObject\",\"inLanguage\":\"es\",\"@id\":\"https:\\\/\\\/secure.gravatar.com\\\/avatar\\\/3ea2118a5f7dad2b7138b1187a6b7ee55f160b9968b66013c3a3ef39dd7e5798?s=96&d=mm&r=g\",\"url\":\"https:\\\/\\\/secure.gravatar.com\\\/avatar\\\/3ea2118a5f7dad2b7138b1187a6b7ee55f160b9968b66013c3a3ef39dd7e5798?s=96&d=mm&r=g\",\"contentUrl\":\"https:\\\/\\\/secure.gravatar.com\\\/avatar\\\/3ea2118a5f7dad2b7138b1187a6b7ee55f160b9968b66013c3a3ef39dd7e5798?s=96&d=mm&r=g\",\"caption\":\"Jeanette\"},\"sameAs\":[\"https:\\\/\\\/www.eldiario.net\\\/portal\"],\"url\":\"https:\\\/\\\/www.eldiario.net\\\/portal\\\/author\\\/jeanette\\\/\"}]}<\/script>\n<!-- \/ Yoast SEO plugin. -->","yoast_head_json":{"title":"Crecimiento de Bolivia no pasa del 4% y el 2023 caer\u00e1 a 2,9% - El Diario - Bolivia","robots":{"index":"index","follow":"follow","max-snippet":"max-snippet:-1","max-image-preview":"max-image-preview:large","max-video-preview":"max-video-preview:-1"},"canonical":"https:\/\/www.eldiario.net\/portal\/2022\/12\/17\/crecimiento-de-bolivia-no-pasa-del-4-y-el-2023-caera-a-29\/","og_locale":"es_ES","og_type":"article","og_title":"Crecimiento de Bolivia no pasa del 4% y el 2023 caer\u00e1 a 2,9% - El Diario - Bolivia","og_description":"La econom\u00eda boliviana presenta un contexto de desaceleraci\u00f3n a partir de la presente gesti\u00f3n, luego de un rebote estad\u00edstico registrado en 2021 con una tasa de 6,1% y ahora la proyecci\u00f3n realizada por el Gobierno de 5,1% est\u00e1 lejos. Los organismos internacionales estiman una cifra menor, mientras que la Comisi\u00f3n Econ\u00f3mica para Am\u00e9rica Latina y [&hellip;]","og_url":"https:\/\/www.eldiario.net\/portal\/2022\/12\/17\/crecimiento-de-bolivia-no-pasa-del-4-y-el-2023-caera-a-29\/","og_site_name":"El Diario - Bolivia","article_publisher":"https:\/\/www.facebook.com\/eldiario.bolivia\/","article_published_time":"2022-12-17T10:29:06+00:00","author":"Jeanette","twitter_card":"summary_large_image","twitter_creator":"@eldiario_net","twitter_site":"@eldiario_net","twitter_misc":{"Escrito por":"Jeanette","Tiempo de lectura":"5 minutos"},"schema":{"@context":"https:\/\/schema.org","@graph":[{"@type":"Article","@id":"https:\/\/www.eldiario.net\/portal\/2022\/12\/17\/crecimiento-de-bolivia-no-pasa-del-4-y-el-2023-caera-a-29\/#article","isPartOf":{"@id":"https:\/\/www.eldiario.net\/portal\/2022\/12\/17\/crecimiento-de-bolivia-no-pasa-del-4-y-el-2023-caera-a-29\/"},"author":{"name":"Jeanette","@id":"https:\/\/www.eldiario.net\/portal\/#\/schema\/person\/f46445640444750d7d753ccd04ae01b7"},"headline":"Crecimiento de Bolivia no pasa del 4% y el 2023 caer\u00e1 a 2,9%","datePublished":"2022-12-17T10:29:06+00:00","mainEntityOfPage":{"@id":"https:\/\/www.eldiario.net\/portal\/2022\/12\/17\/crecimiento-de-bolivia-no-pasa-del-4-y-el-2023-caera-a-29\/"},"wordCount":956,"publisher":{"@id":"https:\/\/www.eldiario.net\/portal\/#organization"},"image":{"@id":"https:\/\/www.eldiario.net\/portal\/2022\/12\/17\/crecimiento-de-bolivia-no-pasa-del-4-y-el-2023-caera-a-29\/#primaryimage"},"thumbnailUrl":"","articleSection":["Econom\u00eda"],"inLanguage":"es"},{"@type":"WebPage","@id":"https:\/\/www.eldiario.net\/portal\/2022\/12\/17\/crecimiento-de-bolivia-no-pasa-del-4-y-el-2023-caera-a-29\/","url":"https:\/\/www.eldiario.net\/portal\/2022\/12\/17\/crecimiento-de-bolivia-no-pasa-del-4-y-el-2023-caera-a-29\/","name":"Crecimiento de Bolivia no pasa del 4% y el 2023 caer\u00e1 a 2,9% - El Diario - Bolivia","isPartOf":{"@id":"https:\/\/www.eldiario.net\/portal\/#website"},"primaryImageOfPage":{"@id":"https:\/\/www.eldiario.net\/portal\/2022\/12\/17\/crecimiento-de-bolivia-no-pasa-del-4-y-el-2023-caera-a-29\/#primaryimage"},"image":{"@id":"https:\/\/www.eldiario.net\/portal\/2022\/12\/17\/crecimiento-de-bolivia-no-pasa-del-4-y-el-2023-caera-a-29\/#primaryimage"},"thumbnailUrl":"","datePublished":"2022-12-17T10:29:06+00:00","breadcrumb":{"@id":"https:\/\/www.eldiario.net\/portal\/2022\/12\/17\/crecimiento-de-bolivia-no-pasa-del-4-y-el-2023-caera-a-29\/#breadcrumb"},"inLanguage":"es","potentialAction":[{"@type":"ReadAction","target":["https:\/\/www.eldiario.net\/portal\/2022\/12\/17\/crecimiento-de-bolivia-no-pasa-del-4-y-el-2023-caera-a-29\/"]}]},{"@type":"ImageObject","inLanguage":"es","@id":"https:\/\/www.eldiario.net\/portal\/2022\/12\/17\/crecimiento-de-bolivia-no-pasa-del-4-y-el-2023-caera-a-29\/#primaryimage","url":"","contentUrl":""},{"@type":"BreadcrumbList","@id":"https:\/\/www.eldiario.net\/portal\/2022\/12\/17\/crecimiento-de-bolivia-no-pasa-del-4-y-el-2023-caera-a-29\/#breadcrumb","itemListElement":[{"@type":"ListItem","position":1,"name":"Portada","item":"https:\/\/www.eldiario.net\/portal\/"},{"@type":"ListItem","position":2,"name":"Crecimiento de Bolivia no pasa del 4% y el 2023 caer\u00e1 a 2,9%"}]},{"@type":"WebSite","@id":"https:\/\/www.eldiario.net\/portal\/#website","url":"https:\/\/www.eldiario.net\/portal\/","name":"El Diario - Decano de la prensa nacional","description":"El Diario - Decano de la prensa nacional","publisher":{"@id":"https:\/\/www.eldiario.net\/portal\/#organization"},"potentialAction":[{"@type":"SearchAction","target":{"@type":"EntryPoint","urlTemplate":"https:\/\/www.eldiario.net\/portal\/?s={search_term_string}"},"query-input":{"@type":"PropertyValueSpecification","valueRequired":true,"valueName":"search_term_string"}}],"inLanguage":"es"},{"@type":"Organization","@id":"https:\/\/www.eldiario.net\/portal\/#organization","name":"El Diario - Decano de la prensa nacional","url":"https:\/\/www.eldiario.net\/portal\/","logo":{"@type":"ImageObject","inLanguage":"es","@id":"https:\/\/www.eldiario.net\/portal\/#\/schema\/logo\/image\/","url":"https:\/\/www.eldiario.net\/portal\/wp-content\/uploads\/2023\/07\/logo_ED.jpg","contentUrl":"https:\/\/www.eldiario.net\/portal\/wp-content\/uploads\/2023\/07\/logo_ED.jpg","width":272,"height":52,"caption":"El Diario - Decano de la prensa nacional"},"image":{"@id":"https:\/\/www.eldiario.net\/portal\/#\/schema\/logo\/image\/"},"sameAs":["https:\/\/www.facebook.com\/eldiario.bolivia\/","https:\/\/x.com\/eldiario_net"]},{"@type":"Person","@id":"https:\/\/www.eldiario.net\/portal\/#\/schema\/person\/f46445640444750d7d753ccd04ae01b7","name":"Jeanette","image":{"@type":"ImageObject","inLanguage":"es","@id":"https:\/\/secure.gravatar.com\/avatar\/3ea2118a5f7dad2b7138b1187a6b7ee55f160b9968b66013c3a3ef39dd7e5798?s=96&d=mm&r=g","url":"https:\/\/secure.gravatar.com\/avatar\/3ea2118a5f7dad2b7138b1187a6b7ee55f160b9968b66013c3a3ef39dd7e5798?s=96&d=mm&r=g","contentUrl":"https:\/\/secure.gravatar.com\/avatar\/3ea2118a5f7dad2b7138b1187a6b7ee55f160b9968b66013c3a3ef39dd7e5798?s=96&d=mm&r=g","caption":"Jeanette"},"sameAs":["https:\/\/www.eldiario.net\/portal"],"url":"https:\/\/www.eldiario.net\/portal\/author\/jeanette\/"}]}},"_links":{"self":[{"href":"https:\/\/www.eldiario.net\/portal\/wp-json\/wp\/v2\/posts\/128173","targetHints":{"allow":["GET"]}}],"collection":[{"href":"https:\/\/www.eldiario.net\/portal\/wp-json\/wp\/v2\/posts"}],"about":[{"href":"https:\/\/www.eldiario.net\/portal\/wp-json\/wp\/v2\/types\/post"}],"author":[{"embeddable":true,"href":"https:\/\/www.eldiario.net\/portal\/wp-json\/wp\/v2\/users\/1"}],"replies":[{"embeddable":true,"href":"https:\/\/www.eldiario.net\/portal\/wp-json\/wp\/v2\/comments?post=128173"}],"version-history":[{"count":0,"href":"https:\/\/www.eldiario.net\/portal\/wp-json\/wp\/v2\/posts\/128173\/revisions"}],"wp:attachment":[{"href":"https:\/\/www.eldiario.net\/portal\/wp-json\/wp\/v2\/media?parent=128173"}],"wp:term":[{"taxonomy":"category","embeddable":true,"href":"https:\/\/www.eldiario.net\/portal\/wp-json\/wp\/v2\/categories?post=128173"},{"taxonomy":"post_tag","embeddable":true,"href":"https:\/\/www.eldiario.net\/portal\/wp-json\/wp\/v2\/tags?post=128173"}],"curies":[{"name":"wp","href":"https:\/\/api.w.org\/{rel}","templated":true}]}}