{"id":128170,"date":"2022-12-17T06:28:01","date_gmt":"2022-12-17T10:28:01","guid":{"rendered":"https:\/\/www.eldiario.net\/portal\/?p=128170"},"modified":"2022-12-17T06:28:01","modified_gmt":"2022-12-17T10:28:01","slug":"empresarios-invitan-a-vivir-navidad-de-diferentes-maneras","status":"publish","type":"post","link":"https:\/\/www.eldiario.net\/portal\/2022\/12\/17\/empresarios-invitan-a-vivir-navidad-de-diferentes-maneras\/","title":{"rendered":"Empresarios invitan a vivir  Navidad de diferentes maneras"},"content":{"rendered":"<p>A pesar de la crisis social y pol\u00edtica que vive el pa\u00eds, los empresarios invitan a la poblaci\u00f3n a vivir la Navidad de diferentes maneras, con el objetivo de reactivar la econom\u00eda y brindar una esperanza para los bolivianos. La C\u00e1mara Nacional de Comercio inaugur\u00f3 su Estaci\u00f3n de Navidad y Ferroviaria Andina recorrer\u00e1 parte del territorio nacional con su \u201cTren Navide\u00f1o\u201d.<br \/>\nLa C\u00e1mara Nacional de Comercio, en coordinaci\u00f3n m\u00e1s de 50 empresas, inaugur\u00f3 la feria \u201cEstaci\u00f3n Navidad\u201d, que busca generar un movimiento econ\u00f3mico importante para los participantes, y apoyar a la producci\u00f3n nacional.<br \/>\nHasta el domingo, estar\u00e1n en la estaci\u00f3n del telef\u00e9rico rojo, en el espacio de las culturas, en donde las empresas presentar\u00e1n toda la oferta que tienen para estas fiestas de fin de a\u00f1o, en especial de la Navidad, hasta el domingo.<\/p>\n<p>Andina<br \/>\nPor su parte, Ferroviaria Andina S.A. invita a la poblaci\u00f3n a vivir una Navidad de ensue\u00f1o desde el lunes 19 hasta el viernes 23 de diciembre con el Tren Navide\u00f1o, que recorrer\u00e1 todos los distritos del occidente del pa\u00eds.<br \/>\n\u201cNuestro Tren Navide\u00f1o es una tradici\u00f3n que cada a\u00f1o se robustece, con la participaci\u00f3n de empresas e instituciones. Este a\u00f1o ser\u00e1 la primera vez que lo haremos desde Villaz\u00f3n hasta Viacha. Invitamos a todas las familias a que presencien el recorrido con sus hijos\u201d, dijo el gerente General de la empresa, Rodolfo Cachambi.<br \/>\nEl lunes 19 de diciembre arranca el Tren Navide\u00f1o en Tupiza, ese mismo d\u00eda por la noche estar\u00e1 en Villaz\u00f3n. El martes 20 estar\u00e1 en Uyuni, el mi\u00e9rcoles 21 en Potos\u00ed, el jueves 22 en Oruro y el viernes 23 en Viacha. En cada distrito habr\u00e1 algunas actividades adicionales en las estaciones como coros navide\u00f1os.<br \/>\n\u201cEl Tren Navide\u00f1o consta de una locomotora adornada e iluminada, un vag\u00f3n plano con un trineo traccionado con una peque\u00f1a locomotora a vapor y en el mismo van los personajes navide\u00f1os como Papa Noel y el Grinch, que ser\u00e1n representados por funcionarios de la empresa y sus familias\u201d, agreg\u00f3 el ejecutivo.<br \/>\nTambi\u00e9n habr\u00e1 un cami\u00f3n balastero con regalos gigantes y otros vagones de empresas e instituciones que se han sumado a la iniciativa, que lucir\u00e1n grandes decorados.<br \/>\n\u201cCada a\u00f1o esta iniciativa es esperada por las familias de todos nuestros distritos en donde operamos. El a\u00f1o pasado lo hicimos desde Uyuni hasta Viacha, pero este a\u00f1o nos hemos extendido hasta Villaz\u00f3n y Tupiza\u201d, coment\u00f3 Cachambi.<\/p>\n<p>PIE DE FOTO<\/p>\n","protected":false},"excerpt":{"rendered":"<p>A pesar de la crisis social y pol\u00edtica que vive el pa\u00eds, los empresarios invitan a la poblaci\u00f3n a vivir la Navidad de diferentes maneras, con el objetivo de reactivar la econom\u00eda y brindar una esperanza para los bolivianos. La C\u00e1mara Nacional de Comercio inaugur\u00f3 su Estaci\u00f3n de Navidad y Ferroviaria Andina recorrer\u00e1 parte del [&hellip;]<\/p>\n","protected":false},"author":1,"featured_media":128171,"comment_status":"closed","ping_status":"closed","sticky":false,"template":"","format":"standard","meta":{"_acf_changed":false,"footnotes":""},"categories":[7],"tags":[],"class_list":["post-128170","post","type-post","status-publish","format-standard","has-post-thumbnail","category-economia"],"acf":{"antetitulo":""},"yoast_head":"<!-- This site is optimized with the Yoast SEO plugin v28.4 - https:\/\/yoast.com\/product\/yoast-seo-wordpress\/ -->\n<title>Empresarios invitan a vivir Navidad de diferentes maneras - El Diario - Bolivia<\/title>\n<meta name=\"robots\" content=\"index, follow, max-snippet:-1, max-image-preview:large, max-video-preview:-1\" \/>\n<link rel=\"canonical\" href=\"https:\/\/www.eldiario.net\/portal\/2022\/12\/17\/empresarios-invitan-a-vivir-navidad-de-diferentes-maneras\/\" \/>\n<meta property=\"og:locale\" content=\"es_ES\" \/>\n<meta property=\"og:type\" content=\"article\" \/>\n<meta property=\"og:title\" content=\"Empresarios invitan a vivir Navidad de diferentes maneras - El Diario - Bolivia\" \/>\n<meta property=\"og:description\" content=\"A pesar de la crisis social y pol\u00edtica que vive el pa\u00eds, los empresarios invitan a la poblaci\u00f3n a vivir la Navidad de diferentes maneras, con el objetivo de reactivar la econom\u00eda y brindar una esperanza para los bolivianos. La C\u00e1mara Nacional de Comercio inaugur\u00f3 su Estaci\u00f3n de Navidad y Ferroviaria Andina recorrer\u00e1 parte del [&hellip;]\" \/>\n<meta property=\"og:url\" content=\"https:\/\/www.eldiario.net\/portal\/2022\/12\/17\/empresarios-invitan-a-vivir-navidad-de-diferentes-maneras\/\" \/>\n<meta property=\"og:site_name\" content=\"El Diario - Bolivia\" \/>\n<meta property=\"article:publisher\" content=\"https:\/\/www.facebook.com\/eldiario.bolivia\/\" \/>\n<meta property=\"article:published_time\" content=\"2022-12-17T10:28:01+00:00\" \/>\n<meta name=\"author\" content=\"Jeanette\" \/>\n<meta name=\"twitter:card\" content=\"summary_large_image\" \/>\n<meta name=\"twitter:creator\" content=\"@eldiario_net\" \/>\n<meta name=\"twitter:site\" content=\"@eldiario_net\" \/>\n<meta name=\"twitter:label1\" content=\"Escrito por\" \/>\n\t<meta name=\"twitter:data1\" content=\"Jeanette\" \/>\n\t<meta name=\"twitter:label2\" content=\"Tiempo de lectura\" \/>\n\t<meta name=\"twitter:data2\" content=\"2 minutos\" \/>\n<script type=\"application\/ld+json\" class=\"yoast-schema-graph\">{\"@context\":\"https:\\\/\\\/schema.org\",\"@graph\":[{\"@type\":\"Article\",\"@id\":\"https:\\\/\\\/www.eldiario.net\\\/portal\\\/2022\\\/12\\\/17\\\/empresarios-invitan-a-vivir-navidad-de-diferentes-maneras\\\/#article\",\"isPartOf\":{\"@id\":\"https:\\\/\\\/www.eldiario.net\\\/portal\\\/2022\\\/12\\\/17\\\/empresarios-invitan-a-vivir-navidad-de-diferentes-maneras\\\/\"},\"author\":{\"name\":\"Jeanette\",\"@id\":\"https:\\\/\\\/www.eldiario.net\\\/portal\\\/#\\\/schema\\\/person\\\/f46445640444750d7d753ccd04ae01b7\"},\"headline\":\"Empresarios invitan a vivir Navidad de diferentes maneras\",\"datePublished\":\"2022-12-17T10:28:01+00:00\",\"mainEntityOfPage\":{\"@id\":\"https:\\\/\\\/www.eldiario.net\\\/portal\\\/2022\\\/12\\\/17\\\/empresarios-invitan-a-vivir-navidad-de-diferentes-maneras\\\/\"},\"wordCount\":445,\"publisher\":{\"@id\":\"https:\\\/\\\/www.eldiario.net\\\/portal\\\/#organization\"},\"image\":{\"@id\":\"https:\\\/\\\/www.eldiario.net\\\/portal\\\/2022\\\/12\\\/17\\\/empresarios-invitan-a-vivir-navidad-de-diferentes-maneras\\\/#primaryimage\"},\"thumbnailUrl\":\"\",\"articleSection\":[\"Econom\u00eda\"],\"inLanguage\":\"es\"},{\"@type\":\"WebPage\",\"@id\":\"https:\\\/\\\/www.eldiario.net\\\/portal\\\/2022\\\/12\\\/17\\\/empresarios-invitan-a-vivir-navidad-de-diferentes-maneras\\\/\",\"url\":\"https:\\\/\\\/www.eldiario.net\\\/portal\\\/2022\\\/12\\\/17\\\/empresarios-invitan-a-vivir-navidad-de-diferentes-maneras\\\/\",\"name\":\"Empresarios invitan a vivir Navidad de diferentes maneras - El Diario - Bolivia\",\"isPartOf\":{\"@id\":\"https:\\\/\\\/www.eldiario.net\\\/portal\\\/#website\"},\"primaryImageOfPage\":{\"@id\":\"https:\\\/\\\/www.eldiario.net\\\/portal\\\/2022\\\/12\\\/17\\\/empresarios-invitan-a-vivir-navidad-de-diferentes-maneras\\\/#primaryimage\"},\"image\":{\"@id\":\"https:\\\/\\\/www.eldiario.net\\\/portal\\\/2022\\\/12\\\/17\\\/empresarios-invitan-a-vivir-navidad-de-diferentes-maneras\\\/#primaryimage\"},\"thumbnailUrl\":\"\",\"datePublished\":\"2022-12-17T10:28:01+00:00\",\"breadcrumb\":{\"@id\":\"https:\\\/\\\/www.eldiario.net\\\/portal\\\/2022\\\/12\\\/17\\\/empresarios-invitan-a-vivir-navidad-de-diferentes-maneras\\\/#breadcrumb\"},\"inLanguage\":\"es\",\"potentialAction\":[{\"@type\":\"ReadAction\",\"target\":[\"https:\\\/\\\/www.eldiario.net\\\/portal\\\/2022\\\/12\\\/17\\\/empresarios-invitan-a-vivir-navidad-de-diferentes-maneras\\\/\"]}]},{\"@type\":\"ImageObject\",\"inLanguage\":\"es\",\"@id\":\"https:\\\/\\\/www.eldiario.net\\\/portal\\\/2022\\\/12\\\/17\\\/empresarios-invitan-a-vivir-navidad-de-diferentes-maneras\\\/#primaryimage\",\"url\":\"\",\"contentUrl\":\"\"},{\"@type\":\"BreadcrumbList\",\"@id\":\"https:\\\/\\\/www.eldiario.net\\\/portal\\\/2022\\\/12\\\/17\\\/empresarios-invitan-a-vivir-navidad-de-diferentes-maneras\\\/#breadcrumb\",\"itemListElement\":[{\"@type\":\"ListItem\",\"position\":1,\"name\":\"Portada\",\"item\":\"https:\\\/\\\/www.eldiario.net\\\/portal\\\/\"},{\"@type\":\"ListItem\",\"position\":2,\"name\":\"Empresarios invitan a vivir Navidad de diferentes maneras\"}]},{\"@type\":\"WebSite\",\"@id\":\"https:\\\/\\\/www.eldiario.net\\\/portal\\\/#website\",\"url\":\"https:\\\/\\\/www.eldiario.net\\\/portal\\\/\",\"name\":\"El Diario - Decano de la prensa nacional\",\"description\":\"El Diario - Decano de la prensa nacional\",\"publisher\":{\"@id\":\"https:\\\/\\\/www.eldiario.net\\\/portal\\\/#organization\"},\"potentialAction\":[{\"@type\":\"SearchAction\",\"target\":{\"@type\":\"EntryPoint\",\"urlTemplate\":\"https:\\\/\\\/www.eldiario.net\\\/portal\\\/?s={search_term_string}\"},\"query-input\":{\"@type\":\"PropertyValueSpecification\",\"valueRequired\":true,\"valueName\":\"search_term_string\"}}],\"inLanguage\":\"es\"},{\"@type\":\"Organization\",\"@id\":\"https:\\\/\\\/www.eldiario.net\\\/portal\\\/#organization\",\"name\":\"El Diario - Decano de la prensa nacional\",\"url\":\"https:\\\/\\\/www.eldiario.net\\\/portal\\\/\",\"logo\":{\"@type\":\"ImageObject\",\"inLanguage\":\"es\",\"@id\":\"https:\\\/\\\/www.eldiario.net\\\/portal\\\/#\\\/schema\\\/logo\\\/image\\\/\",\"url\":\"https:\\\/\\\/www.eldiario.net\\\/portal\\\/wp-content\\\/uploads\\\/2023\\\/07\\\/logo_ED.jpg\",\"contentUrl\":\"https:\\\/\\\/www.eldiario.net\\\/portal\\\/wp-content\\\/uploads\\\/2023\\\/07\\\/logo_ED.jpg\",\"width\":272,\"height\":52,\"caption\":\"El Diario - Decano de la prensa nacional\"},\"image\":{\"@id\":\"https:\\\/\\\/www.eldiario.net\\\/portal\\\/#\\\/schema\\\/logo\\\/image\\\/\"},\"sameAs\":[\"https:\\\/\\\/www.facebook.com\\\/eldiario.bolivia\\\/\",\"https:\\\/\\\/x.com\\\/eldiario_net\"]},{\"@type\":\"Person\",\"@id\":\"https:\\\/\\\/www.eldiario.net\\\/portal\\\/#\\\/schema\\\/person\\\/f46445640444750d7d753ccd04ae01b7\",\"name\":\"Jeanette\",\"image\":{\"@type\":\"ImageObject\",\"inLanguage\":\"es\",\"@id\":\"https:\\\/\\\/secure.gravatar.com\\\/avatar\\\/3ea2118a5f7dad2b7138b1187a6b7ee55f160b9968b66013c3a3ef39dd7e5798?s=96&d=mm&r=g\",\"url\":\"https:\\\/\\\/secure.gravatar.com\\\/avatar\\\/3ea2118a5f7dad2b7138b1187a6b7ee55f160b9968b66013c3a3ef39dd7e5798?s=96&d=mm&r=g\",\"contentUrl\":\"https:\\\/\\\/secure.gravatar.com\\\/avatar\\\/3ea2118a5f7dad2b7138b1187a6b7ee55f160b9968b66013c3a3ef39dd7e5798?s=96&d=mm&r=g\",\"caption\":\"Jeanette\"},\"sameAs\":[\"https:\\\/\\\/www.eldiario.net\\\/portal\"],\"url\":\"https:\\\/\\\/www.eldiario.net\\\/portal\\\/author\\\/jeanette\\\/\"}]}<\/script>\n<!-- \/ Yoast SEO plugin. -->","yoast_head_json":{"title":"Empresarios invitan a vivir Navidad de diferentes maneras - El Diario - Bolivia","robots":{"index":"index","follow":"follow","max-snippet":"max-snippet:-1","max-image-preview":"max-image-preview:large","max-video-preview":"max-video-preview:-1"},"canonical":"https:\/\/www.eldiario.net\/portal\/2022\/12\/17\/empresarios-invitan-a-vivir-navidad-de-diferentes-maneras\/","og_locale":"es_ES","og_type":"article","og_title":"Empresarios invitan a vivir Navidad de diferentes maneras - El Diario - Bolivia","og_description":"A pesar de la crisis social y pol\u00edtica que vive el pa\u00eds, los empresarios invitan a la poblaci\u00f3n a vivir la Navidad de diferentes maneras, con el objetivo de reactivar la econom\u00eda y brindar una esperanza para los bolivianos. La C\u00e1mara Nacional de Comercio inaugur\u00f3 su Estaci\u00f3n de Navidad y Ferroviaria Andina recorrer\u00e1 parte del [&hellip;]","og_url":"https:\/\/www.eldiario.net\/portal\/2022\/12\/17\/empresarios-invitan-a-vivir-navidad-de-diferentes-maneras\/","og_site_name":"El Diario - Bolivia","article_publisher":"https:\/\/www.facebook.com\/eldiario.bolivia\/","article_published_time":"2022-12-17T10:28:01+00:00","author":"Jeanette","twitter_card":"summary_large_image","twitter_creator":"@eldiario_net","twitter_site":"@eldiario_net","twitter_misc":{"Escrito por":"Jeanette","Tiempo de lectura":"2 minutos"},"schema":{"@context":"https:\/\/schema.org","@graph":[{"@type":"Article","@id":"https:\/\/www.eldiario.net\/portal\/2022\/12\/17\/empresarios-invitan-a-vivir-navidad-de-diferentes-maneras\/#article","isPartOf":{"@id":"https:\/\/www.eldiario.net\/portal\/2022\/12\/17\/empresarios-invitan-a-vivir-navidad-de-diferentes-maneras\/"},"author":{"name":"Jeanette","@id":"https:\/\/www.eldiario.net\/portal\/#\/schema\/person\/f46445640444750d7d753ccd04ae01b7"},"headline":"Empresarios invitan a vivir Navidad de diferentes maneras","datePublished":"2022-12-17T10:28:01+00:00","mainEntityOfPage":{"@id":"https:\/\/www.eldiario.net\/portal\/2022\/12\/17\/empresarios-invitan-a-vivir-navidad-de-diferentes-maneras\/"},"wordCount":445,"publisher":{"@id":"https:\/\/www.eldiario.net\/portal\/#organization"},"image":{"@id":"https:\/\/www.eldiario.net\/portal\/2022\/12\/17\/empresarios-invitan-a-vivir-navidad-de-diferentes-maneras\/#primaryimage"},"thumbnailUrl":"","articleSection":["Econom\u00eda"],"inLanguage":"es"},{"@type":"WebPage","@id":"https:\/\/www.eldiario.net\/portal\/2022\/12\/17\/empresarios-invitan-a-vivir-navidad-de-diferentes-maneras\/","url":"https:\/\/www.eldiario.net\/portal\/2022\/12\/17\/empresarios-invitan-a-vivir-navidad-de-diferentes-maneras\/","name":"Empresarios invitan a vivir Navidad de diferentes maneras - El Diario - Bolivia","isPartOf":{"@id":"https:\/\/www.eldiario.net\/portal\/#website"},"primaryImageOfPage":{"@id":"https:\/\/www.eldiario.net\/portal\/2022\/12\/17\/empresarios-invitan-a-vivir-navidad-de-diferentes-maneras\/#primaryimage"},"image":{"@id":"https:\/\/www.eldiario.net\/portal\/2022\/12\/17\/empresarios-invitan-a-vivir-navidad-de-diferentes-maneras\/#primaryimage"},"thumbnailUrl":"","datePublished":"2022-12-17T10:28:01+00:00","breadcrumb":{"@id":"https:\/\/www.eldiario.net\/portal\/2022\/12\/17\/empresarios-invitan-a-vivir-navidad-de-diferentes-maneras\/#breadcrumb"},"inLanguage":"es","potentialAction":[{"@type":"ReadAction","target":["https:\/\/www.eldiario.net\/portal\/2022\/12\/17\/empresarios-invitan-a-vivir-navidad-de-diferentes-maneras\/"]}]},{"@type":"ImageObject","inLanguage":"es","@id":"https:\/\/www.eldiario.net\/portal\/2022\/12\/17\/empresarios-invitan-a-vivir-navidad-de-diferentes-maneras\/#primaryimage","url":"","contentUrl":""},{"@type":"BreadcrumbList","@id":"https:\/\/www.eldiario.net\/portal\/2022\/12\/17\/empresarios-invitan-a-vivir-navidad-de-diferentes-maneras\/#breadcrumb","itemListElement":[{"@type":"ListItem","position":1,"name":"Portada","item":"https:\/\/www.eldiario.net\/portal\/"},{"@type":"ListItem","position":2,"name":"Empresarios invitan a vivir Navidad de diferentes maneras"}]},{"@type":"WebSite","@id":"https:\/\/www.eldiario.net\/portal\/#website","url":"https:\/\/www.eldiario.net\/portal\/","name":"El Diario - Decano de la prensa nacional","description":"El Diario - Decano de la prensa nacional","publisher":{"@id":"https:\/\/www.eldiario.net\/portal\/#organization"},"potentialAction":[{"@type":"SearchAction","target":{"@type":"EntryPoint","urlTemplate":"https:\/\/www.eldiario.net\/portal\/?s={search_term_string}"},"query-input":{"@type":"PropertyValueSpecification","valueRequired":true,"valueName":"search_term_string"}}],"inLanguage":"es"},{"@type":"Organization","@id":"https:\/\/www.eldiario.net\/portal\/#organization","name":"El Diario - Decano de la prensa nacional","url":"https:\/\/www.eldiario.net\/portal\/","logo":{"@type":"ImageObject","inLanguage":"es","@id":"https:\/\/www.eldiario.net\/portal\/#\/schema\/logo\/image\/","url":"https:\/\/www.eldiario.net\/portal\/wp-content\/uploads\/2023\/07\/logo_ED.jpg","contentUrl":"https:\/\/www.eldiario.net\/portal\/wp-content\/uploads\/2023\/07\/logo_ED.jpg","width":272,"height":52,"caption":"El Diario - Decano de la prensa nacional"},"image":{"@id":"https:\/\/www.eldiario.net\/portal\/#\/schema\/logo\/image\/"},"sameAs":["https:\/\/www.facebook.com\/eldiario.bolivia\/","https:\/\/x.com\/eldiario_net"]},{"@type":"Person","@id":"https:\/\/www.eldiario.net\/portal\/#\/schema\/person\/f46445640444750d7d753ccd04ae01b7","name":"Jeanette","image":{"@type":"ImageObject","inLanguage":"es","@id":"https:\/\/secure.gravatar.com\/avatar\/3ea2118a5f7dad2b7138b1187a6b7ee55f160b9968b66013c3a3ef39dd7e5798?s=96&d=mm&r=g","url":"https:\/\/secure.gravatar.com\/avatar\/3ea2118a5f7dad2b7138b1187a6b7ee55f160b9968b66013c3a3ef39dd7e5798?s=96&d=mm&r=g","contentUrl":"https:\/\/secure.gravatar.com\/avatar\/3ea2118a5f7dad2b7138b1187a6b7ee55f160b9968b66013c3a3ef39dd7e5798?s=96&d=mm&r=g","caption":"Jeanette"},"sameAs":["https:\/\/www.eldiario.net\/portal"],"url":"https:\/\/www.eldiario.net\/portal\/author\/jeanette\/"}]}},"_links":{"self":[{"href":"https:\/\/www.eldiario.net\/portal\/wp-json\/wp\/v2\/posts\/128170","targetHints":{"allow":["GET"]}}],"collection":[{"href":"https:\/\/www.eldiario.net\/portal\/wp-json\/wp\/v2\/posts"}],"about":[{"href":"https:\/\/www.eldiario.net\/portal\/wp-json\/wp\/v2\/types\/post"}],"author":[{"embeddable":true,"href":"https:\/\/www.eldiario.net\/portal\/wp-json\/wp\/v2\/users\/1"}],"replies":[{"embeddable":true,"href":"https:\/\/www.eldiario.net\/portal\/wp-json\/wp\/v2\/comments?post=128170"}],"version-history":[{"count":0,"href":"https:\/\/www.eldiario.net\/portal\/wp-json\/wp\/v2\/posts\/128170\/revisions"}],"wp:attachment":[{"href":"https:\/\/www.eldiario.net\/portal\/wp-json\/wp\/v2\/media?parent=128170"}],"wp:term":[{"taxonomy":"category","embeddable":true,"href":"https:\/\/www.eldiario.net\/portal\/wp-json\/wp\/v2\/categories?post=128170"},{"taxonomy":"post_tag","embeddable":true,"href":"https:\/\/www.eldiario.net\/portal\/wp-json\/wp\/v2\/tags?post=128170"}],"curies":[{"name":"wp","href":"https:\/\/api.w.org\/{rel}","templated":true}]}}