{"id":128166,"date":"2022-12-17T06:26:58","date_gmt":"2022-12-17T10:26:58","guid":{"rendered":"https:\/\/www.eldiario.net\/portal\/?p=128166"},"modified":"2022-12-17T06:26:58","modified_gmt":"2022-12-17T10:26:58","slug":"ajam-ejecuta-acciones-contra-mineria-ilegal-en-rio-madre-de-dios","status":"publish","type":"post","link":"https:\/\/www.eldiario.net\/portal\/2022\/12\/17\/ajam-ejecuta-acciones-contra-mineria-ilegal-en-rio-madre-de-dios\/","title":{"rendered":"AJAM ejecuta acciones contra miner\u00eda ilegal en r\u00edo Madre de Dios"},"content":{"rendered":"<p>En el r\u00edo Madre de Dios, en el departamento del Beni, la Autoridad Jurisdiccional Administrativa Minera (AJAM) ejecut\u00f3 una acci\u00f3n operativa para desbaratar actividades mineras ilegales, en un \u00e1rea declarada como reserva fiscal, donde la actividad minera est\u00e1 prohibida.<br \/>\nLa actividad ilegal no s\u00f3lo se registra en esa zona donde oper\u00f3 la AJAM, sino tambi\u00e9n en otras regiones del norte del pa\u00eds, como el Parque Madidi, que fue denunciado por los ind\u00edgenas del lugar, pero a la fecha no se tomaron acciones, mientras tanto la contaminaci\u00f3n afecta la salud de los habitantes.<br \/>\nLas cooperativas son los principales protagonistas en el ingreso a zonas no autorizadas, en complicidad con empresarios, en especial de nacionalidad colombiana y china, de acuerdo a medios de prensa.<br \/>\nOperativo<br \/>\nMientras tanto, durante el operativo, t\u00e9cnicos de la AJAM y polic\u00edas asignados a la instituci\u00f3n evidenciaron la presencia de embarcaciones, como dragas artesanales, en las cuales se encontraban personas realizando labores mineras, quienes no pudieron acreditar su derecho minero sobre el \u00e1rea ni demostrar autorizaciones para realizar trabajos de explotaci\u00f3n de recursos minerales.<br \/>\nComo resultado de esta acci\u00f3n operativa se procedi\u00f3 a la aprehensi\u00f3n de 13 personas en tres puntos intervenidos.<br \/>\nLas personas detenidas fueron conducidas a las oficinas de la Fuerza Especial de Lucha contra el Crimen (FELCC) de Riberalta, para que las autoridades competentes realicen las investigaciones y definan su situaci\u00f3n jur\u00eddica.<br \/>\nEn ese caso, la AJAM es la querellante ante el Ministerio P\u00fablico en contra de las personas que habr\u00edan sido sorprendidas en actividades de explotaci\u00f3n minera ilegal.<br \/>\nAl momento de encontrarse en la FELCC, la comisi\u00f3n de la AJAM fue retenida contra su voluntad desde horas 12:00 del mediod\u00eda hasta altas horas de la noche.<br \/>\nAsimismo, es importante hacer notar que al momento de la intervenci\u00f3n el personal policial procedi\u00f3 al secuestro de mercurio e insumos propios de la actividad minera.<br \/>\nDe acuerdo al trabajo de inteligencia que realiza la Autoridad Minera, se continuar\u00e1 ejecutando acciones operativas contra la miner\u00eda ilegal, habi\u00e9ndose identificado varios sectores en los cuales se estar\u00eda realizando actividad minera ilegal; se advierte a las personas que estuvieran incurriendo en este delito cesar con esos trabajos no autorizados, seg\u00fan una nota de prensa de la entidad estatal.<\/p>\n<p>&nbsp;<\/p>\n","protected":false},"excerpt":{"rendered":"<p>En el r\u00edo Madre de Dios, en el departamento del Beni, la Autoridad Jurisdiccional Administrativa Minera (AJAM) ejecut\u00f3 una acci\u00f3n operativa para desbaratar actividades mineras ilegales, en un \u00e1rea declarada como reserva fiscal, donde la actividad minera est\u00e1 prohibida. La actividad ilegal no s\u00f3lo se registra en esa zona donde oper\u00f3 la AJAM, sino tambi\u00e9n [&hellip;]<\/p>\n","protected":false},"author":1,"featured_media":128167,"comment_status":"closed","ping_status":"closed","sticky":false,"template":"","format":"standard","meta":{"_acf_changed":false,"footnotes":""},"categories":[7],"tags":[],"class_list":["post-128166","post","type-post","status-publish","format-standard","has-post-thumbnail","category-economia"],"acf":{"antetitulo":""},"yoast_head":"<!-- This site is optimized with the Yoast SEO plugin v28.4 - https:\/\/yoast.com\/product\/yoast-seo-wordpress\/ -->\n<title>AJAM ejecuta acciones contra miner\u00eda ilegal en r\u00edo Madre de Dios - El Diario - Bolivia<\/title>\n<meta name=\"robots\" content=\"index, follow, max-snippet:-1, max-image-preview:large, max-video-preview:-1\" \/>\n<link rel=\"canonical\" href=\"https:\/\/www.eldiario.net\/portal\/2022\/12\/17\/ajam-ejecuta-acciones-contra-mineria-ilegal-en-rio-madre-de-dios\/\" \/>\n<meta property=\"og:locale\" content=\"es_ES\" \/>\n<meta property=\"og:type\" content=\"article\" \/>\n<meta property=\"og:title\" content=\"AJAM ejecuta acciones contra miner\u00eda ilegal en r\u00edo Madre de Dios - El Diario - Bolivia\" \/>\n<meta property=\"og:description\" content=\"En el r\u00edo Madre de Dios, en el departamento del Beni, la Autoridad Jurisdiccional Administrativa Minera (AJAM) ejecut\u00f3 una acci\u00f3n operativa para desbaratar actividades mineras ilegales, en un \u00e1rea declarada como reserva fiscal, donde la actividad minera est\u00e1 prohibida. La actividad ilegal no s\u00f3lo se registra en esa zona donde oper\u00f3 la AJAM, sino tambi\u00e9n [&hellip;]\" \/>\n<meta property=\"og:url\" content=\"https:\/\/www.eldiario.net\/portal\/2022\/12\/17\/ajam-ejecuta-acciones-contra-mineria-ilegal-en-rio-madre-de-dios\/\" \/>\n<meta property=\"og:site_name\" content=\"El Diario - Bolivia\" \/>\n<meta property=\"article:publisher\" content=\"https:\/\/www.facebook.com\/eldiario.bolivia\/\" \/>\n<meta property=\"article:published_time\" content=\"2022-12-17T10:26:58+00:00\" \/>\n<meta property=\"og:image\" content=\"https:\/\/www.eldiario.net\/portal\/wp-content\/uploads\/2022\/12\/ajam.jpg\" \/>\n\t<meta property=\"og:image:width\" content=\"1600\" \/>\n\t<meta property=\"og:image:height\" content=\"901\" \/>\n\t<meta property=\"og:image:type\" content=\"image\/jpeg\" \/>\n<meta name=\"author\" content=\"Jeanette\" \/>\n<meta name=\"twitter:card\" content=\"summary_large_image\" \/>\n<meta name=\"twitter:creator\" content=\"@eldiario_net\" \/>\n<meta name=\"twitter:site\" content=\"@eldiario_net\" \/>\n<meta name=\"twitter:label1\" content=\"Escrito por\" \/>\n\t<meta name=\"twitter:data1\" content=\"Jeanette\" \/>\n\t<meta name=\"twitter:label2\" content=\"Tiempo de lectura\" \/>\n\t<meta name=\"twitter:data2\" content=\"2 minutos\" \/>\n<script type=\"application\/ld+json\" class=\"yoast-schema-graph\">{\"@context\":\"https:\\\/\\\/schema.org\",\"@graph\":[{\"@type\":\"Article\",\"@id\":\"https:\\\/\\\/www.eldiario.net\\\/portal\\\/2022\\\/12\\\/17\\\/ajam-ejecuta-acciones-contra-mineria-ilegal-en-rio-madre-de-dios\\\/#article\",\"isPartOf\":{\"@id\":\"https:\\\/\\\/www.eldiario.net\\\/portal\\\/2022\\\/12\\\/17\\\/ajam-ejecuta-acciones-contra-mineria-ilegal-en-rio-madre-de-dios\\\/\"},\"author\":{\"name\":\"Jeanette\",\"@id\":\"https:\\\/\\\/www.eldiario.net\\\/portal\\\/#\\\/schema\\\/person\\\/f46445640444750d7d753ccd04ae01b7\"},\"headline\":\"AJAM ejecuta acciones contra miner\u00eda ilegal en r\u00edo Madre de Dios\",\"datePublished\":\"2022-12-17T10:26:58+00:00\",\"mainEntityOfPage\":{\"@id\":\"https:\\\/\\\/www.eldiario.net\\\/portal\\\/2022\\\/12\\\/17\\\/ajam-ejecuta-acciones-contra-mineria-ilegal-en-rio-madre-de-dios\\\/\"},\"wordCount\":404,\"publisher\":{\"@id\":\"https:\\\/\\\/www.eldiario.net\\\/portal\\\/#organization\"},\"image\":{\"@id\":\"https:\\\/\\\/www.eldiario.net\\\/portal\\\/2022\\\/12\\\/17\\\/ajam-ejecuta-acciones-contra-mineria-ilegal-en-rio-madre-de-dios\\\/#primaryimage\"},\"thumbnailUrl\":\"https:\\\/\\\/www.eldiario.net\\\/portal\\\/wp-content\\\/uploads\\\/2022\\\/12\\\/ajam.jpg\",\"articleSection\":[\"Econom\u00eda\"],\"inLanguage\":\"es\"},{\"@type\":\"WebPage\",\"@id\":\"https:\\\/\\\/www.eldiario.net\\\/portal\\\/2022\\\/12\\\/17\\\/ajam-ejecuta-acciones-contra-mineria-ilegal-en-rio-madre-de-dios\\\/\",\"url\":\"https:\\\/\\\/www.eldiario.net\\\/portal\\\/2022\\\/12\\\/17\\\/ajam-ejecuta-acciones-contra-mineria-ilegal-en-rio-madre-de-dios\\\/\",\"name\":\"AJAM ejecuta acciones contra miner\u00eda ilegal en r\u00edo Madre de Dios - El Diario - Bolivia\",\"isPartOf\":{\"@id\":\"https:\\\/\\\/www.eldiario.net\\\/portal\\\/#website\"},\"primaryImageOfPage\":{\"@id\":\"https:\\\/\\\/www.eldiario.net\\\/portal\\\/2022\\\/12\\\/17\\\/ajam-ejecuta-acciones-contra-mineria-ilegal-en-rio-madre-de-dios\\\/#primaryimage\"},\"image\":{\"@id\":\"https:\\\/\\\/www.eldiario.net\\\/portal\\\/2022\\\/12\\\/17\\\/ajam-ejecuta-acciones-contra-mineria-ilegal-en-rio-madre-de-dios\\\/#primaryimage\"},\"thumbnailUrl\":\"https:\\\/\\\/www.eldiario.net\\\/portal\\\/wp-content\\\/uploads\\\/2022\\\/12\\\/ajam.jpg\",\"datePublished\":\"2022-12-17T10:26:58+00:00\",\"breadcrumb\":{\"@id\":\"https:\\\/\\\/www.eldiario.net\\\/portal\\\/2022\\\/12\\\/17\\\/ajam-ejecuta-acciones-contra-mineria-ilegal-en-rio-madre-de-dios\\\/#breadcrumb\"},\"inLanguage\":\"es\",\"potentialAction\":[{\"@type\":\"ReadAction\",\"target\":[\"https:\\\/\\\/www.eldiario.net\\\/portal\\\/2022\\\/12\\\/17\\\/ajam-ejecuta-acciones-contra-mineria-ilegal-en-rio-madre-de-dios\\\/\"]}]},{\"@type\":\"ImageObject\",\"inLanguage\":\"es\",\"@id\":\"https:\\\/\\\/www.eldiario.net\\\/portal\\\/2022\\\/12\\\/17\\\/ajam-ejecuta-acciones-contra-mineria-ilegal-en-rio-madre-de-dios\\\/#primaryimage\",\"url\":\"https:\\\/\\\/www.eldiario.net\\\/portal\\\/wp-content\\\/uploads\\\/2022\\\/12\\\/ajam.jpg\",\"contentUrl\":\"https:\\\/\\\/www.eldiario.net\\\/portal\\\/wp-content\\\/uploads\\\/2022\\\/12\\\/ajam.jpg\",\"width\":1600,\"height\":901,\"caption\":\"Instalaciones donde se realizaban actividades mineras de forma ilegal.\"},{\"@type\":\"BreadcrumbList\",\"@id\":\"https:\\\/\\\/www.eldiario.net\\\/portal\\\/2022\\\/12\\\/17\\\/ajam-ejecuta-acciones-contra-mineria-ilegal-en-rio-madre-de-dios\\\/#breadcrumb\",\"itemListElement\":[{\"@type\":\"ListItem\",\"position\":1,\"name\":\"Portada\",\"item\":\"https:\\\/\\\/www.eldiario.net\\\/portal\\\/\"},{\"@type\":\"ListItem\",\"position\":2,\"name\":\"AJAM ejecuta acciones contra miner\u00eda ilegal en r\u00edo Madre de Dios\"}]},{\"@type\":\"WebSite\",\"@id\":\"https:\\\/\\\/www.eldiario.net\\\/portal\\\/#website\",\"url\":\"https:\\\/\\\/www.eldiario.net\\\/portal\\\/\",\"name\":\"El Diario - Decano de la prensa nacional\",\"description\":\"El Diario - Decano de la prensa nacional\",\"publisher\":{\"@id\":\"https:\\\/\\\/www.eldiario.net\\\/portal\\\/#organization\"},\"potentialAction\":[{\"@type\":\"SearchAction\",\"target\":{\"@type\":\"EntryPoint\",\"urlTemplate\":\"https:\\\/\\\/www.eldiario.net\\\/portal\\\/?s={search_term_string}\"},\"query-input\":{\"@type\":\"PropertyValueSpecification\",\"valueRequired\":true,\"valueName\":\"search_term_string\"}}],\"inLanguage\":\"es\"},{\"@type\":\"Organization\",\"@id\":\"https:\\\/\\\/www.eldiario.net\\\/portal\\\/#organization\",\"name\":\"El Diario - Decano de la prensa nacional\",\"url\":\"https:\\\/\\\/www.eldiario.net\\\/portal\\\/\",\"logo\":{\"@type\":\"ImageObject\",\"inLanguage\":\"es\",\"@id\":\"https:\\\/\\\/www.eldiario.net\\\/portal\\\/#\\\/schema\\\/logo\\\/image\\\/\",\"url\":\"https:\\\/\\\/www.eldiario.net\\\/portal\\\/wp-content\\\/uploads\\\/2023\\\/07\\\/logo_ED.jpg\",\"contentUrl\":\"https:\\\/\\\/www.eldiario.net\\\/portal\\\/wp-content\\\/uploads\\\/2023\\\/07\\\/logo_ED.jpg\",\"width\":272,\"height\":52,\"caption\":\"El Diario - Decano de la prensa nacional\"},\"image\":{\"@id\":\"https:\\\/\\\/www.eldiario.net\\\/portal\\\/#\\\/schema\\\/logo\\\/image\\\/\"},\"sameAs\":[\"https:\\\/\\\/www.facebook.com\\\/eldiario.bolivia\\\/\",\"https:\\\/\\\/x.com\\\/eldiario_net\"]},{\"@type\":\"Person\",\"@id\":\"https:\\\/\\\/www.eldiario.net\\\/portal\\\/#\\\/schema\\\/person\\\/f46445640444750d7d753ccd04ae01b7\",\"name\":\"Jeanette\",\"image\":{\"@type\":\"ImageObject\",\"inLanguage\":\"es\",\"@id\":\"https:\\\/\\\/secure.gravatar.com\\\/avatar\\\/3ea2118a5f7dad2b7138b1187a6b7ee55f160b9968b66013c3a3ef39dd7e5798?s=96&d=mm&r=g\",\"url\":\"https:\\\/\\\/secure.gravatar.com\\\/avatar\\\/3ea2118a5f7dad2b7138b1187a6b7ee55f160b9968b66013c3a3ef39dd7e5798?s=96&d=mm&r=g\",\"contentUrl\":\"https:\\\/\\\/secure.gravatar.com\\\/avatar\\\/3ea2118a5f7dad2b7138b1187a6b7ee55f160b9968b66013c3a3ef39dd7e5798?s=96&d=mm&r=g\",\"caption\":\"Jeanette\"},\"sameAs\":[\"https:\\\/\\\/www.eldiario.net\\\/portal\"],\"url\":\"https:\\\/\\\/www.eldiario.net\\\/portal\\\/author\\\/jeanette\\\/\"}]}<\/script>\n<!-- \/ Yoast SEO plugin. -->","yoast_head_json":{"title":"AJAM ejecuta acciones contra miner\u00eda ilegal en r\u00edo Madre de Dios - El Diario - Bolivia","robots":{"index":"index","follow":"follow","max-snippet":"max-snippet:-1","max-image-preview":"max-image-preview:large","max-video-preview":"max-video-preview:-1"},"canonical":"https:\/\/www.eldiario.net\/portal\/2022\/12\/17\/ajam-ejecuta-acciones-contra-mineria-ilegal-en-rio-madre-de-dios\/","og_locale":"es_ES","og_type":"article","og_title":"AJAM ejecuta acciones contra miner\u00eda ilegal en r\u00edo Madre de Dios - El Diario - Bolivia","og_description":"En el r\u00edo Madre de Dios, en el departamento del Beni, la Autoridad Jurisdiccional Administrativa Minera (AJAM) ejecut\u00f3 una acci\u00f3n operativa para desbaratar actividades mineras ilegales, en un \u00e1rea declarada como reserva fiscal, donde la actividad minera est\u00e1 prohibida. La actividad ilegal no s\u00f3lo se registra en esa zona donde oper\u00f3 la AJAM, sino tambi\u00e9n [&hellip;]","og_url":"https:\/\/www.eldiario.net\/portal\/2022\/12\/17\/ajam-ejecuta-acciones-contra-mineria-ilegal-en-rio-madre-de-dios\/","og_site_name":"El Diario - Bolivia","article_publisher":"https:\/\/www.facebook.com\/eldiario.bolivia\/","article_published_time":"2022-12-17T10:26:58+00:00","og_image":[{"width":1600,"height":901,"url":"https:\/\/www.eldiario.net\/portal\/wp-content\/uploads\/2022\/12\/ajam.jpg","type":"image\/jpeg"}],"author":"Jeanette","twitter_card":"summary_large_image","twitter_creator":"@eldiario_net","twitter_site":"@eldiario_net","twitter_misc":{"Escrito por":"Jeanette","Tiempo de lectura":"2 minutos"},"schema":{"@context":"https:\/\/schema.org","@graph":[{"@type":"Article","@id":"https:\/\/www.eldiario.net\/portal\/2022\/12\/17\/ajam-ejecuta-acciones-contra-mineria-ilegal-en-rio-madre-de-dios\/#article","isPartOf":{"@id":"https:\/\/www.eldiario.net\/portal\/2022\/12\/17\/ajam-ejecuta-acciones-contra-mineria-ilegal-en-rio-madre-de-dios\/"},"author":{"name":"Jeanette","@id":"https:\/\/www.eldiario.net\/portal\/#\/schema\/person\/f46445640444750d7d753ccd04ae01b7"},"headline":"AJAM ejecuta acciones contra miner\u00eda ilegal en r\u00edo Madre de Dios","datePublished":"2022-12-17T10:26:58+00:00","mainEntityOfPage":{"@id":"https:\/\/www.eldiario.net\/portal\/2022\/12\/17\/ajam-ejecuta-acciones-contra-mineria-ilegal-en-rio-madre-de-dios\/"},"wordCount":404,"publisher":{"@id":"https:\/\/www.eldiario.net\/portal\/#organization"},"image":{"@id":"https:\/\/www.eldiario.net\/portal\/2022\/12\/17\/ajam-ejecuta-acciones-contra-mineria-ilegal-en-rio-madre-de-dios\/#primaryimage"},"thumbnailUrl":"https:\/\/www.eldiario.net\/portal\/wp-content\/uploads\/2022\/12\/ajam.jpg","articleSection":["Econom\u00eda"],"inLanguage":"es"},{"@type":"WebPage","@id":"https:\/\/www.eldiario.net\/portal\/2022\/12\/17\/ajam-ejecuta-acciones-contra-mineria-ilegal-en-rio-madre-de-dios\/","url":"https:\/\/www.eldiario.net\/portal\/2022\/12\/17\/ajam-ejecuta-acciones-contra-mineria-ilegal-en-rio-madre-de-dios\/","name":"AJAM ejecuta acciones contra miner\u00eda ilegal en r\u00edo Madre de Dios - El Diario - Bolivia","isPartOf":{"@id":"https:\/\/www.eldiario.net\/portal\/#website"},"primaryImageOfPage":{"@id":"https:\/\/www.eldiario.net\/portal\/2022\/12\/17\/ajam-ejecuta-acciones-contra-mineria-ilegal-en-rio-madre-de-dios\/#primaryimage"},"image":{"@id":"https:\/\/www.eldiario.net\/portal\/2022\/12\/17\/ajam-ejecuta-acciones-contra-mineria-ilegal-en-rio-madre-de-dios\/#primaryimage"},"thumbnailUrl":"https:\/\/www.eldiario.net\/portal\/wp-content\/uploads\/2022\/12\/ajam.jpg","datePublished":"2022-12-17T10:26:58+00:00","breadcrumb":{"@id":"https:\/\/www.eldiario.net\/portal\/2022\/12\/17\/ajam-ejecuta-acciones-contra-mineria-ilegal-en-rio-madre-de-dios\/#breadcrumb"},"inLanguage":"es","potentialAction":[{"@type":"ReadAction","target":["https:\/\/www.eldiario.net\/portal\/2022\/12\/17\/ajam-ejecuta-acciones-contra-mineria-ilegal-en-rio-madre-de-dios\/"]}]},{"@type":"ImageObject","inLanguage":"es","@id":"https:\/\/www.eldiario.net\/portal\/2022\/12\/17\/ajam-ejecuta-acciones-contra-mineria-ilegal-en-rio-madre-de-dios\/#primaryimage","url":"https:\/\/www.eldiario.net\/portal\/wp-content\/uploads\/2022\/12\/ajam.jpg","contentUrl":"https:\/\/www.eldiario.net\/portal\/wp-content\/uploads\/2022\/12\/ajam.jpg","width":1600,"height":901,"caption":"Instalaciones donde se realizaban actividades mineras de forma ilegal."},{"@type":"BreadcrumbList","@id":"https:\/\/www.eldiario.net\/portal\/2022\/12\/17\/ajam-ejecuta-acciones-contra-mineria-ilegal-en-rio-madre-de-dios\/#breadcrumb","itemListElement":[{"@type":"ListItem","position":1,"name":"Portada","item":"https:\/\/www.eldiario.net\/portal\/"},{"@type":"ListItem","position":2,"name":"AJAM ejecuta acciones contra miner\u00eda ilegal en r\u00edo Madre de Dios"}]},{"@type":"WebSite","@id":"https:\/\/www.eldiario.net\/portal\/#website","url":"https:\/\/www.eldiario.net\/portal\/","name":"El Diario - Decano de la prensa nacional","description":"El Diario - Decano de la prensa nacional","publisher":{"@id":"https:\/\/www.eldiario.net\/portal\/#organization"},"potentialAction":[{"@type":"SearchAction","target":{"@type":"EntryPoint","urlTemplate":"https:\/\/www.eldiario.net\/portal\/?s={search_term_string}"},"query-input":{"@type":"PropertyValueSpecification","valueRequired":true,"valueName":"search_term_string"}}],"inLanguage":"es"},{"@type":"Organization","@id":"https:\/\/www.eldiario.net\/portal\/#organization","name":"El Diario - Decano de la prensa nacional","url":"https:\/\/www.eldiario.net\/portal\/","logo":{"@type":"ImageObject","inLanguage":"es","@id":"https:\/\/www.eldiario.net\/portal\/#\/schema\/logo\/image\/","url":"https:\/\/www.eldiario.net\/portal\/wp-content\/uploads\/2023\/07\/logo_ED.jpg","contentUrl":"https:\/\/www.eldiario.net\/portal\/wp-content\/uploads\/2023\/07\/logo_ED.jpg","width":272,"height":52,"caption":"El Diario - Decano de la prensa nacional"},"image":{"@id":"https:\/\/www.eldiario.net\/portal\/#\/schema\/logo\/image\/"},"sameAs":["https:\/\/www.facebook.com\/eldiario.bolivia\/","https:\/\/x.com\/eldiario_net"]},{"@type":"Person","@id":"https:\/\/www.eldiario.net\/portal\/#\/schema\/person\/f46445640444750d7d753ccd04ae01b7","name":"Jeanette","image":{"@type":"ImageObject","inLanguage":"es","@id":"https:\/\/secure.gravatar.com\/avatar\/3ea2118a5f7dad2b7138b1187a6b7ee55f160b9968b66013c3a3ef39dd7e5798?s=96&d=mm&r=g","url":"https:\/\/secure.gravatar.com\/avatar\/3ea2118a5f7dad2b7138b1187a6b7ee55f160b9968b66013c3a3ef39dd7e5798?s=96&d=mm&r=g","contentUrl":"https:\/\/secure.gravatar.com\/avatar\/3ea2118a5f7dad2b7138b1187a6b7ee55f160b9968b66013c3a3ef39dd7e5798?s=96&d=mm&r=g","caption":"Jeanette"},"sameAs":["https:\/\/www.eldiario.net\/portal"],"url":"https:\/\/www.eldiario.net\/portal\/author\/jeanette\/"}]}},"_links":{"self":[{"href":"https:\/\/www.eldiario.net\/portal\/wp-json\/wp\/v2\/posts\/128166","targetHints":{"allow":["GET"]}}],"collection":[{"href":"https:\/\/www.eldiario.net\/portal\/wp-json\/wp\/v2\/posts"}],"about":[{"href":"https:\/\/www.eldiario.net\/portal\/wp-json\/wp\/v2\/types\/post"}],"author":[{"embeddable":true,"href":"https:\/\/www.eldiario.net\/portal\/wp-json\/wp\/v2\/users\/1"}],"replies":[{"embeddable":true,"href":"https:\/\/www.eldiario.net\/portal\/wp-json\/wp\/v2\/comments?post=128166"}],"version-history":[{"count":0,"href":"https:\/\/www.eldiario.net\/portal\/wp-json\/wp\/v2\/posts\/128166\/revisions"}],"wp:featuredmedia":[{"embeddable":true,"href":"https:\/\/www.eldiario.net\/portal\/wp-json\/wp\/v2\/media\/128167"}],"wp:attachment":[{"href":"https:\/\/www.eldiario.net\/portal\/wp-json\/wp\/v2\/media?parent=128166"}],"wp:term":[{"taxonomy":"category","embeddable":true,"href":"https:\/\/www.eldiario.net\/portal\/wp-json\/wp\/v2\/categories?post=128166"},{"taxonomy":"post_tag","embeddable":true,"href":"https:\/\/www.eldiario.net\/portal\/wp-json\/wp\/v2\/tags?post=128166"}],"curies":[{"name":"wp","href":"https:\/\/api.w.org\/{rel}","templated":true}]}}