{"id":128163,"date":"2022-12-17T06:26:12","date_gmt":"2022-12-17T10:26:12","guid":{"rendered":"https:\/\/www.eldiario.net\/portal\/?p=128163"},"modified":"2022-12-17T06:26:12","modified_gmt":"2022-12-17T10:26:12","slug":"boa-conminada-a-presentar-plan-para-evitar-retrasos-en-sus-vuelos","status":"publish","type":"post","link":"https:\/\/www.eldiario.net\/portal\/2022\/12\/17\/boa-conminada-a-presentar-plan-para-evitar-retrasos-en-sus-vuelos\/","title":{"rendered":"BoA conminada a presentar plan  para evitar retrasos en sus vuelos"},"content":{"rendered":"<p>Despu\u00e9s de innumerables denuncias de vuelos atrasados, registrados en los \u00faltimos d\u00edas en los aeropuertos de Santa Cruz, La Paz y Cochabamba, principalmente, la ATT ha notificado a BoA para que en un plazo de cinco d\u00edas establezca un plan de acci\u00f3n de mejoras, para fortalecer, de manera inmediata, la prestaci\u00f3n de sus servicios. La inacci\u00f3n, hasta ahora, de la autoridad de regularizaci\u00f3n provoc\u00f3 la acumulaci\u00f3n de quejas y la fecha est\u00e1 por terminar.<br \/>\nAnte las innumerables quejas por las demoras en los vuelos de BoA, los usuarios exigieron en los aeropuertos la llegada de l\u00edneas privadas, pues los retrasos y la falta de cumplimiento de los horarios perjudicaron a varios pasajeros, pues agendaron reuniones en sus lugares de destino.<br \/>\nHace unas semanas atr\u00e1s, este medio de comunicaci\u00f3n, envi\u00f3 un cuestionario a la Autoridad de Regulaci\u00f3n y Fiscalizaci\u00f3n de Telecomunicaciones y Transportes (ATT) sobre las acciones que realiza para evitar las demoras en los vuelos de BoA, y a la fecha no recibi\u00f3 respuesta.<br \/>\nEn las redes sociales publicaron fotos del panel de informaci\u00f3n sobre los horarios de los vuelos de las diferentes l\u00edneas a\u00e9reas, y todos indicaban demorado, y la gente esperando en el piso a falta de asientos.<br \/>\nLas quejas son constantes, en especial contra BoA, pero es la empresa estatal, las sanciones demoran, as\u00ed como los controles, de acuerdo a los pasajeros, que reiteraron el ingreso de nuevas l\u00edneas a\u00e9reas para hacer m\u00e1s competitivo el mercado a\u00e9reo nacional.<br \/>\nATT<br \/>\nConsiderando la temporada alta de viajes de fin de a\u00f1o y evidenciando un \u00edndice importante de demoras y cancelaciones durante este periodo, la Autoridad de Regulaci\u00f3n y Fiscalizaci\u00f3n de Telecomunicaciones y Transportes (ATT) instruy\u00f3 el martes 13 a Boliviana de Aviaci\u00f3n BoA presentar planes y acciones que adoptar\u00e1n para optimizar la prestaci\u00f3n de su servicio en un plazo de cinco d\u00edas, de acuerdo a una nota de prensa de la entidad fiscalizadora.<br \/>\n\u00abLa ATT ha notificado a BoA para que en un plazo de cinco d\u00edas establezcan un plan de acci\u00f3n de mejoras para fortalecer de manera inmediata la prestaci\u00f3n de sus servicios. Vamos a ejercer un control para ver la eficacia de su plan verificando que el operador cumpla con un porcentaje v\u00e1lido en puntualidad\u00bb, anunci\u00f3 el director Ejecutivo del ente regulador, N\u00e9stor R\u00edos.<br \/>\nEl sector a\u00e9reo boliviano es altamente regulado; en lo que respecta a demoras y cancelaciones se cuenta con la Resoluci\u00f3n Ministerial 30\/2017 y el \u00abReglamento de Control de Cumplimiento de Itinerarios\u00bb aprobado por la ATT. Hasta la fecha, el Ente Regulador emiti\u00f3 un total de 51 resoluciones sancionatorias para los tres operadores nacionales Ecojet, BoA y Amaszonas.<\/p>\n","protected":false},"excerpt":{"rendered":"<p>Despu\u00e9s de innumerables denuncias de vuelos atrasados, registrados en los \u00faltimos d\u00edas en los aeropuertos de Santa Cruz, La Paz y Cochabamba, principalmente, la ATT ha notificado a BoA para que en un plazo de cinco d\u00edas establezca un plan de acci\u00f3n de mejoras, para fortalecer, de manera inmediata, la prestaci\u00f3n de sus servicios. La [&hellip;]<\/p>\n","protected":false},"author":1,"featured_media":128164,"comment_status":"closed","ping_status":"closed","sticky":false,"template":"","format":"standard","meta":{"_acf_changed":false,"footnotes":""},"categories":[7],"tags":[],"class_list":["post-128163","post","type-post","status-publish","format-standard","has-post-thumbnail","category-economia"],"acf":{"antetitulo":""},"yoast_head":"<!-- This site is optimized with the Yoast SEO plugin v28.4 - https:\/\/yoast.com\/product\/yoast-seo-wordpress\/ -->\n<title>BoA conminada a presentar plan para evitar retrasos en sus vuelos - El Diario - Bolivia<\/title>\n<meta name=\"robots\" content=\"index, follow, max-snippet:-1, max-image-preview:large, max-video-preview:-1\" \/>\n<link rel=\"canonical\" href=\"https:\/\/www.eldiario.net\/portal\/2022\/12\/17\/boa-conminada-a-presentar-plan-para-evitar-retrasos-en-sus-vuelos\/\" \/>\n<meta property=\"og:locale\" content=\"es_ES\" \/>\n<meta property=\"og:type\" content=\"article\" \/>\n<meta property=\"og:title\" content=\"BoA conminada a presentar plan para evitar retrasos en sus vuelos - El Diario - Bolivia\" \/>\n<meta property=\"og:description\" content=\"Despu\u00e9s de innumerables denuncias de vuelos atrasados, registrados en los \u00faltimos d\u00edas en los aeropuertos de Santa Cruz, La Paz y Cochabamba, principalmente, la ATT ha notificado a BoA para que en un plazo de cinco d\u00edas establezca un plan de acci\u00f3n de mejoras, para fortalecer, de manera inmediata, la prestaci\u00f3n de sus servicios. La [&hellip;]\" \/>\n<meta property=\"og:url\" content=\"https:\/\/www.eldiario.net\/portal\/2022\/12\/17\/boa-conminada-a-presentar-plan-para-evitar-retrasos-en-sus-vuelos\/\" \/>\n<meta property=\"og:site_name\" content=\"El Diario - Bolivia\" \/>\n<meta property=\"article:publisher\" content=\"https:\/\/www.facebook.com\/eldiario.bolivia\/\" \/>\n<meta property=\"article:published_time\" content=\"2022-12-17T10:26:12+00:00\" \/>\n<meta name=\"author\" content=\"Jeanette\" \/>\n<meta name=\"twitter:card\" content=\"summary_large_image\" \/>\n<meta name=\"twitter:creator\" content=\"@eldiario_net\" \/>\n<meta name=\"twitter:site\" content=\"@eldiario_net\" \/>\n<meta name=\"twitter:label1\" content=\"Escrito por\" \/>\n\t<meta name=\"twitter:data1\" content=\"Jeanette\" \/>\n\t<meta name=\"twitter:label2\" content=\"Tiempo de lectura\" \/>\n\t<meta name=\"twitter:data2\" content=\"2 minutos\" \/>\n<script type=\"application\/ld+json\" class=\"yoast-schema-graph\">{\"@context\":\"https:\\\/\\\/schema.org\",\"@graph\":[{\"@type\":\"Article\",\"@id\":\"https:\\\/\\\/www.eldiario.net\\\/portal\\\/2022\\\/12\\\/17\\\/boa-conminada-a-presentar-plan-para-evitar-retrasos-en-sus-vuelos\\\/#article\",\"isPartOf\":{\"@id\":\"https:\\\/\\\/www.eldiario.net\\\/portal\\\/2022\\\/12\\\/17\\\/boa-conminada-a-presentar-plan-para-evitar-retrasos-en-sus-vuelos\\\/\"},\"author\":{\"name\":\"Jeanette\",\"@id\":\"https:\\\/\\\/www.eldiario.net\\\/portal\\\/#\\\/schema\\\/person\\\/f46445640444750d7d753ccd04ae01b7\"},\"headline\":\"BoA conminada a presentar plan para evitar retrasos en sus vuelos\",\"datePublished\":\"2022-12-17T10:26:12+00:00\",\"mainEntityOfPage\":{\"@id\":\"https:\\\/\\\/www.eldiario.net\\\/portal\\\/2022\\\/12\\\/17\\\/boa-conminada-a-presentar-plan-para-evitar-retrasos-en-sus-vuelos\\\/\"},\"wordCount\":477,\"publisher\":{\"@id\":\"https:\\\/\\\/www.eldiario.net\\\/portal\\\/#organization\"},\"image\":{\"@id\":\"https:\\\/\\\/www.eldiario.net\\\/portal\\\/2022\\\/12\\\/17\\\/boa-conminada-a-presentar-plan-para-evitar-retrasos-en-sus-vuelos\\\/#primaryimage\"},\"thumbnailUrl\":\"\",\"articleSection\":[\"Econom\u00eda\"],\"inLanguage\":\"es\"},{\"@type\":\"WebPage\",\"@id\":\"https:\\\/\\\/www.eldiario.net\\\/portal\\\/2022\\\/12\\\/17\\\/boa-conminada-a-presentar-plan-para-evitar-retrasos-en-sus-vuelos\\\/\",\"url\":\"https:\\\/\\\/www.eldiario.net\\\/portal\\\/2022\\\/12\\\/17\\\/boa-conminada-a-presentar-plan-para-evitar-retrasos-en-sus-vuelos\\\/\",\"name\":\"BoA conminada a presentar plan para evitar retrasos en sus vuelos - El Diario - Bolivia\",\"isPartOf\":{\"@id\":\"https:\\\/\\\/www.eldiario.net\\\/portal\\\/#website\"},\"primaryImageOfPage\":{\"@id\":\"https:\\\/\\\/www.eldiario.net\\\/portal\\\/2022\\\/12\\\/17\\\/boa-conminada-a-presentar-plan-para-evitar-retrasos-en-sus-vuelos\\\/#primaryimage\"},\"image\":{\"@id\":\"https:\\\/\\\/www.eldiario.net\\\/portal\\\/2022\\\/12\\\/17\\\/boa-conminada-a-presentar-plan-para-evitar-retrasos-en-sus-vuelos\\\/#primaryimage\"},\"thumbnailUrl\":\"\",\"datePublished\":\"2022-12-17T10:26:12+00:00\",\"breadcrumb\":{\"@id\":\"https:\\\/\\\/www.eldiario.net\\\/portal\\\/2022\\\/12\\\/17\\\/boa-conminada-a-presentar-plan-para-evitar-retrasos-en-sus-vuelos\\\/#breadcrumb\"},\"inLanguage\":\"es\",\"potentialAction\":[{\"@type\":\"ReadAction\",\"target\":[\"https:\\\/\\\/www.eldiario.net\\\/portal\\\/2022\\\/12\\\/17\\\/boa-conminada-a-presentar-plan-para-evitar-retrasos-en-sus-vuelos\\\/\"]}]},{\"@type\":\"ImageObject\",\"inLanguage\":\"es\",\"@id\":\"https:\\\/\\\/www.eldiario.net\\\/portal\\\/2022\\\/12\\\/17\\\/boa-conminada-a-presentar-plan-para-evitar-retrasos-en-sus-vuelos\\\/#primaryimage\",\"url\":\"\",\"contentUrl\":\"\"},{\"@type\":\"BreadcrumbList\",\"@id\":\"https:\\\/\\\/www.eldiario.net\\\/portal\\\/2022\\\/12\\\/17\\\/boa-conminada-a-presentar-plan-para-evitar-retrasos-en-sus-vuelos\\\/#breadcrumb\",\"itemListElement\":[{\"@type\":\"ListItem\",\"position\":1,\"name\":\"Portada\",\"item\":\"https:\\\/\\\/www.eldiario.net\\\/portal\\\/\"},{\"@type\":\"ListItem\",\"position\":2,\"name\":\"BoA conminada a presentar plan para evitar retrasos en sus vuelos\"}]},{\"@type\":\"WebSite\",\"@id\":\"https:\\\/\\\/www.eldiario.net\\\/portal\\\/#website\",\"url\":\"https:\\\/\\\/www.eldiario.net\\\/portal\\\/\",\"name\":\"El Diario - Decano de la prensa nacional\",\"description\":\"El Diario - Decano de la prensa nacional\",\"publisher\":{\"@id\":\"https:\\\/\\\/www.eldiario.net\\\/portal\\\/#organization\"},\"potentialAction\":[{\"@type\":\"SearchAction\",\"target\":{\"@type\":\"EntryPoint\",\"urlTemplate\":\"https:\\\/\\\/www.eldiario.net\\\/portal\\\/?s={search_term_string}\"},\"query-input\":{\"@type\":\"PropertyValueSpecification\",\"valueRequired\":true,\"valueName\":\"search_term_string\"}}],\"inLanguage\":\"es\"},{\"@type\":\"Organization\",\"@id\":\"https:\\\/\\\/www.eldiario.net\\\/portal\\\/#organization\",\"name\":\"El Diario - Decano de la prensa nacional\",\"url\":\"https:\\\/\\\/www.eldiario.net\\\/portal\\\/\",\"logo\":{\"@type\":\"ImageObject\",\"inLanguage\":\"es\",\"@id\":\"https:\\\/\\\/www.eldiario.net\\\/portal\\\/#\\\/schema\\\/logo\\\/image\\\/\",\"url\":\"https:\\\/\\\/www.eldiario.net\\\/portal\\\/wp-content\\\/uploads\\\/2023\\\/07\\\/logo_ED.jpg\",\"contentUrl\":\"https:\\\/\\\/www.eldiario.net\\\/portal\\\/wp-content\\\/uploads\\\/2023\\\/07\\\/logo_ED.jpg\",\"width\":272,\"height\":52,\"caption\":\"El Diario - Decano de la prensa nacional\"},\"image\":{\"@id\":\"https:\\\/\\\/www.eldiario.net\\\/portal\\\/#\\\/schema\\\/logo\\\/image\\\/\"},\"sameAs\":[\"https:\\\/\\\/www.facebook.com\\\/eldiario.bolivia\\\/\",\"https:\\\/\\\/x.com\\\/eldiario_net\"]},{\"@type\":\"Person\",\"@id\":\"https:\\\/\\\/www.eldiario.net\\\/portal\\\/#\\\/schema\\\/person\\\/f46445640444750d7d753ccd04ae01b7\",\"name\":\"Jeanette\",\"image\":{\"@type\":\"ImageObject\",\"inLanguage\":\"es\",\"@id\":\"https:\\\/\\\/secure.gravatar.com\\\/avatar\\\/3ea2118a5f7dad2b7138b1187a6b7ee55f160b9968b66013c3a3ef39dd7e5798?s=96&d=mm&r=g\",\"url\":\"https:\\\/\\\/secure.gravatar.com\\\/avatar\\\/3ea2118a5f7dad2b7138b1187a6b7ee55f160b9968b66013c3a3ef39dd7e5798?s=96&d=mm&r=g\",\"contentUrl\":\"https:\\\/\\\/secure.gravatar.com\\\/avatar\\\/3ea2118a5f7dad2b7138b1187a6b7ee55f160b9968b66013c3a3ef39dd7e5798?s=96&d=mm&r=g\",\"caption\":\"Jeanette\"},\"sameAs\":[\"https:\\\/\\\/www.eldiario.net\\\/portal\"],\"url\":\"https:\\\/\\\/www.eldiario.net\\\/portal\\\/author\\\/jeanette\\\/\"}]}<\/script>\n<!-- \/ Yoast SEO plugin. -->","yoast_head_json":{"title":"BoA conminada a presentar plan para evitar retrasos en sus vuelos - El Diario - Bolivia","robots":{"index":"index","follow":"follow","max-snippet":"max-snippet:-1","max-image-preview":"max-image-preview:large","max-video-preview":"max-video-preview:-1"},"canonical":"https:\/\/www.eldiario.net\/portal\/2022\/12\/17\/boa-conminada-a-presentar-plan-para-evitar-retrasos-en-sus-vuelos\/","og_locale":"es_ES","og_type":"article","og_title":"BoA conminada a presentar plan para evitar retrasos en sus vuelos - El Diario - Bolivia","og_description":"Despu\u00e9s de innumerables denuncias de vuelos atrasados, registrados en los \u00faltimos d\u00edas en los aeropuertos de Santa Cruz, La Paz y Cochabamba, principalmente, la ATT ha notificado a BoA para que en un plazo de cinco d\u00edas establezca un plan de acci\u00f3n de mejoras, para fortalecer, de manera inmediata, la prestaci\u00f3n de sus servicios. La [&hellip;]","og_url":"https:\/\/www.eldiario.net\/portal\/2022\/12\/17\/boa-conminada-a-presentar-plan-para-evitar-retrasos-en-sus-vuelos\/","og_site_name":"El Diario - Bolivia","article_publisher":"https:\/\/www.facebook.com\/eldiario.bolivia\/","article_published_time":"2022-12-17T10:26:12+00:00","author":"Jeanette","twitter_card":"summary_large_image","twitter_creator":"@eldiario_net","twitter_site":"@eldiario_net","twitter_misc":{"Escrito por":"Jeanette","Tiempo de lectura":"2 minutos"},"schema":{"@context":"https:\/\/schema.org","@graph":[{"@type":"Article","@id":"https:\/\/www.eldiario.net\/portal\/2022\/12\/17\/boa-conminada-a-presentar-plan-para-evitar-retrasos-en-sus-vuelos\/#article","isPartOf":{"@id":"https:\/\/www.eldiario.net\/portal\/2022\/12\/17\/boa-conminada-a-presentar-plan-para-evitar-retrasos-en-sus-vuelos\/"},"author":{"name":"Jeanette","@id":"https:\/\/www.eldiario.net\/portal\/#\/schema\/person\/f46445640444750d7d753ccd04ae01b7"},"headline":"BoA conminada a presentar plan para evitar retrasos en sus vuelos","datePublished":"2022-12-17T10:26:12+00:00","mainEntityOfPage":{"@id":"https:\/\/www.eldiario.net\/portal\/2022\/12\/17\/boa-conminada-a-presentar-plan-para-evitar-retrasos-en-sus-vuelos\/"},"wordCount":477,"publisher":{"@id":"https:\/\/www.eldiario.net\/portal\/#organization"},"image":{"@id":"https:\/\/www.eldiario.net\/portal\/2022\/12\/17\/boa-conminada-a-presentar-plan-para-evitar-retrasos-en-sus-vuelos\/#primaryimage"},"thumbnailUrl":"","articleSection":["Econom\u00eda"],"inLanguage":"es"},{"@type":"WebPage","@id":"https:\/\/www.eldiario.net\/portal\/2022\/12\/17\/boa-conminada-a-presentar-plan-para-evitar-retrasos-en-sus-vuelos\/","url":"https:\/\/www.eldiario.net\/portal\/2022\/12\/17\/boa-conminada-a-presentar-plan-para-evitar-retrasos-en-sus-vuelos\/","name":"BoA conminada a presentar plan para evitar retrasos en sus vuelos - El Diario - Bolivia","isPartOf":{"@id":"https:\/\/www.eldiario.net\/portal\/#website"},"primaryImageOfPage":{"@id":"https:\/\/www.eldiario.net\/portal\/2022\/12\/17\/boa-conminada-a-presentar-plan-para-evitar-retrasos-en-sus-vuelos\/#primaryimage"},"image":{"@id":"https:\/\/www.eldiario.net\/portal\/2022\/12\/17\/boa-conminada-a-presentar-plan-para-evitar-retrasos-en-sus-vuelos\/#primaryimage"},"thumbnailUrl":"","datePublished":"2022-12-17T10:26:12+00:00","breadcrumb":{"@id":"https:\/\/www.eldiario.net\/portal\/2022\/12\/17\/boa-conminada-a-presentar-plan-para-evitar-retrasos-en-sus-vuelos\/#breadcrumb"},"inLanguage":"es","potentialAction":[{"@type":"ReadAction","target":["https:\/\/www.eldiario.net\/portal\/2022\/12\/17\/boa-conminada-a-presentar-plan-para-evitar-retrasos-en-sus-vuelos\/"]}]},{"@type":"ImageObject","inLanguage":"es","@id":"https:\/\/www.eldiario.net\/portal\/2022\/12\/17\/boa-conminada-a-presentar-plan-para-evitar-retrasos-en-sus-vuelos\/#primaryimage","url":"","contentUrl":""},{"@type":"BreadcrumbList","@id":"https:\/\/www.eldiario.net\/portal\/2022\/12\/17\/boa-conminada-a-presentar-plan-para-evitar-retrasos-en-sus-vuelos\/#breadcrumb","itemListElement":[{"@type":"ListItem","position":1,"name":"Portada","item":"https:\/\/www.eldiario.net\/portal\/"},{"@type":"ListItem","position":2,"name":"BoA conminada a presentar plan para evitar retrasos en sus vuelos"}]},{"@type":"WebSite","@id":"https:\/\/www.eldiario.net\/portal\/#website","url":"https:\/\/www.eldiario.net\/portal\/","name":"El Diario - Decano de la prensa nacional","description":"El Diario - Decano de la prensa nacional","publisher":{"@id":"https:\/\/www.eldiario.net\/portal\/#organization"},"potentialAction":[{"@type":"SearchAction","target":{"@type":"EntryPoint","urlTemplate":"https:\/\/www.eldiario.net\/portal\/?s={search_term_string}"},"query-input":{"@type":"PropertyValueSpecification","valueRequired":true,"valueName":"search_term_string"}}],"inLanguage":"es"},{"@type":"Organization","@id":"https:\/\/www.eldiario.net\/portal\/#organization","name":"El Diario - Decano de la prensa nacional","url":"https:\/\/www.eldiario.net\/portal\/","logo":{"@type":"ImageObject","inLanguage":"es","@id":"https:\/\/www.eldiario.net\/portal\/#\/schema\/logo\/image\/","url":"https:\/\/www.eldiario.net\/portal\/wp-content\/uploads\/2023\/07\/logo_ED.jpg","contentUrl":"https:\/\/www.eldiario.net\/portal\/wp-content\/uploads\/2023\/07\/logo_ED.jpg","width":272,"height":52,"caption":"El Diario - Decano de la prensa nacional"},"image":{"@id":"https:\/\/www.eldiario.net\/portal\/#\/schema\/logo\/image\/"},"sameAs":["https:\/\/www.facebook.com\/eldiario.bolivia\/","https:\/\/x.com\/eldiario_net"]},{"@type":"Person","@id":"https:\/\/www.eldiario.net\/portal\/#\/schema\/person\/f46445640444750d7d753ccd04ae01b7","name":"Jeanette","image":{"@type":"ImageObject","inLanguage":"es","@id":"https:\/\/secure.gravatar.com\/avatar\/3ea2118a5f7dad2b7138b1187a6b7ee55f160b9968b66013c3a3ef39dd7e5798?s=96&d=mm&r=g","url":"https:\/\/secure.gravatar.com\/avatar\/3ea2118a5f7dad2b7138b1187a6b7ee55f160b9968b66013c3a3ef39dd7e5798?s=96&d=mm&r=g","contentUrl":"https:\/\/secure.gravatar.com\/avatar\/3ea2118a5f7dad2b7138b1187a6b7ee55f160b9968b66013c3a3ef39dd7e5798?s=96&d=mm&r=g","caption":"Jeanette"},"sameAs":["https:\/\/www.eldiario.net\/portal"],"url":"https:\/\/www.eldiario.net\/portal\/author\/jeanette\/"}]}},"_links":{"self":[{"href":"https:\/\/www.eldiario.net\/portal\/wp-json\/wp\/v2\/posts\/128163","targetHints":{"allow":["GET"]}}],"collection":[{"href":"https:\/\/www.eldiario.net\/portal\/wp-json\/wp\/v2\/posts"}],"about":[{"href":"https:\/\/www.eldiario.net\/portal\/wp-json\/wp\/v2\/types\/post"}],"author":[{"embeddable":true,"href":"https:\/\/www.eldiario.net\/portal\/wp-json\/wp\/v2\/users\/1"}],"replies":[{"embeddable":true,"href":"https:\/\/www.eldiario.net\/portal\/wp-json\/wp\/v2\/comments?post=128163"}],"version-history":[{"count":0,"href":"https:\/\/www.eldiario.net\/portal\/wp-json\/wp\/v2\/posts\/128163\/revisions"}],"wp:attachment":[{"href":"https:\/\/www.eldiario.net\/portal\/wp-json\/wp\/v2\/media?parent=128163"}],"wp:term":[{"taxonomy":"category","embeddable":true,"href":"https:\/\/www.eldiario.net\/portal\/wp-json\/wp\/v2\/categories?post=128163"},{"taxonomy":"post_tag","embeddable":true,"href":"https:\/\/www.eldiario.net\/portal\/wp-json\/wp\/v2\/tags?post=128163"}],"curies":[{"name":"wp","href":"https:\/\/api.w.org\/{rel}","templated":true}]}}