{"id":128160,"date":"2022-12-17T06:25:05","date_gmt":"2022-12-17T10:25:05","guid":{"rendered":"https:\/\/www.eldiario.net\/portal\/?p=128160"},"modified":"2022-12-17T06:25:05","modified_gmt":"2022-12-17T10:25:05","slug":"alistan-ley-consensuada-para-construcciones","status":"publish","type":"post","link":"https:\/\/www.eldiario.net\/portal\/2022\/12\/17\/alistan-ley-consensuada-para-construcciones\/","title":{"rendered":"Alistan ley consensuada  para construcciones"},"content":{"rendered":"<p>Luego de abrogar la ordenanza 046, el Ejecutivo Municipal de La Paz prepara una \u201cley madre\u201d denominada Ley de la Pol\u00edtica Urbano Territorial que deber\u00e1 garantizar las exigencias de los habitantes y la seguridad de las construcciones. Tiene 60 d\u00edas para presentarla.<br \/>\n\u201cNosotros t\u00e9cnicamente seguimos trabajando tenemos el mandato de la Asamblea de la Pace\u00f1idad de presentar una propuesta en los pr\u00f3ximos 60 d\u00edas, tenemos un significativo avance queremos llegar a la socializaci\u00f3n\u201d, se\u00f1al\u00f3 la secretaria de planificaci\u00f3n de la comuna pace\u00f1a, Carmen Rocabado.<br \/>\nLa funcionaria edil adelant\u00f3 que el trabajo se realiza con instituciones y entes colegiados para evitar contravenciones, adem\u00e1s, invit\u00f3 a universidades y otras organizaciones a participar de la preparaci\u00f3n de la normativa.<br \/>\n\u201cSe est\u00e1 trabajando una ley madre que es la Ley de la Pol\u00edtica Urbano Territorial y se est\u00e1 trabajando ordenanzas espec\u00edficas respecto a un ajuste de las cartillas, porque 217 cartillas que tiene el LUSU (Ley Municipal de Uso de Suelos Urbanos) dan lugar a interpretaciones quiz\u00e1s hasta err\u00f3neas de los patrones de asentamientos, de la densificaci\u00f3n\u201d, apunt\u00f3.<br \/>\nEn tanto no haya esta nueva norma, todas las construcciones de edificios deben adecuarse a las normativas vigentes.<\/p>\n<p>PROMULGACI\u00d3N<br \/>\nPor otro lado, se tiene previsto que para este lunes se promulgue el proyecto de ordenanza municipal de abrogaci\u00f3n de la ordenanza 046 sobre construcciones irrestrictas, aprobada el jueves por el Concejo Municipal de La Paz.<br \/>\n\u201cEl d\u00eda lunes promulgaremos la norma y entrar\u00e1 en vigencia, y de ah\u00ed en adelante tenemos que preocuparnos en elaborar, como est\u00e1 establecido una nueva norma, en 60 d\u00edas, que permita dar certeza en la construcci\u00f3n, que permita ver las \u00e1reas de crecimiento, las \u00e1reas de prohibici\u00f3n\u201d, adelant\u00f3 el burgomaestre pace\u00f1o, Iv\u00e1n Arias.<br \/>\nAsimismo, inform\u00f3 que nadie se acogi\u00f3 a la cuestionada ordenanza antes de su abrogaci\u00f3n, por lo que el Ejecutivo Municipal no tiene ning\u00fan tr\u00e1mite en curso.<br \/>\n\u201cAl haberse abrogado la 046 no ha entrado ning\u00fan tr\u00e1mite queriendo acogerse a esto, no hay ninguno, no conocemos ning\u00fan tr\u00e1mite al respecto. Y si hubiera lo que se hace simplemente es pasarlo a la actual normativa\u201d, se\u00f1al\u00f3.<br \/>\nDiez de los once concejales aprobaron el jueves la abrogaci\u00f3n de la Ordenanza Municipal No 046, en la sesi\u00f3n extraordinaria instalada en el Concejo Municipal de La Paz. El \u00fanico concejal que no estuvo, porque solicit\u00f3 permiso, fue Pierre Chain.<br \/>\nAdem\u00e1s, el pasado mi\u00e9rcoles, la Asamblea de la Pace\u00f1idad estableci\u00f3 \u201csolicitar al \u00d3rgano Ejecutivo del Gobierno Aut\u00f3nomo Municipal de La Paz la elaboraci\u00f3n de normativa que actualice los instrumentos para la administraci\u00f3n del territorio en el municipio, en un plazo no mayor a 60 d\u00edas\u201d.<\/p>\n<p>POSICI\u00d3N<br \/>\nDe acuerdo con el presidente de la Sociedad de Ingenieros de Bolivia (SIB) La Paz, Ra\u00fal Daza, si bien se dio la abrogaci\u00f3n de la Ordenanza Municipal 046 eso no significa que el problema de las edificaciones fuera de norma haya sido resuelto. El hecho es que en la ciudad con aquella norma o no, los empresarios inmobiliarios contin\u00faan construyendo edificios mucho m\u00e1s altos de los permitidos por zonas, se lee en una nota de ANF.<br \/>\nSeg\u00fan el representante, la Alcald\u00eda de La Paz deber\u00eda salir a los distintos barrios con el fin de detener las construcciones ilegales.<br \/>\n\u201cLas construcciones siguen, deber\u00edan parar. Ahora siguen construyendo (edificios) en el municipio. Ante todo lo malo hay que rescatar lo bueno, y lo bueno es que en este momento la alcald\u00eda no debe tener miedo y debe ir a parar (las construcciones ilegales), porque las construcciones siguen creciendo. Antes de demoler, primero hay que parar, para que dejen de seguir construyendo\u201d, indic\u00f3.<\/p>\n","protected":false},"excerpt":{"rendered":"<p>Luego de abrogar la ordenanza 046, el Ejecutivo Municipal de La Paz prepara una \u201cley madre\u201d denominada Ley de la Pol\u00edtica Urbano Territorial que deber\u00e1 garantizar las exigencias de los habitantes y la seguridad de las construcciones. Tiene 60 d\u00edas para presentarla. \u201cNosotros t\u00e9cnicamente seguimos trabajando tenemos el mandato de la Asamblea de la Pace\u00f1idad [&hellip;]<\/p>\n","protected":false},"author":1,"featured_media":128161,"comment_status":"closed","ping_status":"closed","sticky":false,"template":"","format":"standard","meta":{"_acf_changed":false,"footnotes":""},"categories":[12],"tags":[],"class_list":["post-128160","post","type-post","status-publish","format-standard","has-post-thumbnail","category-nacional"],"acf":{"antetitulo":""},"yoast_head":"<!-- This site is optimized with the Yoast SEO plugin v28.4 - https:\/\/yoast.com\/product\/yoast-seo-wordpress\/ -->\n<title>Alistan ley consensuada para construcciones - El Diario - Bolivia<\/title>\n<meta name=\"robots\" content=\"index, follow, max-snippet:-1, max-image-preview:large, max-video-preview:-1\" \/>\n<link rel=\"canonical\" href=\"https:\/\/www.eldiario.net\/portal\/2022\/12\/17\/alistan-ley-consensuada-para-construcciones\/\" \/>\n<meta property=\"og:locale\" content=\"es_ES\" \/>\n<meta property=\"og:type\" content=\"article\" \/>\n<meta property=\"og:title\" content=\"Alistan ley consensuada para construcciones - El Diario - Bolivia\" \/>\n<meta property=\"og:description\" content=\"Luego de abrogar la ordenanza 046, el Ejecutivo Municipal de La Paz prepara una \u201cley madre\u201d denominada Ley de la Pol\u00edtica Urbano Territorial que deber\u00e1 garantizar las exigencias de los habitantes y la seguridad de las construcciones. Tiene 60 d\u00edas para presentarla. \u201cNosotros t\u00e9cnicamente seguimos trabajando tenemos el mandato de la Asamblea de la Pace\u00f1idad [&hellip;]\" \/>\n<meta property=\"og:url\" content=\"https:\/\/www.eldiario.net\/portal\/2022\/12\/17\/alistan-ley-consensuada-para-construcciones\/\" \/>\n<meta property=\"og:site_name\" content=\"El Diario - Bolivia\" \/>\n<meta property=\"article:publisher\" content=\"https:\/\/www.facebook.com\/eldiario.bolivia\/\" \/>\n<meta property=\"article:published_time\" content=\"2022-12-17T10:25:05+00:00\" \/>\n<meta property=\"og:image\" content=\"https:\/\/www.eldiario.net\/portal\/wp-content\/uploads\/2022\/12\/F1-Ley.jpg\" \/>\n\t<meta property=\"og:image:width\" content=\"918\" \/>\n\t<meta property=\"og:image:height\" content=\"752\" \/>\n\t<meta property=\"og:image:type\" content=\"image\/jpeg\" \/>\n<meta name=\"author\" content=\"Jeanette\" \/>\n<meta name=\"twitter:card\" content=\"summary_large_image\" \/>\n<meta name=\"twitter:creator\" content=\"@eldiario_net\" \/>\n<meta name=\"twitter:site\" content=\"@eldiario_net\" \/>\n<meta name=\"twitter:label1\" content=\"Escrito por\" \/>\n\t<meta name=\"twitter:data1\" content=\"Jeanette\" \/>\n\t<meta name=\"twitter:label2\" content=\"Tiempo de lectura\" \/>\n\t<meta name=\"twitter:data2\" content=\"3 minutos\" \/>\n<script type=\"application\/ld+json\" class=\"yoast-schema-graph\">{\"@context\":\"https:\\\/\\\/schema.org\",\"@graph\":[{\"@type\":\"Article\",\"@id\":\"https:\\\/\\\/www.eldiario.net\\\/portal\\\/2022\\\/12\\\/17\\\/alistan-ley-consensuada-para-construcciones\\\/#article\",\"isPartOf\":{\"@id\":\"https:\\\/\\\/www.eldiario.net\\\/portal\\\/2022\\\/12\\\/17\\\/alistan-ley-consensuada-para-construcciones\\\/\"},\"author\":{\"name\":\"Jeanette\",\"@id\":\"https:\\\/\\\/www.eldiario.net\\\/portal\\\/#\\\/schema\\\/person\\\/f46445640444750d7d753ccd04ae01b7\"},\"headline\":\"Alistan ley consensuada para construcciones\",\"datePublished\":\"2022-12-17T10:25:05+00:00\",\"mainEntityOfPage\":{\"@id\":\"https:\\\/\\\/www.eldiario.net\\\/portal\\\/2022\\\/12\\\/17\\\/alistan-ley-consensuada-para-construcciones\\\/\"},\"wordCount\":639,\"publisher\":{\"@id\":\"https:\\\/\\\/www.eldiario.net\\\/portal\\\/#organization\"},\"image\":{\"@id\":\"https:\\\/\\\/www.eldiario.net\\\/portal\\\/2022\\\/12\\\/17\\\/alistan-ley-consensuada-para-construcciones\\\/#primaryimage\"},\"thumbnailUrl\":\"https:\\\/\\\/www.eldiario.net\\\/portal\\\/wp-content\\\/uploads\\\/2022\\\/12\\\/F1-Ley.jpg\",\"articleSection\":[\"Nacional\"],\"inLanguage\":\"es\"},{\"@type\":\"WebPage\",\"@id\":\"https:\\\/\\\/www.eldiario.net\\\/portal\\\/2022\\\/12\\\/17\\\/alistan-ley-consensuada-para-construcciones\\\/\",\"url\":\"https:\\\/\\\/www.eldiario.net\\\/portal\\\/2022\\\/12\\\/17\\\/alistan-ley-consensuada-para-construcciones\\\/\",\"name\":\"Alistan ley consensuada para construcciones - El Diario - Bolivia\",\"isPartOf\":{\"@id\":\"https:\\\/\\\/www.eldiario.net\\\/portal\\\/#website\"},\"primaryImageOfPage\":{\"@id\":\"https:\\\/\\\/www.eldiario.net\\\/portal\\\/2022\\\/12\\\/17\\\/alistan-ley-consensuada-para-construcciones\\\/#primaryimage\"},\"image\":{\"@id\":\"https:\\\/\\\/www.eldiario.net\\\/portal\\\/2022\\\/12\\\/17\\\/alistan-ley-consensuada-para-construcciones\\\/#primaryimage\"},\"thumbnailUrl\":\"https:\\\/\\\/www.eldiario.net\\\/portal\\\/wp-content\\\/uploads\\\/2022\\\/12\\\/F1-Ley.jpg\",\"datePublished\":\"2022-12-17T10:25:05+00:00\",\"breadcrumb\":{\"@id\":\"https:\\\/\\\/www.eldiario.net\\\/portal\\\/2022\\\/12\\\/17\\\/alistan-ley-consensuada-para-construcciones\\\/#breadcrumb\"},\"inLanguage\":\"es\",\"potentialAction\":[{\"@type\":\"ReadAction\",\"target\":[\"https:\\\/\\\/www.eldiario.net\\\/portal\\\/2022\\\/12\\\/17\\\/alistan-ley-consensuada-para-construcciones\\\/\"]}]},{\"@type\":\"ImageObject\",\"inLanguage\":\"es\",\"@id\":\"https:\\\/\\\/www.eldiario.net\\\/portal\\\/2022\\\/12\\\/17\\\/alistan-ley-consensuada-para-construcciones\\\/#primaryimage\",\"url\":\"https:\\\/\\\/www.eldiario.net\\\/portal\\\/wp-content\\\/uploads\\\/2022\\\/12\\\/F1-Ley.jpg\",\"contentUrl\":\"https:\\\/\\\/www.eldiario.net\\\/portal\\\/wp-content\\\/uploads\\\/2022\\\/12\\\/F1-Ley.jpg\",\"width\":918,\"height\":752,\"caption\":\"Las edificaciones deber\u00e1n regirse a las disposiciones de la nueva norma.\"},{\"@type\":\"BreadcrumbList\",\"@id\":\"https:\\\/\\\/www.eldiario.net\\\/portal\\\/2022\\\/12\\\/17\\\/alistan-ley-consensuada-para-construcciones\\\/#breadcrumb\",\"itemListElement\":[{\"@type\":\"ListItem\",\"position\":1,\"name\":\"Portada\",\"item\":\"https:\\\/\\\/www.eldiario.net\\\/portal\\\/\"},{\"@type\":\"ListItem\",\"position\":2,\"name\":\"Alistan ley consensuada para construcciones\"}]},{\"@type\":\"WebSite\",\"@id\":\"https:\\\/\\\/www.eldiario.net\\\/portal\\\/#website\",\"url\":\"https:\\\/\\\/www.eldiario.net\\\/portal\\\/\",\"name\":\"El Diario - Decano de la prensa nacional\",\"description\":\"El Diario - Decano de la prensa nacional\",\"publisher\":{\"@id\":\"https:\\\/\\\/www.eldiario.net\\\/portal\\\/#organization\"},\"potentialAction\":[{\"@type\":\"SearchAction\",\"target\":{\"@type\":\"EntryPoint\",\"urlTemplate\":\"https:\\\/\\\/www.eldiario.net\\\/portal\\\/?s={search_term_string}\"},\"query-input\":{\"@type\":\"PropertyValueSpecification\",\"valueRequired\":true,\"valueName\":\"search_term_string\"}}],\"inLanguage\":\"es\"},{\"@type\":\"Organization\",\"@id\":\"https:\\\/\\\/www.eldiario.net\\\/portal\\\/#organization\",\"name\":\"El Diario - Decano de la prensa nacional\",\"url\":\"https:\\\/\\\/www.eldiario.net\\\/portal\\\/\",\"logo\":{\"@type\":\"ImageObject\",\"inLanguage\":\"es\",\"@id\":\"https:\\\/\\\/www.eldiario.net\\\/portal\\\/#\\\/schema\\\/logo\\\/image\\\/\",\"url\":\"https:\\\/\\\/www.eldiario.net\\\/portal\\\/wp-content\\\/uploads\\\/2023\\\/07\\\/logo_ED.jpg\",\"contentUrl\":\"https:\\\/\\\/www.eldiario.net\\\/portal\\\/wp-content\\\/uploads\\\/2023\\\/07\\\/logo_ED.jpg\",\"width\":272,\"height\":52,\"caption\":\"El Diario - Decano de la prensa nacional\"},\"image\":{\"@id\":\"https:\\\/\\\/www.eldiario.net\\\/portal\\\/#\\\/schema\\\/logo\\\/image\\\/\"},\"sameAs\":[\"https:\\\/\\\/www.facebook.com\\\/eldiario.bolivia\\\/\",\"https:\\\/\\\/x.com\\\/eldiario_net\"]},{\"@type\":\"Person\",\"@id\":\"https:\\\/\\\/www.eldiario.net\\\/portal\\\/#\\\/schema\\\/person\\\/f46445640444750d7d753ccd04ae01b7\",\"name\":\"Jeanette\",\"image\":{\"@type\":\"ImageObject\",\"inLanguage\":\"es\",\"@id\":\"https:\\\/\\\/secure.gravatar.com\\\/avatar\\\/3ea2118a5f7dad2b7138b1187a6b7ee55f160b9968b66013c3a3ef39dd7e5798?s=96&d=mm&r=g\",\"url\":\"https:\\\/\\\/secure.gravatar.com\\\/avatar\\\/3ea2118a5f7dad2b7138b1187a6b7ee55f160b9968b66013c3a3ef39dd7e5798?s=96&d=mm&r=g\",\"contentUrl\":\"https:\\\/\\\/secure.gravatar.com\\\/avatar\\\/3ea2118a5f7dad2b7138b1187a6b7ee55f160b9968b66013c3a3ef39dd7e5798?s=96&d=mm&r=g\",\"caption\":\"Jeanette\"},\"sameAs\":[\"https:\\\/\\\/www.eldiario.net\\\/portal\"],\"url\":\"https:\\\/\\\/www.eldiario.net\\\/portal\\\/author\\\/jeanette\\\/\"}]}<\/script>\n<!-- \/ Yoast SEO plugin. -->","yoast_head_json":{"title":"Alistan ley consensuada para construcciones - El Diario - Bolivia","robots":{"index":"index","follow":"follow","max-snippet":"max-snippet:-1","max-image-preview":"max-image-preview:large","max-video-preview":"max-video-preview:-1"},"canonical":"https:\/\/www.eldiario.net\/portal\/2022\/12\/17\/alistan-ley-consensuada-para-construcciones\/","og_locale":"es_ES","og_type":"article","og_title":"Alistan ley consensuada para construcciones - El Diario - Bolivia","og_description":"Luego de abrogar la ordenanza 046, el Ejecutivo Municipal de La Paz prepara una \u201cley madre\u201d denominada Ley de la Pol\u00edtica Urbano Territorial que deber\u00e1 garantizar las exigencias de los habitantes y la seguridad de las construcciones. Tiene 60 d\u00edas para presentarla. \u201cNosotros t\u00e9cnicamente seguimos trabajando tenemos el mandato de la Asamblea de la Pace\u00f1idad [&hellip;]","og_url":"https:\/\/www.eldiario.net\/portal\/2022\/12\/17\/alistan-ley-consensuada-para-construcciones\/","og_site_name":"El Diario - Bolivia","article_publisher":"https:\/\/www.facebook.com\/eldiario.bolivia\/","article_published_time":"2022-12-17T10:25:05+00:00","og_image":[{"width":918,"height":752,"url":"https:\/\/www.eldiario.net\/portal\/wp-content\/uploads\/2022\/12\/F1-Ley.jpg","type":"image\/jpeg"}],"author":"Jeanette","twitter_card":"summary_large_image","twitter_creator":"@eldiario_net","twitter_site":"@eldiario_net","twitter_misc":{"Escrito por":"Jeanette","Tiempo de lectura":"3 minutos"},"schema":{"@context":"https:\/\/schema.org","@graph":[{"@type":"Article","@id":"https:\/\/www.eldiario.net\/portal\/2022\/12\/17\/alistan-ley-consensuada-para-construcciones\/#article","isPartOf":{"@id":"https:\/\/www.eldiario.net\/portal\/2022\/12\/17\/alistan-ley-consensuada-para-construcciones\/"},"author":{"name":"Jeanette","@id":"https:\/\/www.eldiario.net\/portal\/#\/schema\/person\/f46445640444750d7d753ccd04ae01b7"},"headline":"Alistan ley consensuada para construcciones","datePublished":"2022-12-17T10:25:05+00:00","mainEntityOfPage":{"@id":"https:\/\/www.eldiario.net\/portal\/2022\/12\/17\/alistan-ley-consensuada-para-construcciones\/"},"wordCount":639,"publisher":{"@id":"https:\/\/www.eldiario.net\/portal\/#organization"},"image":{"@id":"https:\/\/www.eldiario.net\/portal\/2022\/12\/17\/alistan-ley-consensuada-para-construcciones\/#primaryimage"},"thumbnailUrl":"https:\/\/www.eldiario.net\/portal\/wp-content\/uploads\/2022\/12\/F1-Ley.jpg","articleSection":["Nacional"],"inLanguage":"es"},{"@type":"WebPage","@id":"https:\/\/www.eldiario.net\/portal\/2022\/12\/17\/alistan-ley-consensuada-para-construcciones\/","url":"https:\/\/www.eldiario.net\/portal\/2022\/12\/17\/alistan-ley-consensuada-para-construcciones\/","name":"Alistan ley consensuada para construcciones - El Diario - Bolivia","isPartOf":{"@id":"https:\/\/www.eldiario.net\/portal\/#website"},"primaryImageOfPage":{"@id":"https:\/\/www.eldiario.net\/portal\/2022\/12\/17\/alistan-ley-consensuada-para-construcciones\/#primaryimage"},"image":{"@id":"https:\/\/www.eldiario.net\/portal\/2022\/12\/17\/alistan-ley-consensuada-para-construcciones\/#primaryimage"},"thumbnailUrl":"https:\/\/www.eldiario.net\/portal\/wp-content\/uploads\/2022\/12\/F1-Ley.jpg","datePublished":"2022-12-17T10:25:05+00:00","breadcrumb":{"@id":"https:\/\/www.eldiario.net\/portal\/2022\/12\/17\/alistan-ley-consensuada-para-construcciones\/#breadcrumb"},"inLanguage":"es","potentialAction":[{"@type":"ReadAction","target":["https:\/\/www.eldiario.net\/portal\/2022\/12\/17\/alistan-ley-consensuada-para-construcciones\/"]}]},{"@type":"ImageObject","inLanguage":"es","@id":"https:\/\/www.eldiario.net\/portal\/2022\/12\/17\/alistan-ley-consensuada-para-construcciones\/#primaryimage","url":"https:\/\/www.eldiario.net\/portal\/wp-content\/uploads\/2022\/12\/F1-Ley.jpg","contentUrl":"https:\/\/www.eldiario.net\/portal\/wp-content\/uploads\/2022\/12\/F1-Ley.jpg","width":918,"height":752,"caption":"Las edificaciones deber\u00e1n regirse a las disposiciones de la nueva norma."},{"@type":"BreadcrumbList","@id":"https:\/\/www.eldiario.net\/portal\/2022\/12\/17\/alistan-ley-consensuada-para-construcciones\/#breadcrumb","itemListElement":[{"@type":"ListItem","position":1,"name":"Portada","item":"https:\/\/www.eldiario.net\/portal\/"},{"@type":"ListItem","position":2,"name":"Alistan ley consensuada para construcciones"}]},{"@type":"WebSite","@id":"https:\/\/www.eldiario.net\/portal\/#website","url":"https:\/\/www.eldiario.net\/portal\/","name":"El Diario - Decano de la prensa nacional","description":"El Diario - Decano de la prensa nacional","publisher":{"@id":"https:\/\/www.eldiario.net\/portal\/#organization"},"potentialAction":[{"@type":"SearchAction","target":{"@type":"EntryPoint","urlTemplate":"https:\/\/www.eldiario.net\/portal\/?s={search_term_string}"},"query-input":{"@type":"PropertyValueSpecification","valueRequired":true,"valueName":"search_term_string"}}],"inLanguage":"es"},{"@type":"Organization","@id":"https:\/\/www.eldiario.net\/portal\/#organization","name":"El Diario - Decano de la prensa nacional","url":"https:\/\/www.eldiario.net\/portal\/","logo":{"@type":"ImageObject","inLanguage":"es","@id":"https:\/\/www.eldiario.net\/portal\/#\/schema\/logo\/image\/","url":"https:\/\/www.eldiario.net\/portal\/wp-content\/uploads\/2023\/07\/logo_ED.jpg","contentUrl":"https:\/\/www.eldiario.net\/portal\/wp-content\/uploads\/2023\/07\/logo_ED.jpg","width":272,"height":52,"caption":"El Diario - Decano de la prensa nacional"},"image":{"@id":"https:\/\/www.eldiario.net\/portal\/#\/schema\/logo\/image\/"},"sameAs":["https:\/\/www.facebook.com\/eldiario.bolivia\/","https:\/\/x.com\/eldiario_net"]},{"@type":"Person","@id":"https:\/\/www.eldiario.net\/portal\/#\/schema\/person\/f46445640444750d7d753ccd04ae01b7","name":"Jeanette","image":{"@type":"ImageObject","inLanguage":"es","@id":"https:\/\/secure.gravatar.com\/avatar\/3ea2118a5f7dad2b7138b1187a6b7ee55f160b9968b66013c3a3ef39dd7e5798?s=96&d=mm&r=g","url":"https:\/\/secure.gravatar.com\/avatar\/3ea2118a5f7dad2b7138b1187a6b7ee55f160b9968b66013c3a3ef39dd7e5798?s=96&d=mm&r=g","contentUrl":"https:\/\/secure.gravatar.com\/avatar\/3ea2118a5f7dad2b7138b1187a6b7ee55f160b9968b66013c3a3ef39dd7e5798?s=96&d=mm&r=g","caption":"Jeanette"},"sameAs":["https:\/\/www.eldiario.net\/portal"],"url":"https:\/\/www.eldiario.net\/portal\/author\/jeanette\/"}]}},"_links":{"self":[{"href":"https:\/\/www.eldiario.net\/portal\/wp-json\/wp\/v2\/posts\/128160","targetHints":{"allow":["GET"]}}],"collection":[{"href":"https:\/\/www.eldiario.net\/portal\/wp-json\/wp\/v2\/posts"}],"about":[{"href":"https:\/\/www.eldiario.net\/portal\/wp-json\/wp\/v2\/types\/post"}],"author":[{"embeddable":true,"href":"https:\/\/www.eldiario.net\/portal\/wp-json\/wp\/v2\/users\/1"}],"replies":[{"embeddable":true,"href":"https:\/\/www.eldiario.net\/portal\/wp-json\/wp\/v2\/comments?post=128160"}],"version-history":[{"count":0,"href":"https:\/\/www.eldiario.net\/portal\/wp-json\/wp\/v2\/posts\/128160\/revisions"}],"wp:featuredmedia":[{"embeddable":true,"href":"https:\/\/www.eldiario.net\/portal\/wp-json\/wp\/v2\/media\/128161"}],"wp:attachment":[{"href":"https:\/\/www.eldiario.net\/portal\/wp-json\/wp\/v2\/media?parent=128160"}],"wp:term":[{"taxonomy":"category","embeddable":true,"href":"https:\/\/www.eldiario.net\/portal\/wp-json\/wp\/v2\/categories?post=128160"},{"taxonomy":"post_tag","embeddable":true,"href":"https:\/\/www.eldiario.net\/portal\/wp-json\/wp\/v2\/tags?post=128160"}],"curies":[{"name":"wp","href":"https:\/\/api.w.org\/{rel}","templated":true}]}}