{"id":128157,"date":"2022-12-17T06:24:14","date_gmt":"2022-12-17T10:24:14","guid":{"rendered":"https:\/\/www.eldiario.net\/portal\/?p=128157"},"modified":"2022-12-17T06:24:14","modified_gmt":"2022-12-17T10:24:14","slug":"intervienen-fabrica-clandestina-de-sidra","status":"publish","type":"post","link":"https:\/\/www.eldiario.net\/portal\/2022\/12\/17\/intervienen-fabrica-clandestina-de-sidra\/","title":{"rendered":"Intervienen f\u00e1brica  clandestina de sidra"},"content":{"rendered":"<p>Efectivos de la Fuerza Especial de Lucha Contra el Crimen (Felcc) de El Alto intervinieron un domicilio en el que funcionaba una f\u00e1brica clandestina de sidra y de otras bebidas. Como resultado de este caso, cinco personas fueron aprehendidas.<br \/>\nEl jefe de la Divisi\u00f3n Econ\u00f3mico Financiero de la fuerza anticrimen alte\u00f1a, mayor Rolando Espinoza, detall\u00f3 que se realizaron dos operativos simult\u00e1neos; el primero, en una vivienda de la avenida Tarapac\u00e1 y el segundo, en inmediaciones de la avenida Carlos Palenque.<br \/>\nA consecuencia de las intervenciones, \u201ctenemos cinco personas arrestas del operativo simult\u00e1neo que se ha realizado\u201d, asegur\u00f3 el uniformado.<br \/>\nEn la vivienda realizaban todo el procedimiento \u201ccasero\u201d para la elaboraci\u00f3n del producto. Por eso, las bebidas decomisadas no eran aptas para su consumo, por lo que se realizar\u00e1 un an\u00e1lisis del l\u00edquido que conten\u00edan.<br \/>\n\u201cSe envasaba, etiquetaba y posteriormente se distribu\u00eda este producto (\u2026) aparentemente la presentaci\u00f3n es una sidra normal, sin embargo, el contenido como tal es lo que va estar sujeto a an\u00e1lisis\u201d, sostuvo Espinoza.<br \/>\nSe sospecha que el contenido podr\u00eda tratarse de una mezcla de alcohol con agua o una cantidad m\u00ednima de sidra \u201cestirada\u201d con otros l\u00edquidos.<br \/>\nDetall\u00f3 que en esa intervenci\u00f3n, al margen de las bebidas, se encontr\u00f3 distintas m\u00e1quinas utilizadas para la producci\u00f3n, adem\u00e1s de gran cantidad de botellas vac\u00edas que pretend\u00edan reusar para el envase y etiquetas.<br \/>\nAh\u00ed, \u201cse arrestaron a tres personas; una mujer y dos varones, quienes estaban al interior de este predio y que a la fecha tambi\u00e9n ser\u00e1n alcanzados (\u2026) por delitos contra la salud p\u00fablica\u201d, sostuvo el subdirector de la Felcc La Paz, Juan Jos\u00e9 Donaire.<br \/>\nEn el segundo operativo, realizado por inmediaciones de la avenida Carlos Palenque, se intervino un veh\u00edculo que distribu\u00eda los productos a negocios del sector y se arrest\u00f3 a dos personas, adem\u00e1s, del secuestro del motorizado y la mercader\u00eda.<br \/>\nLos afectados se\u00f1alaron que contar\u00edan con la documentaci\u00f3n respectiva para que funcione la f\u00e1brica.<br \/>\nSANCI\u00d3N<br \/>\nEn caso de comprobarse que los productos eran falsificados, autoridades policiales recordaron que el C\u00f3digo Penal sanciona de seis meses a tres a\u00f1os de c\u00e1rcel a las personas que falsifiquen marcas, contrase\u00f1as o firmas oficialmente usadas para contrastar pesas o medidas, identificar cualquier objeto o certificar su calidad, cantidad o contenido, y a quienes apliquen a objetos distintos de aquellos a que deb\u00edan ser aplicados.<\/p>\n","protected":false},"excerpt":{"rendered":"<p>Efectivos de la Fuerza Especial de Lucha Contra el Crimen (Felcc) de El Alto intervinieron un domicilio en el que funcionaba una f\u00e1brica clandestina de sidra y de otras bebidas. Como resultado de este caso, cinco personas fueron aprehendidas. El jefe de la Divisi\u00f3n Econ\u00f3mico Financiero de la fuerza anticrimen alte\u00f1a, mayor Rolando Espinoza, detall\u00f3 [&hellip;]<\/p>\n","protected":false},"author":1,"featured_media":128158,"comment_status":"closed","ping_status":"closed","sticky":false,"template":"","format":"standard","meta":{"_acf_changed":false,"footnotes":""},"categories":[12],"tags":[],"class_list":["post-128157","post","type-post","status-publish","format-standard","has-post-thumbnail","category-nacional"],"acf":{"antetitulo":""},"yoast_head":"<!-- This site is optimized with the Yoast SEO plugin v28.4 - https:\/\/yoast.com\/product\/yoast-seo-wordpress\/ -->\n<title>Intervienen f\u00e1brica clandestina de sidra - El Diario - Bolivia<\/title>\n<meta name=\"robots\" content=\"index, follow, max-snippet:-1, max-image-preview:large, max-video-preview:-1\" \/>\n<link rel=\"canonical\" href=\"https:\/\/www.eldiario.net\/portal\/2022\/12\/17\/intervienen-fabrica-clandestina-de-sidra\/\" \/>\n<meta property=\"og:locale\" content=\"es_ES\" \/>\n<meta property=\"og:type\" content=\"article\" \/>\n<meta property=\"og:title\" content=\"Intervienen f\u00e1brica clandestina de sidra - El Diario - Bolivia\" \/>\n<meta property=\"og:description\" content=\"Efectivos de la Fuerza Especial de Lucha Contra el Crimen (Felcc) de El Alto intervinieron un domicilio en el que funcionaba una f\u00e1brica clandestina de sidra y de otras bebidas. Como resultado de este caso, cinco personas fueron aprehendidas. El jefe de la Divisi\u00f3n Econ\u00f3mico Financiero de la fuerza anticrimen alte\u00f1a, mayor Rolando Espinoza, detall\u00f3 [&hellip;]\" \/>\n<meta property=\"og:url\" content=\"https:\/\/www.eldiario.net\/portal\/2022\/12\/17\/intervienen-fabrica-clandestina-de-sidra\/\" \/>\n<meta property=\"og:site_name\" content=\"El Diario - Bolivia\" \/>\n<meta property=\"article:publisher\" content=\"https:\/\/www.facebook.com\/eldiario.bolivia\/\" \/>\n<meta property=\"article:published_time\" content=\"2022-12-17T10:24:14+00:00\" \/>\n<meta name=\"author\" content=\"Jeanette\" \/>\n<meta name=\"twitter:card\" content=\"summary_large_image\" \/>\n<meta name=\"twitter:creator\" content=\"@eldiario_net\" \/>\n<meta name=\"twitter:site\" content=\"@eldiario_net\" \/>\n<meta name=\"twitter:label1\" content=\"Escrito por\" \/>\n\t<meta name=\"twitter:data1\" content=\"Jeanette\" \/>\n\t<meta name=\"twitter:label2\" content=\"Tiempo de lectura\" \/>\n\t<meta name=\"twitter:data2\" content=\"2 minutos\" \/>\n<script type=\"application\/ld+json\" class=\"yoast-schema-graph\">{\"@context\":\"https:\\\/\\\/schema.org\",\"@graph\":[{\"@type\":\"Article\",\"@id\":\"https:\\\/\\\/www.eldiario.net\\\/portal\\\/2022\\\/12\\\/17\\\/intervienen-fabrica-clandestina-de-sidra\\\/#article\",\"isPartOf\":{\"@id\":\"https:\\\/\\\/www.eldiario.net\\\/portal\\\/2022\\\/12\\\/17\\\/intervienen-fabrica-clandestina-de-sidra\\\/\"},\"author\":{\"name\":\"Jeanette\",\"@id\":\"https:\\\/\\\/www.eldiario.net\\\/portal\\\/#\\\/schema\\\/person\\\/f46445640444750d7d753ccd04ae01b7\"},\"headline\":\"Intervienen f\u00e1brica clandestina de sidra\",\"datePublished\":\"2022-12-17T10:24:14+00:00\",\"mainEntityOfPage\":{\"@id\":\"https:\\\/\\\/www.eldiario.net\\\/portal\\\/2022\\\/12\\\/17\\\/intervienen-fabrica-clandestina-de-sidra\\\/\"},\"wordCount\":429,\"publisher\":{\"@id\":\"https:\\\/\\\/www.eldiario.net\\\/portal\\\/#organization\"},\"image\":{\"@id\":\"https:\\\/\\\/www.eldiario.net\\\/portal\\\/2022\\\/12\\\/17\\\/intervienen-fabrica-clandestina-de-sidra\\\/#primaryimage\"},\"thumbnailUrl\":\"\",\"articleSection\":[\"Nacional\"],\"inLanguage\":\"es\"},{\"@type\":\"WebPage\",\"@id\":\"https:\\\/\\\/www.eldiario.net\\\/portal\\\/2022\\\/12\\\/17\\\/intervienen-fabrica-clandestina-de-sidra\\\/\",\"url\":\"https:\\\/\\\/www.eldiario.net\\\/portal\\\/2022\\\/12\\\/17\\\/intervienen-fabrica-clandestina-de-sidra\\\/\",\"name\":\"Intervienen f\u00e1brica clandestina de sidra - El Diario - Bolivia\",\"isPartOf\":{\"@id\":\"https:\\\/\\\/www.eldiario.net\\\/portal\\\/#website\"},\"primaryImageOfPage\":{\"@id\":\"https:\\\/\\\/www.eldiario.net\\\/portal\\\/2022\\\/12\\\/17\\\/intervienen-fabrica-clandestina-de-sidra\\\/#primaryimage\"},\"image\":{\"@id\":\"https:\\\/\\\/www.eldiario.net\\\/portal\\\/2022\\\/12\\\/17\\\/intervienen-fabrica-clandestina-de-sidra\\\/#primaryimage\"},\"thumbnailUrl\":\"\",\"datePublished\":\"2022-12-17T10:24:14+00:00\",\"breadcrumb\":{\"@id\":\"https:\\\/\\\/www.eldiario.net\\\/portal\\\/2022\\\/12\\\/17\\\/intervienen-fabrica-clandestina-de-sidra\\\/#breadcrumb\"},\"inLanguage\":\"es\",\"potentialAction\":[{\"@type\":\"ReadAction\",\"target\":[\"https:\\\/\\\/www.eldiario.net\\\/portal\\\/2022\\\/12\\\/17\\\/intervienen-fabrica-clandestina-de-sidra\\\/\"]}]},{\"@type\":\"ImageObject\",\"inLanguage\":\"es\",\"@id\":\"https:\\\/\\\/www.eldiario.net\\\/portal\\\/2022\\\/12\\\/17\\\/intervienen-fabrica-clandestina-de-sidra\\\/#primaryimage\",\"url\":\"\",\"contentUrl\":\"\"},{\"@type\":\"BreadcrumbList\",\"@id\":\"https:\\\/\\\/www.eldiario.net\\\/portal\\\/2022\\\/12\\\/17\\\/intervienen-fabrica-clandestina-de-sidra\\\/#breadcrumb\",\"itemListElement\":[{\"@type\":\"ListItem\",\"position\":1,\"name\":\"Portada\",\"item\":\"https:\\\/\\\/www.eldiario.net\\\/portal\\\/\"},{\"@type\":\"ListItem\",\"position\":2,\"name\":\"Intervienen f\u00e1brica clandestina de sidra\"}]},{\"@type\":\"WebSite\",\"@id\":\"https:\\\/\\\/www.eldiario.net\\\/portal\\\/#website\",\"url\":\"https:\\\/\\\/www.eldiario.net\\\/portal\\\/\",\"name\":\"El Diario - Decano de la prensa nacional\",\"description\":\"El Diario - Decano de la prensa nacional\",\"publisher\":{\"@id\":\"https:\\\/\\\/www.eldiario.net\\\/portal\\\/#organization\"},\"potentialAction\":[{\"@type\":\"SearchAction\",\"target\":{\"@type\":\"EntryPoint\",\"urlTemplate\":\"https:\\\/\\\/www.eldiario.net\\\/portal\\\/?s={search_term_string}\"},\"query-input\":{\"@type\":\"PropertyValueSpecification\",\"valueRequired\":true,\"valueName\":\"search_term_string\"}}],\"inLanguage\":\"es\"},{\"@type\":\"Organization\",\"@id\":\"https:\\\/\\\/www.eldiario.net\\\/portal\\\/#organization\",\"name\":\"El Diario - Decano de la prensa nacional\",\"url\":\"https:\\\/\\\/www.eldiario.net\\\/portal\\\/\",\"logo\":{\"@type\":\"ImageObject\",\"inLanguage\":\"es\",\"@id\":\"https:\\\/\\\/www.eldiario.net\\\/portal\\\/#\\\/schema\\\/logo\\\/image\\\/\",\"url\":\"https:\\\/\\\/www.eldiario.net\\\/portal\\\/wp-content\\\/uploads\\\/2023\\\/07\\\/logo_ED.jpg\",\"contentUrl\":\"https:\\\/\\\/www.eldiario.net\\\/portal\\\/wp-content\\\/uploads\\\/2023\\\/07\\\/logo_ED.jpg\",\"width\":272,\"height\":52,\"caption\":\"El Diario - Decano de la prensa nacional\"},\"image\":{\"@id\":\"https:\\\/\\\/www.eldiario.net\\\/portal\\\/#\\\/schema\\\/logo\\\/image\\\/\"},\"sameAs\":[\"https:\\\/\\\/www.facebook.com\\\/eldiario.bolivia\\\/\",\"https:\\\/\\\/x.com\\\/eldiario_net\"]},{\"@type\":\"Person\",\"@id\":\"https:\\\/\\\/www.eldiario.net\\\/portal\\\/#\\\/schema\\\/person\\\/f46445640444750d7d753ccd04ae01b7\",\"name\":\"Jeanette\",\"image\":{\"@type\":\"ImageObject\",\"inLanguage\":\"es\",\"@id\":\"https:\\\/\\\/secure.gravatar.com\\\/avatar\\\/3ea2118a5f7dad2b7138b1187a6b7ee55f160b9968b66013c3a3ef39dd7e5798?s=96&d=mm&r=g\",\"url\":\"https:\\\/\\\/secure.gravatar.com\\\/avatar\\\/3ea2118a5f7dad2b7138b1187a6b7ee55f160b9968b66013c3a3ef39dd7e5798?s=96&d=mm&r=g\",\"contentUrl\":\"https:\\\/\\\/secure.gravatar.com\\\/avatar\\\/3ea2118a5f7dad2b7138b1187a6b7ee55f160b9968b66013c3a3ef39dd7e5798?s=96&d=mm&r=g\",\"caption\":\"Jeanette\"},\"sameAs\":[\"https:\\\/\\\/www.eldiario.net\\\/portal\"],\"url\":\"https:\\\/\\\/www.eldiario.net\\\/portal\\\/author\\\/jeanette\\\/\"}]}<\/script>\n<!-- \/ Yoast SEO plugin. -->","yoast_head_json":{"title":"Intervienen f\u00e1brica clandestina de sidra - El Diario - Bolivia","robots":{"index":"index","follow":"follow","max-snippet":"max-snippet:-1","max-image-preview":"max-image-preview:large","max-video-preview":"max-video-preview:-1"},"canonical":"https:\/\/www.eldiario.net\/portal\/2022\/12\/17\/intervienen-fabrica-clandestina-de-sidra\/","og_locale":"es_ES","og_type":"article","og_title":"Intervienen f\u00e1brica clandestina de sidra - El Diario - Bolivia","og_description":"Efectivos de la Fuerza Especial de Lucha Contra el Crimen (Felcc) de El Alto intervinieron un domicilio en el que funcionaba una f\u00e1brica clandestina de sidra y de otras bebidas. Como resultado de este caso, cinco personas fueron aprehendidas. El jefe de la Divisi\u00f3n Econ\u00f3mico Financiero de la fuerza anticrimen alte\u00f1a, mayor Rolando Espinoza, detall\u00f3 [&hellip;]","og_url":"https:\/\/www.eldiario.net\/portal\/2022\/12\/17\/intervienen-fabrica-clandestina-de-sidra\/","og_site_name":"El Diario - Bolivia","article_publisher":"https:\/\/www.facebook.com\/eldiario.bolivia\/","article_published_time":"2022-12-17T10:24:14+00:00","author":"Jeanette","twitter_card":"summary_large_image","twitter_creator":"@eldiario_net","twitter_site":"@eldiario_net","twitter_misc":{"Escrito por":"Jeanette","Tiempo de lectura":"2 minutos"},"schema":{"@context":"https:\/\/schema.org","@graph":[{"@type":"Article","@id":"https:\/\/www.eldiario.net\/portal\/2022\/12\/17\/intervienen-fabrica-clandestina-de-sidra\/#article","isPartOf":{"@id":"https:\/\/www.eldiario.net\/portal\/2022\/12\/17\/intervienen-fabrica-clandestina-de-sidra\/"},"author":{"name":"Jeanette","@id":"https:\/\/www.eldiario.net\/portal\/#\/schema\/person\/f46445640444750d7d753ccd04ae01b7"},"headline":"Intervienen f\u00e1brica clandestina de sidra","datePublished":"2022-12-17T10:24:14+00:00","mainEntityOfPage":{"@id":"https:\/\/www.eldiario.net\/portal\/2022\/12\/17\/intervienen-fabrica-clandestina-de-sidra\/"},"wordCount":429,"publisher":{"@id":"https:\/\/www.eldiario.net\/portal\/#organization"},"image":{"@id":"https:\/\/www.eldiario.net\/portal\/2022\/12\/17\/intervienen-fabrica-clandestina-de-sidra\/#primaryimage"},"thumbnailUrl":"","articleSection":["Nacional"],"inLanguage":"es"},{"@type":"WebPage","@id":"https:\/\/www.eldiario.net\/portal\/2022\/12\/17\/intervienen-fabrica-clandestina-de-sidra\/","url":"https:\/\/www.eldiario.net\/portal\/2022\/12\/17\/intervienen-fabrica-clandestina-de-sidra\/","name":"Intervienen f\u00e1brica clandestina de sidra - El Diario - Bolivia","isPartOf":{"@id":"https:\/\/www.eldiario.net\/portal\/#website"},"primaryImageOfPage":{"@id":"https:\/\/www.eldiario.net\/portal\/2022\/12\/17\/intervienen-fabrica-clandestina-de-sidra\/#primaryimage"},"image":{"@id":"https:\/\/www.eldiario.net\/portal\/2022\/12\/17\/intervienen-fabrica-clandestina-de-sidra\/#primaryimage"},"thumbnailUrl":"","datePublished":"2022-12-17T10:24:14+00:00","breadcrumb":{"@id":"https:\/\/www.eldiario.net\/portal\/2022\/12\/17\/intervienen-fabrica-clandestina-de-sidra\/#breadcrumb"},"inLanguage":"es","potentialAction":[{"@type":"ReadAction","target":["https:\/\/www.eldiario.net\/portal\/2022\/12\/17\/intervienen-fabrica-clandestina-de-sidra\/"]}]},{"@type":"ImageObject","inLanguage":"es","@id":"https:\/\/www.eldiario.net\/portal\/2022\/12\/17\/intervienen-fabrica-clandestina-de-sidra\/#primaryimage","url":"","contentUrl":""},{"@type":"BreadcrumbList","@id":"https:\/\/www.eldiario.net\/portal\/2022\/12\/17\/intervienen-fabrica-clandestina-de-sidra\/#breadcrumb","itemListElement":[{"@type":"ListItem","position":1,"name":"Portada","item":"https:\/\/www.eldiario.net\/portal\/"},{"@type":"ListItem","position":2,"name":"Intervienen f\u00e1brica clandestina de sidra"}]},{"@type":"WebSite","@id":"https:\/\/www.eldiario.net\/portal\/#website","url":"https:\/\/www.eldiario.net\/portal\/","name":"El Diario - Decano de la prensa nacional","description":"El Diario - Decano de la prensa nacional","publisher":{"@id":"https:\/\/www.eldiario.net\/portal\/#organization"},"potentialAction":[{"@type":"SearchAction","target":{"@type":"EntryPoint","urlTemplate":"https:\/\/www.eldiario.net\/portal\/?s={search_term_string}"},"query-input":{"@type":"PropertyValueSpecification","valueRequired":true,"valueName":"search_term_string"}}],"inLanguage":"es"},{"@type":"Organization","@id":"https:\/\/www.eldiario.net\/portal\/#organization","name":"El Diario - Decano de la prensa nacional","url":"https:\/\/www.eldiario.net\/portal\/","logo":{"@type":"ImageObject","inLanguage":"es","@id":"https:\/\/www.eldiario.net\/portal\/#\/schema\/logo\/image\/","url":"https:\/\/www.eldiario.net\/portal\/wp-content\/uploads\/2023\/07\/logo_ED.jpg","contentUrl":"https:\/\/www.eldiario.net\/portal\/wp-content\/uploads\/2023\/07\/logo_ED.jpg","width":272,"height":52,"caption":"El Diario - Decano de la prensa nacional"},"image":{"@id":"https:\/\/www.eldiario.net\/portal\/#\/schema\/logo\/image\/"},"sameAs":["https:\/\/www.facebook.com\/eldiario.bolivia\/","https:\/\/x.com\/eldiario_net"]},{"@type":"Person","@id":"https:\/\/www.eldiario.net\/portal\/#\/schema\/person\/f46445640444750d7d753ccd04ae01b7","name":"Jeanette","image":{"@type":"ImageObject","inLanguage":"es","@id":"https:\/\/secure.gravatar.com\/avatar\/3ea2118a5f7dad2b7138b1187a6b7ee55f160b9968b66013c3a3ef39dd7e5798?s=96&d=mm&r=g","url":"https:\/\/secure.gravatar.com\/avatar\/3ea2118a5f7dad2b7138b1187a6b7ee55f160b9968b66013c3a3ef39dd7e5798?s=96&d=mm&r=g","contentUrl":"https:\/\/secure.gravatar.com\/avatar\/3ea2118a5f7dad2b7138b1187a6b7ee55f160b9968b66013c3a3ef39dd7e5798?s=96&d=mm&r=g","caption":"Jeanette"},"sameAs":["https:\/\/www.eldiario.net\/portal"],"url":"https:\/\/www.eldiario.net\/portal\/author\/jeanette\/"}]}},"_links":{"self":[{"href":"https:\/\/www.eldiario.net\/portal\/wp-json\/wp\/v2\/posts\/128157","targetHints":{"allow":["GET"]}}],"collection":[{"href":"https:\/\/www.eldiario.net\/portal\/wp-json\/wp\/v2\/posts"}],"about":[{"href":"https:\/\/www.eldiario.net\/portal\/wp-json\/wp\/v2\/types\/post"}],"author":[{"embeddable":true,"href":"https:\/\/www.eldiario.net\/portal\/wp-json\/wp\/v2\/users\/1"}],"replies":[{"embeddable":true,"href":"https:\/\/www.eldiario.net\/portal\/wp-json\/wp\/v2\/comments?post=128157"}],"version-history":[{"count":0,"href":"https:\/\/www.eldiario.net\/portal\/wp-json\/wp\/v2\/posts\/128157\/revisions"}],"wp:attachment":[{"href":"https:\/\/www.eldiario.net\/portal\/wp-json\/wp\/v2\/media?parent=128157"}],"wp:term":[{"taxonomy":"category","embeddable":true,"href":"https:\/\/www.eldiario.net\/portal\/wp-json\/wp\/v2\/categories?post=128157"},{"taxonomy":"post_tag","embeddable":true,"href":"https:\/\/www.eldiario.net\/portal\/wp-json\/wp\/v2\/tags?post=128157"}],"curies":[{"name":"wp","href":"https:\/\/api.w.org\/{rel}","templated":true}]}}