{"id":128154,"date":"2022-12-17T06:23:33","date_gmt":"2022-12-17T10:23:33","guid":{"rendered":"https:\/\/www.eldiario.net\/portal\/?p=128154"},"modified":"2022-12-17T06:23:33","modified_gmt":"2022-12-17T10:23:33","slug":"nina-muere-a-causa-de-coqueluche-en-santa-cruz","status":"publish","type":"post","link":"https:\/\/www.eldiario.net\/portal\/2022\/12\/17\/nina-muere-a-causa-de-coqueluche-en-santa-cruz\/","title":{"rendered":"Ni\u00f1a muere a causa de coqueluche en Santa Cruz"},"content":{"rendered":"<p>Una ni\u00f1a de poco m\u00e1s de un a\u00f1o, que estaba internada en la unidad de terapia intensiva en un nosocomio de la urbe cruce\u00f1a, falleci\u00f3 a causa de coqueluche pese a tener la vacuna. Un Comit\u00e9 Cient\u00edfico analiza el caso para esclarecer la causa de la muerte.<br \/>\nLa nena estaba en el Hospital de Ni\u00f1o, Mario Ortiz, de Santa Cruz. De acuerdo con el informe m\u00e9dico el deceso se registr\u00f3 el pasado martes, luego de que fuera derivada desde el municipio de Camiri, donde inicialmente fue internada en el \u00e1rea de emergencia.<br \/>\nEl Servicio Departamental de Salud (Sedes) de la urbe cruce\u00f1a confirm\u00f3 que la ni\u00f1a, de un a\u00f1o y cuatro meses, tambi\u00e9n ten\u00eda anemia como enfermedad de base.<br \/>\nPor su parte, el gerente de Redes Urbanas del Sedes cruce\u00f1o, Jorge Quir\u00f3z detall\u00f3 que este caso es analizado por el Comit\u00e9 Cient\u00edfico para esclarecer la causa de la muerte, ya que la beb\u00e9 ten\u00eda la vacunaci\u00f3n completa contra coqueluche.<br \/>\n\u201cEl caso cl\u00ednico fue sometido al an\u00e1lisis y estamos a la espera del informe oficial de dicho Comit\u00e9 Cient\u00edfico, para esclarecer la causa de la muerte\u201d, explic\u00f3.<br \/>\nAsimismo, apunt\u00f1o que la instituci\u00f3n reci\u00e9n supo del caso este viernes y que cuando solicitaron una explicaci\u00f3n de los motivos de la demora, en el nosocomio respondieron que primeramente se alert\u00f3 al Comit\u00e9 Cient\u00edfico.<br \/>\nPor otra parte, asegur\u00f3 que el Sedes realiz\u00f3 el rastrillaje y vigilancia epidemiol\u00f3gica en el entorno de la fallecida y que los familiares est\u00e1n aislados por estar contagiados con el virus, sin embargo, se encuentran en la etapa final de la enfermedad.<br \/>\nQuiroz, recomend\u00f3 vacunar a los ni\u00f1os y ante la aparici\u00f3n de s\u00edntomas en las v\u00edas respiratorios, llevarlos de inmediato a un centro de salud para su atenci\u00f3n y valoraci\u00f3n que ayudar\u00e1 a evitar complicaciones.<br \/>\nDe acuerdo con medios cruce\u00f1os, la madre de la ni\u00f1a, Ruth Romero, confirm\u00f3 que su hija enferm\u00f3 y present\u00f3 tos persistente que le generaba ahogo, posteriormente se realizaron ex\u00e1menes y dio positivo a la enfermedad, y que sus dos hermanos presentaron s\u00edntomas.<br \/>\nLa familia vive en la comunidad Choroquete, del municipio de Guti\u00e9rrez, del departamento de Santa Cruz.<br \/>\nDATOS<br \/>\nHasta el pasado mi\u00e9rcoles, seg\u00fan informe del director del Servicio Departamental de Salud (Sedes), Erwin Viruez, se confirmaba que tres pacientes con coqueluche estaban en Unidades de Terapia Intensiva (UTI), debido a complicaciones que presentaron. Por otro lado, otros tres chiquillos permanec\u00edan en sala de internaci\u00f3n.<br \/>\nDesde la aparici\u00f3n de rebrote de coqueluche en el pa\u00eds, Santa Cruz es el epicentro de tos ferina. Desde noviembre a la fecha contabiliza 126 pacientes. Los departamentos de Oruro y La Paz tambi\u00e9n reportaron, un caso cada uno.<br \/>\nEn Bolivia, los contagios se volvieron a registrar de nueve a\u00f1os, ya que en 2013 se hab\u00edan presentado tres casos. El rebrote se atribuye a la reducci\u00f3n de la vacunaci\u00f3n debido a la pandemia.<br \/>\nEl coqueluche es \u201cuna enfermedad infecciosa bacteriana aguda que afecta la tr\u00e1quea y tracto respiratorio superior que afecta a ni\u00f1os peque\u00f1os, adolescentes y adultos y es m\u00e1s grave en los lactantes con una letalidad elevada\u201d, se lee en una p\u00e1gina del Ministerio de Salud.<\/p>\n","protected":false},"excerpt":{"rendered":"<p>Una ni\u00f1a de poco m\u00e1s de un a\u00f1o, que estaba internada en la unidad de terapia intensiva en un nosocomio de la urbe cruce\u00f1a, falleci\u00f3 a causa de coqueluche pese a tener la vacuna. Un Comit\u00e9 Cient\u00edfico analiza el caso para esclarecer la causa de la muerte. La nena estaba en el Hospital de Ni\u00f1o, [&hellip;]<\/p>\n","protected":false},"author":1,"featured_media":128155,"comment_status":"closed","ping_status":"closed","sticky":false,"template":"","format":"standard","meta":{"_acf_changed":false,"footnotes":""},"categories":[12],"tags":[],"class_list":["post-128154","post","type-post","status-publish","format-standard","has-post-thumbnail","category-nacional"],"acf":{"antetitulo":""},"yoast_head":"<!-- This site is optimized with the Yoast SEO plugin v28.4 - https:\/\/yoast.com\/product\/yoast-seo-wordpress\/ -->\n<title>Ni\u00f1a muere a causa de coqueluche en Santa Cruz - El Diario - Bolivia<\/title>\n<meta name=\"robots\" content=\"index, follow, max-snippet:-1, max-image-preview:large, max-video-preview:-1\" \/>\n<link rel=\"canonical\" href=\"https:\/\/www.eldiario.net\/portal\/2022\/12\/17\/nina-muere-a-causa-de-coqueluche-en-santa-cruz\/\" \/>\n<meta property=\"og:locale\" content=\"es_ES\" \/>\n<meta property=\"og:type\" content=\"article\" \/>\n<meta property=\"og:title\" content=\"Ni\u00f1a muere a causa de coqueluche en Santa Cruz - El Diario - Bolivia\" \/>\n<meta property=\"og:description\" content=\"Una ni\u00f1a de poco m\u00e1s de un a\u00f1o, que estaba internada en la unidad de terapia intensiva en un nosocomio de la urbe cruce\u00f1a, falleci\u00f3 a causa de coqueluche pese a tener la vacuna. Un Comit\u00e9 Cient\u00edfico analiza el caso para esclarecer la causa de la muerte. La nena estaba en el Hospital de Ni\u00f1o, [&hellip;]\" \/>\n<meta property=\"og:url\" content=\"https:\/\/www.eldiario.net\/portal\/2022\/12\/17\/nina-muere-a-causa-de-coqueluche-en-santa-cruz\/\" \/>\n<meta property=\"og:site_name\" content=\"El Diario - Bolivia\" \/>\n<meta property=\"article:publisher\" content=\"https:\/\/www.facebook.com\/eldiario.bolivia\/\" \/>\n<meta property=\"article:published_time\" content=\"2022-12-17T10:23:33+00:00\" \/>\n<meta name=\"author\" content=\"Jeanette\" \/>\n<meta name=\"twitter:card\" content=\"summary_large_image\" \/>\n<meta name=\"twitter:creator\" content=\"@eldiario_net\" \/>\n<meta name=\"twitter:site\" content=\"@eldiario_net\" \/>\n<meta name=\"twitter:label1\" content=\"Escrito por\" \/>\n\t<meta name=\"twitter:data1\" content=\"Jeanette\" \/>\n\t<meta name=\"twitter:label2\" content=\"Tiempo de lectura\" \/>\n\t<meta name=\"twitter:data2\" content=\"3 minutos\" \/>\n<script type=\"application\/ld+json\" class=\"yoast-schema-graph\">{\"@context\":\"https:\\\/\\\/schema.org\",\"@graph\":[{\"@type\":\"Article\",\"@id\":\"https:\\\/\\\/www.eldiario.net\\\/portal\\\/2022\\\/12\\\/17\\\/nina-muere-a-causa-de-coqueluche-en-santa-cruz\\\/#article\",\"isPartOf\":{\"@id\":\"https:\\\/\\\/www.eldiario.net\\\/portal\\\/2022\\\/12\\\/17\\\/nina-muere-a-causa-de-coqueluche-en-santa-cruz\\\/\"},\"author\":{\"name\":\"Jeanette\",\"@id\":\"https:\\\/\\\/www.eldiario.net\\\/portal\\\/#\\\/schema\\\/person\\\/f46445640444750d7d753ccd04ae01b7\"},\"headline\":\"Ni\u00f1a muere a causa de coqueluche en Santa Cruz\",\"datePublished\":\"2022-12-17T10:23:33+00:00\",\"mainEntityOfPage\":{\"@id\":\"https:\\\/\\\/www.eldiario.net\\\/portal\\\/2022\\\/12\\\/17\\\/nina-muere-a-causa-de-coqueluche-en-santa-cruz\\\/\"},\"wordCount\":580,\"publisher\":{\"@id\":\"https:\\\/\\\/www.eldiario.net\\\/portal\\\/#organization\"},\"image\":{\"@id\":\"https:\\\/\\\/www.eldiario.net\\\/portal\\\/2022\\\/12\\\/17\\\/nina-muere-a-causa-de-coqueluche-en-santa-cruz\\\/#primaryimage\"},\"thumbnailUrl\":\"\",\"articleSection\":[\"Nacional\"],\"inLanguage\":\"es\"},{\"@type\":\"WebPage\",\"@id\":\"https:\\\/\\\/www.eldiario.net\\\/portal\\\/2022\\\/12\\\/17\\\/nina-muere-a-causa-de-coqueluche-en-santa-cruz\\\/\",\"url\":\"https:\\\/\\\/www.eldiario.net\\\/portal\\\/2022\\\/12\\\/17\\\/nina-muere-a-causa-de-coqueluche-en-santa-cruz\\\/\",\"name\":\"Ni\u00f1a muere a causa de coqueluche en Santa Cruz - El Diario - Bolivia\",\"isPartOf\":{\"@id\":\"https:\\\/\\\/www.eldiario.net\\\/portal\\\/#website\"},\"primaryImageOfPage\":{\"@id\":\"https:\\\/\\\/www.eldiario.net\\\/portal\\\/2022\\\/12\\\/17\\\/nina-muere-a-causa-de-coqueluche-en-santa-cruz\\\/#primaryimage\"},\"image\":{\"@id\":\"https:\\\/\\\/www.eldiario.net\\\/portal\\\/2022\\\/12\\\/17\\\/nina-muere-a-causa-de-coqueluche-en-santa-cruz\\\/#primaryimage\"},\"thumbnailUrl\":\"\",\"datePublished\":\"2022-12-17T10:23:33+00:00\",\"breadcrumb\":{\"@id\":\"https:\\\/\\\/www.eldiario.net\\\/portal\\\/2022\\\/12\\\/17\\\/nina-muere-a-causa-de-coqueluche-en-santa-cruz\\\/#breadcrumb\"},\"inLanguage\":\"es\",\"potentialAction\":[{\"@type\":\"ReadAction\",\"target\":[\"https:\\\/\\\/www.eldiario.net\\\/portal\\\/2022\\\/12\\\/17\\\/nina-muere-a-causa-de-coqueluche-en-santa-cruz\\\/\"]}]},{\"@type\":\"ImageObject\",\"inLanguage\":\"es\",\"@id\":\"https:\\\/\\\/www.eldiario.net\\\/portal\\\/2022\\\/12\\\/17\\\/nina-muere-a-causa-de-coqueluche-en-santa-cruz\\\/#primaryimage\",\"url\":\"\",\"contentUrl\":\"\"},{\"@type\":\"BreadcrumbList\",\"@id\":\"https:\\\/\\\/www.eldiario.net\\\/portal\\\/2022\\\/12\\\/17\\\/nina-muere-a-causa-de-coqueluche-en-santa-cruz\\\/#breadcrumb\",\"itemListElement\":[{\"@type\":\"ListItem\",\"position\":1,\"name\":\"Portada\",\"item\":\"https:\\\/\\\/www.eldiario.net\\\/portal\\\/\"},{\"@type\":\"ListItem\",\"position\":2,\"name\":\"Ni\u00f1a muere a causa de coqueluche en Santa Cruz\"}]},{\"@type\":\"WebSite\",\"@id\":\"https:\\\/\\\/www.eldiario.net\\\/portal\\\/#website\",\"url\":\"https:\\\/\\\/www.eldiario.net\\\/portal\\\/\",\"name\":\"El Diario - Decano de la prensa nacional\",\"description\":\"El Diario - Decano de la prensa nacional\",\"publisher\":{\"@id\":\"https:\\\/\\\/www.eldiario.net\\\/portal\\\/#organization\"},\"potentialAction\":[{\"@type\":\"SearchAction\",\"target\":{\"@type\":\"EntryPoint\",\"urlTemplate\":\"https:\\\/\\\/www.eldiario.net\\\/portal\\\/?s={search_term_string}\"},\"query-input\":{\"@type\":\"PropertyValueSpecification\",\"valueRequired\":true,\"valueName\":\"search_term_string\"}}],\"inLanguage\":\"es\"},{\"@type\":\"Organization\",\"@id\":\"https:\\\/\\\/www.eldiario.net\\\/portal\\\/#organization\",\"name\":\"El Diario - Decano de la prensa nacional\",\"url\":\"https:\\\/\\\/www.eldiario.net\\\/portal\\\/\",\"logo\":{\"@type\":\"ImageObject\",\"inLanguage\":\"es\",\"@id\":\"https:\\\/\\\/www.eldiario.net\\\/portal\\\/#\\\/schema\\\/logo\\\/image\\\/\",\"url\":\"https:\\\/\\\/www.eldiario.net\\\/portal\\\/wp-content\\\/uploads\\\/2023\\\/07\\\/logo_ED.jpg\",\"contentUrl\":\"https:\\\/\\\/www.eldiario.net\\\/portal\\\/wp-content\\\/uploads\\\/2023\\\/07\\\/logo_ED.jpg\",\"width\":272,\"height\":52,\"caption\":\"El Diario - Decano de la prensa nacional\"},\"image\":{\"@id\":\"https:\\\/\\\/www.eldiario.net\\\/portal\\\/#\\\/schema\\\/logo\\\/image\\\/\"},\"sameAs\":[\"https:\\\/\\\/www.facebook.com\\\/eldiario.bolivia\\\/\",\"https:\\\/\\\/x.com\\\/eldiario_net\"]},{\"@type\":\"Person\",\"@id\":\"https:\\\/\\\/www.eldiario.net\\\/portal\\\/#\\\/schema\\\/person\\\/f46445640444750d7d753ccd04ae01b7\",\"name\":\"Jeanette\",\"image\":{\"@type\":\"ImageObject\",\"inLanguage\":\"es\",\"@id\":\"https:\\\/\\\/secure.gravatar.com\\\/avatar\\\/3ea2118a5f7dad2b7138b1187a6b7ee55f160b9968b66013c3a3ef39dd7e5798?s=96&d=mm&r=g\",\"url\":\"https:\\\/\\\/secure.gravatar.com\\\/avatar\\\/3ea2118a5f7dad2b7138b1187a6b7ee55f160b9968b66013c3a3ef39dd7e5798?s=96&d=mm&r=g\",\"contentUrl\":\"https:\\\/\\\/secure.gravatar.com\\\/avatar\\\/3ea2118a5f7dad2b7138b1187a6b7ee55f160b9968b66013c3a3ef39dd7e5798?s=96&d=mm&r=g\",\"caption\":\"Jeanette\"},\"sameAs\":[\"https:\\\/\\\/www.eldiario.net\\\/portal\"],\"url\":\"https:\\\/\\\/www.eldiario.net\\\/portal\\\/author\\\/jeanette\\\/\"}]}<\/script>\n<!-- \/ Yoast SEO plugin. -->","yoast_head_json":{"title":"Ni\u00f1a muere a causa de coqueluche en Santa Cruz - El Diario - Bolivia","robots":{"index":"index","follow":"follow","max-snippet":"max-snippet:-1","max-image-preview":"max-image-preview:large","max-video-preview":"max-video-preview:-1"},"canonical":"https:\/\/www.eldiario.net\/portal\/2022\/12\/17\/nina-muere-a-causa-de-coqueluche-en-santa-cruz\/","og_locale":"es_ES","og_type":"article","og_title":"Ni\u00f1a muere a causa de coqueluche en Santa Cruz - El Diario - Bolivia","og_description":"Una ni\u00f1a de poco m\u00e1s de un a\u00f1o, que estaba internada en la unidad de terapia intensiva en un nosocomio de la urbe cruce\u00f1a, falleci\u00f3 a causa de coqueluche pese a tener la vacuna. Un Comit\u00e9 Cient\u00edfico analiza el caso para esclarecer la causa de la muerte. La nena estaba en el Hospital de Ni\u00f1o, [&hellip;]","og_url":"https:\/\/www.eldiario.net\/portal\/2022\/12\/17\/nina-muere-a-causa-de-coqueluche-en-santa-cruz\/","og_site_name":"El Diario - Bolivia","article_publisher":"https:\/\/www.facebook.com\/eldiario.bolivia\/","article_published_time":"2022-12-17T10:23:33+00:00","author":"Jeanette","twitter_card":"summary_large_image","twitter_creator":"@eldiario_net","twitter_site":"@eldiario_net","twitter_misc":{"Escrito por":"Jeanette","Tiempo de lectura":"3 minutos"},"schema":{"@context":"https:\/\/schema.org","@graph":[{"@type":"Article","@id":"https:\/\/www.eldiario.net\/portal\/2022\/12\/17\/nina-muere-a-causa-de-coqueluche-en-santa-cruz\/#article","isPartOf":{"@id":"https:\/\/www.eldiario.net\/portal\/2022\/12\/17\/nina-muere-a-causa-de-coqueluche-en-santa-cruz\/"},"author":{"name":"Jeanette","@id":"https:\/\/www.eldiario.net\/portal\/#\/schema\/person\/f46445640444750d7d753ccd04ae01b7"},"headline":"Ni\u00f1a muere a causa de coqueluche en Santa Cruz","datePublished":"2022-12-17T10:23:33+00:00","mainEntityOfPage":{"@id":"https:\/\/www.eldiario.net\/portal\/2022\/12\/17\/nina-muere-a-causa-de-coqueluche-en-santa-cruz\/"},"wordCount":580,"publisher":{"@id":"https:\/\/www.eldiario.net\/portal\/#organization"},"image":{"@id":"https:\/\/www.eldiario.net\/portal\/2022\/12\/17\/nina-muere-a-causa-de-coqueluche-en-santa-cruz\/#primaryimage"},"thumbnailUrl":"","articleSection":["Nacional"],"inLanguage":"es"},{"@type":"WebPage","@id":"https:\/\/www.eldiario.net\/portal\/2022\/12\/17\/nina-muere-a-causa-de-coqueluche-en-santa-cruz\/","url":"https:\/\/www.eldiario.net\/portal\/2022\/12\/17\/nina-muere-a-causa-de-coqueluche-en-santa-cruz\/","name":"Ni\u00f1a muere a causa de coqueluche en Santa Cruz - El Diario - Bolivia","isPartOf":{"@id":"https:\/\/www.eldiario.net\/portal\/#website"},"primaryImageOfPage":{"@id":"https:\/\/www.eldiario.net\/portal\/2022\/12\/17\/nina-muere-a-causa-de-coqueluche-en-santa-cruz\/#primaryimage"},"image":{"@id":"https:\/\/www.eldiario.net\/portal\/2022\/12\/17\/nina-muere-a-causa-de-coqueluche-en-santa-cruz\/#primaryimage"},"thumbnailUrl":"","datePublished":"2022-12-17T10:23:33+00:00","breadcrumb":{"@id":"https:\/\/www.eldiario.net\/portal\/2022\/12\/17\/nina-muere-a-causa-de-coqueluche-en-santa-cruz\/#breadcrumb"},"inLanguage":"es","potentialAction":[{"@type":"ReadAction","target":["https:\/\/www.eldiario.net\/portal\/2022\/12\/17\/nina-muere-a-causa-de-coqueluche-en-santa-cruz\/"]}]},{"@type":"ImageObject","inLanguage":"es","@id":"https:\/\/www.eldiario.net\/portal\/2022\/12\/17\/nina-muere-a-causa-de-coqueluche-en-santa-cruz\/#primaryimage","url":"","contentUrl":""},{"@type":"BreadcrumbList","@id":"https:\/\/www.eldiario.net\/portal\/2022\/12\/17\/nina-muere-a-causa-de-coqueluche-en-santa-cruz\/#breadcrumb","itemListElement":[{"@type":"ListItem","position":1,"name":"Portada","item":"https:\/\/www.eldiario.net\/portal\/"},{"@type":"ListItem","position":2,"name":"Ni\u00f1a muere a causa de coqueluche en Santa Cruz"}]},{"@type":"WebSite","@id":"https:\/\/www.eldiario.net\/portal\/#website","url":"https:\/\/www.eldiario.net\/portal\/","name":"El Diario - Decano de la prensa nacional","description":"El Diario - Decano de la prensa nacional","publisher":{"@id":"https:\/\/www.eldiario.net\/portal\/#organization"},"potentialAction":[{"@type":"SearchAction","target":{"@type":"EntryPoint","urlTemplate":"https:\/\/www.eldiario.net\/portal\/?s={search_term_string}"},"query-input":{"@type":"PropertyValueSpecification","valueRequired":true,"valueName":"search_term_string"}}],"inLanguage":"es"},{"@type":"Organization","@id":"https:\/\/www.eldiario.net\/portal\/#organization","name":"El Diario - Decano de la prensa nacional","url":"https:\/\/www.eldiario.net\/portal\/","logo":{"@type":"ImageObject","inLanguage":"es","@id":"https:\/\/www.eldiario.net\/portal\/#\/schema\/logo\/image\/","url":"https:\/\/www.eldiario.net\/portal\/wp-content\/uploads\/2023\/07\/logo_ED.jpg","contentUrl":"https:\/\/www.eldiario.net\/portal\/wp-content\/uploads\/2023\/07\/logo_ED.jpg","width":272,"height":52,"caption":"El Diario - Decano de la prensa nacional"},"image":{"@id":"https:\/\/www.eldiario.net\/portal\/#\/schema\/logo\/image\/"},"sameAs":["https:\/\/www.facebook.com\/eldiario.bolivia\/","https:\/\/x.com\/eldiario_net"]},{"@type":"Person","@id":"https:\/\/www.eldiario.net\/portal\/#\/schema\/person\/f46445640444750d7d753ccd04ae01b7","name":"Jeanette","image":{"@type":"ImageObject","inLanguage":"es","@id":"https:\/\/secure.gravatar.com\/avatar\/3ea2118a5f7dad2b7138b1187a6b7ee55f160b9968b66013c3a3ef39dd7e5798?s=96&d=mm&r=g","url":"https:\/\/secure.gravatar.com\/avatar\/3ea2118a5f7dad2b7138b1187a6b7ee55f160b9968b66013c3a3ef39dd7e5798?s=96&d=mm&r=g","contentUrl":"https:\/\/secure.gravatar.com\/avatar\/3ea2118a5f7dad2b7138b1187a6b7ee55f160b9968b66013c3a3ef39dd7e5798?s=96&d=mm&r=g","caption":"Jeanette"},"sameAs":["https:\/\/www.eldiario.net\/portal"],"url":"https:\/\/www.eldiario.net\/portal\/author\/jeanette\/"}]}},"_links":{"self":[{"href":"https:\/\/www.eldiario.net\/portal\/wp-json\/wp\/v2\/posts\/128154","targetHints":{"allow":["GET"]}}],"collection":[{"href":"https:\/\/www.eldiario.net\/portal\/wp-json\/wp\/v2\/posts"}],"about":[{"href":"https:\/\/www.eldiario.net\/portal\/wp-json\/wp\/v2\/types\/post"}],"author":[{"embeddable":true,"href":"https:\/\/www.eldiario.net\/portal\/wp-json\/wp\/v2\/users\/1"}],"replies":[{"embeddable":true,"href":"https:\/\/www.eldiario.net\/portal\/wp-json\/wp\/v2\/comments?post=128154"}],"version-history":[{"count":0,"href":"https:\/\/www.eldiario.net\/portal\/wp-json\/wp\/v2\/posts\/128154\/revisions"}],"wp:attachment":[{"href":"https:\/\/www.eldiario.net\/portal\/wp-json\/wp\/v2\/media?parent=128154"}],"wp:term":[{"taxonomy":"category","embeddable":true,"href":"https:\/\/www.eldiario.net\/portal\/wp-json\/wp\/v2\/categories?post=128154"},{"taxonomy":"post_tag","embeddable":true,"href":"https:\/\/www.eldiario.net\/portal\/wp-json\/wp\/v2\/tags?post=128154"}],"curies":[{"name":"wp","href":"https:\/\/api.w.org\/{rel}","templated":true}]}}