{"id":128151,"date":"2022-12-17T06:22:38","date_gmt":"2022-12-17T10:22:38","guid":{"rendered":"https:\/\/www.eldiario.net\/portal\/?p=128151"},"modified":"2022-12-17T06:22:38","modified_gmt":"2022-12-17T10:22:38","slug":"durante-cinco-dias-un-tren-navideno-recorrera-por-seis-ciudades-del-pais","status":"publish","type":"post","link":"https:\/\/www.eldiario.net\/portal\/2022\/12\/17\/durante-cinco-dias-un-tren-navideno-recorrera-por-seis-ciudades-del-pais\/","title":{"rendered":"Durante cinco d\u00edas un tren navide\u00f1o recorrer\u00e1 por seis ciudades del pa\u00eds"},"content":{"rendered":"<p>Por tercer a\u00f1o, a excepci\u00f3n del 2020, Ferroviaria Andina realiza el recorrido del Tren Navide\u00f1o acompa\u00f1ado de personajes y regalos. En esta oportunidad, del 19 al 23 de diciembre, unir\u00e1 a seis ciudades del sur de Bolivia comenzando en Tupiza y terminando en Viacha.<br \/>\nDe acuerdo con los organizadores, el recorrido comienza en Tupiza y Villaz\u00f3n, el 19 de diciembre; luego pasa a Uyuni, el martes 20; contin\u00faa en Potos\u00ed, el mi\u00e9rcoles 21; para llegar a Oruro, el jueves 22 y terminar su recorrido el viernes 23 en la estaci\u00f3n de Viacha, La Paz.<br \/>\nEl Tren Navide\u00f1o desplegar\u00e1 alegr\u00eda a su paso, porque llevar\u00e1 un hermoso decorado y mucha ilusi\u00f3n.<br \/>\n\u201cNuestro Tren Navide\u00f1o es una tradici\u00f3n que cada a\u00f1o se robustece, con la participaci\u00f3n de empresas e instituciones. Este a\u00f1o ser\u00e1 la primera vez que lo haremos desde Villaz\u00f3n hasta Viacha. Invitamos a todas las familias a que presencien el recorrido con sus hijos\u201d, se\u00f1al\u00f3 el gerente general de la empresa, Rodolfo Cachambi.<br \/>\nDetall\u00f3 que en cada distrito se coordinar\u00e1n diferentes actividades adicionales, por ejemplo, en las estaciones estar\u00e1n coros navide\u00f1os.<br \/>\n\u201cEl Tren Navide\u00f1o consta de una locomotora adornada e iluminada, un vag\u00f3n plano con un trineo traccionado con una peque\u00f1a locomotora a vapor y en el mismo van los personajes navide\u00f1os como Papa Noel y el Grinch, que ser\u00e1n representados por funcionarios de la empresa y sus familias\u201d, agreg\u00f3 el ejecutivo.<br \/>\nTambi\u00e9n habr\u00e1 un cami\u00f3n balastrero con regalos gigantes y otros vagones de empresas e instituciones que se han sumado a la iniciativa, que lucir\u00e1n grandes decorados.<br \/>\n\u201cCada a\u00f1o esta iniciativa es esperada por las familias de todos nuestros distritos en donde operamos. El a\u00f1o pasado lo hicimos desde Uyuni hasta Viacha, pero este a\u00f1o nos hemos extendido hasta Villaz\u00f3n y Tupiza\u201d, anunci\u00f3 Cachambi.<br \/>\nResalt\u00f3 que esta actividad tambi\u00e9n es un elemento de cohesi\u00f3n interna entre los trabajadores de la empresa que ponen el hombre a la iniciativa, con mucho desprendimiento y compromiso.<\/p>\n","protected":false},"excerpt":{"rendered":"<p>Por tercer a\u00f1o, a excepci\u00f3n del 2020, Ferroviaria Andina realiza el recorrido del Tren Navide\u00f1o acompa\u00f1ado de personajes y regalos. En esta oportunidad, del 19 al 23 de diciembre, unir\u00e1 a seis ciudades del sur de Bolivia comenzando en Tupiza y terminando en Viacha. De acuerdo con los organizadores, el recorrido comienza en Tupiza y [&hellip;]<\/p>\n","protected":false},"author":1,"featured_media":128152,"comment_status":"closed","ping_status":"closed","sticky":false,"template":"","format":"standard","meta":{"_acf_changed":false,"footnotes":""},"categories":[12],"tags":[],"class_list":["post-128151","post","type-post","status-publish","format-standard","has-post-thumbnail","category-nacional"],"acf":{"antetitulo":""},"yoast_head":"<!-- This site is optimized with the Yoast SEO plugin v28.4 - https:\/\/yoast.com\/product\/yoast-seo-wordpress\/ -->\n<title>Durante cinco d\u00edas un tren navide\u00f1o recorrer\u00e1 por seis ciudades del pa\u00eds - El Diario - Bolivia<\/title>\n<meta name=\"robots\" content=\"index, follow, max-snippet:-1, max-image-preview:large, max-video-preview:-1\" \/>\n<link rel=\"canonical\" href=\"https:\/\/www.eldiario.net\/portal\/2022\/12\/17\/durante-cinco-dias-un-tren-navideno-recorrera-por-seis-ciudades-del-pais\/\" \/>\n<meta property=\"og:locale\" content=\"es_ES\" \/>\n<meta property=\"og:type\" content=\"article\" \/>\n<meta property=\"og:title\" content=\"Durante cinco d\u00edas un tren navide\u00f1o recorrer\u00e1 por seis ciudades del pa\u00eds - El Diario - Bolivia\" \/>\n<meta property=\"og:description\" content=\"Por tercer a\u00f1o, a excepci\u00f3n del 2020, Ferroviaria Andina realiza el recorrido del Tren Navide\u00f1o acompa\u00f1ado de personajes y regalos. En esta oportunidad, del 19 al 23 de diciembre, unir\u00e1 a seis ciudades del sur de Bolivia comenzando en Tupiza y terminando en Viacha. De acuerdo con los organizadores, el recorrido comienza en Tupiza y [&hellip;]\" \/>\n<meta property=\"og:url\" content=\"https:\/\/www.eldiario.net\/portal\/2022\/12\/17\/durante-cinco-dias-un-tren-navideno-recorrera-por-seis-ciudades-del-pais\/\" \/>\n<meta property=\"og:site_name\" content=\"El Diario - Bolivia\" \/>\n<meta property=\"article:publisher\" content=\"https:\/\/www.facebook.com\/eldiario.bolivia\/\" \/>\n<meta property=\"article:published_time\" content=\"2022-12-17T10:22:38+00:00\" \/>\n<meta name=\"author\" content=\"Jeanette\" \/>\n<meta name=\"twitter:card\" content=\"summary_large_image\" \/>\n<meta name=\"twitter:creator\" content=\"@eldiario_net\" \/>\n<meta name=\"twitter:site\" content=\"@eldiario_net\" \/>\n<meta name=\"twitter:label1\" content=\"Escrito por\" \/>\n\t<meta name=\"twitter:data1\" content=\"Jeanette\" \/>\n\t<meta name=\"twitter:label2\" content=\"Tiempo de lectura\" \/>\n\t<meta name=\"twitter:data2\" content=\"2 minutos\" \/>\n<script type=\"application\/ld+json\" class=\"yoast-schema-graph\">{\"@context\":\"https:\\\/\\\/schema.org\",\"@graph\":[{\"@type\":\"Article\",\"@id\":\"https:\\\/\\\/www.eldiario.net\\\/portal\\\/2022\\\/12\\\/17\\\/durante-cinco-dias-un-tren-navideno-recorrera-por-seis-ciudades-del-pais\\\/#article\",\"isPartOf\":{\"@id\":\"https:\\\/\\\/www.eldiario.net\\\/portal\\\/2022\\\/12\\\/17\\\/durante-cinco-dias-un-tren-navideno-recorrera-por-seis-ciudades-del-pais\\\/\"},\"author\":{\"name\":\"Jeanette\",\"@id\":\"https:\\\/\\\/www.eldiario.net\\\/portal\\\/#\\\/schema\\\/person\\\/f46445640444750d7d753ccd04ae01b7\"},\"headline\":\"Durante cinco d\u00edas un tren navide\u00f1o recorrer\u00e1 por seis ciudades del pa\u00eds\",\"datePublished\":\"2022-12-17T10:22:38+00:00\",\"mainEntityOfPage\":{\"@id\":\"https:\\\/\\\/www.eldiario.net\\\/portal\\\/2022\\\/12\\\/17\\\/durante-cinco-dias-un-tren-navideno-recorrera-por-seis-ciudades-del-pais\\\/\"},\"wordCount\":366,\"publisher\":{\"@id\":\"https:\\\/\\\/www.eldiario.net\\\/portal\\\/#organization\"},\"image\":{\"@id\":\"https:\\\/\\\/www.eldiario.net\\\/portal\\\/2022\\\/12\\\/17\\\/durante-cinco-dias-un-tren-navideno-recorrera-por-seis-ciudades-del-pais\\\/#primaryimage\"},\"thumbnailUrl\":\"\",\"articleSection\":[\"Nacional\"],\"inLanguage\":\"es\"},{\"@type\":\"WebPage\",\"@id\":\"https:\\\/\\\/www.eldiario.net\\\/portal\\\/2022\\\/12\\\/17\\\/durante-cinco-dias-un-tren-navideno-recorrera-por-seis-ciudades-del-pais\\\/\",\"url\":\"https:\\\/\\\/www.eldiario.net\\\/portal\\\/2022\\\/12\\\/17\\\/durante-cinco-dias-un-tren-navideno-recorrera-por-seis-ciudades-del-pais\\\/\",\"name\":\"Durante cinco d\u00edas un tren navide\u00f1o recorrer\u00e1 por seis ciudades del pa\u00eds - El Diario - Bolivia\",\"isPartOf\":{\"@id\":\"https:\\\/\\\/www.eldiario.net\\\/portal\\\/#website\"},\"primaryImageOfPage\":{\"@id\":\"https:\\\/\\\/www.eldiario.net\\\/portal\\\/2022\\\/12\\\/17\\\/durante-cinco-dias-un-tren-navideno-recorrera-por-seis-ciudades-del-pais\\\/#primaryimage\"},\"image\":{\"@id\":\"https:\\\/\\\/www.eldiario.net\\\/portal\\\/2022\\\/12\\\/17\\\/durante-cinco-dias-un-tren-navideno-recorrera-por-seis-ciudades-del-pais\\\/#primaryimage\"},\"thumbnailUrl\":\"\",\"datePublished\":\"2022-12-17T10:22:38+00:00\",\"breadcrumb\":{\"@id\":\"https:\\\/\\\/www.eldiario.net\\\/portal\\\/2022\\\/12\\\/17\\\/durante-cinco-dias-un-tren-navideno-recorrera-por-seis-ciudades-del-pais\\\/#breadcrumb\"},\"inLanguage\":\"es\",\"potentialAction\":[{\"@type\":\"ReadAction\",\"target\":[\"https:\\\/\\\/www.eldiario.net\\\/portal\\\/2022\\\/12\\\/17\\\/durante-cinco-dias-un-tren-navideno-recorrera-por-seis-ciudades-del-pais\\\/\"]}]},{\"@type\":\"ImageObject\",\"inLanguage\":\"es\",\"@id\":\"https:\\\/\\\/www.eldiario.net\\\/portal\\\/2022\\\/12\\\/17\\\/durante-cinco-dias-un-tren-navideno-recorrera-por-seis-ciudades-del-pais\\\/#primaryimage\",\"url\":\"\",\"contentUrl\":\"\"},{\"@type\":\"BreadcrumbList\",\"@id\":\"https:\\\/\\\/www.eldiario.net\\\/portal\\\/2022\\\/12\\\/17\\\/durante-cinco-dias-un-tren-navideno-recorrera-por-seis-ciudades-del-pais\\\/#breadcrumb\",\"itemListElement\":[{\"@type\":\"ListItem\",\"position\":1,\"name\":\"Portada\",\"item\":\"https:\\\/\\\/www.eldiario.net\\\/portal\\\/\"},{\"@type\":\"ListItem\",\"position\":2,\"name\":\"Durante cinco d\u00edas un tren navide\u00f1o recorrer\u00e1 por seis ciudades del pa\u00eds\"}]},{\"@type\":\"WebSite\",\"@id\":\"https:\\\/\\\/www.eldiario.net\\\/portal\\\/#website\",\"url\":\"https:\\\/\\\/www.eldiario.net\\\/portal\\\/\",\"name\":\"El Diario - Decano de la prensa nacional\",\"description\":\"El Diario - Decano de la prensa nacional\",\"publisher\":{\"@id\":\"https:\\\/\\\/www.eldiario.net\\\/portal\\\/#organization\"},\"potentialAction\":[{\"@type\":\"SearchAction\",\"target\":{\"@type\":\"EntryPoint\",\"urlTemplate\":\"https:\\\/\\\/www.eldiario.net\\\/portal\\\/?s={search_term_string}\"},\"query-input\":{\"@type\":\"PropertyValueSpecification\",\"valueRequired\":true,\"valueName\":\"search_term_string\"}}],\"inLanguage\":\"es\"},{\"@type\":\"Organization\",\"@id\":\"https:\\\/\\\/www.eldiario.net\\\/portal\\\/#organization\",\"name\":\"El Diario - Decano de la prensa nacional\",\"url\":\"https:\\\/\\\/www.eldiario.net\\\/portal\\\/\",\"logo\":{\"@type\":\"ImageObject\",\"inLanguage\":\"es\",\"@id\":\"https:\\\/\\\/www.eldiario.net\\\/portal\\\/#\\\/schema\\\/logo\\\/image\\\/\",\"url\":\"https:\\\/\\\/www.eldiario.net\\\/portal\\\/wp-content\\\/uploads\\\/2023\\\/07\\\/logo_ED.jpg\",\"contentUrl\":\"https:\\\/\\\/www.eldiario.net\\\/portal\\\/wp-content\\\/uploads\\\/2023\\\/07\\\/logo_ED.jpg\",\"width\":272,\"height\":52,\"caption\":\"El Diario - Decano de la prensa nacional\"},\"image\":{\"@id\":\"https:\\\/\\\/www.eldiario.net\\\/portal\\\/#\\\/schema\\\/logo\\\/image\\\/\"},\"sameAs\":[\"https:\\\/\\\/www.facebook.com\\\/eldiario.bolivia\\\/\",\"https:\\\/\\\/x.com\\\/eldiario_net\"]},{\"@type\":\"Person\",\"@id\":\"https:\\\/\\\/www.eldiario.net\\\/portal\\\/#\\\/schema\\\/person\\\/f46445640444750d7d753ccd04ae01b7\",\"name\":\"Jeanette\",\"image\":{\"@type\":\"ImageObject\",\"inLanguage\":\"es\",\"@id\":\"https:\\\/\\\/secure.gravatar.com\\\/avatar\\\/3ea2118a5f7dad2b7138b1187a6b7ee55f160b9968b66013c3a3ef39dd7e5798?s=96&d=mm&r=g\",\"url\":\"https:\\\/\\\/secure.gravatar.com\\\/avatar\\\/3ea2118a5f7dad2b7138b1187a6b7ee55f160b9968b66013c3a3ef39dd7e5798?s=96&d=mm&r=g\",\"contentUrl\":\"https:\\\/\\\/secure.gravatar.com\\\/avatar\\\/3ea2118a5f7dad2b7138b1187a6b7ee55f160b9968b66013c3a3ef39dd7e5798?s=96&d=mm&r=g\",\"caption\":\"Jeanette\"},\"sameAs\":[\"https:\\\/\\\/www.eldiario.net\\\/portal\"],\"url\":\"https:\\\/\\\/www.eldiario.net\\\/portal\\\/author\\\/jeanette\\\/\"}]}<\/script>\n<!-- \/ Yoast SEO plugin. -->","yoast_head_json":{"title":"Durante cinco d\u00edas un tren navide\u00f1o recorrer\u00e1 por seis ciudades del pa\u00eds - El Diario - Bolivia","robots":{"index":"index","follow":"follow","max-snippet":"max-snippet:-1","max-image-preview":"max-image-preview:large","max-video-preview":"max-video-preview:-1"},"canonical":"https:\/\/www.eldiario.net\/portal\/2022\/12\/17\/durante-cinco-dias-un-tren-navideno-recorrera-por-seis-ciudades-del-pais\/","og_locale":"es_ES","og_type":"article","og_title":"Durante cinco d\u00edas un tren navide\u00f1o recorrer\u00e1 por seis ciudades del pa\u00eds - El Diario - Bolivia","og_description":"Por tercer a\u00f1o, a excepci\u00f3n del 2020, Ferroviaria Andina realiza el recorrido del Tren Navide\u00f1o acompa\u00f1ado de personajes y regalos. En esta oportunidad, del 19 al 23 de diciembre, unir\u00e1 a seis ciudades del sur de Bolivia comenzando en Tupiza y terminando en Viacha. De acuerdo con los organizadores, el recorrido comienza en Tupiza y [&hellip;]","og_url":"https:\/\/www.eldiario.net\/portal\/2022\/12\/17\/durante-cinco-dias-un-tren-navideno-recorrera-por-seis-ciudades-del-pais\/","og_site_name":"El Diario - Bolivia","article_publisher":"https:\/\/www.facebook.com\/eldiario.bolivia\/","article_published_time":"2022-12-17T10:22:38+00:00","author":"Jeanette","twitter_card":"summary_large_image","twitter_creator":"@eldiario_net","twitter_site":"@eldiario_net","twitter_misc":{"Escrito por":"Jeanette","Tiempo de lectura":"2 minutos"},"schema":{"@context":"https:\/\/schema.org","@graph":[{"@type":"Article","@id":"https:\/\/www.eldiario.net\/portal\/2022\/12\/17\/durante-cinco-dias-un-tren-navideno-recorrera-por-seis-ciudades-del-pais\/#article","isPartOf":{"@id":"https:\/\/www.eldiario.net\/portal\/2022\/12\/17\/durante-cinco-dias-un-tren-navideno-recorrera-por-seis-ciudades-del-pais\/"},"author":{"name":"Jeanette","@id":"https:\/\/www.eldiario.net\/portal\/#\/schema\/person\/f46445640444750d7d753ccd04ae01b7"},"headline":"Durante cinco d\u00edas un tren navide\u00f1o recorrer\u00e1 por seis ciudades del pa\u00eds","datePublished":"2022-12-17T10:22:38+00:00","mainEntityOfPage":{"@id":"https:\/\/www.eldiario.net\/portal\/2022\/12\/17\/durante-cinco-dias-un-tren-navideno-recorrera-por-seis-ciudades-del-pais\/"},"wordCount":366,"publisher":{"@id":"https:\/\/www.eldiario.net\/portal\/#organization"},"image":{"@id":"https:\/\/www.eldiario.net\/portal\/2022\/12\/17\/durante-cinco-dias-un-tren-navideno-recorrera-por-seis-ciudades-del-pais\/#primaryimage"},"thumbnailUrl":"","articleSection":["Nacional"],"inLanguage":"es"},{"@type":"WebPage","@id":"https:\/\/www.eldiario.net\/portal\/2022\/12\/17\/durante-cinco-dias-un-tren-navideno-recorrera-por-seis-ciudades-del-pais\/","url":"https:\/\/www.eldiario.net\/portal\/2022\/12\/17\/durante-cinco-dias-un-tren-navideno-recorrera-por-seis-ciudades-del-pais\/","name":"Durante cinco d\u00edas un tren navide\u00f1o recorrer\u00e1 por seis ciudades del pa\u00eds - El Diario - Bolivia","isPartOf":{"@id":"https:\/\/www.eldiario.net\/portal\/#website"},"primaryImageOfPage":{"@id":"https:\/\/www.eldiario.net\/portal\/2022\/12\/17\/durante-cinco-dias-un-tren-navideno-recorrera-por-seis-ciudades-del-pais\/#primaryimage"},"image":{"@id":"https:\/\/www.eldiario.net\/portal\/2022\/12\/17\/durante-cinco-dias-un-tren-navideno-recorrera-por-seis-ciudades-del-pais\/#primaryimage"},"thumbnailUrl":"","datePublished":"2022-12-17T10:22:38+00:00","breadcrumb":{"@id":"https:\/\/www.eldiario.net\/portal\/2022\/12\/17\/durante-cinco-dias-un-tren-navideno-recorrera-por-seis-ciudades-del-pais\/#breadcrumb"},"inLanguage":"es","potentialAction":[{"@type":"ReadAction","target":["https:\/\/www.eldiario.net\/portal\/2022\/12\/17\/durante-cinco-dias-un-tren-navideno-recorrera-por-seis-ciudades-del-pais\/"]}]},{"@type":"ImageObject","inLanguage":"es","@id":"https:\/\/www.eldiario.net\/portal\/2022\/12\/17\/durante-cinco-dias-un-tren-navideno-recorrera-por-seis-ciudades-del-pais\/#primaryimage","url":"","contentUrl":""},{"@type":"BreadcrumbList","@id":"https:\/\/www.eldiario.net\/portal\/2022\/12\/17\/durante-cinco-dias-un-tren-navideno-recorrera-por-seis-ciudades-del-pais\/#breadcrumb","itemListElement":[{"@type":"ListItem","position":1,"name":"Portada","item":"https:\/\/www.eldiario.net\/portal\/"},{"@type":"ListItem","position":2,"name":"Durante cinco d\u00edas un tren navide\u00f1o recorrer\u00e1 por seis ciudades del pa\u00eds"}]},{"@type":"WebSite","@id":"https:\/\/www.eldiario.net\/portal\/#website","url":"https:\/\/www.eldiario.net\/portal\/","name":"El Diario - Decano de la prensa nacional","description":"El Diario - Decano de la prensa nacional","publisher":{"@id":"https:\/\/www.eldiario.net\/portal\/#organization"},"potentialAction":[{"@type":"SearchAction","target":{"@type":"EntryPoint","urlTemplate":"https:\/\/www.eldiario.net\/portal\/?s={search_term_string}"},"query-input":{"@type":"PropertyValueSpecification","valueRequired":true,"valueName":"search_term_string"}}],"inLanguage":"es"},{"@type":"Organization","@id":"https:\/\/www.eldiario.net\/portal\/#organization","name":"El Diario - Decano de la prensa nacional","url":"https:\/\/www.eldiario.net\/portal\/","logo":{"@type":"ImageObject","inLanguage":"es","@id":"https:\/\/www.eldiario.net\/portal\/#\/schema\/logo\/image\/","url":"https:\/\/www.eldiario.net\/portal\/wp-content\/uploads\/2023\/07\/logo_ED.jpg","contentUrl":"https:\/\/www.eldiario.net\/portal\/wp-content\/uploads\/2023\/07\/logo_ED.jpg","width":272,"height":52,"caption":"El Diario - Decano de la prensa nacional"},"image":{"@id":"https:\/\/www.eldiario.net\/portal\/#\/schema\/logo\/image\/"},"sameAs":["https:\/\/www.facebook.com\/eldiario.bolivia\/","https:\/\/x.com\/eldiario_net"]},{"@type":"Person","@id":"https:\/\/www.eldiario.net\/portal\/#\/schema\/person\/f46445640444750d7d753ccd04ae01b7","name":"Jeanette","image":{"@type":"ImageObject","inLanguage":"es","@id":"https:\/\/secure.gravatar.com\/avatar\/3ea2118a5f7dad2b7138b1187a6b7ee55f160b9968b66013c3a3ef39dd7e5798?s=96&d=mm&r=g","url":"https:\/\/secure.gravatar.com\/avatar\/3ea2118a5f7dad2b7138b1187a6b7ee55f160b9968b66013c3a3ef39dd7e5798?s=96&d=mm&r=g","contentUrl":"https:\/\/secure.gravatar.com\/avatar\/3ea2118a5f7dad2b7138b1187a6b7ee55f160b9968b66013c3a3ef39dd7e5798?s=96&d=mm&r=g","caption":"Jeanette"},"sameAs":["https:\/\/www.eldiario.net\/portal"],"url":"https:\/\/www.eldiario.net\/portal\/author\/jeanette\/"}]}},"_links":{"self":[{"href":"https:\/\/www.eldiario.net\/portal\/wp-json\/wp\/v2\/posts\/128151","targetHints":{"allow":["GET"]}}],"collection":[{"href":"https:\/\/www.eldiario.net\/portal\/wp-json\/wp\/v2\/posts"}],"about":[{"href":"https:\/\/www.eldiario.net\/portal\/wp-json\/wp\/v2\/types\/post"}],"author":[{"embeddable":true,"href":"https:\/\/www.eldiario.net\/portal\/wp-json\/wp\/v2\/users\/1"}],"replies":[{"embeddable":true,"href":"https:\/\/www.eldiario.net\/portal\/wp-json\/wp\/v2\/comments?post=128151"}],"version-history":[{"count":0,"href":"https:\/\/www.eldiario.net\/portal\/wp-json\/wp\/v2\/posts\/128151\/revisions"}],"wp:attachment":[{"href":"https:\/\/www.eldiario.net\/portal\/wp-json\/wp\/v2\/media?parent=128151"}],"wp:term":[{"taxonomy":"category","embeddable":true,"href":"https:\/\/www.eldiario.net\/portal\/wp-json\/wp\/v2\/categories?post=128151"},{"taxonomy":"post_tag","embeddable":true,"href":"https:\/\/www.eldiario.net\/portal\/wp-json\/wp\/v2\/tags?post=128151"}],"curies":[{"name":"wp","href":"https:\/\/api.w.org\/{rel}","templated":true}]}}