{"id":128149,"date":"2022-12-17T06:21:49","date_gmt":"2022-12-17T10:21:49","guid":{"rendered":"https:\/\/www.eldiario.net\/portal\/?p=128149"},"modified":"2022-12-17T06:21:49","modified_gmt":"2022-12-17T10:21:49","slug":"hospital-la-portada-da-atencion-medica-gratuita","status":"publish","type":"post","link":"https:\/\/www.eldiario.net\/portal\/2022\/12\/17\/hospital-la-portada-da-atencion-medica-gratuita\/","title":{"rendered":"Hospital La Portada da atenci\u00f3n m\u00e9dica gratuita"},"content":{"rendered":"<p>Como regalo de Navidad, hoy el personal del Hospital Municipal La Portada, ubicado en el macrodistrito Max Paredes, brindar\u00e1 atenci\u00f3n gratuita en medicina general a la poblaci\u00f3n. Las consultas ser\u00e1n de 8:00 a 14:00 horas.<br \/>\n\u201cEste s\u00e1bado (por hoy) como regalo a todos nuestros pacientes, vamos a dar un regalo muy especial en medicina general, vamos a atender gratuitamente a todos los pacientes que se asomen a nuestro hospital desde las 08:00 hasta las 14:00, vamos a estar atendiendo en medicina general y ser\u00e1 totalmente gratuito el servicio\u201d, inform\u00f3 el jefe m\u00e9dico del nosocomio pace\u00f1o, Daniel Villegas.<br \/>\nLa poblaci\u00f3n puede acceder este s\u00e1bado a un examen f\u00edsico completo, donde se les controlar\u00e1 la presi\u00f3n arterial, se medir\u00e1n los signos vitales con el objetivo de diagnosticar posibles patolog\u00edas y descartar enfermedades.<br \/>\n\u201cNo necesitas estar enfermo para acudir al hospital, necesitas en realidad prevenir, por ello hemos habilitado m\u00e9dicos generales que van a atender, van a atender lo que es presi\u00f3n arterial, signos vitales, un examen f\u00edsico completo, para que no solamente se pueden diagnosticar posibles patolog\u00edas, sino tambi\u00e9n para saber que estamos sanos, estamos bien, la parte de nutrici\u00f3n tambi\u00e9n se va a poder ver en ese momento\u201d, precis\u00f3.<br \/>\nPara las atenciones se habilitar\u00e1n seis consultorios. El Hospital La Portada se ubica en la avenida La Florida de la zona La Portada.<br \/>\nVillegas invit\u00f3 a la poblaci\u00f3n a prevenir enfermedades y realizarse un control m\u00e9dico anual. \u201cQueremos invitar a toda nuestra poblaci\u00f3n para que pueda apersonarse al Hospital Municipal La Portada, que abre sus puertas en medicina general para prevenir patolog\u00edas y puedan ser detectadas, por lo menos se debe de hacer un chequeo anual de medicina general y ver c\u00f3mo estamos y sobre todo, mostrar nuestro cari\u00f1o y amor hacia nuestros ciudadanos\u201d.<br \/>\nPor Navidad, en este nosocomio realizar\u00e1n una chocolatada para los ni\u00f1os de la zona e invitan a traer juguetes para que sean obsequiados el d\u00eda del \u00e1gape.<\/p>\n","protected":false},"excerpt":{"rendered":"<p>Como regalo de Navidad, hoy el personal del Hospital Municipal La Portada, ubicado en el macrodistrito Max Paredes, brindar\u00e1 atenci\u00f3n gratuita en medicina general a la poblaci\u00f3n. Las consultas ser\u00e1n de 8:00 a 14:00 horas. \u201cEste s\u00e1bado (por hoy) como regalo a todos nuestros pacientes, vamos a dar un regalo muy especial en medicina general, [&hellip;]<\/p>\n","protected":false},"author":1,"featured_media":0,"comment_status":"closed","ping_status":"closed","sticky":false,"template":"","format":"standard","meta":{"_acf_changed":false,"footnotes":""},"categories":[12],"tags":[],"class_list":["post-128149","post","type-post","status-publish","format-standard","category-nacional"],"acf":{"antetitulo":""},"yoast_head":"<!-- This site is optimized with the Yoast SEO plugin v28.4 - https:\/\/yoast.com\/product\/yoast-seo-wordpress\/ -->\n<title>Hospital La Portada da atenci\u00f3n m\u00e9dica gratuita - El Diario - Bolivia<\/title>\n<meta name=\"robots\" content=\"index, follow, max-snippet:-1, max-image-preview:large, max-video-preview:-1\" \/>\n<link rel=\"canonical\" href=\"https:\/\/www.eldiario.net\/portal\/2022\/12\/17\/hospital-la-portada-da-atencion-medica-gratuita\/\" \/>\n<meta property=\"og:locale\" content=\"es_ES\" \/>\n<meta property=\"og:type\" content=\"article\" \/>\n<meta property=\"og:title\" content=\"Hospital La Portada da atenci\u00f3n m\u00e9dica gratuita - El Diario - Bolivia\" \/>\n<meta property=\"og:description\" content=\"Como regalo de Navidad, hoy el personal del Hospital Municipal La Portada, ubicado en el macrodistrito Max Paredes, brindar\u00e1 atenci\u00f3n gratuita en medicina general a la poblaci\u00f3n. Las consultas ser\u00e1n de 8:00 a 14:00 horas. \u201cEste s\u00e1bado (por hoy) como regalo a todos nuestros pacientes, vamos a dar un regalo muy especial en medicina general, [&hellip;]\" \/>\n<meta property=\"og:url\" content=\"https:\/\/www.eldiario.net\/portal\/2022\/12\/17\/hospital-la-portada-da-atencion-medica-gratuita\/\" \/>\n<meta property=\"og:site_name\" content=\"El Diario - Bolivia\" \/>\n<meta property=\"article:publisher\" content=\"https:\/\/www.facebook.com\/eldiario.bolivia\/\" \/>\n<meta property=\"article:published_time\" content=\"2022-12-17T10:21:49+00:00\" \/>\n<meta name=\"author\" content=\"Jeanette\" \/>\n<meta name=\"twitter:card\" content=\"summary_large_image\" \/>\n<meta name=\"twitter:creator\" content=\"@eldiario_net\" \/>\n<meta name=\"twitter:site\" content=\"@eldiario_net\" \/>\n<meta name=\"twitter:label1\" content=\"Escrito por\" \/>\n\t<meta name=\"twitter:data1\" content=\"Jeanette\" \/>\n<script type=\"application\/ld+json\" class=\"yoast-schema-graph\">{\"@context\":\"https:\\\/\\\/schema.org\",\"@graph\":[{\"@type\":\"Article\",\"@id\":\"https:\\\/\\\/www.eldiario.net\\\/portal\\\/2022\\\/12\\\/17\\\/hospital-la-portada-da-atencion-medica-gratuita\\\/#article\",\"isPartOf\":{\"@id\":\"https:\\\/\\\/www.eldiario.net\\\/portal\\\/2022\\\/12\\\/17\\\/hospital-la-portada-da-atencion-medica-gratuita\\\/\"},\"author\":{\"name\":\"Jeanette\",\"@id\":\"https:\\\/\\\/www.eldiario.net\\\/portal\\\/#\\\/schema\\\/person\\\/f46445640444750d7d753ccd04ae01b7\"},\"headline\":\"Hospital La Portada da atenci\u00f3n m\u00e9dica gratuita\",\"datePublished\":\"2022-12-17T10:21:49+00:00\",\"mainEntityOfPage\":{\"@id\":\"https:\\\/\\\/www.eldiario.net\\\/portal\\\/2022\\\/12\\\/17\\\/hospital-la-portada-da-atencion-medica-gratuita\\\/\"},\"wordCount\":353,\"publisher\":{\"@id\":\"https:\\\/\\\/www.eldiario.net\\\/portal\\\/#organization\"},\"articleSection\":[\"Nacional\"],\"inLanguage\":\"es\"},{\"@type\":\"WebPage\",\"@id\":\"https:\\\/\\\/www.eldiario.net\\\/portal\\\/2022\\\/12\\\/17\\\/hospital-la-portada-da-atencion-medica-gratuita\\\/\",\"url\":\"https:\\\/\\\/www.eldiario.net\\\/portal\\\/2022\\\/12\\\/17\\\/hospital-la-portada-da-atencion-medica-gratuita\\\/\",\"name\":\"Hospital La Portada da atenci\u00f3n m\u00e9dica gratuita - El Diario - Bolivia\",\"isPartOf\":{\"@id\":\"https:\\\/\\\/www.eldiario.net\\\/portal\\\/#website\"},\"datePublished\":\"2022-12-17T10:21:49+00:00\",\"breadcrumb\":{\"@id\":\"https:\\\/\\\/www.eldiario.net\\\/portal\\\/2022\\\/12\\\/17\\\/hospital-la-portada-da-atencion-medica-gratuita\\\/#breadcrumb\"},\"inLanguage\":\"es\",\"potentialAction\":[{\"@type\":\"ReadAction\",\"target\":[\"https:\\\/\\\/www.eldiario.net\\\/portal\\\/2022\\\/12\\\/17\\\/hospital-la-portada-da-atencion-medica-gratuita\\\/\"]}]},{\"@type\":\"BreadcrumbList\",\"@id\":\"https:\\\/\\\/www.eldiario.net\\\/portal\\\/2022\\\/12\\\/17\\\/hospital-la-portada-da-atencion-medica-gratuita\\\/#breadcrumb\",\"itemListElement\":[{\"@type\":\"ListItem\",\"position\":1,\"name\":\"Portada\",\"item\":\"https:\\\/\\\/www.eldiario.net\\\/portal\\\/\"},{\"@type\":\"ListItem\",\"position\":2,\"name\":\"Hospital La Portada da atenci\u00f3n m\u00e9dica gratuita\"}]},{\"@type\":\"WebSite\",\"@id\":\"https:\\\/\\\/www.eldiario.net\\\/portal\\\/#website\",\"url\":\"https:\\\/\\\/www.eldiario.net\\\/portal\\\/\",\"name\":\"El Diario - Decano de la prensa nacional\",\"description\":\"El Diario - Decano de la prensa nacional\",\"publisher\":{\"@id\":\"https:\\\/\\\/www.eldiario.net\\\/portal\\\/#organization\"},\"potentialAction\":[{\"@type\":\"SearchAction\",\"target\":{\"@type\":\"EntryPoint\",\"urlTemplate\":\"https:\\\/\\\/www.eldiario.net\\\/portal\\\/?s={search_term_string}\"},\"query-input\":{\"@type\":\"PropertyValueSpecification\",\"valueRequired\":true,\"valueName\":\"search_term_string\"}}],\"inLanguage\":\"es\"},{\"@type\":\"Organization\",\"@id\":\"https:\\\/\\\/www.eldiario.net\\\/portal\\\/#organization\",\"name\":\"El Diario - Decano de la prensa nacional\",\"url\":\"https:\\\/\\\/www.eldiario.net\\\/portal\\\/\",\"logo\":{\"@type\":\"ImageObject\",\"inLanguage\":\"es\",\"@id\":\"https:\\\/\\\/www.eldiario.net\\\/portal\\\/#\\\/schema\\\/logo\\\/image\\\/\",\"url\":\"https:\\\/\\\/www.eldiario.net\\\/portal\\\/wp-content\\\/uploads\\\/2023\\\/07\\\/logo_ED.jpg\",\"contentUrl\":\"https:\\\/\\\/www.eldiario.net\\\/portal\\\/wp-content\\\/uploads\\\/2023\\\/07\\\/logo_ED.jpg\",\"width\":272,\"height\":52,\"caption\":\"El Diario - Decano de la prensa nacional\"},\"image\":{\"@id\":\"https:\\\/\\\/www.eldiario.net\\\/portal\\\/#\\\/schema\\\/logo\\\/image\\\/\"},\"sameAs\":[\"https:\\\/\\\/www.facebook.com\\\/eldiario.bolivia\\\/\",\"https:\\\/\\\/x.com\\\/eldiario_net\"]},{\"@type\":\"Person\",\"@id\":\"https:\\\/\\\/www.eldiario.net\\\/portal\\\/#\\\/schema\\\/person\\\/f46445640444750d7d753ccd04ae01b7\",\"name\":\"Jeanette\",\"image\":{\"@type\":\"ImageObject\",\"inLanguage\":\"es\",\"@id\":\"https:\\\/\\\/secure.gravatar.com\\\/avatar\\\/3ea2118a5f7dad2b7138b1187a6b7ee55f160b9968b66013c3a3ef39dd7e5798?s=96&d=mm&r=g\",\"url\":\"https:\\\/\\\/secure.gravatar.com\\\/avatar\\\/3ea2118a5f7dad2b7138b1187a6b7ee55f160b9968b66013c3a3ef39dd7e5798?s=96&d=mm&r=g\",\"contentUrl\":\"https:\\\/\\\/secure.gravatar.com\\\/avatar\\\/3ea2118a5f7dad2b7138b1187a6b7ee55f160b9968b66013c3a3ef39dd7e5798?s=96&d=mm&r=g\",\"caption\":\"Jeanette\"},\"sameAs\":[\"https:\\\/\\\/www.eldiario.net\\\/portal\"],\"url\":\"https:\\\/\\\/www.eldiario.net\\\/portal\\\/author\\\/jeanette\\\/\"}]}<\/script>\n<!-- \/ Yoast SEO plugin. -->","yoast_head_json":{"title":"Hospital La Portada da atenci\u00f3n m\u00e9dica gratuita - El Diario - Bolivia","robots":{"index":"index","follow":"follow","max-snippet":"max-snippet:-1","max-image-preview":"max-image-preview:large","max-video-preview":"max-video-preview:-1"},"canonical":"https:\/\/www.eldiario.net\/portal\/2022\/12\/17\/hospital-la-portada-da-atencion-medica-gratuita\/","og_locale":"es_ES","og_type":"article","og_title":"Hospital La Portada da atenci\u00f3n m\u00e9dica gratuita - El Diario - Bolivia","og_description":"Como regalo de Navidad, hoy el personal del Hospital Municipal La Portada, ubicado en el macrodistrito Max Paredes, brindar\u00e1 atenci\u00f3n gratuita en medicina general a la poblaci\u00f3n. Las consultas ser\u00e1n de 8:00 a 14:00 horas. \u201cEste s\u00e1bado (por hoy) como regalo a todos nuestros pacientes, vamos a dar un regalo muy especial en medicina general, [&hellip;]","og_url":"https:\/\/www.eldiario.net\/portal\/2022\/12\/17\/hospital-la-portada-da-atencion-medica-gratuita\/","og_site_name":"El Diario - Bolivia","article_publisher":"https:\/\/www.facebook.com\/eldiario.bolivia\/","article_published_time":"2022-12-17T10:21:49+00:00","author":"Jeanette","twitter_card":"summary_large_image","twitter_creator":"@eldiario_net","twitter_site":"@eldiario_net","twitter_misc":{"Escrito por":"Jeanette"},"schema":{"@context":"https:\/\/schema.org","@graph":[{"@type":"Article","@id":"https:\/\/www.eldiario.net\/portal\/2022\/12\/17\/hospital-la-portada-da-atencion-medica-gratuita\/#article","isPartOf":{"@id":"https:\/\/www.eldiario.net\/portal\/2022\/12\/17\/hospital-la-portada-da-atencion-medica-gratuita\/"},"author":{"name":"Jeanette","@id":"https:\/\/www.eldiario.net\/portal\/#\/schema\/person\/f46445640444750d7d753ccd04ae01b7"},"headline":"Hospital La Portada da atenci\u00f3n m\u00e9dica gratuita","datePublished":"2022-12-17T10:21:49+00:00","mainEntityOfPage":{"@id":"https:\/\/www.eldiario.net\/portal\/2022\/12\/17\/hospital-la-portada-da-atencion-medica-gratuita\/"},"wordCount":353,"publisher":{"@id":"https:\/\/www.eldiario.net\/portal\/#organization"},"articleSection":["Nacional"],"inLanguage":"es"},{"@type":"WebPage","@id":"https:\/\/www.eldiario.net\/portal\/2022\/12\/17\/hospital-la-portada-da-atencion-medica-gratuita\/","url":"https:\/\/www.eldiario.net\/portal\/2022\/12\/17\/hospital-la-portada-da-atencion-medica-gratuita\/","name":"Hospital La Portada da atenci\u00f3n m\u00e9dica gratuita - El Diario - Bolivia","isPartOf":{"@id":"https:\/\/www.eldiario.net\/portal\/#website"},"datePublished":"2022-12-17T10:21:49+00:00","breadcrumb":{"@id":"https:\/\/www.eldiario.net\/portal\/2022\/12\/17\/hospital-la-portada-da-atencion-medica-gratuita\/#breadcrumb"},"inLanguage":"es","potentialAction":[{"@type":"ReadAction","target":["https:\/\/www.eldiario.net\/portal\/2022\/12\/17\/hospital-la-portada-da-atencion-medica-gratuita\/"]}]},{"@type":"BreadcrumbList","@id":"https:\/\/www.eldiario.net\/portal\/2022\/12\/17\/hospital-la-portada-da-atencion-medica-gratuita\/#breadcrumb","itemListElement":[{"@type":"ListItem","position":1,"name":"Portada","item":"https:\/\/www.eldiario.net\/portal\/"},{"@type":"ListItem","position":2,"name":"Hospital La Portada da atenci\u00f3n m\u00e9dica gratuita"}]},{"@type":"WebSite","@id":"https:\/\/www.eldiario.net\/portal\/#website","url":"https:\/\/www.eldiario.net\/portal\/","name":"El Diario - Decano de la prensa nacional","description":"El Diario - Decano de la prensa nacional","publisher":{"@id":"https:\/\/www.eldiario.net\/portal\/#organization"},"potentialAction":[{"@type":"SearchAction","target":{"@type":"EntryPoint","urlTemplate":"https:\/\/www.eldiario.net\/portal\/?s={search_term_string}"},"query-input":{"@type":"PropertyValueSpecification","valueRequired":true,"valueName":"search_term_string"}}],"inLanguage":"es"},{"@type":"Organization","@id":"https:\/\/www.eldiario.net\/portal\/#organization","name":"El Diario - Decano de la prensa nacional","url":"https:\/\/www.eldiario.net\/portal\/","logo":{"@type":"ImageObject","inLanguage":"es","@id":"https:\/\/www.eldiario.net\/portal\/#\/schema\/logo\/image\/","url":"https:\/\/www.eldiario.net\/portal\/wp-content\/uploads\/2023\/07\/logo_ED.jpg","contentUrl":"https:\/\/www.eldiario.net\/portal\/wp-content\/uploads\/2023\/07\/logo_ED.jpg","width":272,"height":52,"caption":"El Diario - Decano de la prensa nacional"},"image":{"@id":"https:\/\/www.eldiario.net\/portal\/#\/schema\/logo\/image\/"},"sameAs":["https:\/\/www.facebook.com\/eldiario.bolivia\/","https:\/\/x.com\/eldiario_net"]},{"@type":"Person","@id":"https:\/\/www.eldiario.net\/portal\/#\/schema\/person\/f46445640444750d7d753ccd04ae01b7","name":"Jeanette","image":{"@type":"ImageObject","inLanguage":"es","@id":"https:\/\/secure.gravatar.com\/avatar\/3ea2118a5f7dad2b7138b1187a6b7ee55f160b9968b66013c3a3ef39dd7e5798?s=96&d=mm&r=g","url":"https:\/\/secure.gravatar.com\/avatar\/3ea2118a5f7dad2b7138b1187a6b7ee55f160b9968b66013c3a3ef39dd7e5798?s=96&d=mm&r=g","contentUrl":"https:\/\/secure.gravatar.com\/avatar\/3ea2118a5f7dad2b7138b1187a6b7ee55f160b9968b66013c3a3ef39dd7e5798?s=96&d=mm&r=g","caption":"Jeanette"},"sameAs":["https:\/\/www.eldiario.net\/portal"],"url":"https:\/\/www.eldiario.net\/portal\/author\/jeanette\/"}]}},"_links":{"self":[{"href":"https:\/\/www.eldiario.net\/portal\/wp-json\/wp\/v2\/posts\/128149","targetHints":{"allow":["GET"]}}],"collection":[{"href":"https:\/\/www.eldiario.net\/portal\/wp-json\/wp\/v2\/posts"}],"about":[{"href":"https:\/\/www.eldiario.net\/portal\/wp-json\/wp\/v2\/types\/post"}],"author":[{"embeddable":true,"href":"https:\/\/www.eldiario.net\/portal\/wp-json\/wp\/v2\/users\/1"}],"replies":[{"embeddable":true,"href":"https:\/\/www.eldiario.net\/portal\/wp-json\/wp\/v2\/comments?post=128149"}],"version-history":[{"count":0,"href":"https:\/\/www.eldiario.net\/portal\/wp-json\/wp\/v2\/posts\/128149\/revisions"}],"wp:attachment":[{"href":"https:\/\/www.eldiario.net\/portal\/wp-json\/wp\/v2\/media?parent=128149"}],"wp:term":[{"taxonomy":"category","embeddable":true,"href":"https:\/\/www.eldiario.net\/portal\/wp-json\/wp\/v2\/categories?post=128149"},{"taxonomy":"post_tag","embeddable":true,"href":"https:\/\/www.eldiario.net\/portal\/wp-json\/wp\/v2\/tags?post=128149"}],"curies":[{"name":"wp","href":"https:\/\/api.w.org\/{rel}","templated":true}]}}