{"id":128145,"date":"2022-12-17T06:21:15","date_gmt":"2022-12-17T10:21:15","guid":{"rendered":"https:\/\/www.eldiario.net\/portal\/?p=128145"},"modified":"2022-12-17T06:21:15","modified_gmt":"2022-12-17T10:21:15","slug":"almirante-jarjury-dejo-ayer-el-penal","status":"publish","type":"post","link":"https:\/\/www.eldiario.net\/portal\/2022\/12\/17\/almirante-jarjury-dejo-ayer-el-penal\/","title":{"rendered":"Almirante Jarjury dej\u00f3 ayer el penal"},"content":{"rendered":"<p>El almirante Gonzalo Jarjury, imputado por el caso denominado golpe de Estado I y sentenciado por el caso golpe II, dej\u00f3 ayer el penal de Patacamaya, despu\u00e9s que el juez del Juzgado Octavo de Instrucci\u00f3n en lo Penal le otorgara detenci\u00f3n domiciliaria, inform\u00f3 a EL DIARIO el abogado Eusebio Vera.<br \/>\n\u201cAl directorio del recinto penitenciario de Patacamaya de La Paz, para que por medio de un funcionario del mencionado penal proceda al cumplimiento del presente mandamiento e informe sobre el mismo (\u2026) para que proceda a la detenci\u00f3n domiciliaria de P. Gonzalo Jarjury R.\u201d, se lee en el mandamiento de detenci\u00f3n domiciliaria de fecha 15 de diciembre.<br \/>\nVera precis\u00f3 que la justicia corrigi\u00f3 los \u201cerrores\u201d en los que incurri\u00f3 el Juzgado D\u00e9cimo de Instrucci\u00f3n en lo Penal, al tener una mala interpretaci\u00f3n a la aplicaci\u00f3n de la situaci\u00f3n jur\u00eddica, en el caso golpe de Estado I.<br \/>\n\u201cSe ha dispuesto medidas sustitutivas a la detenci\u00f3n preventiva y el mismo ha sido efectivizado el d\u00eda de hoy (ayer), consiguientemente el almirante Jarjury est\u00e1 siendo trasladado en estos momentos a su domicilio de la ciudad de Santa Cruz\u201d, precis\u00f3 el jurista.<br \/>\nAsimismo, Vera aclar\u00f3 que el excomandante de la Fuerza A\u00e9rea, general Jorge Terceros, tambi\u00e9n fue beneficiado con medidas sustitutivas a la detenci\u00f3n preventiva, empero \u00e9l deber\u00e1 permanecer detenido por el caso denominado armas argentinas.<br \/>\n\u201cLamentablemente en el caso del general Terceros a\u00fan queda pendiente el tema denominado de manera falsa, armas argentinas, en el que tambi\u00e9n se encuentra con detenci\u00f3n preventiva y esa situaci\u00f3n no ha sido cambiada hasta el momento, sin embargo activaremos los recursos y los mecanismos que nos franquea la ley para que tambi\u00e9n sea beneficiado con una situaci\u00f3n similar a los casos golpe I y golpe II\u201d, dijo.<br \/>\nEl jurista ponder\u00f3 la labor de la justicia ya que asegur\u00f3 que \u201cpor fin\u201d los operadores de justicia hicieron una correcta aplicaci\u00f3n e interpretaci\u00f3n de las normas en vigencia.<br \/>\n\u201cLas medidas cautelares tienen principios muy importantes como es el principio de temporalidad, el principio de razonabilidad y de proporcionalidad. Analizando los aspectos en relaci\u00f3n a temporalidad, ha se\u00f1alado una detenci\u00f3n preventiva no puede durar por un tiempo excesivo, ese tiempo debe ser razonable y que debe obedecer simplemente a los actuados investigativos dentro de un determinado caso, es en ese sentido que la Sala Penal ha dispuesto medidas sustitutivas a la detenci\u00f3n preventiva en favor del almirante Jarjury y el general Terceros\u201d, apunt\u00f3.<\/p>\n<p>DETENCI\u00d3N SIN RAZONABILIDAD<br \/>\nDespu\u00e9s que en la segunda quincena de noviembre de 2022, el juez del Juzgado D\u00e9cimo de Instrucci\u00f3n en lo Penal, Armando Zeballos, ordenara ampliar la detenci\u00f3n preventiva de los exjefes militares imputados por el caso denominado golpe de Estado I, Vera advirti\u00f3 que no exist\u00eda razonabilidad, criterio l\u00f3gico y menos jur\u00eddico para ese extremo, por lo que apel\u00f3 la decisi\u00f3n.<br \/>\nJarjury y Terceros fueron aprehendidos en la ciudad de Santa Cruz de la Sierra el 3 de julio 2021, horas despu\u00e9s fueron imputados por los delitos de terrorismo, sedici\u00f3n y conspiraci\u00f3n. El 4 de julio fueron enviados con detenci\u00f3n preventiva, Jarjury al penal de Patacamaya y Terceros a Palmasola.<br \/>\nEn la oportunidad, Vera lament\u00f3 que el proceso est\u00e9 estancado y cuyo \u00fanico elemento que considera el juez, y los demandantes, es que el caso es complejo y a\u00fan faltan actuados investigativos, como si ese extremo fuera atribuible a sus patrocinados, cuando es exclusiva del Ministerio P\u00fablico.<br \/>\n\u201cSi los funcionarios de la Fiscal\u00eda no quieren llegar al fondo de los hechos, ese extremo no puede ser tomado en cuenta en contra de los imputados, al contrario, el juez debiera tomar medidas coercitivas en contra de la comisi\u00f3n de fiscales que no est\u00e1 realizando actuados investigativos\u201d, aclar\u00f3.<br \/>\nAsimismo dijo que el caso golpe de Estado I ya no tiene sentido porque lo \u00fanico que persiguen es tener detenidos preventivos a todos, empezando por Jeanine A\u00f1ez, exministros y exjefes militares.<br \/>\nExplic\u00f3 que la fuerza de elementos que ten\u00edan, aparentaban de alg\u00fan modo la comisi\u00f3n de il\u00edcitos como conspiraci\u00f3n o sedici\u00f3n, no obstante esos delitos ya fueron excluidos de la normativa.<br \/>\n\u201cQuerer forzar en investigar la comisi\u00f3n del il\u00edcito de terrorismo ya no tiene ning\u00fan fundamento porque no se puede sustentar el hecho de que solamente por acompa\u00f1ar en la lectura de un comunicado a la m\u00e1xima autoridad de las Fuerzas Armadas (FFAA) como era el general Williams Kaliman se constituye en un acto de terrorismo\u201d, dijo Vera en la oportunidad.<br \/>\nExplic\u00f3 que esos extremos quedaron claros en las investigaciones, porque hasta la fecha no se ha podido demostrar la hip\u00f3tesis del Ministerio P\u00fablico, de que los componentes de las FFAA hab\u00edan \u201cdeliberado\u201d, sin definir qu\u00e9 significa esa palabra que tiene connotaciones diferentes en la parte civil y en la doctrina militar.<br \/>\n\u201cDeliberar en el \u00e1mbito civil es muy distinto a la doctrina militar. Deliberar en el \u00e1mbito civil es discutir, contraponer ideas, reunirse, concretar algo, llegar a un acuerdo, previa deliberaci\u00f3n. Dentro de la doctrina militar eso no sucede, el art\u00edculo 245 de la Constituci\u00f3n Pol\u00edtica del Estado se\u00f1ala que est\u00e1 prohibido por norma suprema que los militares deliberen. Si a alguien se le ocurriere deliberar dentro de la doctrina militar, tomando en cuenta que deliberar es no estar de acuerdo con una orden superior, a eso se llama insubordinaci\u00f3n, y eso es sancionado y penado\u201d, aclar\u00f3.<br \/>\nRecord\u00f3 que el 10 de noviembre de 2019, Kaliman orden\u00f3 la redacci\u00f3n de un comunicado, y despu\u00e9s de haberse cumplido la orden por la direcci\u00f3n de comunicaci\u00f3n de las FFAA, el mismo tambi\u00e9n fue le\u00eddo por el Comandante General, y los comandantes de las tres fuerzas sin tener conocimiento del contenido de ese documento lo acompa\u00f1aron en la lectura, obedeciendo instrucciones de su superior, extremo que el jurista asegura se demostr\u00f3 con documentos y otros medios de prueba.<br \/>\nEn ese marco manifest\u00f3 que corresponde que el Ministerio P\u00fablico sobresea a sus patrocinados porque no hubo ning\u00fan argumento que lleve a la comisi\u00f3n del il\u00edcito de terrorismo.<\/p>\n<p>SENTENCIA<br \/>\nPor otro lado, en febrero de 2022, los excomandantes Jorge Terceros de la Fuerza A\u00e9rea Boliviana (FAB) y Gonzalo Jarjuri de la Armada Boliviana fueron sentenciados a tres a\u00f1os de prisi\u00f3n, luego de que aceptar\u00e1n un juicio abreviado por el caso golpe II.<br \/>\nD\u00edas antes se conoci\u00f3 que ambos militares aceptaron someterse a un juicio abreviado y aceptar su culpabilidad, hecho que fue confirmado por el ministro de Justicia, Iv\u00e1n Lima.<br \/>\nLas familias de Terceros y Jarjury publicaron una carta, en la que confirmaban la decisi\u00f3n de ambos exjefes militares de solicitar un juicio abreviado admitiendo su culpa en el caso denominado golpe de Estado II.<br \/>\n\u201cPedimos todas las disculpas a nuestro abogado defensor y la comprensi\u00f3n a todo el pueblo de Bolivia\u201d, dice la carta manuscrita.<br \/>\nSeg\u00fan la explicaci\u00f3n, las familias decidieron optar por \u201cel bien mayor\u201d, puesto que buscan precautelar la salud psicol\u00f3gica y emocional de una ni\u00f1a de dos a\u00f1os y una persona con discapacidad de 31 a\u00f1os de edad, pero con desarrollo mental de 11 a\u00f1os.<br \/>\nEl texto indica que, a pesar de la negativa de sus padres, se toma la decisi\u00f3n con la finalidad de tenerlos a su lado.<br \/>\nAdem\u00e1s, las familias sostienen que la lucha que enfrentan es \u201cabsolutamente desigual e infructuosa\u201d, pero adem\u00e1s fueron abandonadas por las instituciones militares, amigos y simpatizantes.<br \/>\n\u201cMientras nuestros padres est\u00e1n encarcelados, los verdaderos responsables encuentran levantando banderas con estos casos y haciendo politiquer\u00eda a trav\u00e9s de sus declaraciones en prensa, sin asumir su verdadera responsabilidad\u201d, se\u00f1ala la carta.<\/p>\n\n","protected":false},"excerpt":{"rendered":"<p>El almirante Gonzalo Jarjury, imputado por el caso denominado golpe de Estado I y sentenciado por el caso golpe II, dej\u00f3 ayer el penal de Patacamaya, despu\u00e9s que el juez del Juzgado Octavo de Instrucci\u00f3n en lo Penal le otorgara detenci\u00f3n domiciliaria, inform\u00f3 a EL DIARIO el abogado Eusebio Vera. \u201cAl directorio del recinto penitenciario [&hellip;]<\/p>\n","protected":false},"author":1,"featured_media":0,"comment_status":"closed","ping_status":"closed","sticky":false,"template":"","format":"standard","meta":{"_acf_changed":false,"footnotes":""},"categories":[39],"tags":[],"class_list":["post-128145","post","type-post","status-publish","format-standard","category-sociedad"],"acf":{"antetitulo":""},"yoast_head":"<!-- This site is optimized with the Yoast SEO plugin v28.4 - https:\/\/yoast.com\/product\/yoast-seo-wordpress\/ -->\n<title>Almirante Jarjury dej\u00f3 ayer el penal - El Diario - Bolivia<\/title>\n<meta name=\"robots\" content=\"index, follow, max-snippet:-1, max-image-preview:large, max-video-preview:-1\" \/>\n<link rel=\"canonical\" href=\"https:\/\/www.eldiario.net\/portal\/2022\/12\/17\/almirante-jarjury-dejo-ayer-el-penal\/\" \/>\n<meta property=\"og:locale\" content=\"es_ES\" \/>\n<meta property=\"og:type\" content=\"article\" \/>\n<meta property=\"og:title\" content=\"Almirante Jarjury dej\u00f3 ayer el penal - El Diario - Bolivia\" \/>\n<meta property=\"og:description\" content=\"El almirante Gonzalo Jarjury, imputado por el caso denominado golpe de Estado I y sentenciado por el caso golpe II, dej\u00f3 ayer el penal de Patacamaya, despu\u00e9s que el juez del Juzgado Octavo de Instrucci\u00f3n en lo Penal le otorgara detenci\u00f3n domiciliaria, inform\u00f3 a EL DIARIO el abogado Eusebio Vera. \u201cAl directorio del recinto penitenciario [&hellip;]\" \/>\n<meta property=\"og:url\" content=\"https:\/\/www.eldiario.net\/portal\/2022\/12\/17\/almirante-jarjury-dejo-ayer-el-penal\/\" \/>\n<meta property=\"og:site_name\" content=\"El Diario - Bolivia\" \/>\n<meta property=\"article:publisher\" content=\"https:\/\/www.facebook.com\/eldiario.bolivia\/\" \/>\n<meta property=\"article:published_time\" content=\"2022-12-17T10:21:15+00:00\" \/>\n<meta name=\"author\" content=\"Jeanette\" \/>\n<meta name=\"twitter:card\" content=\"summary_large_image\" \/>\n<meta name=\"twitter:creator\" content=\"@eldiario_net\" \/>\n<meta name=\"twitter:site\" content=\"@eldiario_net\" \/>\n<meta name=\"twitter:label1\" content=\"Escrito por\" \/>\n\t<meta name=\"twitter:data1\" content=\"Jeanette\" \/>\n\t<meta name=\"twitter:label2\" content=\"Tiempo de lectura\" \/>\n\t<meta name=\"twitter:data2\" content=\"6 minutos\" \/>\n<script type=\"application\/ld+json\" class=\"yoast-schema-graph\">{\"@context\":\"https:\\\/\\\/schema.org\",\"@graph\":[{\"@type\":\"Article\",\"@id\":\"https:\\\/\\\/www.eldiario.net\\\/portal\\\/2022\\\/12\\\/17\\\/almirante-jarjury-dejo-ayer-el-penal\\\/#article\",\"isPartOf\":{\"@id\":\"https:\\\/\\\/www.eldiario.net\\\/portal\\\/2022\\\/12\\\/17\\\/almirante-jarjury-dejo-ayer-el-penal\\\/\"},\"author\":{\"name\":\"Jeanette\",\"@id\":\"https:\\\/\\\/www.eldiario.net\\\/portal\\\/#\\\/schema\\\/person\\\/f46445640444750d7d753ccd04ae01b7\"},\"headline\":\"Almirante Jarjury dej\u00f3 ayer el penal\",\"datePublished\":\"2022-12-17T10:21:15+00:00\",\"mainEntityOfPage\":{\"@id\":\"https:\\\/\\\/www.eldiario.net\\\/portal\\\/2022\\\/12\\\/17\\\/almirante-jarjury-dejo-ayer-el-penal\\\/\"},\"wordCount\":1335,\"publisher\":{\"@id\":\"https:\\\/\\\/www.eldiario.net\\\/portal\\\/#organization\"},\"articleSection\":[\"Sociedad - Seguridad\"],\"inLanguage\":\"es\"},{\"@type\":\"WebPage\",\"@id\":\"https:\\\/\\\/www.eldiario.net\\\/portal\\\/2022\\\/12\\\/17\\\/almirante-jarjury-dejo-ayer-el-penal\\\/\",\"url\":\"https:\\\/\\\/www.eldiario.net\\\/portal\\\/2022\\\/12\\\/17\\\/almirante-jarjury-dejo-ayer-el-penal\\\/\",\"name\":\"Almirante Jarjury dej\u00f3 ayer el penal - El Diario - Bolivia\",\"isPartOf\":{\"@id\":\"https:\\\/\\\/www.eldiario.net\\\/portal\\\/#website\"},\"datePublished\":\"2022-12-17T10:21:15+00:00\",\"breadcrumb\":{\"@id\":\"https:\\\/\\\/www.eldiario.net\\\/portal\\\/2022\\\/12\\\/17\\\/almirante-jarjury-dejo-ayer-el-penal\\\/#breadcrumb\"},\"inLanguage\":\"es\",\"potentialAction\":[{\"@type\":\"ReadAction\",\"target\":[\"https:\\\/\\\/www.eldiario.net\\\/portal\\\/2022\\\/12\\\/17\\\/almirante-jarjury-dejo-ayer-el-penal\\\/\"]}]},{\"@type\":\"BreadcrumbList\",\"@id\":\"https:\\\/\\\/www.eldiario.net\\\/portal\\\/2022\\\/12\\\/17\\\/almirante-jarjury-dejo-ayer-el-penal\\\/#breadcrumb\",\"itemListElement\":[{\"@type\":\"ListItem\",\"position\":1,\"name\":\"Portada\",\"item\":\"https:\\\/\\\/www.eldiario.net\\\/portal\\\/\"},{\"@type\":\"ListItem\",\"position\":2,\"name\":\"Almirante Jarjury dej\u00f3 ayer el penal\"}]},{\"@type\":\"WebSite\",\"@id\":\"https:\\\/\\\/www.eldiario.net\\\/portal\\\/#website\",\"url\":\"https:\\\/\\\/www.eldiario.net\\\/portal\\\/\",\"name\":\"El Diario - Decano de la prensa nacional\",\"description\":\"El Diario - Decano de la prensa nacional\",\"publisher\":{\"@id\":\"https:\\\/\\\/www.eldiario.net\\\/portal\\\/#organization\"},\"potentialAction\":[{\"@type\":\"SearchAction\",\"target\":{\"@type\":\"EntryPoint\",\"urlTemplate\":\"https:\\\/\\\/www.eldiario.net\\\/portal\\\/?s={search_term_string}\"},\"query-input\":{\"@type\":\"PropertyValueSpecification\",\"valueRequired\":true,\"valueName\":\"search_term_string\"}}],\"inLanguage\":\"es\"},{\"@type\":\"Organization\",\"@id\":\"https:\\\/\\\/www.eldiario.net\\\/portal\\\/#organization\",\"name\":\"El Diario - Decano de la prensa nacional\",\"url\":\"https:\\\/\\\/www.eldiario.net\\\/portal\\\/\",\"logo\":{\"@type\":\"ImageObject\",\"inLanguage\":\"es\",\"@id\":\"https:\\\/\\\/www.eldiario.net\\\/portal\\\/#\\\/schema\\\/logo\\\/image\\\/\",\"url\":\"https:\\\/\\\/www.eldiario.net\\\/portal\\\/wp-content\\\/uploads\\\/2023\\\/07\\\/logo_ED.jpg\",\"contentUrl\":\"https:\\\/\\\/www.eldiario.net\\\/portal\\\/wp-content\\\/uploads\\\/2023\\\/07\\\/logo_ED.jpg\",\"width\":272,\"height\":52,\"caption\":\"El Diario - Decano de la prensa nacional\"},\"image\":{\"@id\":\"https:\\\/\\\/www.eldiario.net\\\/portal\\\/#\\\/schema\\\/logo\\\/image\\\/\"},\"sameAs\":[\"https:\\\/\\\/www.facebook.com\\\/eldiario.bolivia\\\/\",\"https:\\\/\\\/x.com\\\/eldiario_net\"]},{\"@type\":\"Person\",\"@id\":\"https:\\\/\\\/www.eldiario.net\\\/portal\\\/#\\\/schema\\\/person\\\/f46445640444750d7d753ccd04ae01b7\",\"name\":\"Jeanette\",\"image\":{\"@type\":\"ImageObject\",\"inLanguage\":\"es\",\"@id\":\"https:\\\/\\\/secure.gravatar.com\\\/avatar\\\/3ea2118a5f7dad2b7138b1187a6b7ee55f160b9968b66013c3a3ef39dd7e5798?s=96&d=mm&r=g\",\"url\":\"https:\\\/\\\/secure.gravatar.com\\\/avatar\\\/3ea2118a5f7dad2b7138b1187a6b7ee55f160b9968b66013c3a3ef39dd7e5798?s=96&d=mm&r=g\",\"contentUrl\":\"https:\\\/\\\/secure.gravatar.com\\\/avatar\\\/3ea2118a5f7dad2b7138b1187a6b7ee55f160b9968b66013c3a3ef39dd7e5798?s=96&d=mm&r=g\",\"caption\":\"Jeanette\"},\"sameAs\":[\"https:\\\/\\\/www.eldiario.net\\\/portal\"],\"url\":\"https:\\\/\\\/www.eldiario.net\\\/portal\\\/author\\\/jeanette\\\/\"}]}<\/script>\n<!-- \/ Yoast SEO plugin. -->","yoast_head_json":{"title":"Almirante Jarjury dej\u00f3 ayer el penal - El Diario - Bolivia","robots":{"index":"index","follow":"follow","max-snippet":"max-snippet:-1","max-image-preview":"max-image-preview:large","max-video-preview":"max-video-preview:-1"},"canonical":"https:\/\/www.eldiario.net\/portal\/2022\/12\/17\/almirante-jarjury-dejo-ayer-el-penal\/","og_locale":"es_ES","og_type":"article","og_title":"Almirante Jarjury dej\u00f3 ayer el penal - El Diario - Bolivia","og_description":"El almirante Gonzalo Jarjury, imputado por el caso denominado golpe de Estado I y sentenciado por el caso golpe II, dej\u00f3 ayer el penal de Patacamaya, despu\u00e9s que el juez del Juzgado Octavo de Instrucci\u00f3n en lo Penal le otorgara detenci\u00f3n domiciliaria, inform\u00f3 a EL DIARIO el abogado Eusebio Vera. \u201cAl directorio del recinto penitenciario [&hellip;]","og_url":"https:\/\/www.eldiario.net\/portal\/2022\/12\/17\/almirante-jarjury-dejo-ayer-el-penal\/","og_site_name":"El Diario - Bolivia","article_publisher":"https:\/\/www.facebook.com\/eldiario.bolivia\/","article_published_time":"2022-12-17T10:21:15+00:00","author":"Jeanette","twitter_card":"summary_large_image","twitter_creator":"@eldiario_net","twitter_site":"@eldiario_net","twitter_misc":{"Escrito por":"Jeanette","Tiempo de lectura":"6 minutos"},"schema":{"@context":"https:\/\/schema.org","@graph":[{"@type":"Article","@id":"https:\/\/www.eldiario.net\/portal\/2022\/12\/17\/almirante-jarjury-dejo-ayer-el-penal\/#article","isPartOf":{"@id":"https:\/\/www.eldiario.net\/portal\/2022\/12\/17\/almirante-jarjury-dejo-ayer-el-penal\/"},"author":{"name":"Jeanette","@id":"https:\/\/www.eldiario.net\/portal\/#\/schema\/person\/f46445640444750d7d753ccd04ae01b7"},"headline":"Almirante Jarjury dej\u00f3 ayer el penal","datePublished":"2022-12-17T10:21:15+00:00","mainEntityOfPage":{"@id":"https:\/\/www.eldiario.net\/portal\/2022\/12\/17\/almirante-jarjury-dejo-ayer-el-penal\/"},"wordCount":1335,"publisher":{"@id":"https:\/\/www.eldiario.net\/portal\/#organization"},"articleSection":["Sociedad - Seguridad"],"inLanguage":"es"},{"@type":"WebPage","@id":"https:\/\/www.eldiario.net\/portal\/2022\/12\/17\/almirante-jarjury-dejo-ayer-el-penal\/","url":"https:\/\/www.eldiario.net\/portal\/2022\/12\/17\/almirante-jarjury-dejo-ayer-el-penal\/","name":"Almirante Jarjury dej\u00f3 ayer el penal - El Diario - Bolivia","isPartOf":{"@id":"https:\/\/www.eldiario.net\/portal\/#website"},"datePublished":"2022-12-17T10:21:15+00:00","breadcrumb":{"@id":"https:\/\/www.eldiario.net\/portal\/2022\/12\/17\/almirante-jarjury-dejo-ayer-el-penal\/#breadcrumb"},"inLanguage":"es","potentialAction":[{"@type":"ReadAction","target":["https:\/\/www.eldiario.net\/portal\/2022\/12\/17\/almirante-jarjury-dejo-ayer-el-penal\/"]}]},{"@type":"BreadcrumbList","@id":"https:\/\/www.eldiario.net\/portal\/2022\/12\/17\/almirante-jarjury-dejo-ayer-el-penal\/#breadcrumb","itemListElement":[{"@type":"ListItem","position":1,"name":"Portada","item":"https:\/\/www.eldiario.net\/portal\/"},{"@type":"ListItem","position":2,"name":"Almirante Jarjury dej\u00f3 ayer el penal"}]},{"@type":"WebSite","@id":"https:\/\/www.eldiario.net\/portal\/#website","url":"https:\/\/www.eldiario.net\/portal\/","name":"El Diario - Decano de la prensa nacional","description":"El Diario - Decano de la prensa nacional","publisher":{"@id":"https:\/\/www.eldiario.net\/portal\/#organization"},"potentialAction":[{"@type":"SearchAction","target":{"@type":"EntryPoint","urlTemplate":"https:\/\/www.eldiario.net\/portal\/?s={search_term_string}"},"query-input":{"@type":"PropertyValueSpecification","valueRequired":true,"valueName":"search_term_string"}}],"inLanguage":"es"},{"@type":"Organization","@id":"https:\/\/www.eldiario.net\/portal\/#organization","name":"El Diario - Decano de la prensa nacional","url":"https:\/\/www.eldiario.net\/portal\/","logo":{"@type":"ImageObject","inLanguage":"es","@id":"https:\/\/www.eldiario.net\/portal\/#\/schema\/logo\/image\/","url":"https:\/\/www.eldiario.net\/portal\/wp-content\/uploads\/2023\/07\/logo_ED.jpg","contentUrl":"https:\/\/www.eldiario.net\/portal\/wp-content\/uploads\/2023\/07\/logo_ED.jpg","width":272,"height":52,"caption":"El Diario - Decano de la prensa nacional"},"image":{"@id":"https:\/\/www.eldiario.net\/portal\/#\/schema\/logo\/image\/"},"sameAs":["https:\/\/www.facebook.com\/eldiario.bolivia\/","https:\/\/x.com\/eldiario_net"]},{"@type":"Person","@id":"https:\/\/www.eldiario.net\/portal\/#\/schema\/person\/f46445640444750d7d753ccd04ae01b7","name":"Jeanette","image":{"@type":"ImageObject","inLanguage":"es","@id":"https:\/\/secure.gravatar.com\/avatar\/3ea2118a5f7dad2b7138b1187a6b7ee55f160b9968b66013c3a3ef39dd7e5798?s=96&d=mm&r=g","url":"https:\/\/secure.gravatar.com\/avatar\/3ea2118a5f7dad2b7138b1187a6b7ee55f160b9968b66013c3a3ef39dd7e5798?s=96&d=mm&r=g","contentUrl":"https:\/\/secure.gravatar.com\/avatar\/3ea2118a5f7dad2b7138b1187a6b7ee55f160b9968b66013c3a3ef39dd7e5798?s=96&d=mm&r=g","caption":"Jeanette"},"sameAs":["https:\/\/www.eldiario.net\/portal"],"url":"https:\/\/www.eldiario.net\/portal\/author\/jeanette\/"}]}},"_links":{"self":[{"href":"https:\/\/www.eldiario.net\/portal\/wp-json\/wp\/v2\/posts\/128145","targetHints":{"allow":["GET"]}}],"collection":[{"href":"https:\/\/www.eldiario.net\/portal\/wp-json\/wp\/v2\/posts"}],"about":[{"href":"https:\/\/www.eldiario.net\/portal\/wp-json\/wp\/v2\/types\/post"}],"author":[{"embeddable":true,"href":"https:\/\/www.eldiario.net\/portal\/wp-json\/wp\/v2\/users\/1"}],"replies":[{"embeddable":true,"href":"https:\/\/www.eldiario.net\/portal\/wp-json\/wp\/v2\/comments?post=128145"}],"version-history":[{"count":0,"href":"https:\/\/www.eldiario.net\/portal\/wp-json\/wp\/v2\/posts\/128145\/revisions"}],"wp:attachment":[{"href":"https:\/\/www.eldiario.net\/portal\/wp-json\/wp\/v2\/media?parent=128145"}],"wp:term":[{"taxonomy":"category","embeddable":true,"href":"https:\/\/www.eldiario.net\/portal\/wp-json\/wp\/v2\/categories?post=128145"},{"taxonomy":"post_tag","embeddable":true,"href":"https:\/\/www.eldiario.net\/portal\/wp-json\/wp\/v2\/tags?post=128145"}],"curies":[{"name":"wp","href":"https:\/\/api.w.org\/{rel}","templated":true}]}}