{"id":128142,"date":"2022-12-17T06:20:00","date_gmt":"2022-12-17T10:20:00","guid":{"rendered":"https:\/\/www.eldiario.net\/portal\/?p=128142"},"modified":"2022-12-17T06:20:00","modified_gmt":"2022-12-17T10:20:00","slug":"dos-personas-investigadas-por-presunto-infanticidio-a-prision","status":"publish","type":"post","link":"https:\/\/www.eldiario.net\/portal\/2022\/12\/17\/dos-personas-investigadas-por-presunto-infanticidio-a-prision\/","title":{"rendered":"Dos personas investigadas por  presunto infanticidio a prisi\u00f3n"},"content":{"rendered":"<p>El Juzgado de Instrucci\u00f3n Penal Cautelar Tercero de La Paz determin\u00f3 ayer la detenci\u00f3n preventiva de Rodrigo C. CH. y Paola C. G., por seis meses, mientras se investiga el presunto infanticidio de un ni\u00f1o de ocho a\u00f1os que muri\u00f3 asfixiado la noche del mi\u00e9rcoles.<br \/>\nLas medidas preventivas ser\u00e1n cumplidas en el penal de Chonchocoro y en el penal de Obrajes, respectivamente, seg\u00fan informaci\u00f3n del Ministerio de Justicia.<br \/>\nEl fiscal de Delitos Contra la Vida, Jhonny Callau, inform\u00f3 el jueves que el padrastro y la progenitora del menor de ocho a\u00f1os fueron imputados por el presunto infanticidio del ni\u00f1o que muri\u00f3 asfixiado en la localidad de Carreras, al sur de la ciudad de La Paz.<br \/>\nEl representante del Ministerio P\u00fablico precis\u00f3 que el hecho ocurri\u00f3 la noche del mi\u00e9rcoles en la localidad de Carreras, y quienes denunciaron el hecho fueron los responsables del centro m\u00e9dico de Mecapaca, donde fue conducido el menor.<br \/>\nEl menor viv\u00eda con su progenitora y su padrastro. De acuerdo a la autopsia la v\u00edctima falleci\u00f3 como consecuencia de una asfixia mec\u00e1nica, la misma que aparentemente fue realizada por ambos sujetos.<br \/>\n\u201cPresentaremos la imputaci\u00f3n por el delito de infanticidio, ellos arguyen de que el menor estaba delicado de salud y que trataron de hacerlo reanimar y que se habr\u00eda procedido a darle respiraci\u00f3n boca a boca, pero esto no coincide con la autopsia. Se ha determinado que el menor ha sido objeto de estrangulamiento y que adem\u00e1s tiene s\u00edndrome de ni\u00f1o maltratado, se ha evidenciado que hubo un maltrato anterior. Se evidenci\u00f3 que el ni\u00f1o ten\u00eda problemas de salud\u201d, explic\u00f3 Callau.<\/p>\n<p>DATOS<br \/>\nDe acuerdo a datos del Ministerio P\u00fablico, del 1 de enero al 30 de noviembre de 2022, en el pa\u00eds se registraron 35 casos de infanticidio, de estos la mayor incidencia se reporta en el departamento de La Paz con 15 casos, seguido de Santa Cruz con seis, Potos\u00ed seis, Cochabamba cuatro, Tarija dos, Chuquisaca uno, Oruro uno, Pando y Beni sin casos.<\/p>\n","protected":false},"excerpt":{"rendered":"<p>El Juzgado de Instrucci\u00f3n Penal Cautelar Tercero de La Paz determin\u00f3 ayer la detenci\u00f3n preventiva de Rodrigo C. CH. y Paola C. G., por seis meses, mientras se investiga el presunto infanticidio de un ni\u00f1o de ocho a\u00f1os que muri\u00f3 asfixiado la noche del mi\u00e9rcoles. Las medidas preventivas ser\u00e1n cumplidas en el penal de Chonchocoro [&hellip;]<\/p>\n","protected":false},"author":1,"featured_media":128143,"comment_status":"closed","ping_status":"closed","sticky":false,"template":"","format":"standard","meta":{"_acf_changed":false,"footnotes":""},"categories":[39],"tags":[],"class_list":["post-128142","post","type-post","status-publish","format-standard","has-post-thumbnail","category-sociedad"],"acf":{"antetitulo":""},"yoast_head":"<!-- This site is optimized with the Yoast SEO plugin v28.4 - https:\/\/yoast.com\/product\/yoast-seo-wordpress\/ -->\n<title>Dos personas investigadas por presunto infanticidio a prisi\u00f3n - El Diario - Bolivia<\/title>\n<meta name=\"robots\" content=\"index, follow, max-snippet:-1, max-image-preview:large, max-video-preview:-1\" \/>\n<link rel=\"canonical\" href=\"https:\/\/www.eldiario.net\/portal\/2022\/12\/17\/dos-personas-investigadas-por-presunto-infanticidio-a-prision\/\" \/>\n<meta property=\"og:locale\" content=\"es_ES\" \/>\n<meta property=\"og:type\" content=\"article\" \/>\n<meta property=\"og:title\" content=\"Dos personas investigadas por presunto infanticidio a prisi\u00f3n - El Diario - Bolivia\" \/>\n<meta property=\"og:description\" content=\"El Juzgado de Instrucci\u00f3n Penal Cautelar Tercero de La Paz determin\u00f3 ayer la detenci\u00f3n preventiva de Rodrigo C. CH. y Paola C. G., por seis meses, mientras se investiga el presunto infanticidio de un ni\u00f1o de ocho a\u00f1os que muri\u00f3 asfixiado la noche del mi\u00e9rcoles. Las medidas preventivas ser\u00e1n cumplidas en el penal de Chonchocoro [&hellip;]\" \/>\n<meta property=\"og:url\" content=\"https:\/\/www.eldiario.net\/portal\/2022\/12\/17\/dos-personas-investigadas-por-presunto-infanticidio-a-prision\/\" \/>\n<meta property=\"og:site_name\" content=\"El Diario - Bolivia\" \/>\n<meta property=\"article:publisher\" content=\"https:\/\/www.facebook.com\/eldiario.bolivia\/\" \/>\n<meta property=\"article:published_time\" content=\"2022-12-17T10:20:00+00:00\" \/>\n<meta name=\"author\" content=\"Jeanette\" \/>\n<meta name=\"twitter:card\" content=\"summary_large_image\" \/>\n<meta name=\"twitter:creator\" content=\"@eldiario_net\" \/>\n<meta name=\"twitter:site\" content=\"@eldiario_net\" \/>\n<meta name=\"twitter:label1\" content=\"Escrito por\" \/>\n\t<meta name=\"twitter:data1\" content=\"Jeanette\" \/>\n\t<meta name=\"twitter:label2\" content=\"Tiempo de lectura\" \/>\n\t<meta name=\"twitter:data2\" content=\"2 minutos\" \/>\n<script type=\"application\/ld+json\" class=\"yoast-schema-graph\">{\"@context\":\"https:\\\/\\\/schema.org\",\"@graph\":[{\"@type\":\"Article\",\"@id\":\"https:\\\/\\\/www.eldiario.net\\\/portal\\\/2022\\\/12\\\/17\\\/dos-personas-investigadas-por-presunto-infanticidio-a-prision\\\/#article\",\"isPartOf\":{\"@id\":\"https:\\\/\\\/www.eldiario.net\\\/portal\\\/2022\\\/12\\\/17\\\/dos-personas-investigadas-por-presunto-infanticidio-a-prision\\\/\"},\"author\":{\"name\":\"Jeanette\",\"@id\":\"https:\\\/\\\/www.eldiario.net\\\/portal\\\/#\\\/schema\\\/person\\\/f46445640444750d7d753ccd04ae01b7\"},\"headline\":\"Dos personas investigadas por presunto infanticidio a prisi\u00f3n\",\"datePublished\":\"2022-12-17T10:20:00+00:00\",\"mainEntityOfPage\":{\"@id\":\"https:\\\/\\\/www.eldiario.net\\\/portal\\\/2022\\\/12\\\/17\\\/dos-personas-investigadas-por-presunto-infanticidio-a-prision\\\/\"},\"wordCount\":358,\"publisher\":{\"@id\":\"https:\\\/\\\/www.eldiario.net\\\/portal\\\/#organization\"},\"image\":{\"@id\":\"https:\\\/\\\/www.eldiario.net\\\/portal\\\/2022\\\/12\\\/17\\\/dos-personas-investigadas-por-presunto-infanticidio-a-prision\\\/#primaryimage\"},\"thumbnailUrl\":\"\",\"articleSection\":[\"Sociedad - Seguridad\"],\"inLanguage\":\"es\"},{\"@type\":\"WebPage\",\"@id\":\"https:\\\/\\\/www.eldiario.net\\\/portal\\\/2022\\\/12\\\/17\\\/dos-personas-investigadas-por-presunto-infanticidio-a-prision\\\/\",\"url\":\"https:\\\/\\\/www.eldiario.net\\\/portal\\\/2022\\\/12\\\/17\\\/dos-personas-investigadas-por-presunto-infanticidio-a-prision\\\/\",\"name\":\"Dos personas investigadas por presunto infanticidio a prisi\u00f3n - El Diario - Bolivia\",\"isPartOf\":{\"@id\":\"https:\\\/\\\/www.eldiario.net\\\/portal\\\/#website\"},\"primaryImageOfPage\":{\"@id\":\"https:\\\/\\\/www.eldiario.net\\\/portal\\\/2022\\\/12\\\/17\\\/dos-personas-investigadas-por-presunto-infanticidio-a-prision\\\/#primaryimage\"},\"image\":{\"@id\":\"https:\\\/\\\/www.eldiario.net\\\/portal\\\/2022\\\/12\\\/17\\\/dos-personas-investigadas-por-presunto-infanticidio-a-prision\\\/#primaryimage\"},\"thumbnailUrl\":\"\",\"datePublished\":\"2022-12-17T10:20:00+00:00\",\"breadcrumb\":{\"@id\":\"https:\\\/\\\/www.eldiario.net\\\/portal\\\/2022\\\/12\\\/17\\\/dos-personas-investigadas-por-presunto-infanticidio-a-prision\\\/#breadcrumb\"},\"inLanguage\":\"es\",\"potentialAction\":[{\"@type\":\"ReadAction\",\"target\":[\"https:\\\/\\\/www.eldiario.net\\\/portal\\\/2022\\\/12\\\/17\\\/dos-personas-investigadas-por-presunto-infanticidio-a-prision\\\/\"]}]},{\"@type\":\"ImageObject\",\"inLanguage\":\"es\",\"@id\":\"https:\\\/\\\/www.eldiario.net\\\/portal\\\/2022\\\/12\\\/17\\\/dos-personas-investigadas-por-presunto-infanticidio-a-prision\\\/#primaryimage\",\"url\":\"\",\"contentUrl\":\"\"},{\"@type\":\"BreadcrumbList\",\"@id\":\"https:\\\/\\\/www.eldiario.net\\\/portal\\\/2022\\\/12\\\/17\\\/dos-personas-investigadas-por-presunto-infanticidio-a-prision\\\/#breadcrumb\",\"itemListElement\":[{\"@type\":\"ListItem\",\"position\":1,\"name\":\"Portada\",\"item\":\"https:\\\/\\\/www.eldiario.net\\\/portal\\\/\"},{\"@type\":\"ListItem\",\"position\":2,\"name\":\"Dos personas investigadas por presunto infanticidio a prisi\u00f3n\"}]},{\"@type\":\"WebSite\",\"@id\":\"https:\\\/\\\/www.eldiario.net\\\/portal\\\/#website\",\"url\":\"https:\\\/\\\/www.eldiario.net\\\/portal\\\/\",\"name\":\"El Diario - Decano de la prensa nacional\",\"description\":\"El Diario - Decano de la prensa nacional\",\"publisher\":{\"@id\":\"https:\\\/\\\/www.eldiario.net\\\/portal\\\/#organization\"},\"potentialAction\":[{\"@type\":\"SearchAction\",\"target\":{\"@type\":\"EntryPoint\",\"urlTemplate\":\"https:\\\/\\\/www.eldiario.net\\\/portal\\\/?s={search_term_string}\"},\"query-input\":{\"@type\":\"PropertyValueSpecification\",\"valueRequired\":true,\"valueName\":\"search_term_string\"}}],\"inLanguage\":\"es\"},{\"@type\":\"Organization\",\"@id\":\"https:\\\/\\\/www.eldiario.net\\\/portal\\\/#organization\",\"name\":\"El Diario - Decano de la prensa nacional\",\"url\":\"https:\\\/\\\/www.eldiario.net\\\/portal\\\/\",\"logo\":{\"@type\":\"ImageObject\",\"inLanguage\":\"es\",\"@id\":\"https:\\\/\\\/www.eldiario.net\\\/portal\\\/#\\\/schema\\\/logo\\\/image\\\/\",\"url\":\"https:\\\/\\\/www.eldiario.net\\\/portal\\\/wp-content\\\/uploads\\\/2023\\\/07\\\/logo_ED.jpg\",\"contentUrl\":\"https:\\\/\\\/www.eldiario.net\\\/portal\\\/wp-content\\\/uploads\\\/2023\\\/07\\\/logo_ED.jpg\",\"width\":272,\"height\":52,\"caption\":\"El Diario - Decano de la prensa nacional\"},\"image\":{\"@id\":\"https:\\\/\\\/www.eldiario.net\\\/portal\\\/#\\\/schema\\\/logo\\\/image\\\/\"},\"sameAs\":[\"https:\\\/\\\/www.facebook.com\\\/eldiario.bolivia\\\/\",\"https:\\\/\\\/x.com\\\/eldiario_net\"]},{\"@type\":\"Person\",\"@id\":\"https:\\\/\\\/www.eldiario.net\\\/portal\\\/#\\\/schema\\\/person\\\/f46445640444750d7d753ccd04ae01b7\",\"name\":\"Jeanette\",\"image\":{\"@type\":\"ImageObject\",\"inLanguage\":\"es\",\"@id\":\"https:\\\/\\\/secure.gravatar.com\\\/avatar\\\/3ea2118a5f7dad2b7138b1187a6b7ee55f160b9968b66013c3a3ef39dd7e5798?s=96&d=mm&r=g\",\"url\":\"https:\\\/\\\/secure.gravatar.com\\\/avatar\\\/3ea2118a5f7dad2b7138b1187a6b7ee55f160b9968b66013c3a3ef39dd7e5798?s=96&d=mm&r=g\",\"contentUrl\":\"https:\\\/\\\/secure.gravatar.com\\\/avatar\\\/3ea2118a5f7dad2b7138b1187a6b7ee55f160b9968b66013c3a3ef39dd7e5798?s=96&d=mm&r=g\",\"caption\":\"Jeanette\"},\"sameAs\":[\"https:\\\/\\\/www.eldiario.net\\\/portal\"],\"url\":\"https:\\\/\\\/www.eldiario.net\\\/portal\\\/author\\\/jeanette\\\/\"}]}<\/script>\n<!-- \/ Yoast SEO plugin. -->","yoast_head_json":{"title":"Dos personas investigadas por presunto infanticidio a prisi\u00f3n - El Diario - Bolivia","robots":{"index":"index","follow":"follow","max-snippet":"max-snippet:-1","max-image-preview":"max-image-preview:large","max-video-preview":"max-video-preview:-1"},"canonical":"https:\/\/www.eldiario.net\/portal\/2022\/12\/17\/dos-personas-investigadas-por-presunto-infanticidio-a-prision\/","og_locale":"es_ES","og_type":"article","og_title":"Dos personas investigadas por presunto infanticidio a prisi\u00f3n - El Diario - Bolivia","og_description":"El Juzgado de Instrucci\u00f3n Penal Cautelar Tercero de La Paz determin\u00f3 ayer la detenci\u00f3n preventiva de Rodrigo C. CH. y Paola C. G., por seis meses, mientras se investiga el presunto infanticidio de un ni\u00f1o de ocho a\u00f1os que muri\u00f3 asfixiado la noche del mi\u00e9rcoles. Las medidas preventivas ser\u00e1n cumplidas en el penal de Chonchocoro [&hellip;]","og_url":"https:\/\/www.eldiario.net\/portal\/2022\/12\/17\/dos-personas-investigadas-por-presunto-infanticidio-a-prision\/","og_site_name":"El Diario - Bolivia","article_publisher":"https:\/\/www.facebook.com\/eldiario.bolivia\/","article_published_time":"2022-12-17T10:20:00+00:00","author":"Jeanette","twitter_card":"summary_large_image","twitter_creator":"@eldiario_net","twitter_site":"@eldiario_net","twitter_misc":{"Escrito por":"Jeanette","Tiempo de lectura":"2 minutos"},"schema":{"@context":"https:\/\/schema.org","@graph":[{"@type":"Article","@id":"https:\/\/www.eldiario.net\/portal\/2022\/12\/17\/dos-personas-investigadas-por-presunto-infanticidio-a-prision\/#article","isPartOf":{"@id":"https:\/\/www.eldiario.net\/portal\/2022\/12\/17\/dos-personas-investigadas-por-presunto-infanticidio-a-prision\/"},"author":{"name":"Jeanette","@id":"https:\/\/www.eldiario.net\/portal\/#\/schema\/person\/f46445640444750d7d753ccd04ae01b7"},"headline":"Dos personas investigadas por presunto infanticidio a prisi\u00f3n","datePublished":"2022-12-17T10:20:00+00:00","mainEntityOfPage":{"@id":"https:\/\/www.eldiario.net\/portal\/2022\/12\/17\/dos-personas-investigadas-por-presunto-infanticidio-a-prision\/"},"wordCount":358,"publisher":{"@id":"https:\/\/www.eldiario.net\/portal\/#organization"},"image":{"@id":"https:\/\/www.eldiario.net\/portal\/2022\/12\/17\/dos-personas-investigadas-por-presunto-infanticidio-a-prision\/#primaryimage"},"thumbnailUrl":"","articleSection":["Sociedad - Seguridad"],"inLanguage":"es"},{"@type":"WebPage","@id":"https:\/\/www.eldiario.net\/portal\/2022\/12\/17\/dos-personas-investigadas-por-presunto-infanticidio-a-prision\/","url":"https:\/\/www.eldiario.net\/portal\/2022\/12\/17\/dos-personas-investigadas-por-presunto-infanticidio-a-prision\/","name":"Dos personas investigadas por presunto infanticidio a prisi\u00f3n - El Diario - Bolivia","isPartOf":{"@id":"https:\/\/www.eldiario.net\/portal\/#website"},"primaryImageOfPage":{"@id":"https:\/\/www.eldiario.net\/portal\/2022\/12\/17\/dos-personas-investigadas-por-presunto-infanticidio-a-prision\/#primaryimage"},"image":{"@id":"https:\/\/www.eldiario.net\/portal\/2022\/12\/17\/dos-personas-investigadas-por-presunto-infanticidio-a-prision\/#primaryimage"},"thumbnailUrl":"","datePublished":"2022-12-17T10:20:00+00:00","breadcrumb":{"@id":"https:\/\/www.eldiario.net\/portal\/2022\/12\/17\/dos-personas-investigadas-por-presunto-infanticidio-a-prision\/#breadcrumb"},"inLanguage":"es","potentialAction":[{"@type":"ReadAction","target":["https:\/\/www.eldiario.net\/portal\/2022\/12\/17\/dos-personas-investigadas-por-presunto-infanticidio-a-prision\/"]}]},{"@type":"ImageObject","inLanguage":"es","@id":"https:\/\/www.eldiario.net\/portal\/2022\/12\/17\/dos-personas-investigadas-por-presunto-infanticidio-a-prision\/#primaryimage","url":"","contentUrl":""},{"@type":"BreadcrumbList","@id":"https:\/\/www.eldiario.net\/portal\/2022\/12\/17\/dos-personas-investigadas-por-presunto-infanticidio-a-prision\/#breadcrumb","itemListElement":[{"@type":"ListItem","position":1,"name":"Portada","item":"https:\/\/www.eldiario.net\/portal\/"},{"@type":"ListItem","position":2,"name":"Dos personas investigadas por presunto infanticidio a prisi\u00f3n"}]},{"@type":"WebSite","@id":"https:\/\/www.eldiario.net\/portal\/#website","url":"https:\/\/www.eldiario.net\/portal\/","name":"El Diario - Decano de la prensa nacional","description":"El Diario - Decano de la prensa nacional","publisher":{"@id":"https:\/\/www.eldiario.net\/portal\/#organization"},"potentialAction":[{"@type":"SearchAction","target":{"@type":"EntryPoint","urlTemplate":"https:\/\/www.eldiario.net\/portal\/?s={search_term_string}"},"query-input":{"@type":"PropertyValueSpecification","valueRequired":true,"valueName":"search_term_string"}}],"inLanguage":"es"},{"@type":"Organization","@id":"https:\/\/www.eldiario.net\/portal\/#organization","name":"El Diario - Decano de la prensa nacional","url":"https:\/\/www.eldiario.net\/portal\/","logo":{"@type":"ImageObject","inLanguage":"es","@id":"https:\/\/www.eldiario.net\/portal\/#\/schema\/logo\/image\/","url":"https:\/\/www.eldiario.net\/portal\/wp-content\/uploads\/2023\/07\/logo_ED.jpg","contentUrl":"https:\/\/www.eldiario.net\/portal\/wp-content\/uploads\/2023\/07\/logo_ED.jpg","width":272,"height":52,"caption":"El Diario - Decano de la prensa nacional"},"image":{"@id":"https:\/\/www.eldiario.net\/portal\/#\/schema\/logo\/image\/"},"sameAs":["https:\/\/www.facebook.com\/eldiario.bolivia\/","https:\/\/x.com\/eldiario_net"]},{"@type":"Person","@id":"https:\/\/www.eldiario.net\/portal\/#\/schema\/person\/f46445640444750d7d753ccd04ae01b7","name":"Jeanette","image":{"@type":"ImageObject","inLanguage":"es","@id":"https:\/\/secure.gravatar.com\/avatar\/3ea2118a5f7dad2b7138b1187a6b7ee55f160b9968b66013c3a3ef39dd7e5798?s=96&d=mm&r=g","url":"https:\/\/secure.gravatar.com\/avatar\/3ea2118a5f7dad2b7138b1187a6b7ee55f160b9968b66013c3a3ef39dd7e5798?s=96&d=mm&r=g","contentUrl":"https:\/\/secure.gravatar.com\/avatar\/3ea2118a5f7dad2b7138b1187a6b7ee55f160b9968b66013c3a3ef39dd7e5798?s=96&d=mm&r=g","caption":"Jeanette"},"sameAs":["https:\/\/www.eldiario.net\/portal"],"url":"https:\/\/www.eldiario.net\/portal\/author\/jeanette\/"}]}},"_links":{"self":[{"href":"https:\/\/www.eldiario.net\/portal\/wp-json\/wp\/v2\/posts\/128142","targetHints":{"allow":["GET"]}}],"collection":[{"href":"https:\/\/www.eldiario.net\/portal\/wp-json\/wp\/v2\/posts"}],"about":[{"href":"https:\/\/www.eldiario.net\/portal\/wp-json\/wp\/v2\/types\/post"}],"author":[{"embeddable":true,"href":"https:\/\/www.eldiario.net\/portal\/wp-json\/wp\/v2\/users\/1"}],"replies":[{"embeddable":true,"href":"https:\/\/www.eldiario.net\/portal\/wp-json\/wp\/v2\/comments?post=128142"}],"version-history":[{"count":0,"href":"https:\/\/www.eldiario.net\/portal\/wp-json\/wp\/v2\/posts\/128142\/revisions"}],"wp:attachment":[{"href":"https:\/\/www.eldiario.net\/portal\/wp-json\/wp\/v2\/media?parent=128142"}],"wp:term":[{"taxonomy":"category","embeddable":true,"href":"https:\/\/www.eldiario.net\/portal\/wp-json\/wp\/v2\/categories?post=128142"},{"taxonomy":"post_tag","embeddable":true,"href":"https:\/\/www.eldiario.net\/portal\/wp-json\/wp\/v2\/tags?post=128142"}],"curies":[{"name":"wp","href":"https:\/\/api.w.org\/{rel}","templated":true}]}}