{"id":128134,"date":"2022-12-17T06:17:33","date_gmt":"2022-12-17T10:17:33","guid":{"rendered":"https:\/\/www.eldiario.net\/portal\/?p=128134"},"modified":"2022-12-17T06:17:33","modified_gmt":"2022-12-17T10:17:33","slug":"reyes-ya-no-podemos-confiar-en-la-alcaldia-ni-en-el-concejo","status":"publish","type":"post","link":"https:\/\/www.eldiario.net\/portal\/2022\/12\/17\/reyes-ya-no-podemos-confiar-en-la-alcaldia-ni-en-el-concejo\/","title":{"rendered":"Reyes: \u201cYa no podemos confiar  en la Alcald\u00eda ni en el Concejo\u201d"},"content":{"rendered":"<p>Luego de la movilizaci\u00f3n de instituciones y ciudadan\u00eda para lograr la abrogaci\u00f3n de la ordenanza municipal 046, el diputado pace\u00f1o por la alianza Comunidad Ciudadana (CC), Alejandro Reyes, anunci\u00f3 una constante vigilancia para evitar intentos de aprobar nuevas normas que atenten contra la seguridad de la poblaci\u00f3n ante la desconfianza en las autoridades municipales.<br \/>\nEn declaraciones a medios de prensa, Reyes salud\u00f3 la reciente determinaci\u00f3n del Concejo Municipal pace\u00f1o de abrogar la pol\u00e9mica norma, destacando la movilizaci\u00f3n de diferentes instancias de la sociedad civil para conseguir este objetivo.<br \/>\nReyes resalt\u00f3 el hecho de haber logrado frenar una normativa con alto contenido pol\u00edtico e intereses de poder que pretendi\u00f3 legalizarse en perjuicio de la ciudad de La Paz.<br \/>\n\u201cSe ha logrado constituir un equipo de defensa para el municipio de La Paz, esa presi\u00f3n ha permitido que se abrogue una normativa totalmente atentatoria, m\u00e1s all\u00e1 de los shows y de las acusaciones entre el ejecutivo y el consejo, sabemos que esa normativa ven\u00eda con respaldo pol\u00edtico\u201d, afirm\u00f3 el parlamentario pace\u00f1o.<br \/>\nAdelant\u00f3 que el trabajo y la movilizaci\u00f3n de la poblaci\u00f3n no deben terminar con la abrogaci\u00f3n de esta normativa, pues todav\u00eda existen ordenanzas aprobadas para la regularizaci\u00f3n de construcciones fuera de norma, mediante las que a\u00fan se puede afectar la seguridad de la ciudadan\u00eda y el futuro de La Paz. \u201cVamos estar vigilantes a que no existan prorrogas en la ley 467 que todav\u00eda est\u00e1 vigente para la regularizaci\u00f3n de construcciones fuera de norma\u201d, dijo.<br \/>\nEn este sentido, se\u00f1al\u00f3 que la poblaci\u00f3n pace\u00f1a ya no permitir\u00e1 futuros intentos de norma para beneficiar a grupos de poder por encima de los intereses de los habitantes de la Sede de Gobierno.<br \/>\n\u201cYa los pace\u00f1os hemos despertado y no vamos a permitir que destruyan la planificaci\u00f3n y la institucionalidad que tanto nos ha costado y que nos lleven a una ciudad con caos y sin orden\u201d, asegur\u00f3 Reyes, advirtiendo a funcionarios municipales que, en adelante, sus actos deben estar enmarcados en la responsabilidad y el respeto a los intereses de la poblaci\u00f3n.<br \/>\nEn cuanto a los procesos anunciados por diferentes sectores de la ciudadan\u00eda, el legislador de oposici\u00f3n expreso su respaldo a toda iniciativa que busque activar mecanismos de sanci\u00f3n para los responsables por la aprobaci\u00f3n de la pol\u00e9mica norma, sin descartar el inicio de otras acciones por parte de los asamble\u00edstas nacionales.<br \/>\n\u201cTienen que haber procesos como han se\u00f1alado muchos sectores, nosotros tambi\u00e9n estamos analizando las acciones y vamos a estar vigilantes ante cualquier movimiento porque sabemos que ya no podemos confiar ni en la alcald\u00eda ni en el Concejo Municipal\u201d, finaliz\u00f3 el parlamentario.<br \/>\nAnteriormente, el asamble\u00edsta Alberto Astorga, en su condici\u00f3n de diputado uninominal por la Circunscripci\u00f3n 6, remiti\u00f3 una Petici\u00f3n de Informe Escrito al Concejo Municipal para que desde esta instancia se explique por qu\u00e9 concejales aprobaron la ordenanza 046, sin tener el aval t\u00e9cnico de colegios profesionales o haber consultado con la Universidad Mayor de San Andr\u00e9s, aprobando arbitrariamente una norma para convertir a la ciudad maravilla en una \u201cciudad encapsulada\u201d.<br \/>\n\u201cDefinitivamente estos concejales est\u00e1n atentando contra la ciudad de La Paz, en ese contexto exigimos que se abrogue la Ordenanza Municipal 046, de lo contrario realizaremos medidas legales contra estos concejales\u201d, anunci\u00f3.<br \/>\nEl jueves, en sesi\u00f3n de Concejo Municipal la cuestionada ordenanza fue abrogada por unanimidad, esto ante el rechazo de varias instituciones, sociedad civil y la propia Alcald\u00eda.<br \/>\nUn d\u00eda antes, la Asamblea de la Pace\u00f1idad advirti\u00f3 con iniciar procesos a los seis concejales que aprobaron la promulgaci\u00f3n de la norma.<br \/>\nPor su parte, el alcalde de La Paz, Iv\u00e1n Arias, afirm\u00f3 que desde el Ejecutivo edil se trabaja en la redacci\u00f3n de una nueva normativa donde se actualicen los instrumentos de administraci\u00f3n del territorio.<\/p>\n","protected":false},"excerpt":{"rendered":"<p>Luego de la movilizaci\u00f3n de instituciones y ciudadan\u00eda para lograr la abrogaci\u00f3n de la ordenanza municipal 046, el diputado pace\u00f1o por la alianza Comunidad Ciudadana (CC), Alejandro Reyes, anunci\u00f3 una constante vigilancia para evitar intentos de aprobar nuevas normas que atenten contra la seguridad de la poblaci\u00f3n ante la desconfianza en las autoridades municipales. En [&hellip;]<\/p>\n","protected":false},"author":1,"featured_media":128135,"comment_status":"closed","ping_status":"closed","sticky":false,"template":"","format":"standard","meta":{"_acf_changed":false,"footnotes":""},"categories":[14],"tags":[],"class_list":["post-128134","post","type-post","status-publish","format-standard","has-post-thumbnail","category-politica"],"acf":{"antetitulo":""},"yoast_head":"<!-- This site is optimized with the Yoast SEO plugin v28.4 - https:\/\/yoast.com\/product\/yoast-seo-wordpress\/ -->\n<title>Reyes: \u201cYa no podemos confiar en la Alcald\u00eda ni en el Concejo\u201d - El Diario - Bolivia<\/title>\n<meta name=\"robots\" content=\"index, follow, max-snippet:-1, max-image-preview:large, max-video-preview:-1\" \/>\n<link rel=\"canonical\" href=\"https:\/\/www.eldiario.net\/portal\/2022\/12\/17\/reyes-ya-no-podemos-confiar-en-la-alcaldia-ni-en-el-concejo\/\" \/>\n<meta property=\"og:locale\" content=\"es_ES\" \/>\n<meta property=\"og:type\" content=\"article\" \/>\n<meta property=\"og:title\" content=\"Reyes: \u201cYa no podemos confiar en la Alcald\u00eda ni en el Concejo\u201d - El Diario - Bolivia\" \/>\n<meta property=\"og:description\" content=\"Luego de la movilizaci\u00f3n de instituciones y ciudadan\u00eda para lograr la abrogaci\u00f3n de la ordenanza municipal 046, el diputado pace\u00f1o por la alianza Comunidad Ciudadana (CC), Alejandro Reyes, anunci\u00f3 una constante vigilancia para evitar intentos de aprobar nuevas normas que atenten contra la seguridad de la poblaci\u00f3n ante la desconfianza en las autoridades municipales. En [&hellip;]\" \/>\n<meta property=\"og:url\" content=\"https:\/\/www.eldiario.net\/portal\/2022\/12\/17\/reyes-ya-no-podemos-confiar-en-la-alcaldia-ni-en-el-concejo\/\" \/>\n<meta property=\"og:site_name\" content=\"El Diario - Bolivia\" \/>\n<meta property=\"article:publisher\" content=\"https:\/\/www.facebook.com\/eldiario.bolivia\/\" \/>\n<meta property=\"article:published_time\" content=\"2022-12-17T10:17:33+00:00\" \/>\n<meta name=\"author\" content=\"Jeanette\" \/>\n<meta name=\"twitter:card\" content=\"summary_large_image\" \/>\n<meta name=\"twitter:creator\" content=\"@eldiario_net\" \/>\n<meta name=\"twitter:site\" content=\"@eldiario_net\" \/>\n<meta name=\"twitter:label1\" content=\"Escrito por\" \/>\n\t<meta name=\"twitter:data1\" content=\"Jeanette\" \/>\n\t<meta name=\"twitter:label2\" content=\"Tiempo de lectura\" \/>\n\t<meta name=\"twitter:data2\" content=\"3 minutos\" \/>\n<script type=\"application\/ld+json\" class=\"yoast-schema-graph\">{\"@context\":\"https:\\\/\\\/schema.org\",\"@graph\":[{\"@type\":\"Article\",\"@id\":\"https:\\\/\\\/www.eldiario.net\\\/portal\\\/2022\\\/12\\\/17\\\/reyes-ya-no-podemos-confiar-en-la-alcaldia-ni-en-el-concejo\\\/#article\",\"isPartOf\":{\"@id\":\"https:\\\/\\\/www.eldiario.net\\\/portal\\\/2022\\\/12\\\/17\\\/reyes-ya-no-podemos-confiar-en-la-alcaldia-ni-en-el-concejo\\\/\"},\"author\":{\"name\":\"Jeanette\",\"@id\":\"https:\\\/\\\/www.eldiario.net\\\/portal\\\/#\\\/schema\\\/person\\\/f46445640444750d7d753ccd04ae01b7\"},\"headline\":\"Reyes: \u201cYa no podemos confiar en la Alcald\u00eda ni en el Concejo\u201d\",\"datePublished\":\"2022-12-17T10:17:33+00:00\",\"mainEntityOfPage\":{\"@id\":\"https:\\\/\\\/www.eldiario.net\\\/portal\\\/2022\\\/12\\\/17\\\/reyes-ya-no-podemos-confiar-en-la-alcaldia-ni-en-el-concejo\\\/\"},\"wordCount\":679,\"publisher\":{\"@id\":\"https:\\\/\\\/www.eldiario.net\\\/portal\\\/#organization\"},\"image\":{\"@id\":\"https:\\\/\\\/www.eldiario.net\\\/portal\\\/2022\\\/12\\\/17\\\/reyes-ya-no-podemos-confiar-en-la-alcaldia-ni-en-el-concejo\\\/#primaryimage\"},\"thumbnailUrl\":\"\",\"articleSection\":[\"Pol\u00edtica\"],\"inLanguage\":\"es\"},{\"@type\":\"WebPage\",\"@id\":\"https:\\\/\\\/www.eldiario.net\\\/portal\\\/2022\\\/12\\\/17\\\/reyes-ya-no-podemos-confiar-en-la-alcaldia-ni-en-el-concejo\\\/\",\"url\":\"https:\\\/\\\/www.eldiario.net\\\/portal\\\/2022\\\/12\\\/17\\\/reyes-ya-no-podemos-confiar-en-la-alcaldia-ni-en-el-concejo\\\/\",\"name\":\"Reyes: \u201cYa no podemos confiar en la Alcald\u00eda ni en el Concejo\u201d - El Diario - Bolivia\",\"isPartOf\":{\"@id\":\"https:\\\/\\\/www.eldiario.net\\\/portal\\\/#website\"},\"primaryImageOfPage\":{\"@id\":\"https:\\\/\\\/www.eldiario.net\\\/portal\\\/2022\\\/12\\\/17\\\/reyes-ya-no-podemos-confiar-en-la-alcaldia-ni-en-el-concejo\\\/#primaryimage\"},\"image\":{\"@id\":\"https:\\\/\\\/www.eldiario.net\\\/portal\\\/2022\\\/12\\\/17\\\/reyes-ya-no-podemos-confiar-en-la-alcaldia-ni-en-el-concejo\\\/#primaryimage\"},\"thumbnailUrl\":\"\",\"datePublished\":\"2022-12-17T10:17:33+00:00\",\"breadcrumb\":{\"@id\":\"https:\\\/\\\/www.eldiario.net\\\/portal\\\/2022\\\/12\\\/17\\\/reyes-ya-no-podemos-confiar-en-la-alcaldia-ni-en-el-concejo\\\/#breadcrumb\"},\"inLanguage\":\"es\",\"potentialAction\":[{\"@type\":\"ReadAction\",\"target\":[\"https:\\\/\\\/www.eldiario.net\\\/portal\\\/2022\\\/12\\\/17\\\/reyes-ya-no-podemos-confiar-en-la-alcaldia-ni-en-el-concejo\\\/\"]}]},{\"@type\":\"ImageObject\",\"inLanguage\":\"es\",\"@id\":\"https:\\\/\\\/www.eldiario.net\\\/portal\\\/2022\\\/12\\\/17\\\/reyes-ya-no-podemos-confiar-en-la-alcaldia-ni-en-el-concejo\\\/#primaryimage\",\"url\":\"\",\"contentUrl\":\"\"},{\"@type\":\"BreadcrumbList\",\"@id\":\"https:\\\/\\\/www.eldiario.net\\\/portal\\\/2022\\\/12\\\/17\\\/reyes-ya-no-podemos-confiar-en-la-alcaldia-ni-en-el-concejo\\\/#breadcrumb\",\"itemListElement\":[{\"@type\":\"ListItem\",\"position\":1,\"name\":\"Portada\",\"item\":\"https:\\\/\\\/www.eldiario.net\\\/portal\\\/\"},{\"@type\":\"ListItem\",\"position\":2,\"name\":\"Reyes: \u201cYa no podemos confiar en la Alcald\u00eda ni en el Concejo\u201d\"}]},{\"@type\":\"WebSite\",\"@id\":\"https:\\\/\\\/www.eldiario.net\\\/portal\\\/#website\",\"url\":\"https:\\\/\\\/www.eldiario.net\\\/portal\\\/\",\"name\":\"El Diario - Decano de la prensa nacional\",\"description\":\"El Diario - Decano de la prensa nacional\",\"publisher\":{\"@id\":\"https:\\\/\\\/www.eldiario.net\\\/portal\\\/#organization\"},\"potentialAction\":[{\"@type\":\"SearchAction\",\"target\":{\"@type\":\"EntryPoint\",\"urlTemplate\":\"https:\\\/\\\/www.eldiario.net\\\/portal\\\/?s={search_term_string}\"},\"query-input\":{\"@type\":\"PropertyValueSpecification\",\"valueRequired\":true,\"valueName\":\"search_term_string\"}}],\"inLanguage\":\"es\"},{\"@type\":\"Organization\",\"@id\":\"https:\\\/\\\/www.eldiario.net\\\/portal\\\/#organization\",\"name\":\"El Diario - Decano de la prensa nacional\",\"url\":\"https:\\\/\\\/www.eldiario.net\\\/portal\\\/\",\"logo\":{\"@type\":\"ImageObject\",\"inLanguage\":\"es\",\"@id\":\"https:\\\/\\\/www.eldiario.net\\\/portal\\\/#\\\/schema\\\/logo\\\/image\\\/\",\"url\":\"https:\\\/\\\/www.eldiario.net\\\/portal\\\/wp-content\\\/uploads\\\/2023\\\/07\\\/logo_ED.jpg\",\"contentUrl\":\"https:\\\/\\\/www.eldiario.net\\\/portal\\\/wp-content\\\/uploads\\\/2023\\\/07\\\/logo_ED.jpg\",\"width\":272,\"height\":52,\"caption\":\"El Diario - Decano de la prensa nacional\"},\"image\":{\"@id\":\"https:\\\/\\\/www.eldiario.net\\\/portal\\\/#\\\/schema\\\/logo\\\/image\\\/\"},\"sameAs\":[\"https:\\\/\\\/www.facebook.com\\\/eldiario.bolivia\\\/\",\"https:\\\/\\\/x.com\\\/eldiario_net\"]},{\"@type\":\"Person\",\"@id\":\"https:\\\/\\\/www.eldiario.net\\\/portal\\\/#\\\/schema\\\/person\\\/f46445640444750d7d753ccd04ae01b7\",\"name\":\"Jeanette\",\"image\":{\"@type\":\"ImageObject\",\"inLanguage\":\"es\",\"@id\":\"https:\\\/\\\/secure.gravatar.com\\\/avatar\\\/3ea2118a5f7dad2b7138b1187a6b7ee55f160b9968b66013c3a3ef39dd7e5798?s=96&d=mm&r=g\",\"url\":\"https:\\\/\\\/secure.gravatar.com\\\/avatar\\\/3ea2118a5f7dad2b7138b1187a6b7ee55f160b9968b66013c3a3ef39dd7e5798?s=96&d=mm&r=g\",\"contentUrl\":\"https:\\\/\\\/secure.gravatar.com\\\/avatar\\\/3ea2118a5f7dad2b7138b1187a6b7ee55f160b9968b66013c3a3ef39dd7e5798?s=96&d=mm&r=g\",\"caption\":\"Jeanette\"},\"sameAs\":[\"https:\\\/\\\/www.eldiario.net\\\/portal\"],\"url\":\"https:\\\/\\\/www.eldiario.net\\\/portal\\\/author\\\/jeanette\\\/\"}]}<\/script>\n<!-- \/ Yoast SEO plugin. -->","yoast_head_json":{"title":"Reyes: \u201cYa no podemos confiar en la Alcald\u00eda ni en el Concejo\u201d - El Diario - Bolivia","robots":{"index":"index","follow":"follow","max-snippet":"max-snippet:-1","max-image-preview":"max-image-preview:large","max-video-preview":"max-video-preview:-1"},"canonical":"https:\/\/www.eldiario.net\/portal\/2022\/12\/17\/reyes-ya-no-podemos-confiar-en-la-alcaldia-ni-en-el-concejo\/","og_locale":"es_ES","og_type":"article","og_title":"Reyes: \u201cYa no podemos confiar en la Alcald\u00eda ni en el Concejo\u201d - El Diario - Bolivia","og_description":"Luego de la movilizaci\u00f3n de instituciones y ciudadan\u00eda para lograr la abrogaci\u00f3n de la ordenanza municipal 046, el diputado pace\u00f1o por la alianza Comunidad Ciudadana (CC), Alejandro Reyes, anunci\u00f3 una constante vigilancia para evitar intentos de aprobar nuevas normas que atenten contra la seguridad de la poblaci\u00f3n ante la desconfianza en las autoridades municipales. En [&hellip;]","og_url":"https:\/\/www.eldiario.net\/portal\/2022\/12\/17\/reyes-ya-no-podemos-confiar-en-la-alcaldia-ni-en-el-concejo\/","og_site_name":"El Diario - Bolivia","article_publisher":"https:\/\/www.facebook.com\/eldiario.bolivia\/","article_published_time":"2022-12-17T10:17:33+00:00","author":"Jeanette","twitter_card":"summary_large_image","twitter_creator":"@eldiario_net","twitter_site":"@eldiario_net","twitter_misc":{"Escrito por":"Jeanette","Tiempo de lectura":"3 minutos"},"schema":{"@context":"https:\/\/schema.org","@graph":[{"@type":"Article","@id":"https:\/\/www.eldiario.net\/portal\/2022\/12\/17\/reyes-ya-no-podemos-confiar-en-la-alcaldia-ni-en-el-concejo\/#article","isPartOf":{"@id":"https:\/\/www.eldiario.net\/portal\/2022\/12\/17\/reyes-ya-no-podemos-confiar-en-la-alcaldia-ni-en-el-concejo\/"},"author":{"name":"Jeanette","@id":"https:\/\/www.eldiario.net\/portal\/#\/schema\/person\/f46445640444750d7d753ccd04ae01b7"},"headline":"Reyes: \u201cYa no podemos confiar en la Alcald\u00eda ni en el Concejo\u201d","datePublished":"2022-12-17T10:17:33+00:00","mainEntityOfPage":{"@id":"https:\/\/www.eldiario.net\/portal\/2022\/12\/17\/reyes-ya-no-podemos-confiar-en-la-alcaldia-ni-en-el-concejo\/"},"wordCount":679,"publisher":{"@id":"https:\/\/www.eldiario.net\/portal\/#organization"},"image":{"@id":"https:\/\/www.eldiario.net\/portal\/2022\/12\/17\/reyes-ya-no-podemos-confiar-en-la-alcaldia-ni-en-el-concejo\/#primaryimage"},"thumbnailUrl":"","articleSection":["Pol\u00edtica"],"inLanguage":"es"},{"@type":"WebPage","@id":"https:\/\/www.eldiario.net\/portal\/2022\/12\/17\/reyes-ya-no-podemos-confiar-en-la-alcaldia-ni-en-el-concejo\/","url":"https:\/\/www.eldiario.net\/portal\/2022\/12\/17\/reyes-ya-no-podemos-confiar-en-la-alcaldia-ni-en-el-concejo\/","name":"Reyes: \u201cYa no podemos confiar en la Alcald\u00eda ni en el Concejo\u201d - El Diario - Bolivia","isPartOf":{"@id":"https:\/\/www.eldiario.net\/portal\/#website"},"primaryImageOfPage":{"@id":"https:\/\/www.eldiario.net\/portal\/2022\/12\/17\/reyes-ya-no-podemos-confiar-en-la-alcaldia-ni-en-el-concejo\/#primaryimage"},"image":{"@id":"https:\/\/www.eldiario.net\/portal\/2022\/12\/17\/reyes-ya-no-podemos-confiar-en-la-alcaldia-ni-en-el-concejo\/#primaryimage"},"thumbnailUrl":"","datePublished":"2022-12-17T10:17:33+00:00","breadcrumb":{"@id":"https:\/\/www.eldiario.net\/portal\/2022\/12\/17\/reyes-ya-no-podemos-confiar-en-la-alcaldia-ni-en-el-concejo\/#breadcrumb"},"inLanguage":"es","potentialAction":[{"@type":"ReadAction","target":["https:\/\/www.eldiario.net\/portal\/2022\/12\/17\/reyes-ya-no-podemos-confiar-en-la-alcaldia-ni-en-el-concejo\/"]}]},{"@type":"ImageObject","inLanguage":"es","@id":"https:\/\/www.eldiario.net\/portal\/2022\/12\/17\/reyes-ya-no-podemos-confiar-en-la-alcaldia-ni-en-el-concejo\/#primaryimage","url":"","contentUrl":""},{"@type":"BreadcrumbList","@id":"https:\/\/www.eldiario.net\/portal\/2022\/12\/17\/reyes-ya-no-podemos-confiar-en-la-alcaldia-ni-en-el-concejo\/#breadcrumb","itemListElement":[{"@type":"ListItem","position":1,"name":"Portada","item":"https:\/\/www.eldiario.net\/portal\/"},{"@type":"ListItem","position":2,"name":"Reyes: \u201cYa no podemos confiar en la Alcald\u00eda ni en el Concejo\u201d"}]},{"@type":"WebSite","@id":"https:\/\/www.eldiario.net\/portal\/#website","url":"https:\/\/www.eldiario.net\/portal\/","name":"El Diario - Decano de la prensa nacional","description":"El Diario - Decano de la prensa nacional","publisher":{"@id":"https:\/\/www.eldiario.net\/portal\/#organization"},"potentialAction":[{"@type":"SearchAction","target":{"@type":"EntryPoint","urlTemplate":"https:\/\/www.eldiario.net\/portal\/?s={search_term_string}"},"query-input":{"@type":"PropertyValueSpecification","valueRequired":true,"valueName":"search_term_string"}}],"inLanguage":"es"},{"@type":"Organization","@id":"https:\/\/www.eldiario.net\/portal\/#organization","name":"El Diario - Decano de la prensa nacional","url":"https:\/\/www.eldiario.net\/portal\/","logo":{"@type":"ImageObject","inLanguage":"es","@id":"https:\/\/www.eldiario.net\/portal\/#\/schema\/logo\/image\/","url":"https:\/\/www.eldiario.net\/portal\/wp-content\/uploads\/2023\/07\/logo_ED.jpg","contentUrl":"https:\/\/www.eldiario.net\/portal\/wp-content\/uploads\/2023\/07\/logo_ED.jpg","width":272,"height":52,"caption":"El Diario - Decano de la prensa nacional"},"image":{"@id":"https:\/\/www.eldiario.net\/portal\/#\/schema\/logo\/image\/"},"sameAs":["https:\/\/www.facebook.com\/eldiario.bolivia\/","https:\/\/x.com\/eldiario_net"]},{"@type":"Person","@id":"https:\/\/www.eldiario.net\/portal\/#\/schema\/person\/f46445640444750d7d753ccd04ae01b7","name":"Jeanette","image":{"@type":"ImageObject","inLanguage":"es","@id":"https:\/\/secure.gravatar.com\/avatar\/3ea2118a5f7dad2b7138b1187a6b7ee55f160b9968b66013c3a3ef39dd7e5798?s=96&d=mm&r=g","url":"https:\/\/secure.gravatar.com\/avatar\/3ea2118a5f7dad2b7138b1187a6b7ee55f160b9968b66013c3a3ef39dd7e5798?s=96&d=mm&r=g","contentUrl":"https:\/\/secure.gravatar.com\/avatar\/3ea2118a5f7dad2b7138b1187a6b7ee55f160b9968b66013c3a3ef39dd7e5798?s=96&d=mm&r=g","caption":"Jeanette"},"sameAs":["https:\/\/www.eldiario.net\/portal"],"url":"https:\/\/www.eldiario.net\/portal\/author\/jeanette\/"}]}},"_links":{"self":[{"href":"https:\/\/www.eldiario.net\/portal\/wp-json\/wp\/v2\/posts\/128134","targetHints":{"allow":["GET"]}}],"collection":[{"href":"https:\/\/www.eldiario.net\/portal\/wp-json\/wp\/v2\/posts"}],"about":[{"href":"https:\/\/www.eldiario.net\/portal\/wp-json\/wp\/v2\/types\/post"}],"author":[{"embeddable":true,"href":"https:\/\/www.eldiario.net\/portal\/wp-json\/wp\/v2\/users\/1"}],"replies":[{"embeddable":true,"href":"https:\/\/www.eldiario.net\/portal\/wp-json\/wp\/v2\/comments?post=128134"}],"version-history":[{"count":0,"href":"https:\/\/www.eldiario.net\/portal\/wp-json\/wp\/v2\/posts\/128134\/revisions"}],"wp:attachment":[{"href":"https:\/\/www.eldiario.net\/portal\/wp-json\/wp\/v2\/media?parent=128134"}],"wp:term":[{"taxonomy":"category","embeddable":true,"href":"https:\/\/www.eldiario.net\/portal\/wp-json\/wp\/v2\/categories?post=128134"},{"taxonomy":"post_tag","embeddable":true,"href":"https:\/\/www.eldiario.net\/portal\/wp-json\/wp\/v2\/tags?post=128134"}],"curies":[{"name":"wp","href":"https:\/\/api.w.org\/{rel}","templated":true}]}}