{"id":128126,"date":"2022-12-17T06:15:24","date_gmt":"2022-12-17T10:15:24","guid":{"rendered":"https:\/\/www.eldiario.net\/portal\/?p=128126"},"modified":"2022-12-17T06:15:24","modified_gmt":"2022-12-17T10:15:24","slug":"piden-atencion-para-connacionales-que-se-encuentran-varados-en-peru","status":"publish","type":"post","link":"https:\/\/www.eldiario.net\/portal\/2022\/12\/17\/piden-atencion-para-connacionales-que-se-encuentran-varados-en-peru\/","title":{"rendered":"Piden atenci\u00f3n para connacionales  que se encuentran varados en Per\u00fa"},"content":{"rendered":"<p>Ante la crisis social y pol\u00edtica por la que atraviesa la Rep\u00fablica del Per\u00fa, parlamentarios piden que autoridades de la Canciller\u00eda se despojen de toda ideolog\u00eda y tomen contacto con el nuevo Gobierno del vecino pa\u00eds para coordinar ayuda y atenci\u00f3n consular para los connacionales que se encuentran atrapados por este conflicto.<br \/>\nEn conferencia de prensa, el legislador Jos\u00e9 Manuel Ormachea exigi\u00f3 que desde el Ministerio de Relaciones Exteriores se priorice la atenci\u00f3n y ayuda para los bolivianos que se encuentran atrapados en territorio peruano a causa de los conflictos por los que atraviesa esta naci\u00f3n.<br \/>\nPara ello, plante\u00f3 al titular en la Canciller\u00eda boliviana, Rogelio Mayta, a entablar las comunicaciones que sean necesarias con autoridades del gobierno peruano a fin de coordinar acciones que atiendan las necesidades de los connacionales que no logran abandonar territorio de este pa\u00eds desde el inicio del conflicto.<br \/>\n\u201cInstamos de manera muy respetuosa a la Canciller\u00eda y al canciller, Rogelio Mayta, a que se tomen acciones de inmediato y se comuniquen con el nuevo Gobierno de la se\u00f1ora Boluarte, democr\u00e1tica, constitucional y legalmente establecido en el Per\u00fa\u201d, indic\u00f3.<br \/>\nEl parlamentario pace\u00f1o pidi\u00f3 a las autoridades nacionales dejar de lado toda afinidad pol\u00edtica e ideol\u00f3gica para priorizar el bienestar de los compatriotas que atraviesan por momentos dif\u00edciles sin poder retornar al pa\u00eds. \u201cQue no se haga uso de las atribuciones como Canciller de manera ideol\u00f3gica, la ideolog\u00eda nada tiene que ver cuando hay bolivianas y bolivianos atrapados en un estallido social que ya tiene muertos\u201d, afirm\u00f3 el parlamentario.<br \/>\nHasta este viernes, el gobierno peruano confirm\u00f3 el deceso de 18 personas, entre ellos tres menores, por causa de las protestas en diversas regiones de este pa\u00eds. La poblaci\u00f3n demanda la salida de Dina Boluarte de la presidencia y el adelanto de elecciones generales.<br \/>\nEn ese sentido Ormachea exigi\u00f3 acciones inmediatas activando todos los mecanismos para repatriar a todos los bolivianos que se encuentran atrapados en este momento en la Rep\u00fablica del Per\u00fa. \u201cSe lo vamos a exigir as\u00ed\u201d, finaliz\u00f3.<br \/>\nEn las \u00faltimas horas, desde el Ministerio de Relaciones Exteriores de Bolivia, se inform\u00f3 sobre el inicio de trabajos para brindar asistencia y evacuaci\u00f3n a los connacionales que se encuentran varados en la Rep\u00fablica del Per\u00fa a causa de los conflictos pol\u00edticos y sociales por los que atraviesa el vecino pa\u00eds.<br \/>\nAdem\u00e1s, desde la Defensor\u00eda del Pueblo, se inform\u00f3 sobre el rescate de siete ciudadanos bolivianos, entre ellos dos ni\u00f1os, que se encontraban retenidos en la comunidad cusque\u00f1a de Checacupe, debido a las protestas sociales. \u201cLogramos socorrer a siete turistas bolivianos en Per\u00fa, pa\u00eds que vive un conflicto nacional. Gracias al Ministerio de Relaciones Exteriores de Bolivia y la Defensor\u00eda del Per\u00fa rescatamos a los afectados, varados hace 4 d\u00edas\u201d, inform\u00f3 el Defensor del Pueblo en su cuenta de Twitter.<\/p>\n","protected":false},"excerpt":{"rendered":"<p>Ante la crisis social y pol\u00edtica por la que atraviesa la Rep\u00fablica del Per\u00fa, parlamentarios piden que autoridades de la Canciller\u00eda se despojen de toda ideolog\u00eda y tomen contacto con el nuevo Gobierno del vecino pa\u00eds para coordinar ayuda y atenci\u00f3n consular para los connacionales que se encuentran atrapados por este conflicto. En conferencia de [&hellip;]<\/p>\n","protected":false},"author":1,"featured_media":128127,"comment_status":"closed","ping_status":"closed","sticky":false,"template":"","format":"standard","meta":{"_acf_changed":false,"footnotes":""},"categories":[14],"tags":[],"class_list":["post-128126","post","type-post","status-publish","format-standard","has-post-thumbnail","category-politica"],"acf":{"antetitulo":""},"yoast_head":"<!-- This site is optimized with the Yoast SEO plugin v28.4 - https:\/\/yoast.com\/product\/yoast-seo-wordpress\/ -->\n<title>Piden atenci\u00f3n para connacionales que se encuentran varados en Per\u00fa - El Diario - Bolivia<\/title>\n<meta name=\"robots\" content=\"index, follow, max-snippet:-1, max-image-preview:large, max-video-preview:-1\" \/>\n<link rel=\"canonical\" href=\"https:\/\/www.eldiario.net\/portal\/2022\/12\/17\/piden-atencion-para-connacionales-que-se-encuentran-varados-en-peru\/\" \/>\n<meta property=\"og:locale\" content=\"es_ES\" \/>\n<meta property=\"og:type\" content=\"article\" \/>\n<meta property=\"og:title\" content=\"Piden atenci\u00f3n para connacionales que se encuentran varados en Per\u00fa - El Diario - Bolivia\" \/>\n<meta property=\"og:description\" content=\"Ante la crisis social y pol\u00edtica por la que atraviesa la Rep\u00fablica del Per\u00fa, parlamentarios piden que autoridades de la Canciller\u00eda se despojen de toda ideolog\u00eda y tomen contacto con el nuevo Gobierno del vecino pa\u00eds para coordinar ayuda y atenci\u00f3n consular para los connacionales que se encuentran atrapados por este conflicto. En conferencia de [&hellip;]\" \/>\n<meta property=\"og:url\" content=\"https:\/\/www.eldiario.net\/portal\/2022\/12\/17\/piden-atencion-para-connacionales-que-se-encuentran-varados-en-peru\/\" \/>\n<meta property=\"og:site_name\" content=\"El Diario - Bolivia\" \/>\n<meta property=\"article:publisher\" content=\"https:\/\/www.facebook.com\/eldiario.bolivia\/\" \/>\n<meta property=\"article:published_time\" content=\"2022-12-17T10:15:24+00:00\" \/>\n<meta property=\"og:image\" content=\"https:\/\/www.eldiario.net\/portal\/wp-content\/uploads\/2022\/12\/41-POL-7.jpg\" \/>\n\t<meta property=\"og:image:width\" content=\"1600\" \/>\n\t<meta property=\"og:image:height\" content=\"1200\" \/>\n\t<meta property=\"og:image:type\" content=\"image\/jpeg\" \/>\n<meta name=\"author\" content=\"Jeanette\" \/>\n<meta name=\"twitter:card\" content=\"summary_large_image\" \/>\n<meta name=\"twitter:creator\" content=\"@eldiario_net\" \/>\n<meta name=\"twitter:site\" content=\"@eldiario_net\" \/>\n<meta name=\"twitter:label1\" content=\"Escrito por\" \/>\n\t<meta name=\"twitter:data1\" content=\"Jeanette\" \/>\n\t<meta name=\"twitter:label2\" content=\"Tiempo de lectura\" \/>\n\t<meta name=\"twitter:data2\" content=\"3 minutos\" \/>\n<script type=\"application\/ld+json\" class=\"yoast-schema-graph\">{\"@context\":\"https:\\\/\\\/schema.org\",\"@graph\":[{\"@type\":\"Article\",\"@id\":\"https:\\\/\\\/www.eldiario.net\\\/portal\\\/2022\\\/12\\\/17\\\/piden-atencion-para-connacionales-que-se-encuentran-varados-en-peru\\\/#article\",\"isPartOf\":{\"@id\":\"https:\\\/\\\/www.eldiario.net\\\/portal\\\/2022\\\/12\\\/17\\\/piden-atencion-para-connacionales-que-se-encuentran-varados-en-peru\\\/\"},\"author\":{\"name\":\"Jeanette\",\"@id\":\"https:\\\/\\\/www.eldiario.net\\\/portal\\\/#\\\/schema\\\/person\\\/f46445640444750d7d753ccd04ae01b7\"},\"headline\":\"Piden atenci\u00f3n para connacionales que se encuentran varados en Per\u00fa\",\"datePublished\":\"2022-12-17T10:15:24+00:00\",\"mainEntityOfPage\":{\"@id\":\"https:\\\/\\\/www.eldiario.net\\\/portal\\\/2022\\\/12\\\/17\\\/piden-atencion-para-connacionales-que-se-encuentran-varados-en-peru\\\/\"},\"wordCount\":506,\"publisher\":{\"@id\":\"https:\\\/\\\/www.eldiario.net\\\/portal\\\/#organization\"},\"image\":{\"@id\":\"https:\\\/\\\/www.eldiario.net\\\/portal\\\/2022\\\/12\\\/17\\\/piden-atencion-para-connacionales-que-se-encuentran-varados-en-peru\\\/#primaryimage\"},\"thumbnailUrl\":\"https:\\\/\\\/www.eldiario.net\\\/portal\\\/wp-content\\\/uploads\\\/2022\\\/12\\\/41-POL-7.jpg\",\"articleSection\":[\"Pol\u00edtica\"],\"inLanguage\":\"es\"},{\"@type\":\"WebPage\",\"@id\":\"https:\\\/\\\/www.eldiario.net\\\/portal\\\/2022\\\/12\\\/17\\\/piden-atencion-para-connacionales-que-se-encuentran-varados-en-peru\\\/\",\"url\":\"https:\\\/\\\/www.eldiario.net\\\/portal\\\/2022\\\/12\\\/17\\\/piden-atencion-para-connacionales-que-se-encuentran-varados-en-peru\\\/\",\"name\":\"Piden atenci\u00f3n para connacionales que se encuentran varados en Per\u00fa - El Diario - Bolivia\",\"isPartOf\":{\"@id\":\"https:\\\/\\\/www.eldiario.net\\\/portal\\\/#website\"},\"primaryImageOfPage\":{\"@id\":\"https:\\\/\\\/www.eldiario.net\\\/portal\\\/2022\\\/12\\\/17\\\/piden-atencion-para-connacionales-que-se-encuentran-varados-en-peru\\\/#primaryimage\"},\"image\":{\"@id\":\"https:\\\/\\\/www.eldiario.net\\\/portal\\\/2022\\\/12\\\/17\\\/piden-atencion-para-connacionales-que-se-encuentran-varados-en-peru\\\/#primaryimage\"},\"thumbnailUrl\":\"https:\\\/\\\/www.eldiario.net\\\/portal\\\/wp-content\\\/uploads\\\/2022\\\/12\\\/41-POL-7.jpg\",\"datePublished\":\"2022-12-17T10:15:24+00:00\",\"breadcrumb\":{\"@id\":\"https:\\\/\\\/www.eldiario.net\\\/portal\\\/2022\\\/12\\\/17\\\/piden-atencion-para-connacionales-que-se-encuentran-varados-en-peru\\\/#breadcrumb\"},\"inLanguage\":\"es\",\"potentialAction\":[{\"@type\":\"ReadAction\",\"target\":[\"https:\\\/\\\/www.eldiario.net\\\/portal\\\/2022\\\/12\\\/17\\\/piden-atencion-para-connacionales-que-se-encuentran-varados-en-peru\\\/\"]}]},{\"@type\":\"ImageObject\",\"inLanguage\":\"es\",\"@id\":\"https:\\\/\\\/www.eldiario.net\\\/portal\\\/2022\\\/12\\\/17\\\/piden-atencion-para-connacionales-que-se-encuentran-varados-en-peru\\\/#primaryimage\",\"url\":\"https:\\\/\\\/www.eldiario.net\\\/portal\\\/wp-content\\\/uploads\\\/2022\\\/12\\\/41-POL-7.jpg\",\"contentUrl\":\"https:\\\/\\\/www.eldiario.net\\\/portal\\\/wp-content\\\/uploads\\\/2022\\\/12\\\/41-POL-7.jpg\",\"width\":1600,\"height\":1200,\"caption\":\"Diputado Jos\u00e9 Manuel Ormachea (CC)\"},{\"@type\":\"BreadcrumbList\",\"@id\":\"https:\\\/\\\/www.eldiario.net\\\/portal\\\/2022\\\/12\\\/17\\\/piden-atencion-para-connacionales-que-se-encuentran-varados-en-peru\\\/#breadcrumb\",\"itemListElement\":[{\"@type\":\"ListItem\",\"position\":1,\"name\":\"Portada\",\"item\":\"https:\\\/\\\/www.eldiario.net\\\/portal\\\/\"},{\"@type\":\"ListItem\",\"position\":2,\"name\":\"Piden atenci\u00f3n para connacionales que se encuentran varados en Per\u00fa\"}]},{\"@type\":\"WebSite\",\"@id\":\"https:\\\/\\\/www.eldiario.net\\\/portal\\\/#website\",\"url\":\"https:\\\/\\\/www.eldiario.net\\\/portal\\\/\",\"name\":\"El Diario - Decano de la prensa nacional\",\"description\":\"El Diario - Decano de la prensa nacional\",\"publisher\":{\"@id\":\"https:\\\/\\\/www.eldiario.net\\\/portal\\\/#organization\"},\"potentialAction\":[{\"@type\":\"SearchAction\",\"target\":{\"@type\":\"EntryPoint\",\"urlTemplate\":\"https:\\\/\\\/www.eldiario.net\\\/portal\\\/?s={search_term_string}\"},\"query-input\":{\"@type\":\"PropertyValueSpecification\",\"valueRequired\":true,\"valueName\":\"search_term_string\"}}],\"inLanguage\":\"es\"},{\"@type\":\"Organization\",\"@id\":\"https:\\\/\\\/www.eldiario.net\\\/portal\\\/#organization\",\"name\":\"El Diario - Decano de la prensa nacional\",\"url\":\"https:\\\/\\\/www.eldiario.net\\\/portal\\\/\",\"logo\":{\"@type\":\"ImageObject\",\"inLanguage\":\"es\",\"@id\":\"https:\\\/\\\/www.eldiario.net\\\/portal\\\/#\\\/schema\\\/logo\\\/image\\\/\",\"url\":\"https:\\\/\\\/www.eldiario.net\\\/portal\\\/wp-content\\\/uploads\\\/2023\\\/07\\\/logo_ED.jpg\",\"contentUrl\":\"https:\\\/\\\/www.eldiario.net\\\/portal\\\/wp-content\\\/uploads\\\/2023\\\/07\\\/logo_ED.jpg\",\"width\":272,\"height\":52,\"caption\":\"El Diario - Decano de la prensa nacional\"},\"image\":{\"@id\":\"https:\\\/\\\/www.eldiario.net\\\/portal\\\/#\\\/schema\\\/logo\\\/image\\\/\"},\"sameAs\":[\"https:\\\/\\\/www.facebook.com\\\/eldiario.bolivia\\\/\",\"https:\\\/\\\/x.com\\\/eldiario_net\"]},{\"@type\":\"Person\",\"@id\":\"https:\\\/\\\/www.eldiario.net\\\/portal\\\/#\\\/schema\\\/person\\\/f46445640444750d7d753ccd04ae01b7\",\"name\":\"Jeanette\",\"image\":{\"@type\":\"ImageObject\",\"inLanguage\":\"es\",\"@id\":\"https:\\\/\\\/secure.gravatar.com\\\/avatar\\\/3ea2118a5f7dad2b7138b1187a6b7ee55f160b9968b66013c3a3ef39dd7e5798?s=96&d=mm&r=g\",\"url\":\"https:\\\/\\\/secure.gravatar.com\\\/avatar\\\/3ea2118a5f7dad2b7138b1187a6b7ee55f160b9968b66013c3a3ef39dd7e5798?s=96&d=mm&r=g\",\"contentUrl\":\"https:\\\/\\\/secure.gravatar.com\\\/avatar\\\/3ea2118a5f7dad2b7138b1187a6b7ee55f160b9968b66013c3a3ef39dd7e5798?s=96&d=mm&r=g\",\"caption\":\"Jeanette\"},\"sameAs\":[\"https:\\\/\\\/www.eldiario.net\\\/portal\"],\"url\":\"https:\\\/\\\/www.eldiario.net\\\/portal\\\/author\\\/jeanette\\\/\"}]}<\/script>\n<!-- \/ Yoast SEO plugin. -->","yoast_head_json":{"title":"Piden atenci\u00f3n para connacionales que se encuentran varados en Per\u00fa - El Diario - Bolivia","robots":{"index":"index","follow":"follow","max-snippet":"max-snippet:-1","max-image-preview":"max-image-preview:large","max-video-preview":"max-video-preview:-1"},"canonical":"https:\/\/www.eldiario.net\/portal\/2022\/12\/17\/piden-atencion-para-connacionales-que-se-encuentran-varados-en-peru\/","og_locale":"es_ES","og_type":"article","og_title":"Piden atenci\u00f3n para connacionales que se encuentran varados en Per\u00fa - El Diario - Bolivia","og_description":"Ante la crisis social y pol\u00edtica por la que atraviesa la Rep\u00fablica del Per\u00fa, parlamentarios piden que autoridades de la Canciller\u00eda se despojen de toda ideolog\u00eda y tomen contacto con el nuevo Gobierno del vecino pa\u00eds para coordinar ayuda y atenci\u00f3n consular para los connacionales que se encuentran atrapados por este conflicto. En conferencia de [&hellip;]","og_url":"https:\/\/www.eldiario.net\/portal\/2022\/12\/17\/piden-atencion-para-connacionales-que-se-encuentran-varados-en-peru\/","og_site_name":"El Diario - Bolivia","article_publisher":"https:\/\/www.facebook.com\/eldiario.bolivia\/","article_published_time":"2022-12-17T10:15:24+00:00","og_image":[{"width":1600,"height":1200,"url":"https:\/\/www.eldiario.net\/portal\/wp-content\/uploads\/2022\/12\/41-POL-7.jpg","type":"image\/jpeg"}],"author":"Jeanette","twitter_card":"summary_large_image","twitter_creator":"@eldiario_net","twitter_site":"@eldiario_net","twitter_misc":{"Escrito por":"Jeanette","Tiempo de lectura":"3 minutos"},"schema":{"@context":"https:\/\/schema.org","@graph":[{"@type":"Article","@id":"https:\/\/www.eldiario.net\/portal\/2022\/12\/17\/piden-atencion-para-connacionales-que-se-encuentran-varados-en-peru\/#article","isPartOf":{"@id":"https:\/\/www.eldiario.net\/portal\/2022\/12\/17\/piden-atencion-para-connacionales-que-se-encuentran-varados-en-peru\/"},"author":{"name":"Jeanette","@id":"https:\/\/www.eldiario.net\/portal\/#\/schema\/person\/f46445640444750d7d753ccd04ae01b7"},"headline":"Piden atenci\u00f3n para connacionales que se encuentran varados en Per\u00fa","datePublished":"2022-12-17T10:15:24+00:00","mainEntityOfPage":{"@id":"https:\/\/www.eldiario.net\/portal\/2022\/12\/17\/piden-atencion-para-connacionales-que-se-encuentran-varados-en-peru\/"},"wordCount":506,"publisher":{"@id":"https:\/\/www.eldiario.net\/portal\/#organization"},"image":{"@id":"https:\/\/www.eldiario.net\/portal\/2022\/12\/17\/piden-atencion-para-connacionales-que-se-encuentran-varados-en-peru\/#primaryimage"},"thumbnailUrl":"https:\/\/www.eldiario.net\/portal\/wp-content\/uploads\/2022\/12\/41-POL-7.jpg","articleSection":["Pol\u00edtica"],"inLanguage":"es"},{"@type":"WebPage","@id":"https:\/\/www.eldiario.net\/portal\/2022\/12\/17\/piden-atencion-para-connacionales-que-se-encuentran-varados-en-peru\/","url":"https:\/\/www.eldiario.net\/portal\/2022\/12\/17\/piden-atencion-para-connacionales-que-se-encuentran-varados-en-peru\/","name":"Piden atenci\u00f3n para connacionales que se encuentran varados en Per\u00fa - El Diario - Bolivia","isPartOf":{"@id":"https:\/\/www.eldiario.net\/portal\/#website"},"primaryImageOfPage":{"@id":"https:\/\/www.eldiario.net\/portal\/2022\/12\/17\/piden-atencion-para-connacionales-que-se-encuentran-varados-en-peru\/#primaryimage"},"image":{"@id":"https:\/\/www.eldiario.net\/portal\/2022\/12\/17\/piden-atencion-para-connacionales-que-se-encuentran-varados-en-peru\/#primaryimage"},"thumbnailUrl":"https:\/\/www.eldiario.net\/portal\/wp-content\/uploads\/2022\/12\/41-POL-7.jpg","datePublished":"2022-12-17T10:15:24+00:00","breadcrumb":{"@id":"https:\/\/www.eldiario.net\/portal\/2022\/12\/17\/piden-atencion-para-connacionales-que-se-encuentran-varados-en-peru\/#breadcrumb"},"inLanguage":"es","potentialAction":[{"@type":"ReadAction","target":["https:\/\/www.eldiario.net\/portal\/2022\/12\/17\/piden-atencion-para-connacionales-que-se-encuentran-varados-en-peru\/"]}]},{"@type":"ImageObject","inLanguage":"es","@id":"https:\/\/www.eldiario.net\/portal\/2022\/12\/17\/piden-atencion-para-connacionales-que-se-encuentran-varados-en-peru\/#primaryimage","url":"https:\/\/www.eldiario.net\/portal\/wp-content\/uploads\/2022\/12\/41-POL-7.jpg","contentUrl":"https:\/\/www.eldiario.net\/portal\/wp-content\/uploads\/2022\/12\/41-POL-7.jpg","width":1600,"height":1200,"caption":"Diputado Jos\u00e9 Manuel Ormachea (CC)"},{"@type":"BreadcrumbList","@id":"https:\/\/www.eldiario.net\/portal\/2022\/12\/17\/piden-atencion-para-connacionales-que-se-encuentran-varados-en-peru\/#breadcrumb","itemListElement":[{"@type":"ListItem","position":1,"name":"Portada","item":"https:\/\/www.eldiario.net\/portal\/"},{"@type":"ListItem","position":2,"name":"Piden atenci\u00f3n para connacionales que se encuentran varados en Per\u00fa"}]},{"@type":"WebSite","@id":"https:\/\/www.eldiario.net\/portal\/#website","url":"https:\/\/www.eldiario.net\/portal\/","name":"El Diario - Decano de la prensa nacional","description":"El Diario - Decano de la prensa nacional","publisher":{"@id":"https:\/\/www.eldiario.net\/portal\/#organization"},"potentialAction":[{"@type":"SearchAction","target":{"@type":"EntryPoint","urlTemplate":"https:\/\/www.eldiario.net\/portal\/?s={search_term_string}"},"query-input":{"@type":"PropertyValueSpecification","valueRequired":true,"valueName":"search_term_string"}}],"inLanguage":"es"},{"@type":"Organization","@id":"https:\/\/www.eldiario.net\/portal\/#organization","name":"El Diario - Decano de la prensa nacional","url":"https:\/\/www.eldiario.net\/portal\/","logo":{"@type":"ImageObject","inLanguage":"es","@id":"https:\/\/www.eldiario.net\/portal\/#\/schema\/logo\/image\/","url":"https:\/\/www.eldiario.net\/portal\/wp-content\/uploads\/2023\/07\/logo_ED.jpg","contentUrl":"https:\/\/www.eldiario.net\/portal\/wp-content\/uploads\/2023\/07\/logo_ED.jpg","width":272,"height":52,"caption":"El Diario - Decano de la prensa nacional"},"image":{"@id":"https:\/\/www.eldiario.net\/portal\/#\/schema\/logo\/image\/"},"sameAs":["https:\/\/www.facebook.com\/eldiario.bolivia\/","https:\/\/x.com\/eldiario_net"]},{"@type":"Person","@id":"https:\/\/www.eldiario.net\/portal\/#\/schema\/person\/f46445640444750d7d753ccd04ae01b7","name":"Jeanette","image":{"@type":"ImageObject","inLanguage":"es","@id":"https:\/\/secure.gravatar.com\/avatar\/3ea2118a5f7dad2b7138b1187a6b7ee55f160b9968b66013c3a3ef39dd7e5798?s=96&d=mm&r=g","url":"https:\/\/secure.gravatar.com\/avatar\/3ea2118a5f7dad2b7138b1187a6b7ee55f160b9968b66013c3a3ef39dd7e5798?s=96&d=mm&r=g","contentUrl":"https:\/\/secure.gravatar.com\/avatar\/3ea2118a5f7dad2b7138b1187a6b7ee55f160b9968b66013c3a3ef39dd7e5798?s=96&d=mm&r=g","caption":"Jeanette"},"sameAs":["https:\/\/www.eldiario.net\/portal"],"url":"https:\/\/www.eldiario.net\/portal\/author\/jeanette\/"}]}},"_links":{"self":[{"href":"https:\/\/www.eldiario.net\/portal\/wp-json\/wp\/v2\/posts\/128126","targetHints":{"allow":["GET"]}}],"collection":[{"href":"https:\/\/www.eldiario.net\/portal\/wp-json\/wp\/v2\/posts"}],"about":[{"href":"https:\/\/www.eldiario.net\/portal\/wp-json\/wp\/v2\/types\/post"}],"author":[{"embeddable":true,"href":"https:\/\/www.eldiario.net\/portal\/wp-json\/wp\/v2\/users\/1"}],"replies":[{"embeddable":true,"href":"https:\/\/www.eldiario.net\/portal\/wp-json\/wp\/v2\/comments?post=128126"}],"version-history":[{"count":0,"href":"https:\/\/www.eldiario.net\/portal\/wp-json\/wp\/v2\/posts\/128126\/revisions"}],"wp:featuredmedia":[{"embeddable":true,"href":"https:\/\/www.eldiario.net\/portal\/wp-json\/wp\/v2\/media\/128127"}],"wp:attachment":[{"href":"https:\/\/www.eldiario.net\/portal\/wp-json\/wp\/v2\/media?parent=128126"}],"wp:term":[{"taxonomy":"category","embeddable":true,"href":"https:\/\/www.eldiario.net\/portal\/wp-json\/wp\/v2\/categories?post=128126"},{"taxonomy":"post_tag","embeddable":true,"href":"https:\/\/www.eldiario.net\/portal\/wp-json\/wp\/v2\/tags?post=128126"}],"curies":[{"name":"wp","href":"https:\/\/api.w.org\/{rel}","templated":true}]}}